{"id":227068,"date":"2026-01-13T14:40:54","date_gmt":"2026-01-13T18:40:54","guid":{"rendered":"https:\/\/www.manaus.am.gov.br\/semsa\/vagas-agendamento-castracao-caes-gatos-15-1\/"},"modified":"2026-01-14T14:01:51","modified_gmt":"2026-01-14T18:01:51","slug":"vagas-agendamento-servico-castracao-caes-gatos-15-1","status":"publish","type":"post","link":"https:\/\/www.manaus.am.gov.br\/semsa\/vagas-agendamento-servico-castracao-caes-gatos-15-1\/","title":{"rendered":"Prefeitura abre vagas para agendamento do servi\u00e7o de castra\u00e7\u00e3o de c\u00e3es e gatos na quinta-feira, 15\/1"},"content":{"rendered":"\n<p>A <a href=\"https:\/\/www.manaus.am.gov.br\">Prefeitura de Manaus<\/a> divulga o calend\u00e1rio de libera\u00e7\u00e3o de vagas para servi\u00e7o de castra\u00e7\u00e3o de c\u00e3es e gatos no Centro de Controle de Zoonoses (CCZ) Dr. Carlos Durand, da Secretaria Municipal de Sa\u00fade (Semsa), de janeiro a mar\u00e7o deste ano. As primeiras vagas, para procedimentos a serem realizados na segunda quinzena deste m\u00eas, estar\u00e3o dispon\u00edveis para agendamento exclusivamente por meio do site CCZ Cidad\u00e3o (<a href=\"https:\/\/ccz.manaus.am.gov.br\/\" target=\"_blank\" rel=\"noreferrer noopener\">ccz.manaus.am.gov.br<\/a>), nesta quinta-feira, 15\/1, a partir das 14h.<\/p>\n\n\n\n<p>O gerente do CCZ Manaus, m\u00e9dico veterin\u00e1rio Rodrigo Ara\u00fajo, explica que as vagas para castra\u00e7\u00e3o de animais s\u00e3o liberadas quinzenalmente, sendo que cada tutor pode efetuar um agendamento a cada oferta. Ele orienta os usu\u00e1rios a efetuar previamente o cadastro no CCZ Cidad\u00e3o, inserindo os dados do tutor e do animal a ser submetido \u00e0 cirurgia.<\/p>\n\n\n\n<p>\u201cRecomendamos tamb\u00e9m que o tutor entre no site 15 minutos antes do dia e hora marcados, e atualize a p\u00e1gina regularmente at\u00e9 que as vagas sejam disponibilizadas no sistema. O servi\u00e7o tem demanda alta, e as vagas podem se esgotar rapidamente\u201d, relata o gestor, pontuando que o agendamento \u00e9 feito exclusivamente por meio do site do CCZ.<\/p>\n\n\n\n<p>Al\u00e9m da grande demanda, conforme Rodrigo, o atendimento do servi\u00e7o \u00e9 prejudicado pelo alto n\u00famero de faltas, em torno de 20% do total de cirurgias agendadas. O tutor faltoso, ele informa, fica bloqueado para fazer novos agendamentos por 30 dias, mas pode evitar o bloqueio caso desista da vaga at\u00e9 24 horas antes da cirurgia, o que possibilita o acesso ao servi\u00e7o por outro usu\u00e1rio.<\/p>\n\n\n\n<p>\u201cImportante ressaltar ainda que o pr\u00f3prio tutor que agendou o servi\u00e7o deve comparecer com o animal, n\u00e3o podendo enviar outra pessoa em seu lugar\u201d, complementa.<\/p>\n\n\n\n<p>Rodrigo informa que, no ano passado, as equipes do CCZ realizaram mais de 8,2 mil cirurgias de esteriliza\u00e7\u00e3o de c\u00e3es e gatos, superando o total de 2024, que teve mais de 7,3 mil procedimentos realizados.<\/p>\n\n\n\n<p>\u201cOs procedimentos foram feitos n\u00e3o s\u00f3 na nossa sede, que disp\u00f5e de centro cir\u00fargico e equipe completa de m\u00e9dicos veterin\u00e1rios e auxiliares, como tamb\u00e9m em a\u00e7\u00f5es itinerantes desenvolvidas com o apoio dos castram\u00f3veis da Semsa, em todas as zonas de Manaus\u201d, relata.<\/p>\n\n\n\n<p><strong>Combate a zoonoses<\/strong><\/p>\n\n\n\n<p>Procedimento cir\u00fargico que promove a remo\u00e7\u00e3o dos \u00f3rg\u00e3os sexuais, a castra\u00e7\u00e3o evita a reprodu\u00e7\u00e3o e favorece o controle da popula\u00e7\u00e3o de c\u00e3es e gatos. Conforme Rodrigo Ara\u00fajo, o procedimento \u00e9 ofertado pelo CCZ Manaus de forma gratuita e contribui para a preven\u00e7\u00e3o e controle de zoonoses, doen\u00e7as que podem ser transmitidas dos animais para os seres humanos.<\/p>\n\n\n\n<p>\u201cEstamos hoje na luta para controlar a esporotricose, e a castra\u00e7\u00e3o constitui uma medida de preven\u00e7\u00e3o da doen\u00e7a por meio do controle populacional. Menos animais abandonados nas ruas s\u00e3o menos animais que v\u00e3o disseminar e transmitir a esporotricose para as pessoas\u201d, disse.<\/p>\n\n\n\n<p>A esporotricose \u00e9 uma micose causada por fungos do g\u00eanero&nbsp;<em>Sporothrix<\/em>, encontrado no solo, na vegeta\u00e7\u00e3o e em material org\u00e2nico em decomposi\u00e7\u00e3o. Nos animais contaminados, a zoonose se manifesta como les\u00f5es na pele que n\u00e3o cicatrizam, principalmente na face, orelha e membros.<\/p>\n\n\n\n<p>\u201cSe o tutor tem um c\u00e3o ou gato com esses sinais, deve isolar o animal, em local seguro, tendo o cuidado de usar luvas para prote\u00e7\u00e3o, e lev\u00e1-lo o quanto antes a um m\u00e9dico veterin\u00e1rio para avalia\u00e7\u00e3o\u201d, orienta o gerente. A consulta, ele acrescenta, pode ser feita gratuitamente no CCZ Manaus, mediante agendamento pelo WhatsApp, no n\u00famero (92) 98842-8484.<\/p>\n\n\n\n<p><strong>Procedimento<\/strong><\/p>\n\n\n\n<p>A castra\u00e7\u00e3o \u00e9 indicada para c\u00e3es e gatos com idade a partir de cinco meses at\u00e9 sete anos, sendo que o animal deve estar saud\u00e1vel, limpo e em jejum de \u00e1gua e comida para ser submetido \u00e0 cirurgia. O procedimento n\u00e3o \u00e9 recomendado para f\u00eameas no cio ou em lacta\u00e7\u00e3o, nem para animais que apresentem infesta\u00e7\u00e3o por pulgas, carrapatos e outros parasitas.<\/p>\n\n\n\n<p>Para esclarecimento de d\u00favidas ou mais informa\u00e7\u00f5es sobre a castra\u00e7\u00e3o ou sobre o agendamento do servi\u00e7o no CCZ Manaus, a popula\u00e7\u00e3o pode entrar em contato pelo e-mail para&nbsp;<a href=\"mailto:cczcidadao@pmm.am.gov.br\" target=\"_blank\" rel=\"noreferrer noopener\">cczcidadao@pmm.am.gov.br<\/a>&nbsp;ou pelo WhatsApp (92) 98842-8359.<\/p>\n\n\n\n<p><strong>Calend\u00e1rio de oferta de vagas para castra\u00e7\u00e3o no CCZ Cidad\u00e3o \u2013 janeiro a mar\u00e7o de 2026<\/strong><\/p>\n\n\n\n<p>Data de libera\u00e7\u00e3o das vagas \u2013 Per\u00edodo de realiza\u00e7\u00e3o das cirurgias<\/p>\n\n\n\n<p>Dia 15\/1 \u2013 2\u00aa quinzena de janeiro<\/p>\n\n\n\n<p>Dia 30\/1 \u2013 1\u00aa quinzena de fevereiro<\/p>\n\n\n\n<p>Dia 13\/2 \u2013 2\u00aa quinzena de fevereiro<\/p>\n\n\n\n<p>Dia 27\/2 \u2013 1\u00aa quinzena de mar\u00e7o<\/p>\n\n\n\n<p>Dia 13\/3 \u2013 2\u00aa quinzena de mar\u00e7o<\/p>\n\n\n\n<p>Dia 30\/3 \u2013 1\u00aa quinzena de abril<\/p>\n\n\n\n<p>*As vagas s\u00e3o disponibilizadas no site sempre \u00e0s 14h<\/p>\n\n\n\n<p><strong>&#8212; &#8212; &#8212;&nbsp;<\/strong><\/p>\n\n\n\n<p><strong>Texto &#8211;&nbsp;<\/strong>Jony Clay Borges\/Semsa<\/p>\n\n\n\n<p><strong>Foto &#8211;&nbsp;<\/strong>Divulga\u00e7\u00e3o\/Semsa<\/p>\n","protected":false},"excerpt":{"rendered":"","protected":false},"author":39,"featured_media":227069,"comment_status":"closed","ping_status":"closed","sticky":false,"template":"","format":"standard","meta":{"footnotes":""},"categories":[377],"tags":[3755,744,54,28,2887,3756],"acf":[],"yoast_head":"<!-- This site is optimized with the Yoast SEO plugin v23.0 - https:\/\/yoast.com\/wordpress\/plugins\/seo\/ -->\n<title>Prefeitura abre vagas para agendamento do servi\u00e7o de castra\u00e7\u00e3o de c\u00e3es e gatos na quinta-feira, 15\/1<\/title>\n<meta name=\"description\" content=\"Prefeitura de Manaus abre vagas para agendamento do servi\u00e7o de castra\u00e7\u00e3o de c\u00e3es e gatos na quinta-feira, 15\/1.\" \/>\n<meta name=\"robots\" content=\"index, follow, max-snippet:-1, max-image-preview:large, max-video-preview:-1\" \/>\n<link rel=\"canonical\" href=\"https:\/\/www.manaus.am.gov.br\/semsa\/vagas-agendamento-castracao-caes-gatos-15-1\/\" \/>\n<meta property=\"og:locale\" content=\"pt_BR\" \/>\n<meta property=\"og:type\" content=\"article\" \/>\n<meta property=\"og:title\" content=\"Prefeitura abre vagas para agendamento do servi\u00e7o de castra\u00e7\u00e3o de c\u00e3es e gatos na quinta-feira, 15\/1\" \/>\n<meta property=\"og:description\" content=\"Prefeitura de Manaus abre vagas para agendamento do servi\u00e7o de castra\u00e7\u00e3o de c\u00e3es e gatos na quinta-feira, 15\/1.\" \/>\n<meta property=\"og:url\" content=\"https:\/\/www.manaus.am.gov.br\/semsa\/vagas-agendamento-castracao-caes-gatos-15-1\/\" \/>\n<meta property=\"og:site_name\" content=\"SEMSA\" \/>\n<meta property=\"article:published_time\" content=\"2026-01-13T18:40:54+00:00\" \/>\n<meta property=\"article:modified_time\" content=\"2026-01-14T18:01:51+00:00\" \/>\n<meta property=\"og:image\" content=\"https:\/\/www.manaus.am.gov.br\/semsa\/wp-content\/uploads\/sites\/8\/2026\/01\/SEMSA-MANAUS-Calendario-Castracao-CCZ-2.jpg\" \/>\n\t<meta property=\"og:image:width\" content=\"3000\" \/>\n\t<meta property=\"og:image:height\" content=\"2000\" \/>\n\t<meta property=\"og:image:type\" content=\"image\/jpeg\" \/>\n<meta name=\"author\" content=\"Bruna Greco\" \/>\n<meta name=\"twitter:card\" content=\"summary_large_image\" \/>\n<meta name=\"twitter:label1\" content=\"Written by\" \/>\n\t<meta name=\"twitter:data1\" content=\"Bruna Greco\" \/>\n\t<meta name=\"twitter:label2\" content=\"Est. reading time\" \/>\n\t<meta name=\"twitter:data2\" content=\"5 minutos\" \/>\n<script type=\"application\/ld+json\" class=\"yoast-schema-graph\">{\"@context\":\"https:\/\/schema.org\",\"@graph\":[{\"@type\":\"WebPage\",\"@id\":\"https:\/\/www.manaus.am.gov.br\/semsa\/vagas-agendamento-castracao-caes-gatos-15-1\/\",\"url\":\"https:\/\/www.manaus.am.gov.br\/semsa\/vagas-agendamento-castracao-caes-gatos-15-1\/\",\"name\":\"Prefeitura abre vagas para agendamento do servi\u00e7o de castra\u00e7\u00e3o de c\u00e3es e gatos na quinta-feira, 15\/1\",\"isPartOf\":{\"@id\":\"https:\/\/www.manaus.am.gov.br\/semsa\/#website\"},\"primaryImageOfPage\":{\"@id\":\"https:\/\/www.manaus.am.gov.br\/semsa\/vagas-agendamento-castracao-caes-gatos-15-1\/#primaryimage\"},\"image\":{\"@id\":\"https:\/\/www.manaus.am.gov.br\/semsa\/vagas-agendamento-castracao-caes-gatos-15-1\/#primaryimage\"},\"thumbnailUrl\":\"https:\/\/www.manaus.am.gov.br\/semsa\/wp-content\/uploads\/sites\/8\/2026\/01\/SEMSA-MANAUS-Calendario-Castracao-CCZ-2.jpg\",\"datePublished\":\"2026-01-13T18:40:54+00:00\",\"dateModified\":\"2026-01-14T18:01:51+00:00\",\"author\":{\"@id\":\"https:\/\/www.manaus.am.gov.br\/semsa\/#\/schema\/person\/05d223aea2bf115f9883a6ff3683d81b\"},\"description\":\"Prefeitura de Manaus abre vagas para agendamento do servi\u00e7o de castra\u00e7\u00e3o de c\u00e3es e gatos na quinta-feira, 15\/1.\",\"inLanguage\":\"pt-BR\",\"potentialAction\":[{\"@type\":\"ReadAction\",\"target\":[\"https:\/\/www.manaus.am.gov.br\/semsa\/vagas-agendamento-castracao-caes-gatos-15-1\/\"]}]},{\"@type\":\"ImageObject\",\"inLanguage\":\"pt-BR\",\"@id\":\"https:\/\/www.manaus.am.gov.br\/semsa\/vagas-agendamento-castracao-caes-gatos-15-1\/#primaryimage\",\"url\":\"https:\/\/www.manaus.am.gov.br\/semsa\/wp-content\/uploads\/sites\/8\/2026\/01\/SEMSA-MANAUS-Calendario-Castracao-CCZ-2.jpg\",\"contentUrl\":\"https:\/\/www.manaus.am.gov.br\/semsa\/wp-content\/uploads\/sites\/8\/2026\/01\/SEMSA-MANAUS-Calendario-Castracao-CCZ-2.jpg\",\"width\":3000,\"height\":2000,\"caption\":\"#paratodosverem - Tutora com seu animal de estima\u00e7\u00e3o aguardando atendimento no CCZ\"},{\"@type\":\"WebSite\",\"@id\":\"https:\/\/www.manaus.am.gov.br\/semsa\/#website\",\"url\":\"https:\/\/www.manaus.am.gov.br\/semsa\/\",\"name\":\"SEMSA\",\"description\":\"Secretaria Municipal de Sa\u00fade\",\"alternateName\":\"Secretaria Municipal de Sa\u00fade\",\"potentialAction\":[{\"@type\":\"SearchAction\",\"target\":{\"@type\":\"EntryPoint\",\"urlTemplate\":\"https:\/\/www.manaus.am.gov.br\/semsa\/?s={search_term_string}\"},\"query-input\":\"required name=search_term_string\"}],\"inLanguage\":\"pt-BR\"},{\"@type\":\"Person\",\"@id\":\"https:\/\/www.manaus.am.gov.br\/semsa\/#\/schema\/person\/05d223aea2bf115f9883a6ff3683d81b\",\"name\":\"Bruna Greco\",\"image\":{\"@type\":\"ImageObject\",\"inLanguage\":\"pt-BR\",\"@id\":\"https:\/\/www.manaus.am.gov.br\/semsa\/#\/schema\/person\/image\/\",\"url\":\"https:\/\/secure.gravatar.com\/avatar\/9c877d1a6adc2a055330e5c09a8653ce?s=96&d=mm&r=g\",\"contentUrl\":\"https:\/\/secure.gravatar.com\/avatar\/9c877d1a6adc2a055330e5c09a8653ce?s=96&d=mm&r=g\",\"caption\":\"Bruna Greco\"}}]}<\/script>\n<!-- \/ Yoast SEO plugin. -->","yoast_head_json":{"title":"Prefeitura abre vagas para agendamento do servi\u00e7o de castra\u00e7\u00e3o de c\u00e3es e gatos na quinta-feira, 15\/1","description":"Prefeitura de Manaus abre vagas para agendamento do servi\u00e7o de castra\u00e7\u00e3o de c\u00e3es e gatos na quinta-feira, 15\/1.","robots":{"index":"index","follow":"follow","max-snippet":"max-snippet:-1","max-image-preview":"max-image-preview:large","max-video-preview":"max-video-preview:-1"},"canonical":"https:\/\/www.manaus.am.gov.br\/semsa\/vagas-agendamento-castracao-caes-gatos-15-1\/","og_locale":"pt_BR","og_type":"article","og_title":"Prefeitura abre vagas para agendamento do servi\u00e7o de castra\u00e7\u00e3o de c\u00e3es e gatos na quinta-feira, 15\/1","og_description":"Prefeitura de Manaus abre vagas para agendamento do servi\u00e7o de castra\u00e7\u00e3o de c\u00e3es e gatos na quinta-feira, 15\/1.","og_url":"https:\/\/www.manaus.am.gov.br\/semsa\/vagas-agendamento-castracao-caes-gatos-15-1\/","og_site_name":"SEMSA","article_published_time":"2026-01-13T18:40:54+00:00","article_modified_time":"2026-01-14T18:01:51+00:00","og_image":[{"width":3000,"height":2000,"url":"https:\/\/www.manaus.am.gov.br\/semsa\/wp-content\/uploads\/sites\/8\/2026\/01\/SEMSA-MANAUS-Calendario-Castracao-CCZ-2.jpg","type":"image\/jpeg"}],"author":"Bruna Greco","twitter_card":"summary_large_image","twitter_misc":{"Written by":"Bruna Greco","Est. reading time":"5 minutos"},"schema":{"@context":"https:\/\/schema.org","@graph":[{"@type":"WebPage","@id":"https:\/\/www.manaus.am.gov.br\/semsa\/vagas-agendamento-castracao-caes-gatos-15-1\/","url":"https:\/\/www.manaus.am.gov.br\/semsa\/vagas-agendamento-castracao-caes-gatos-15-1\/","name":"Prefeitura abre vagas para agendamento do servi\u00e7o de castra\u00e7\u00e3o de c\u00e3es e gatos na quinta-feira, 15\/1","isPartOf":{"@id":"https:\/\/www.manaus.am.gov.br\/semsa\/#website"},"primaryImageOfPage":{"@id":"https:\/\/www.manaus.am.gov.br\/semsa\/vagas-agendamento-castracao-caes-gatos-15-1\/#primaryimage"},"image":{"@id":"https:\/\/www.manaus.am.gov.br\/semsa\/vagas-agendamento-castracao-caes-gatos-15-1\/#primaryimage"},"thumbnailUrl":"https:\/\/www.manaus.am.gov.br\/semsa\/wp-content\/uploads\/sites\/8\/2026\/01\/SEMSA-MANAUS-Calendario-Castracao-CCZ-2.jpg","datePublished":"2026-01-13T18:40:54+00:00","dateModified":"2026-01-14T18:01:51+00:00","author":{"@id":"https:\/\/www.manaus.am.gov.br\/semsa\/#\/schema\/person\/05d223aea2bf115f9883a6ff3683d81b"},"description":"Prefeitura de Manaus abre vagas para agendamento do servi\u00e7o de castra\u00e7\u00e3o de c\u00e3es e gatos na quinta-feira, 15\/1.","inLanguage":"pt-BR","potentialAction":[{"@type":"ReadAction","target":["https:\/\/www.manaus.am.gov.br\/semsa\/vagas-agendamento-castracao-caes-gatos-15-1\/"]}]},{"@type":"ImageObject","inLanguage":"pt-BR","@id":"https:\/\/www.manaus.am.gov.br\/semsa\/vagas-agendamento-castracao-caes-gatos-15-1\/#primaryimage","url":"https:\/\/www.manaus.am.gov.br\/semsa\/wp-content\/uploads\/sites\/8\/2026\/01\/SEMSA-MANAUS-Calendario-Castracao-CCZ-2.jpg","contentUrl":"https:\/\/www.manaus.am.gov.br\/semsa\/wp-content\/uploads\/sites\/8\/2026\/01\/SEMSA-MANAUS-Calendario-Castracao-CCZ-2.jpg","width":3000,"height":2000,"caption":"#paratodosverem - Tutora com seu animal de estima\u00e7\u00e3o aguardando atendimento no CCZ"},{"@type":"WebSite","@id":"https:\/\/www.manaus.am.gov.br\/semsa\/#website","url":"https:\/\/www.manaus.am.gov.br\/semsa\/","name":"SEMSA","description":"Secretaria Municipal de Sa\u00fade","alternateName":"Secretaria Municipal de Sa\u00fade","potentialAction":[{"@type":"SearchAction","target":{"@type":"EntryPoint","urlTemplate":"https:\/\/www.manaus.am.gov.br\/semsa\/?s={search_term_string}"},"query-input":"required name=search_term_string"}],"inLanguage":"pt-BR"},{"@type":"Person","@id":"https:\/\/www.manaus.am.gov.br\/semsa\/#\/schema\/person\/05d223aea2bf115f9883a6ff3683d81b","name":"Bruna Greco","image":{"@type":"ImageObject","inLanguage":"pt-BR","@id":"https:\/\/www.manaus.am.gov.br\/semsa\/#\/schema\/person\/image\/","url":"https:\/\/secure.gravatar.com\/avatar\/9c877d1a6adc2a055330e5c09a8653ce?s=96&d=mm&r=g","contentUrl":"https:\/\/secure.gravatar.com\/avatar\/9c877d1a6adc2a055330e5c09a8653ce?s=96&d=mm&r=g","caption":"Bruna Greco"}}]}},"_links":{"self":[{"href":"https:\/\/www.manaus.am.gov.br\/semsa\/wp-json\/wp\/v2\/posts\/227068"}],"collection":[{"href":"https:\/\/www.manaus.am.gov.br\/semsa\/wp-json\/wp\/v2\/posts"}],"about":[{"href":"https:\/\/www.manaus.am.gov.br\/semsa\/wp-json\/wp\/v2\/types\/post"}],"author":[{"embeddable":true,"href":"https:\/\/www.manaus.am.gov.br\/semsa\/wp-json\/wp\/v2\/users\/39"}],"replies":[{"embeddable":true,"href":"https:\/\/www.manaus.am.gov.br\/semsa\/wp-json\/wp\/v2\/comments?post=227068"}],"version-history":[{"count":1,"href":"https:\/\/www.manaus.am.gov.br\/semsa\/wp-json\/wp\/v2\/posts\/227068\/revisions"}],"predecessor-version":[{"id":227099,"href":"https:\/\/www.manaus.am.gov.br\/semsa\/wp-json\/wp\/v2\/posts\/227068\/revisions\/227099"}],"wp:featuredmedia":[{"embeddable":true,"href":"https:\/\/www.manaus.am.gov.br\/semsa\/wp-json\/wp\/v2\/media\/227069"}],"wp:attachment":[{"href":"https:\/\/www.manaus.am.gov.br\/semsa\/wp-json\/wp\/v2\/media?parent=227068"}],"wp:term":[{"taxonomy":"category","embeddable":true,"href":"https:\/\/www.manaus.am.gov.br\/semsa\/wp-json\/wp\/v2\/categories?post=227068"},{"taxonomy":"post_tag","embeddable":true,"href":"https:\/\/www.manaus.am.gov.br\/semsa\/wp-json\/wp\/v2\/tags?post=227068"}],"curies":[{"name":"wp","href":"https:\/\/api.w.org\/{rel}","templated":true}]}}