{"id":226625,"date":"2025-12-02T17:06:12","date_gmt":"2025-12-02T21:06:12","guid":{"rendered":"https:\/\/www.manaus.am.gov.br\/semsa\/80-unidades-basicas-ofertam-pics\/"},"modified":"2025-12-02T17:06:12","modified_gmt":"2025-12-02T21:06:12","slug":"80-unidades-basicas-ofertam-pics","status":"publish","type":"post","link":"https:\/\/www.manaus.am.gov.br\/semsa\/80-unidades-basicas-ofertam-pics\/","title":{"rendered":"Prefeitura tem 80 unidades b\u00e1sicas que ofertam Pics, pr\u00e1ticas que auxiliam na promo\u00e7\u00e3o da sa\u00fade"},"content":{"rendered":"\n<p>Com o intuito de ajudar na preven\u00e7\u00e3o de doen\u00e7as e promover a sa\u00fade, al\u00e9m de contribuir para tratamentos mais eficazes de agravos, com o menor uso de medicamentos, as Pr\u00e1ticas Integrativas e Complementares em Sa\u00fade (Pics) avan\u00e7am na Prefeitura de Manaus e j\u00e1 s\u00e3o ofertadas em 80 unidades da Secretaria Municipal de Sa\u00fade (Semsa), fortalecendo a assist\u00eancia b\u00e1sica \u00e0 popula\u00e7\u00e3o de todo o munic\u00edpio.<\/p>\n\n\n\n<p>Entre as pr\u00e1ticas ofertadas nas unidades de sa\u00fade da Semsa est\u00e3o a medita\u00e7\u00e3o e a ioga, al\u00e9m do reiki, que promove o equil\u00edbrio emocional, f\u00edsico e mental por meio da imposi\u00e7\u00e3o das m\u00e3os, e da auriculoterapia, baseada no est\u00edmulo de pontos espec\u00edficos da orelha do paciente.<\/p>\n\n\n\n<p>A chefe do N\u00facleo de Preven\u00e7\u00e3o de Riscos \u00e0 Sa\u00fade da Semsa, Carla Azevedo, aponta que as Pics promovem o cuidado da pessoa como um todo, podendo ser utilizadas ao lado dos tratamentos convencionais de diferentes agravos e condi\u00e7\u00f5es.<\/p>\n\n\n\n<p>\u201cEla hoje \u00e9 utilizada nos programas de hipertens\u00e3o arterial e diabetes, inclusive no atendimento para curativo de les\u00f5es diab\u00e9ticas. Contribui ainda para reduzir o uso de medica\u00e7\u00f5es, por exemplo, nos tratamentos de tabagismo e de quadros de dor, principalmente de pessoas idosas\u201d, relata a gestora.<\/p>\n\n\n\n<p>Carla explica que as Pics s\u00e3o integradas nos atendimentos e programas das unidades de sa\u00fade que contam com profissionais qualificados para a aplica\u00e7\u00e3o dos procedimentos. \u201cNossas unidades funcionam de portas abertas para todos os tratamentos, inclusive para as Pics. O usu\u00e1rio atendido em uma dessas unidades pode receber a pr\u00e1tica dependendo da necessidade que tenha naquele momento\u201d, esclarece.<\/p>\n\n\n\n<p>A lista de unidades da Semsa que ofertam Pics pode ser consultada em pelo link&nbsp;<a href=\"https:\/\/www.manaus.am.gov.br\/semsa\/unidades\/unidades-basicas-de-saude\/\" target=\"_blank\" rel=\"noreferrer noopener\">www.manaus.am.gov.br\/semsa\/unidades\/unidades-basicas-de-saude<\/a>. Os estabelecimentos est\u00e3o distribu\u00eddos em todos os Distritos de Sa\u00fade da Semsa, Leste, Norte, Oeste, Sul e rural.<\/p>\n\n\n\n<p><strong>Capacita\u00e7\u00e3o<\/strong><\/p>\n\n\n\n<p>Conforme Carla Azevedo, os servidores com forma\u00e7\u00e3o em Pics na Semsa incluem profissionais de v\u00e1rias especialidades, dentre eles m\u00e9dicos, enfermeiros, psic\u00f3logos, assistentes sociais e farmac\u00eauticos, que ofertam as pr\u00e1ticas segundo a demanda nas unidades.<\/p>\n\n\n\n<p>\u201cTemos uma dentista que faz grupos de medita\u00e7\u00e3o para tratar da ansiedade da cadeira do dentista, e um enfermeiro que utiliza a pr\u00e1tica no ambulat\u00f3rio de tabagismo, por exemplo. Temos um m\u00e9dico que faz ioga com os idosos. Elas perpassam todas as especialidades\u201d, pontua.<\/p>\n\n\n\n<p>A gestora ressalta que a Semsa vem promovendo, desde 2022, cursos de capacita\u00e7\u00e3o em medita\u00e7\u00e3o, reiki e auriculoterapia, e soma hoje 123 profissionais capacitados nessas pr\u00e1ticas. \u201cTemos ainda profissionais que tiveram forma\u00e7\u00e3o particular e utilizam outras pr\u00e1ticas, como ioga, constela\u00e7\u00e3o familiar e acupuntura, na rotina da Aten\u00e7\u00e3o Prim\u00e1ria\u201d, relata.<\/p>\n\n\n\n<p>As pr\u00e1ticas integrativas, enfatiza Carla, v\u00eam avan\u00e7ando em Manaus e no Amazonas. Conforme dados do Minist\u00e9rio da Sa\u00fade, divulgados recentemente em um evento nacional em Fortaleza (CE), o percentual de procedimentos de Pics ofertados em rela\u00e7\u00e3o \u00e0 popula\u00e7\u00e3o residente no Estado foi de 17,52%, em 2024, acima da meta definida pelo \u00f3rg\u00e3o, de 14%.<\/p>\n\n\n\n<p>\u201cFoi muito expressivo para n\u00f3s, e ficamos muitos satisfeitos de estar despontando assim no cen\u00e1rio nacional\u201d, assinala.<\/p>\n\n\n\n<p>A servidora ressalta que a Semsa prev\u00ea a continuidade das a\u00e7\u00f5es de forma\u00e7\u00e3o, tanto por meio da Escola de Sa\u00fade P\u00fablica (Esap Manaus) como por a\u00e7\u00f5es de educa\u00e7\u00e3o permanente com o apoio do Minist\u00e9rio da Sa\u00fade, para ampliar e aprimorar a oferta das Pics e a integra\u00e7\u00e3o das pr\u00e1ticas na Aten\u00e7\u00e3o Prim\u00e1ria.<\/p>\n\n\n\n<p>\u201cNossa inten\u00e7\u00e3o \u00e9 capacitar profissionais at\u00e9 chegarmos a todas as unidades de sa\u00fade. Hoje temos a oferta das Pics em aproximadamente 30% da rede municipal, e queremos chegar aos 100%\u201d, antecipa.<\/p>\n\n\n\n<p><strong>Equil\u00edbrio e sa\u00fade<\/strong><\/p>\n\n\n\n<p>Carla Azevedo assinala que as Pics atuam principalmente no campo da sa\u00fade emocional, que tem impacto direto na sa\u00fade f\u00edsica e mental. As pr\u00e1ticas, ela aponta, apresentam um potencial para a preven\u00e7\u00e3o e a cura de doen\u00e7as, ao promover o equil\u00edbrio entre esses tr\u00eas campos.<\/p>\n\n\n\n<p>\u201cUma pessoa pode \u00e0s vezes controlar uma doen\u00e7a com medica\u00e7\u00e3o, mas n\u00e3o exibe melhora porque a causa emocional n\u00e3o \u00e9 tratada. Quando essa causa \u00e9 tratada com o uso das Pics, conseguimos uma evolu\u00e7\u00e3o melhor no quadro, inclusive de uma doen\u00e7a j\u00e1 instalada\u201d, observa.<\/p>\n\n\n\n<p>A gestora nota ainda que as Pics s\u00e3o acess\u00edveis em termos econ\u00f4micos, sendo esta uma vantagem das pr\u00e1ticas como estrat\u00e9gia de cuidado em sa\u00fade. \u201cElas s\u00e3o de baixo custo, tanto na capacita\u00e7\u00e3o, pois temos profissionais multiplicadores, como n\u00e3o demandam muitos recursos ou materiais. Ou seja, \u00e9 uma estrat\u00e9gia de baixo custo e alta efic\u00e1cia\u201d.<\/p>\n\n\n\n<p><strong>Pol\u00edticas<\/strong><\/p>\n\n\n\n<p>Em Manaus, a Lei 2.597, de 3 de abril de 2020, instituiu a Pol\u00edtica Municipal de Pr\u00e1ticas Integrativas e Complementares na rede de sa\u00fade, com o intuito de ofertar servi\u00e7os e cuidados terap\u00eauticos complementares no atendimento aos usu\u00e1rios.<\/p>\n\n\n\n<p>As Pics foram incorporadas ao Sistema \u00danico de Sa\u00fade (SUS) por meio da Pol\u00edtica Nacional de Pr\u00e1ticas Integrativas e Complementares no SUS (Pnpic), em 2006, que abrange 29 procedimentos, a serem ofertados \u00e0 popula\u00e7\u00e3o de forma integral e gratuita.<\/p>\n\n\n\n<figure class=\"wp-block-image size-large\"><img loading=\"lazy\" decoding=\"async\" width=\"1024\" height=\"768\" src=\"https:\/\/www.manaus.am.gov.br\/semsa\/wp-content\/uploads\/sites\/8\/2025\/12\/SEMSA-MANAUS-Oferta-PICS-Unidades-3-1024x768.jpeg\" alt=\"\" class=\"wp-image-226627\" srcset=\"https:\/\/www.manaus.am.gov.br\/semsa\/wp-content\/uploads\/sites\/8\/2025\/12\/SEMSA-MANAUS-Oferta-PICS-Unidades-3-1024x768.jpeg 1024w, https:\/\/www.manaus.am.gov.br\/semsa\/wp-content\/uploads\/sites\/8\/2025\/12\/SEMSA-MANAUS-Oferta-PICS-Unidades-3-300x225.jpeg 300w, https:\/\/www.manaus.am.gov.br\/semsa\/wp-content\/uploads\/sites\/8\/2025\/12\/SEMSA-MANAUS-Oferta-PICS-Unidades-3-768x576.jpeg 768w, https:\/\/www.manaus.am.gov.br\/semsa\/wp-content\/uploads\/sites\/8\/2025\/12\/SEMSA-MANAUS-Oferta-PICS-Unidades-3-1536x1152.jpeg 1536w, https:\/\/www.manaus.am.gov.br\/semsa\/wp-content\/uploads\/sites\/8\/2025\/12\/SEMSA-MANAUS-Oferta-PICS-Unidades-3.jpeg 1600w\" sizes=\"(max-width: 1024px) 100vw, 1024px\" \/><\/figure>\n\n\n\n<p><strong>&#8212; &#8212; &#8212;&nbsp;<\/strong><\/p>\n\n\n\n<p><strong>Texto &#8211;&nbsp;<\/strong>Jony Clay Borges\/Semsa<\/p>\n\n\n\n<p><strong>Fotos \u2013&nbsp;<\/strong>Divulga\u00e7\u00e3o\/Semsa<\/p>\n","protected":false},"excerpt":{"rendered":"","protected":false},"author":39,"featured_media":226626,"comment_status":"closed","ping_status":"closed","sticky":false,"template":"","format":"standard","meta":{"footnotes":""},"categories":[56],"tags":[3665,3666,54,708,28],"acf":[],"yoast_head":"<!-- This site is optimized with the Yoast SEO plugin v23.0 - https:\/\/yoast.com\/wordpress\/plugins\/seo\/ -->\n<title>Prefeitura tem 80 unidades b\u00e1sicas que ofertam Pics<\/title>\n<meta name=\"description\" content=\"Prefeitura de Manaus, por meio da Semsa, tem 80 unidades b\u00e1sicas que ofertam Pics, pr\u00e1ticas que auxiliam na promo\u00e7\u00e3o da sa\u00fade.\" \/>\n<meta name=\"robots\" content=\"index, follow, max-snippet:-1, max-image-preview:large, max-video-preview:-1\" \/>\n<link rel=\"canonical\" href=\"https:\/\/www.manaus.am.gov.br\/semsa\/80-unidades-basicas-ofertam-pics\/\" \/>\n<meta property=\"og:locale\" content=\"pt_BR\" \/>\n<meta property=\"og:type\" content=\"article\" \/>\n<meta property=\"og:title\" content=\"Prefeitura tem 80 unidades b\u00e1sicas que ofertam Pics\" \/>\n<meta property=\"og:description\" content=\"Prefeitura de Manaus, por meio da Semsa, tem 80 unidades b\u00e1sicas que ofertam Pics, pr\u00e1ticas que auxiliam na promo\u00e7\u00e3o da sa\u00fade.\" \/>\n<meta property=\"og:url\" content=\"https:\/\/www.manaus.am.gov.br\/semsa\/80-unidades-basicas-ofertam-pics\/\" \/>\n<meta property=\"og:site_name\" content=\"SEMSA\" \/>\n<meta property=\"article:published_time\" content=\"2025-12-02T21:06:12+00:00\" \/>\n<meta property=\"og:image\" content=\"https:\/\/www.manaus.am.gov.br\/semsa\/wp-content\/uploads\/sites\/8\/2025\/12\/SEMSA-MANAUS-Oferta-PICS-Unidades-1.jpeg\" \/>\n\t<meta property=\"og:image:width\" content=\"1280\" \/>\n\t<meta property=\"og:image:height\" content=\"854\" \/>\n\t<meta property=\"og:image:type\" content=\"image\/jpeg\" \/>\n<meta name=\"author\" content=\"Bruna Greco\" \/>\n<meta name=\"twitter:card\" content=\"summary_large_image\" \/>\n<meta name=\"twitter:label1\" content=\"Written by\" \/>\n\t<meta name=\"twitter:data1\" content=\"Bruna Greco\" \/>\n\t<meta name=\"twitter:label2\" content=\"Est. reading time\" \/>\n\t<meta name=\"twitter:data2\" content=\"5 minutos\" \/>\n<script type=\"application\/ld+json\" class=\"yoast-schema-graph\">{\"@context\":\"https:\/\/schema.org\",\"@graph\":[{\"@type\":\"WebPage\",\"@id\":\"https:\/\/www.manaus.am.gov.br\/semsa\/80-unidades-basicas-ofertam-pics\/\",\"url\":\"https:\/\/www.manaus.am.gov.br\/semsa\/80-unidades-basicas-ofertam-pics\/\",\"name\":\"Prefeitura tem 80 unidades b\u00e1sicas que ofertam Pics\",\"isPartOf\":{\"@id\":\"https:\/\/www.manaus.am.gov.br\/semsa\/#website\"},\"primaryImageOfPage\":{\"@id\":\"https:\/\/www.manaus.am.gov.br\/semsa\/80-unidades-basicas-ofertam-pics\/#primaryimage\"},\"image\":{\"@id\":\"https:\/\/www.manaus.am.gov.br\/semsa\/80-unidades-basicas-ofertam-pics\/#primaryimage\"},\"thumbnailUrl\":\"https:\/\/www.manaus.am.gov.br\/semsa\/wp-content\/uploads\/sites\/8\/2025\/12\/SEMSA-MANAUS-Oferta-PICS-Unidades-1.jpeg\",\"datePublished\":\"2025-12-02T21:06:12+00:00\",\"dateModified\":\"2025-12-02T21:06:12+00:00\",\"author\":{\"@id\":\"https:\/\/www.manaus.am.gov.br\/semsa\/#\/schema\/person\/05d223aea2bf115f9883a6ff3683d81b\"},\"description\":\"Prefeitura de Manaus, por meio da Semsa, tem 80 unidades b\u00e1sicas que ofertam Pics, pr\u00e1ticas que auxiliam na promo\u00e7\u00e3o da sa\u00fade.\",\"inLanguage\":\"pt-BR\",\"potentialAction\":[{\"@type\":\"ReadAction\",\"target\":[\"https:\/\/www.manaus.am.gov.br\/semsa\/80-unidades-basicas-ofertam-pics\/\"]}]},{\"@type\":\"ImageObject\",\"inLanguage\":\"pt-BR\",\"@id\":\"https:\/\/www.manaus.am.gov.br\/semsa\/80-unidades-basicas-ofertam-pics\/#primaryimage\",\"url\":\"https:\/\/www.manaus.am.gov.br\/semsa\/wp-content\/uploads\/sites\/8\/2025\/12\/SEMSA-MANAUS-Oferta-PICS-Unidades-1.jpeg\",\"contentUrl\":\"https:\/\/www.manaus.am.gov.br\/semsa\/wp-content\/uploads\/sites\/8\/2025\/12\/SEMSA-MANAUS-Oferta-PICS-Unidades-1.jpeg\",\"width\":1280,\"height\":854,\"caption\":\"#paratodosverem - Usu\u00e1ria de unidade b\u00e1sica de sa\u00fade da prefeitura realizando o PICs\"},{\"@type\":\"WebSite\",\"@id\":\"https:\/\/www.manaus.am.gov.br\/semsa\/#website\",\"url\":\"https:\/\/www.manaus.am.gov.br\/semsa\/\",\"name\":\"SEMSA\",\"description\":\"Secretaria Municipal de Sa\u00fade\",\"alternateName\":\"Secretaria Municipal de Sa\u00fade\",\"potentialAction\":[{\"@type\":\"SearchAction\",\"target\":{\"@type\":\"EntryPoint\",\"urlTemplate\":\"https:\/\/www.manaus.am.gov.br\/semsa\/?s={search_term_string}\"},\"query-input\":\"required name=search_term_string\"}],\"inLanguage\":\"pt-BR\"},{\"@type\":\"Person\",\"@id\":\"https:\/\/www.manaus.am.gov.br\/semsa\/#\/schema\/person\/05d223aea2bf115f9883a6ff3683d81b\",\"name\":\"Bruna Greco\",\"image\":{\"@type\":\"ImageObject\",\"inLanguage\":\"pt-BR\",\"@id\":\"https:\/\/www.manaus.am.gov.br\/semsa\/#\/schema\/person\/image\/\",\"url\":\"https:\/\/secure.gravatar.com\/avatar\/9c877d1a6adc2a055330e5c09a8653ce?s=96&d=mm&r=g\",\"contentUrl\":\"https:\/\/secure.gravatar.com\/avatar\/9c877d1a6adc2a055330e5c09a8653ce?s=96&d=mm&r=g\",\"caption\":\"Bruna Greco\"}}]}<\/script>\n<!-- \/ Yoast SEO plugin. -->","yoast_head_json":{"title":"Prefeitura tem 80 unidades b\u00e1sicas que ofertam Pics","description":"Prefeitura de Manaus, por meio da Semsa, tem 80 unidades b\u00e1sicas que ofertam Pics, pr\u00e1ticas que auxiliam na promo\u00e7\u00e3o da sa\u00fade.","robots":{"index":"index","follow":"follow","max-snippet":"max-snippet:-1","max-image-preview":"max-image-preview:large","max-video-preview":"max-video-preview:-1"},"canonical":"https:\/\/www.manaus.am.gov.br\/semsa\/80-unidades-basicas-ofertam-pics\/","og_locale":"pt_BR","og_type":"article","og_title":"Prefeitura tem 80 unidades b\u00e1sicas que ofertam Pics","og_description":"Prefeitura de Manaus, por meio da Semsa, tem 80 unidades b\u00e1sicas que ofertam Pics, pr\u00e1ticas que auxiliam na promo\u00e7\u00e3o da sa\u00fade.","og_url":"https:\/\/www.manaus.am.gov.br\/semsa\/80-unidades-basicas-ofertam-pics\/","og_site_name":"SEMSA","article_published_time":"2025-12-02T21:06:12+00:00","og_image":[{"width":1280,"height":854,"url":"https:\/\/www.manaus.am.gov.br\/semsa\/wp-content\/uploads\/sites\/8\/2025\/12\/SEMSA-MANAUS-Oferta-PICS-Unidades-1.jpeg","type":"image\/jpeg"}],"author":"Bruna Greco","twitter_card":"summary_large_image","twitter_misc":{"Written by":"Bruna Greco","Est. reading time":"5 minutos"},"schema":{"@context":"https:\/\/schema.org","@graph":[{"@type":"WebPage","@id":"https:\/\/www.manaus.am.gov.br\/semsa\/80-unidades-basicas-ofertam-pics\/","url":"https:\/\/www.manaus.am.gov.br\/semsa\/80-unidades-basicas-ofertam-pics\/","name":"Prefeitura tem 80 unidades b\u00e1sicas que ofertam Pics","isPartOf":{"@id":"https:\/\/www.manaus.am.gov.br\/semsa\/#website"},"primaryImageOfPage":{"@id":"https:\/\/www.manaus.am.gov.br\/semsa\/80-unidades-basicas-ofertam-pics\/#primaryimage"},"image":{"@id":"https:\/\/www.manaus.am.gov.br\/semsa\/80-unidades-basicas-ofertam-pics\/#primaryimage"},"thumbnailUrl":"https:\/\/www.manaus.am.gov.br\/semsa\/wp-content\/uploads\/sites\/8\/2025\/12\/SEMSA-MANAUS-Oferta-PICS-Unidades-1.jpeg","datePublished":"2025-12-02T21:06:12+00:00","dateModified":"2025-12-02T21:06:12+00:00","author":{"@id":"https:\/\/www.manaus.am.gov.br\/semsa\/#\/schema\/person\/05d223aea2bf115f9883a6ff3683d81b"},"description":"Prefeitura de Manaus, por meio da Semsa, tem 80 unidades b\u00e1sicas que ofertam Pics, pr\u00e1ticas que auxiliam na promo\u00e7\u00e3o da sa\u00fade.","inLanguage":"pt-BR","potentialAction":[{"@type":"ReadAction","target":["https:\/\/www.manaus.am.gov.br\/semsa\/80-unidades-basicas-ofertam-pics\/"]}]},{"@type":"ImageObject","inLanguage":"pt-BR","@id":"https:\/\/www.manaus.am.gov.br\/semsa\/80-unidades-basicas-ofertam-pics\/#primaryimage","url":"https:\/\/www.manaus.am.gov.br\/semsa\/wp-content\/uploads\/sites\/8\/2025\/12\/SEMSA-MANAUS-Oferta-PICS-Unidades-1.jpeg","contentUrl":"https:\/\/www.manaus.am.gov.br\/semsa\/wp-content\/uploads\/sites\/8\/2025\/12\/SEMSA-MANAUS-Oferta-PICS-Unidades-1.jpeg","width":1280,"height":854,"caption":"#paratodosverem - Usu\u00e1ria de unidade b\u00e1sica de sa\u00fade da prefeitura realizando o PICs"},{"@type":"WebSite","@id":"https:\/\/www.manaus.am.gov.br\/semsa\/#website","url":"https:\/\/www.manaus.am.gov.br\/semsa\/","name":"SEMSA","description":"Secretaria Municipal de Sa\u00fade","alternateName":"Secretaria Municipal de Sa\u00fade","potentialAction":[{"@type":"SearchAction","target":{"@type":"EntryPoint","urlTemplate":"https:\/\/www.manaus.am.gov.br\/semsa\/?s={search_term_string}"},"query-input":"required name=search_term_string"}],"inLanguage":"pt-BR"},{"@type":"Person","@id":"https:\/\/www.manaus.am.gov.br\/semsa\/#\/schema\/person\/05d223aea2bf115f9883a6ff3683d81b","name":"Bruna Greco","image":{"@type":"ImageObject","inLanguage":"pt-BR","@id":"https:\/\/www.manaus.am.gov.br\/semsa\/#\/schema\/person\/image\/","url":"https:\/\/secure.gravatar.com\/avatar\/9c877d1a6adc2a055330e5c09a8653ce?s=96&d=mm&r=g","contentUrl":"https:\/\/secure.gravatar.com\/avatar\/9c877d1a6adc2a055330e5c09a8653ce?s=96&d=mm&r=g","caption":"Bruna Greco"}}]}},"_links":{"self":[{"href":"https:\/\/www.manaus.am.gov.br\/semsa\/wp-json\/wp\/v2\/posts\/226625"}],"collection":[{"href":"https:\/\/www.manaus.am.gov.br\/semsa\/wp-json\/wp\/v2\/posts"}],"about":[{"href":"https:\/\/www.manaus.am.gov.br\/semsa\/wp-json\/wp\/v2\/types\/post"}],"author":[{"embeddable":true,"href":"https:\/\/www.manaus.am.gov.br\/semsa\/wp-json\/wp\/v2\/users\/39"}],"replies":[{"embeddable":true,"href":"https:\/\/www.manaus.am.gov.br\/semsa\/wp-json\/wp\/v2\/comments?post=226625"}],"version-history":[{"count":1,"href":"https:\/\/www.manaus.am.gov.br\/semsa\/wp-json\/wp\/v2\/posts\/226625\/revisions"}],"predecessor-version":[{"id":226628,"href":"https:\/\/www.manaus.am.gov.br\/semsa\/wp-json\/wp\/v2\/posts\/226625\/revisions\/226628"}],"wp:featuredmedia":[{"embeddable":true,"href":"https:\/\/www.manaus.am.gov.br\/semsa\/wp-json\/wp\/v2\/media\/226626"}],"wp:attachment":[{"href":"https:\/\/www.manaus.am.gov.br\/semsa\/wp-json\/wp\/v2\/media?parent=226625"}],"wp:term":[{"taxonomy":"category","embeddable":true,"href":"https:\/\/www.manaus.am.gov.br\/semsa\/wp-json\/wp\/v2\/categories?post=226625"},{"taxonomy":"post_tag","embeddable":true,"href":"https:\/\/www.manaus.am.gov.br\/semsa\/wp-json\/wp\/v2\/tags?post=226625"}],"curies":[{"name":"wp","href":"https:\/\/api.w.org\/{rel}","templated":true}]}}