{"id":226568,"date":"2025-11-27T17:48:25","date_gmt":"2025-11-27T21:48:25","guid":{"rendered":"https:\/\/www.manaus.am.gov.br\/semsa\/estudantes-italia-estrategias-atencao-a-saude\/"},"modified":"2025-12-09T14:45:16","modified_gmt":"2025-12-09T18:45:16","slug":"estudantes-italia-estrategias-atencao-a-saude","status":"publish","type":"post","link":"https:\/\/www.manaus.am.gov.br\/semsa\/estudantes-italia-estrategias-atencao-a-saude\/","title":{"rendered":"Estudantes da It\u00e1lia conhecem estrat\u00e9gias da prefeitura na aten\u00e7\u00e3o \u00e0 sa\u00fade de moradores da zona rural"},"content":{"rendered":"\n<p>As estrat\u00e9gias da Prefeitura de Manaus na aten\u00e7\u00e3o \u00e0 sa\u00fade de usu\u00e1rios moradores de localidades remotas da zona rural \u00e9 o foco dos olhares de estudantes da Universidade de Parma, na It\u00e1lia, que est\u00e3o na capital para conhecer mais de perto as pr\u00e1ticas do Sistema \u00danico de Sa\u00fade (SUS) no cen\u00e1rio amaz\u00f4nico. Eles integram um projeto de est\u00e1gio e pesquisa desenvolvido em parceria entre a Secretaria Municipal de Sa\u00fade (Semsa), a institui\u00e7\u00e3o italiana e a Rede Unida.<\/p>\n\n\n\n<p>Os estudantes Jacopo Gilbertini e Beatrice Todaro, que chegaram a Manaus no domingo, 23\/11, estiveram na Unidade de Sa\u00fade da Fam\u00edlia (USF) Rural Nossa Senhora do Livramento, na comunidade Nossa Senhora do Livramento, acompanhando as equipes de sa\u00fade no atendimento aos usu\u00e1rios da localidade e entorno. Beatrice visitou tamb\u00e9m a USF Parque das Tribos, na comunidade ind\u00edgena Parque das Tribos, zona Oeste.<\/p>\n\n\n\n<p>A t\u00e9cnica do Departamento de Gest\u00e3o da Educa\u00e7\u00e3o na Sa\u00fade da Escola de Sa\u00fade P\u00fablica da Semsa (Esap Manaus), assistente social Thalita Guedes, relata que os universit\u00e1rios italianos buscam aprender e vivenciar o trabalho interprofissional das equipes da estrat\u00e9gia Sa\u00fade da Fam\u00edlia em levar assist\u00eancia \u00e0 popula\u00e7\u00e3o do campo, da floresta e das \u00e1guas na Amaz\u00f4nia, uma inova\u00e7\u00e3o brasileira na Aten\u00e7\u00e3o Prim\u00e1ria \u00e0 Sa\u00fade (APS).<\/p>\n\n\n\n<p>\u201cNa It\u00e1lia h\u00e1 uma grande popula\u00e7\u00e3o de idosos, muitos at\u00e9 vivendo em \u00e1reas montanhosas, mas o atendimento \u00e9 concentrado nos pontos de sa\u00fade. Eles querem aprender conosco sobre como levar o servi\u00e7o aos usu\u00e1rios nos territ\u00f3rios, pensando em uma futura implementa\u00e7\u00e3o l\u00e1\u201d, explica a servidora.<\/p>\n\n\n\n<p>Thalita assinala que o interc\u00e2mbio com a It\u00e1lia, que inclui ainda a Universidade de Bolonha, fortalece a Semsa no cen\u00e1rio internacional de estudos sobre sa\u00fade coletiva e abre portas para futuros editais e fomentos para pesquisa, estimulando a forma\u00e7\u00e3o e o aprimoramento dos servidores da sa\u00fade. E a troca de conhecimento, ela acrescenta, favorece o avan\u00e7o da Aten\u00e7\u00e3o Prim\u00e1ria nos dois pa\u00edses.<\/p>\n\n\n\n<p>\u201cTemos um conhecimento de trabalhar a sa\u00fade nos territ\u00f3rios, e eles trazem a experi\u00eancia de otimizar o servi\u00e7o com os recursos dispon\u00edveis. E podemos aprender com eles como fortalecer a participa\u00e7\u00e3o social na sa\u00fade, que \u00e9 muito forte na It\u00e1lia e de que tamb\u00e9m precisamos aqui\u201d, aponta Thalita.<\/p>\n\n\n\n<p><strong>Pesquisa e viv\u00eancia<\/strong><\/p>\n\n\n\n<p>No est\u00e1gio em servi\u00e7o na Semsa, Jacopo e Beatrice acompanharam a rotina das equipes multiprofissionais nas USFs, que re\u00fanem m\u00e9dicos, enfermeiros, agentes comunit\u00e1rios, entre outros trabalhadores da sa\u00fade, em visitas domiciliares e a\u00e7\u00f5es de articula\u00e7\u00e3o do territ\u00f3rio.<\/p>\n\n\n\n<p>\u201cEnquanto Esap, cooperamos tamb\u00e9m na forma\u00e7\u00e3o deles, trazendo teorias sobre a sa\u00fade coletiva no Brasil, para apoio na escrita de suas pesquisas\u201d, informa Thalita Guedes, que \u00e9 doutora em Sa\u00fade Coletiva.<\/p>\n\n\n\n<p>Para Jacopo, que \u00e9 estudante do mestrado em Sa\u00fade Coletiva da Universidade de Parma, o interc\u00e2mbio em Manaus terminou na quarta-feira, 26\/11. J\u00e1 Beatrice, que cursa doutorado em Servi\u00e7o Social em Parma, ficar\u00e1 na capital amazonense at\u00e9 16 de dezembro. Ela conta que sua primeira impress\u00e3o ao acompanhar os profissionais da sa\u00fade municipal nas comunidades rurais foi da intimidade maior entre gente e natureza, com a geografia \u201cmoldando rela\u00e7\u00f5es, acesso ao servi\u00e7o e formas de cuidado\u201d.<\/p>\n\n\n\n<p>\u201c\u00c9 um cuidar que n\u00e3o tem a imediaticidade muitas vezes tecnocr\u00e1tica dos grandes centros urbanos, mas um ritmo mais lento e reconhec\u00edvel, capaz de devolver dignidade ao cotidiano do cuidado\u201d, descreve.<\/p>\n\n\n\n<p>Beatrice avalia a experi\u00eancia nas unidades de sa\u00fade rurais da Semsa como essencial para compreender as conex\u00f5es entre territ\u00f3rio, sa\u00fade e formas de vida, evidenciando uma rela\u00e7\u00e3o com a sa\u00fade n\u00e3o apenas m\u00e9dica, mas simb\u00f3lica, comunit\u00e1ria e ideol\u00f3gica, bem diversa dos modelos urbanos de assist\u00eancia ofertado nas cidades.<\/p>\n\n\n\n<p>\u201cNas comunidades persistem formas de reciprocidade e proximidade que s\u00e3o recursos valiosos para se imaginar futuros sistemas de sa\u00fade mais humanos. Tudo isso alimenta meu desejo de contribuir para um trabalho de pesquisa e de elabora\u00e7\u00e3o capaz de colocar no centro a rela\u00e7\u00e3o entre espa\u00e7o, comunidade e bem-estar\u201d, declara.<\/p>\n\n\n\n<p>Al\u00e9m das unidades da Semsa, os estudantes de Parma participaram de atividades no Instituto Le\u00f4nidas e Maria Deane \u2013 Fiocruz Amaz\u00f4nia.<\/p>\n\n\n\n<p><strong>Interc\u00e2mbio e parceria<\/strong><\/p>\n\n\n\n<p>A Semsa Manaus \u00e9 uma das institui\u00e7\u00f5es parceiras da Universidade de Parma em projeto de est\u00e1gio e pesquisa no Brasil, no \u00e2mbito do primeiro Mestrado Nacional em Sa\u00fade Coletiva da institui\u00e7\u00e3o italiana. A iniciativa prev\u00ea a participa\u00e7\u00e3o de estudantes italianos em programa formativo na capital amazonense e em cidades como Rio de Janeiro, S\u00e3o Lu\u00eds e Itamonte (MG), neste m\u00eas de novembro.<\/p>\n\n\n\n<p>O interc\u00e2mbio da sa\u00fade municipal com a It\u00e1lia se desenvolve desde o ano passado, e inclui tamb\u00e9m parceria com a Universidade de Bolonha para iniciativas de coopera\u00e7\u00e3o acad\u00eamica transnacional.<\/p>\n\n\n\n<p>A Semsa participou ainda, no in\u00edcio deste ano, do 17\u00ba Laborat\u00f3rio \u00cdtalo-Brasileiro de Pesquisa, Forma\u00e7\u00e3o e Pr\u00e1ticas em Sa\u00fade Coletiva, em Bolonha, com o apoio da Rede Unida. A secret\u00e1ria municipal de Sa\u00fade, Sh\u00e1dia Fraxe, marcou presen\u00e7a no evento, ao lado dos subsecret\u00e1rios de Gest\u00e3o da Sa\u00fade, Djalma Coelho, e da diretora executiva da Esap Manaus, Karina Cerquinho.<\/p>\n\n\n\n<p>No evento, destinado \u00e0 troca de experi\u00eancias e implementa\u00e7\u00e3o de a\u00e7\u00f5es voltadas \u00e0 sa\u00fade e qualidade de vida, a secretaria apresentou estrat\u00e9gias adotadas para ampliar e qualificar a assist\u00eancia \u00e0 sa\u00fade no munic\u00edpio.<\/p>\n\n\n\n<figure class=\"wp-block-image size-large\"><img loading=\"lazy\" decoding=\"async\" width=\"1024\" height=\"768\" src=\"https:\/\/www.manaus.am.gov.br\/semsa\/wp-content\/uploads\/sites\/8\/2025\/11\/SEMSA-MANAUS-Estudantes-Italia-3-1024x768.jpeg\" alt=\"\" class=\"wp-image-226570\" srcset=\"https:\/\/www.manaus.am.gov.br\/semsa\/wp-content\/uploads\/sites\/8\/2025\/11\/SEMSA-MANAUS-Estudantes-Italia-3-1024x768.jpeg 1024w, https:\/\/www.manaus.am.gov.br\/semsa\/wp-content\/uploads\/sites\/8\/2025\/11\/SEMSA-MANAUS-Estudantes-Italia-3-300x225.jpeg 300w, https:\/\/www.manaus.am.gov.br\/semsa\/wp-content\/uploads\/sites\/8\/2025\/11\/SEMSA-MANAUS-Estudantes-Italia-3-768x576.jpeg 768w, https:\/\/www.manaus.am.gov.br\/semsa\/wp-content\/uploads\/sites\/8\/2025\/11\/SEMSA-MANAUS-Estudantes-Italia-3-1536x1152.jpeg 1536w, https:\/\/www.manaus.am.gov.br\/semsa\/wp-content\/uploads\/sites\/8\/2025\/11\/SEMSA-MANAUS-Estudantes-Italia-3.jpeg 1600w\" sizes=\"(max-width: 1024px) 100vw, 1024px\" \/><\/figure>\n\n\n\n<p>&#8212; &#8212; &#8212;&nbsp;<\/p>\n\n\n\n<p><strong>Texto &#8211;&nbsp;<\/strong>Jony Clay Borges\/Semsa<\/p>\n\n\n\n<p><strong>Fotos &#8211;&nbsp;<\/strong>Divulga\u00e7\u00e3o\/Semsa<\/p>\n","protected":false},"excerpt":{"rendered":"","protected":false},"author":39,"featured_media":226569,"comment_status":"closed","ping_status":"closed","sticky":false,"template":"","format":"standard","meta":{"footnotes":""},"categories":[478],"tags":[3651,3652,3653,3654,54,28],"acf":[],"yoast_head":"<!-- This site is optimized with the Yoast SEO plugin v23.0 - https:\/\/yoast.com\/wordpress\/plugins\/seo\/ -->\n<title>Estudantes da It\u00e1lia conhecem estrat\u00e9gias da prefeitura na aten\u00e7\u00e3o \u00e0 sa\u00fade de moradores da zona rural<\/title>\n<meta name=\"description\" content=\"Estudantes da It\u00e1lia conhecem estrat\u00e9gias da Prefeitura de Manaus na aten\u00e7\u00e3o \u00e0 sa\u00fade de moradores da zona rural.\" \/>\n<meta name=\"robots\" content=\"index, follow, max-snippet:-1, max-image-preview:large, max-video-preview:-1\" \/>\n<link rel=\"canonical\" href=\"https:\/\/www.manaus.am.gov.br\/semsa\/estudantes-italia-estrategias-atencao-a-saude\/\" \/>\n<meta property=\"og:locale\" content=\"pt_BR\" \/>\n<meta property=\"og:type\" content=\"article\" \/>\n<meta property=\"og:title\" content=\"Estudantes da It\u00e1lia conhecem estrat\u00e9gias da prefeitura na aten\u00e7\u00e3o \u00e0 sa\u00fade de moradores da zona rural\" \/>\n<meta property=\"og:description\" content=\"Estudantes da It\u00e1lia conhecem estrat\u00e9gias da Prefeitura de Manaus na aten\u00e7\u00e3o \u00e0 sa\u00fade de moradores da zona rural.\" \/>\n<meta property=\"og:url\" content=\"https:\/\/www.manaus.am.gov.br\/semsa\/estudantes-italia-estrategias-atencao-a-saude\/\" \/>\n<meta property=\"og:site_name\" content=\"SEMSA\" \/>\n<meta property=\"article:published_time\" content=\"2025-11-27T21:48:25+00:00\" \/>\n<meta property=\"article:modified_time\" content=\"2025-12-09T18:45:16+00:00\" \/>\n<meta property=\"og:image\" content=\"https:\/\/www.manaus.am.gov.br\/semsa\/wp-content\/uploads\/sites\/8\/2025\/11\/SEMSA-MANAUS-Estudantes-Italia-1.jpeg\" \/>\n\t<meta property=\"og:image:width\" content=\"1280\" \/>\n\t<meta property=\"og:image:height\" content=\"960\" \/>\n\t<meta property=\"og:image:type\" content=\"image\/jpeg\" \/>\n<meta name=\"author\" content=\"Bruna Greco\" \/>\n<meta name=\"twitter:card\" content=\"summary_large_image\" \/>\n<meta name=\"twitter:label1\" content=\"Written by\" \/>\n\t<meta name=\"twitter:data1\" content=\"Bruna Greco\" \/>\n\t<meta name=\"twitter:label2\" content=\"Est. reading time\" \/>\n\t<meta name=\"twitter:data2\" content=\"6 minutos\" \/>\n<script type=\"application\/ld+json\" class=\"yoast-schema-graph\">{\"@context\":\"https:\/\/schema.org\",\"@graph\":[{\"@type\":\"WebPage\",\"@id\":\"https:\/\/www.manaus.am.gov.br\/semsa\/estudantes-italia-estrategias-atencao-a-saude\/\",\"url\":\"https:\/\/www.manaus.am.gov.br\/semsa\/estudantes-italia-estrategias-atencao-a-saude\/\",\"name\":\"Estudantes da It\u00e1lia conhecem estrat\u00e9gias da prefeitura na aten\u00e7\u00e3o \u00e0 sa\u00fade de moradores da zona rural\",\"isPartOf\":{\"@id\":\"https:\/\/www.manaus.am.gov.br\/semsa\/#website\"},\"primaryImageOfPage\":{\"@id\":\"https:\/\/www.manaus.am.gov.br\/semsa\/estudantes-italia-estrategias-atencao-a-saude\/#primaryimage\"},\"image\":{\"@id\":\"https:\/\/www.manaus.am.gov.br\/semsa\/estudantes-italia-estrategias-atencao-a-saude\/#primaryimage\"},\"thumbnailUrl\":\"https:\/\/www.manaus.am.gov.br\/semsa\/wp-content\/uploads\/sites\/8\/2025\/11\/SEMSA-MANAUS-Estudantes-Italia-1.jpeg\",\"datePublished\":\"2025-11-27T21:48:25+00:00\",\"dateModified\":\"2025-12-09T18:45:16+00:00\",\"author\":{\"@id\":\"https:\/\/www.manaus.am.gov.br\/semsa\/#\/schema\/person\/05d223aea2bf115f9883a6ff3683d81b\"},\"description\":\"Estudantes da It\u00e1lia conhecem estrat\u00e9gias da Prefeitura de Manaus na aten\u00e7\u00e3o \u00e0 sa\u00fade de moradores da zona rural.\",\"inLanguage\":\"pt-BR\",\"potentialAction\":[{\"@type\":\"ReadAction\",\"target\":[\"https:\/\/www.manaus.am.gov.br\/semsa\/estudantes-italia-estrategias-atencao-a-saude\/\"]}]},{\"@type\":\"ImageObject\",\"inLanguage\":\"pt-BR\",\"@id\":\"https:\/\/www.manaus.am.gov.br\/semsa\/estudantes-italia-estrategias-atencao-a-saude\/#primaryimage\",\"url\":\"https:\/\/www.manaus.am.gov.br\/semsa\/wp-content\/uploads\/sites\/8\/2025\/11\/SEMSA-MANAUS-Estudantes-Italia-1.jpeg\",\"contentUrl\":\"https:\/\/www.manaus.am.gov.br\/semsa\/wp-content\/uploads\/sites\/8\/2025\/11\/SEMSA-MANAUS-Estudantes-Italia-1.jpeg\",\"width\":1280,\"height\":960,\"caption\":\"#paratodosverem - Estudantes da It\u00e1lia e representantes da Semsa durante visita \u00e0 unidades de sa\u00fade\"},{\"@type\":\"WebSite\",\"@id\":\"https:\/\/www.manaus.am.gov.br\/semsa\/#website\",\"url\":\"https:\/\/www.manaus.am.gov.br\/semsa\/\",\"name\":\"SEMSA\",\"description\":\"Secretaria Municipal de Sa\u00fade\",\"alternateName\":\"Secretaria Municipal de Sa\u00fade\",\"potentialAction\":[{\"@type\":\"SearchAction\",\"target\":{\"@type\":\"EntryPoint\",\"urlTemplate\":\"https:\/\/www.manaus.am.gov.br\/semsa\/?s={search_term_string}\"},\"query-input\":\"required name=search_term_string\"}],\"inLanguage\":\"pt-BR\"},{\"@type\":\"Person\",\"@id\":\"https:\/\/www.manaus.am.gov.br\/semsa\/#\/schema\/person\/05d223aea2bf115f9883a6ff3683d81b\",\"name\":\"Bruna Greco\",\"image\":{\"@type\":\"ImageObject\",\"inLanguage\":\"pt-BR\",\"@id\":\"https:\/\/www.manaus.am.gov.br\/semsa\/#\/schema\/person\/image\/\",\"url\":\"https:\/\/secure.gravatar.com\/avatar\/9c877d1a6adc2a055330e5c09a8653ce?s=96&d=mm&r=g\",\"contentUrl\":\"https:\/\/secure.gravatar.com\/avatar\/9c877d1a6adc2a055330e5c09a8653ce?s=96&d=mm&r=g\",\"caption\":\"Bruna Greco\"}}]}<\/script>\n<!-- \/ Yoast SEO plugin. -->","yoast_head_json":{"title":"Estudantes da It\u00e1lia conhecem estrat\u00e9gias da prefeitura na aten\u00e7\u00e3o \u00e0 sa\u00fade de moradores da zona rural","description":"Estudantes da It\u00e1lia conhecem estrat\u00e9gias da Prefeitura de Manaus na aten\u00e7\u00e3o \u00e0 sa\u00fade de moradores da zona rural.","robots":{"index":"index","follow":"follow","max-snippet":"max-snippet:-1","max-image-preview":"max-image-preview:large","max-video-preview":"max-video-preview:-1"},"canonical":"https:\/\/www.manaus.am.gov.br\/semsa\/estudantes-italia-estrategias-atencao-a-saude\/","og_locale":"pt_BR","og_type":"article","og_title":"Estudantes da It\u00e1lia conhecem estrat\u00e9gias da prefeitura na aten\u00e7\u00e3o \u00e0 sa\u00fade de moradores da zona rural","og_description":"Estudantes da It\u00e1lia conhecem estrat\u00e9gias da Prefeitura de Manaus na aten\u00e7\u00e3o \u00e0 sa\u00fade de moradores da zona rural.","og_url":"https:\/\/www.manaus.am.gov.br\/semsa\/estudantes-italia-estrategias-atencao-a-saude\/","og_site_name":"SEMSA","article_published_time":"2025-11-27T21:48:25+00:00","article_modified_time":"2025-12-09T18:45:16+00:00","og_image":[{"width":1280,"height":960,"url":"https:\/\/www.manaus.am.gov.br\/semsa\/wp-content\/uploads\/sites\/8\/2025\/11\/SEMSA-MANAUS-Estudantes-Italia-1.jpeg","type":"image\/jpeg"}],"author":"Bruna Greco","twitter_card":"summary_large_image","twitter_misc":{"Written by":"Bruna Greco","Est. reading time":"6 minutos"},"schema":{"@context":"https:\/\/schema.org","@graph":[{"@type":"WebPage","@id":"https:\/\/www.manaus.am.gov.br\/semsa\/estudantes-italia-estrategias-atencao-a-saude\/","url":"https:\/\/www.manaus.am.gov.br\/semsa\/estudantes-italia-estrategias-atencao-a-saude\/","name":"Estudantes da It\u00e1lia conhecem estrat\u00e9gias da prefeitura na aten\u00e7\u00e3o \u00e0 sa\u00fade de moradores da zona rural","isPartOf":{"@id":"https:\/\/www.manaus.am.gov.br\/semsa\/#website"},"primaryImageOfPage":{"@id":"https:\/\/www.manaus.am.gov.br\/semsa\/estudantes-italia-estrategias-atencao-a-saude\/#primaryimage"},"image":{"@id":"https:\/\/www.manaus.am.gov.br\/semsa\/estudantes-italia-estrategias-atencao-a-saude\/#primaryimage"},"thumbnailUrl":"https:\/\/www.manaus.am.gov.br\/semsa\/wp-content\/uploads\/sites\/8\/2025\/11\/SEMSA-MANAUS-Estudantes-Italia-1.jpeg","datePublished":"2025-11-27T21:48:25+00:00","dateModified":"2025-12-09T18:45:16+00:00","author":{"@id":"https:\/\/www.manaus.am.gov.br\/semsa\/#\/schema\/person\/05d223aea2bf115f9883a6ff3683d81b"},"description":"Estudantes da It\u00e1lia conhecem estrat\u00e9gias da Prefeitura de Manaus na aten\u00e7\u00e3o \u00e0 sa\u00fade de moradores da zona rural.","inLanguage":"pt-BR","potentialAction":[{"@type":"ReadAction","target":["https:\/\/www.manaus.am.gov.br\/semsa\/estudantes-italia-estrategias-atencao-a-saude\/"]}]},{"@type":"ImageObject","inLanguage":"pt-BR","@id":"https:\/\/www.manaus.am.gov.br\/semsa\/estudantes-italia-estrategias-atencao-a-saude\/#primaryimage","url":"https:\/\/www.manaus.am.gov.br\/semsa\/wp-content\/uploads\/sites\/8\/2025\/11\/SEMSA-MANAUS-Estudantes-Italia-1.jpeg","contentUrl":"https:\/\/www.manaus.am.gov.br\/semsa\/wp-content\/uploads\/sites\/8\/2025\/11\/SEMSA-MANAUS-Estudantes-Italia-1.jpeg","width":1280,"height":960,"caption":"#paratodosverem - Estudantes da It\u00e1lia e representantes da Semsa durante visita \u00e0 unidades de sa\u00fade"},{"@type":"WebSite","@id":"https:\/\/www.manaus.am.gov.br\/semsa\/#website","url":"https:\/\/www.manaus.am.gov.br\/semsa\/","name":"SEMSA","description":"Secretaria Municipal de Sa\u00fade","alternateName":"Secretaria Municipal de Sa\u00fade","potentialAction":[{"@type":"SearchAction","target":{"@type":"EntryPoint","urlTemplate":"https:\/\/www.manaus.am.gov.br\/semsa\/?s={search_term_string}"},"query-input":"required name=search_term_string"}],"inLanguage":"pt-BR"},{"@type":"Person","@id":"https:\/\/www.manaus.am.gov.br\/semsa\/#\/schema\/person\/05d223aea2bf115f9883a6ff3683d81b","name":"Bruna Greco","image":{"@type":"ImageObject","inLanguage":"pt-BR","@id":"https:\/\/www.manaus.am.gov.br\/semsa\/#\/schema\/person\/image\/","url":"https:\/\/secure.gravatar.com\/avatar\/9c877d1a6adc2a055330e5c09a8653ce?s=96&d=mm&r=g","contentUrl":"https:\/\/secure.gravatar.com\/avatar\/9c877d1a6adc2a055330e5c09a8653ce?s=96&d=mm&r=g","caption":"Bruna Greco"}}]}},"_links":{"self":[{"href":"https:\/\/www.manaus.am.gov.br\/semsa\/wp-json\/wp\/v2\/posts\/226568"}],"collection":[{"href":"https:\/\/www.manaus.am.gov.br\/semsa\/wp-json\/wp\/v2\/posts"}],"about":[{"href":"https:\/\/www.manaus.am.gov.br\/semsa\/wp-json\/wp\/v2\/types\/post"}],"author":[{"embeddable":true,"href":"https:\/\/www.manaus.am.gov.br\/semsa\/wp-json\/wp\/v2\/users\/39"}],"replies":[{"embeddable":true,"href":"https:\/\/www.manaus.am.gov.br\/semsa\/wp-json\/wp\/v2\/comments?post=226568"}],"version-history":[{"count":2,"href":"https:\/\/www.manaus.am.gov.br\/semsa\/wp-json\/wp\/v2\/posts\/226568\/revisions"}],"predecessor-version":[{"id":226702,"href":"https:\/\/www.manaus.am.gov.br\/semsa\/wp-json\/wp\/v2\/posts\/226568\/revisions\/226702"}],"wp:featuredmedia":[{"embeddable":true,"href":"https:\/\/www.manaus.am.gov.br\/semsa\/wp-json\/wp\/v2\/media\/226569"}],"wp:attachment":[{"href":"https:\/\/www.manaus.am.gov.br\/semsa\/wp-json\/wp\/v2\/media?parent=226568"}],"wp:term":[{"taxonomy":"category","embeddable":true,"href":"https:\/\/www.manaus.am.gov.br\/semsa\/wp-json\/wp\/v2\/categories?post=226568"},{"taxonomy":"post_tag","embeddable":true,"href":"https:\/\/www.manaus.am.gov.br\/semsa\/wp-json\/wp\/v2\/tags?post=226568"}],"curies":[{"name":"wp","href":"https:\/\/api.w.org\/{rel}","templated":true}]}}