{"id":226280,"date":"2025-11-17T14:09:24","date_gmt":"2025-11-17T18:09:24","guid":{"rendered":"https:\/\/www.manaus.am.gov.br\/semsa\/prefeitura-semsa-mostrabsb\/"},"modified":"2025-11-17T16:21:50","modified_gmt":"2025-11-17T20:21:50","slug":"prefeitura-semsa-mostrabsb","status":"publish","type":"post","link":"https:\/\/www.manaus.am.gov.br\/semsa\/prefeitura-semsa-mostrabsb\/","title":{"rendered":"Prefeitura de Manaus conquista 1\u00ba lugar em evento sobre planejamento e dimensionamento em sa\u00fade em Bras\u00edlia"},"content":{"rendered":"\n<p>A Prefeitura de Manaus, por meio da Secretaria Municipal de Sa\u00fade (Semsa), conquistou o primeiro lugar na&nbsp;modalidade Poster, na \u201cMostra Nacional de Planejamento e Dimensionamento em Sa\u00fade no SUS\u201d, que ocorreu, na \u00faltima semana, em Bras\u00edlia (DF).<\/p>\n\n\n\n<p>O gerente de Ensino na Escola de Sa\u00fade P\u00fablica de Manaus (Esap\/Semsa), Fabiano Corr\u00eaa Batista, explica que a mostra \u00e9 fruto de um curso do Minist\u00e9rio da Sa\u00fade, iniciado no ano passado, organizado em tr\u00eas m\u00f3dulos, com o objetivo de planejar e dimensionar a for\u00e7a de trabalho em sa\u00fade, para que os gestores tomem decis\u00f5es embasadas em par\u00e2metros t\u00e9cnicos.<\/p>\n\n\n\n<p>A experi\u00eancia apresentada em Bras\u00edlia contemplou o dimensionamento da For\u00e7a de Trabalho no Distrito de Sa\u00fade Oeste, considerando a an\u00e1lise das caracter\u00edsticas demogr\u00e1ficas, sociais e de sa\u00fade da popula\u00e7\u00e3o, os processos de trabalho da Aten\u00e7\u00e3o Prim\u00e1ria \u00e0 Sa\u00fade (APS) e o uso de indicadores territoriais e epidemiol\u00f3gicos.<\/p>\n\n\n\n<p>Segundo Fabiano, as Unidades de Sa\u00fade da Fam\u00edlia (USFs) do Disa Oeste foram classificadas por n\u00edvel de vulnerabilidade, utilizando indicadores de sa\u00fade como n\u00famero de hipertensos, diab\u00e9ticos, crian\u00e7as e idosos por unidade, o que permitiu determinar o n\u00famero ideal de equipes para cada USF.<\/p>\n\n\n\n<p>\u201cCreio que o conhecimento sobre o trabalho desenvolvido e o esclarecimento das d\u00favidas dos avaliadores ao longo da apresenta\u00e7\u00e3o, foram aspectos positivos que resultaram no reconhecimento do nosso esfor\u00e7o\u201d, assinala Fabiano Corr\u00eaa Batista.<\/p>\n\n\n\n<p>Foram selecionados 128 trabalhos de todo o Brasil, sendo 16 trabalhos contemplados com premia\u00e7\u00e3o de 1\u00ba, 2\u00ba e 3\u00ba lugar. O Estado do Amazonas participou com cinco trabalhos da mostra.<\/p>\n\n\n\n<p>O evento reuniu alunos da forma\u00e7\u00e3o em planejamento e dimensionamento da for\u00e7a de trabalho no SUS, tutores, gestores(as) de aprendizado e refer\u00eancias estaduais vinculadas \u00e0 forma\u00e7\u00e3o, representantes das escolas de sa\u00fade p\u00fablica e demais institui\u00e7\u00f5es parceiras.<\/p>\n\n\n\n<p>O Dimensionamento da For\u00e7a de Trabalho no SUS \u00e9 um sistema que serve para gerir recursos humanos, que apoia a gest\u00e3o da sa\u00fade p\u00fablica orientando sobre o n\u00famero de profissionais para suprir as demandas da popula\u00e7\u00e3o com qualidade e efici\u00eancia.<\/p>\n\n\n\n<p>&#8212; &#8212; &#8212;<\/p>\n\n\n\n<p><strong>Texto e fotos<\/strong>\u00a0&#8211; Divulga\u00e7\u00e3o\/Semsa<\/p>\n","protected":false},"excerpt":{"rendered":"","protected":false},"author":23,"featured_media":226281,"comment_status":"closed","ping_status":"closed","sticky":false,"template":"","format":"standard","meta":{"footnotes":""},"categories":[526],"tags":[405,3608,3318,990,54,28],"acf":[],"yoast_head":"<!-- This site is optimized with the Yoast SEO plugin v23.0 - https:\/\/yoast.com\/wordpress\/plugins\/seo\/ -->\n<title>Prefeitura de Manaus conquista 1\u00ba lugar em evento sobre planejamento e dimensionamento em sa\u00fade em Bras\u00edlia<\/title>\n<meta name=\"description\" content=\"A Prefeitura de Manaus, por meio da Secretaria Municipal de Sa\u00fade (Semsa), conquistou o primeiro lugar na modalidade Poster, na \u201cMostra Nacional de Planejamento e Dimensionamento em Sa\u00fade no SUS\u201d, que ocorreu, na \u00faltima semana, em Bras\u00edlia (DF).\" \/>\n<meta name=\"robots\" content=\"index, follow, max-snippet:-1, max-image-preview:large, max-video-preview:-1\" \/>\n<link rel=\"canonical\" href=\"https:\/\/www.manaus.am.gov.br\/semsa\/prefeitura-semsa-mostrabsb\/\" \/>\n<meta property=\"og:locale\" content=\"pt_BR\" \/>\n<meta property=\"og:type\" content=\"article\" \/>\n<meta property=\"og:title\" content=\"Prefeitura de Manaus conquista 1\u00ba lugar em evento sobre planejamento e dimensionamento em sa\u00fade em Bras\u00edlia\" \/>\n<meta property=\"og:description\" content=\"A Prefeitura de Manaus, por meio da Secretaria Municipal de Sa\u00fade (Semsa), conquistou o primeiro lugar na modalidade Poster, na \u201cMostra Nacional de Planejamento e Dimensionamento em Sa\u00fade no SUS\u201d, que ocorreu, na \u00faltima semana, em Bras\u00edlia (DF).\" \/>\n<meta property=\"og:url\" content=\"https:\/\/www.manaus.am.gov.br\/semsa\/prefeitura-semsa-mostrabsb\/\" \/>\n<meta property=\"og:site_name\" content=\"SEMSA\" \/>\n<meta property=\"article:published_time\" content=\"2025-11-17T18:09:24+00:00\" \/>\n<meta property=\"article:modified_time\" content=\"2025-11-17T20:21:50+00:00\" \/>\n<meta property=\"og:image\" content=\"https:\/\/www.manaus.am.gov.br\/semsa\/wp-content\/uploads\/sites\/8\/2025\/11\/Semsa-Manaus-Premio-Esap-2.jpeg\" \/>\n\t<meta property=\"og:image:width\" content=\"1280\" \/>\n\t<meta property=\"og:image:height\" content=\"960\" \/>\n\t<meta property=\"og:image:type\" content=\"image\/jpeg\" \/>\n<meta name=\"author\" content=\"Adriana Costa\" \/>\n<meta name=\"twitter:card\" content=\"summary_large_image\" \/>\n<meta name=\"twitter:label1\" content=\"Written by\" \/>\n\t<meta name=\"twitter:data1\" content=\"Adriana Costa\" \/>\n\t<meta name=\"twitter:label2\" content=\"Est. reading time\" \/>\n\t<meta name=\"twitter:data2\" content=\"3 minutos\" \/>\n<script type=\"application\/ld+json\" class=\"yoast-schema-graph\">{\"@context\":\"https:\/\/schema.org\",\"@graph\":[{\"@type\":\"WebPage\",\"@id\":\"https:\/\/www.manaus.am.gov.br\/semsa\/prefeitura-semsa-mostrabsb\/\",\"url\":\"https:\/\/www.manaus.am.gov.br\/semsa\/prefeitura-semsa-mostrabsb\/\",\"name\":\"Prefeitura de Manaus conquista 1\u00ba lugar em evento sobre planejamento e dimensionamento em sa\u00fade em Bras\u00edlia\",\"isPartOf\":{\"@id\":\"https:\/\/www.manaus.am.gov.br\/semsa\/#website\"},\"primaryImageOfPage\":{\"@id\":\"https:\/\/www.manaus.am.gov.br\/semsa\/prefeitura-semsa-mostrabsb\/#primaryimage\"},\"image\":{\"@id\":\"https:\/\/www.manaus.am.gov.br\/semsa\/prefeitura-semsa-mostrabsb\/#primaryimage\"},\"thumbnailUrl\":\"https:\/\/www.manaus.am.gov.br\/semsa\/wp-content\/uploads\/sites\/8\/2025\/11\/Semsa-Manaus-Premio-Esap-2.jpeg\",\"datePublished\":\"2025-11-17T18:09:24+00:00\",\"dateModified\":\"2025-11-17T20:21:50+00:00\",\"author\":{\"@id\":\"https:\/\/www.manaus.am.gov.br\/semsa\/#\/schema\/person\/4e49f4e267757a06ca072ec61b2b9968\"},\"description\":\"A Prefeitura de Manaus, por meio da Secretaria Municipal de Sa\u00fade (Semsa), conquistou o primeiro lugar na modalidade Poster, na \u201cMostra Nacional de Planejamento e Dimensionamento em Sa\u00fade no SUS\u201d, que ocorreu, na \u00faltima semana, em Bras\u00edlia (DF).\",\"inLanguage\":\"pt-BR\",\"potentialAction\":[{\"@type\":\"ReadAction\",\"target\":[\"https:\/\/www.manaus.am.gov.br\/semsa\/prefeitura-semsa-mostrabsb\/\"]}]},{\"@type\":\"ImageObject\",\"inLanguage\":\"pt-BR\",\"@id\":\"https:\/\/www.manaus.am.gov.br\/semsa\/prefeitura-semsa-mostrabsb\/#primaryimage\",\"url\":\"https:\/\/www.manaus.am.gov.br\/semsa\/wp-content\/uploads\/sites\/8\/2025\/11\/Semsa-Manaus-Premio-Esap-2.jpeg\",\"contentUrl\":\"https:\/\/www.manaus.am.gov.br\/semsa\/wp-content\/uploads\/sites\/8\/2025\/11\/Semsa-Manaus-Premio-Esap-2.jpeg\",\"width\":1280,\"height\":960,\"caption\":\"#paratodosverem - Equipe Semsa Manaus ao lado de banner, na Mostra Nacional de Planejamento e Dimensionamento em Sa\u00fade no SUS\"},{\"@type\":\"WebSite\",\"@id\":\"https:\/\/www.manaus.am.gov.br\/semsa\/#website\",\"url\":\"https:\/\/www.manaus.am.gov.br\/semsa\/\",\"name\":\"SEMSA\",\"description\":\"Secretaria Municipal de Sa\u00fade\",\"alternateName\":\"Secretaria Municipal de Sa\u00fade\",\"potentialAction\":[{\"@type\":\"SearchAction\",\"target\":{\"@type\":\"EntryPoint\",\"urlTemplate\":\"https:\/\/www.manaus.am.gov.br\/semsa\/?s={search_term_string}\"},\"query-input\":\"required name=search_term_string\"}],\"inLanguage\":\"pt-BR\"},{\"@type\":\"Person\",\"@id\":\"https:\/\/www.manaus.am.gov.br\/semsa\/#\/schema\/person\/4e49f4e267757a06ca072ec61b2b9968\",\"name\":\"Adriana Costa\",\"image\":{\"@type\":\"ImageObject\",\"inLanguage\":\"pt-BR\",\"@id\":\"https:\/\/www.manaus.am.gov.br\/semsa\/#\/schema\/person\/image\/\",\"url\":\"https:\/\/secure.gravatar.com\/avatar\/576258617ef7194f718179e766d57bd4?s=96&d=mm&r=g\",\"contentUrl\":\"https:\/\/secure.gravatar.com\/avatar\/576258617ef7194f718179e766d57bd4?s=96&d=mm&r=g\",\"caption\":\"Adriana Costa\"}}]}<\/script>\n<!-- \/ Yoast SEO plugin. -->","yoast_head_json":{"title":"Prefeitura de Manaus conquista 1\u00ba lugar em evento sobre planejamento e dimensionamento em sa\u00fade em Bras\u00edlia","description":"A Prefeitura de Manaus, por meio da Secretaria Municipal de Sa\u00fade (Semsa), conquistou o primeiro lugar na modalidade Poster, na \u201cMostra Nacional de Planejamento e Dimensionamento em Sa\u00fade no SUS\u201d, que ocorreu, na \u00faltima semana, em Bras\u00edlia (DF).","robots":{"index":"index","follow":"follow","max-snippet":"max-snippet:-1","max-image-preview":"max-image-preview:large","max-video-preview":"max-video-preview:-1"},"canonical":"https:\/\/www.manaus.am.gov.br\/semsa\/prefeitura-semsa-mostrabsb\/","og_locale":"pt_BR","og_type":"article","og_title":"Prefeitura de Manaus conquista 1\u00ba lugar em evento sobre planejamento e dimensionamento em sa\u00fade em Bras\u00edlia","og_description":"A Prefeitura de Manaus, por meio da Secretaria Municipal de Sa\u00fade (Semsa), conquistou o primeiro lugar na modalidade Poster, na \u201cMostra Nacional de Planejamento e Dimensionamento em Sa\u00fade no SUS\u201d, que ocorreu, na \u00faltima semana, em Bras\u00edlia (DF).","og_url":"https:\/\/www.manaus.am.gov.br\/semsa\/prefeitura-semsa-mostrabsb\/","og_site_name":"SEMSA","article_published_time":"2025-11-17T18:09:24+00:00","article_modified_time":"2025-11-17T20:21:50+00:00","og_image":[{"width":1280,"height":960,"url":"https:\/\/www.manaus.am.gov.br\/semsa\/wp-content\/uploads\/sites\/8\/2025\/11\/Semsa-Manaus-Premio-Esap-2.jpeg","type":"image\/jpeg"}],"author":"Adriana Costa","twitter_card":"summary_large_image","twitter_misc":{"Written by":"Adriana Costa","Est. reading time":"3 minutos"},"schema":{"@context":"https:\/\/schema.org","@graph":[{"@type":"WebPage","@id":"https:\/\/www.manaus.am.gov.br\/semsa\/prefeitura-semsa-mostrabsb\/","url":"https:\/\/www.manaus.am.gov.br\/semsa\/prefeitura-semsa-mostrabsb\/","name":"Prefeitura de Manaus conquista 1\u00ba lugar em evento sobre planejamento e dimensionamento em sa\u00fade em Bras\u00edlia","isPartOf":{"@id":"https:\/\/www.manaus.am.gov.br\/semsa\/#website"},"primaryImageOfPage":{"@id":"https:\/\/www.manaus.am.gov.br\/semsa\/prefeitura-semsa-mostrabsb\/#primaryimage"},"image":{"@id":"https:\/\/www.manaus.am.gov.br\/semsa\/prefeitura-semsa-mostrabsb\/#primaryimage"},"thumbnailUrl":"https:\/\/www.manaus.am.gov.br\/semsa\/wp-content\/uploads\/sites\/8\/2025\/11\/Semsa-Manaus-Premio-Esap-2.jpeg","datePublished":"2025-11-17T18:09:24+00:00","dateModified":"2025-11-17T20:21:50+00:00","author":{"@id":"https:\/\/www.manaus.am.gov.br\/semsa\/#\/schema\/person\/4e49f4e267757a06ca072ec61b2b9968"},"description":"A Prefeitura de Manaus, por meio da Secretaria Municipal de Sa\u00fade (Semsa), conquistou o primeiro lugar na modalidade Poster, na \u201cMostra Nacional de Planejamento e Dimensionamento em Sa\u00fade no SUS\u201d, que ocorreu, na \u00faltima semana, em Bras\u00edlia (DF).","inLanguage":"pt-BR","potentialAction":[{"@type":"ReadAction","target":["https:\/\/www.manaus.am.gov.br\/semsa\/prefeitura-semsa-mostrabsb\/"]}]},{"@type":"ImageObject","inLanguage":"pt-BR","@id":"https:\/\/www.manaus.am.gov.br\/semsa\/prefeitura-semsa-mostrabsb\/#primaryimage","url":"https:\/\/www.manaus.am.gov.br\/semsa\/wp-content\/uploads\/sites\/8\/2025\/11\/Semsa-Manaus-Premio-Esap-2.jpeg","contentUrl":"https:\/\/www.manaus.am.gov.br\/semsa\/wp-content\/uploads\/sites\/8\/2025\/11\/Semsa-Manaus-Premio-Esap-2.jpeg","width":1280,"height":960,"caption":"#paratodosverem - Equipe Semsa Manaus ao lado de banner, na Mostra Nacional de Planejamento e Dimensionamento em Sa\u00fade no SUS"},{"@type":"WebSite","@id":"https:\/\/www.manaus.am.gov.br\/semsa\/#website","url":"https:\/\/www.manaus.am.gov.br\/semsa\/","name":"SEMSA","description":"Secretaria Municipal de Sa\u00fade","alternateName":"Secretaria Municipal de Sa\u00fade","potentialAction":[{"@type":"SearchAction","target":{"@type":"EntryPoint","urlTemplate":"https:\/\/www.manaus.am.gov.br\/semsa\/?s={search_term_string}"},"query-input":"required name=search_term_string"}],"inLanguage":"pt-BR"},{"@type":"Person","@id":"https:\/\/www.manaus.am.gov.br\/semsa\/#\/schema\/person\/4e49f4e267757a06ca072ec61b2b9968","name":"Adriana Costa","image":{"@type":"ImageObject","inLanguage":"pt-BR","@id":"https:\/\/www.manaus.am.gov.br\/semsa\/#\/schema\/person\/image\/","url":"https:\/\/secure.gravatar.com\/avatar\/576258617ef7194f718179e766d57bd4?s=96&d=mm&r=g","contentUrl":"https:\/\/secure.gravatar.com\/avatar\/576258617ef7194f718179e766d57bd4?s=96&d=mm&r=g","caption":"Adriana Costa"}}]}},"_links":{"self":[{"href":"https:\/\/www.manaus.am.gov.br\/semsa\/wp-json\/wp\/v2\/posts\/226280"}],"collection":[{"href":"https:\/\/www.manaus.am.gov.br\/semsa\/wp-json\/wp\/v2\/posts"}],"about":[{"href":"https:\/\/www.manaus.am.gov.br\/semsa\/wp-json\/wp\/v2\/types\/post"}],"author":[{"embeddable":true,"href":"https:\/\/www.manaus.am.gov.br\/semsa\/wp-json\/wp\/v2\/users\/23"}],"replies":[{"embeddable":true,"href":"https:\/\/www.manaus.am.gov.br\/semsa\/wp-json\/wp\/v2\/comments?post=226280"}],"version-history":[{"count":1,"href":"https:\/\/www.manaus.am.gov.br\/semsa\/wp-json\/wp\/v2\/posts\/226280\/revisions"}],"predecessor-version":[{"id":226289,"href":"https:\/\/www.manaus.am.gov.br\/semsa\/wp-json\/wp\/v2\/posts\/226280\/revisions\/226289"}],"wp:featuredmedia":[{"embeddable":true,"href":"https:\/\/www.manaus.am.gov.br\/semsa\/wp-json\/wp\/v2\/media\/226281"}],"wp:attachment":[{"href":"https:\/\/www.manaus.am.gov.br\/semsa\/wp-json\/wp\/v2\/media?parent=226280"}],"wp:term":[{"taxonomy":"category","embeddable":true,"href":"https:\/\/www.manaus.am.gov.br\/semsa\/wp-json\/wp\/v2\/categories?post=226280"},{"taxonomy":"post_tag","embeddable":true,"href":"https:\/\/www.manaus.am.gov.br\/semsa\/wp-json\/wp\/v2\/tags?post=226280"}],"curies":[{"name":"wp","href":"https:\/\/api.w.org\/{rel}","templated":true}]}}