{"id":226169,"date":"2025-11-10T14:08:45","date_gmt":"2025-11-10T18:08:45","guid":{"rendered":"https:\/\/www.manaus.am.gov.br\/semsa\/prefeitura-semsa-seminarioemmaues\/"},"modified":"2025-11-11T08:35:13","modified_gmt":"2025-11-11T12:35:13","slug":"prefeitura-semsa-seminarioemmaues","status":"publish","type":"post","link":"https:\/\/www.manaus.am.gov.br\/semsa\/prefeitura-semsa-seminarioemmaues\/","title":{"rendered":"Gestoras e profissionais de sa\u00fade bucal da Prefeitura de Manaus participam de semin\u00e1rio em Mau\u00e9s"},"content":{"rendered":"\n<p>Gestoras e profissionais da Secretaria Municipal de Sa\u00fade (Semsa), da Prefeitura de Manaus, participam do 1\u00ba Semin\u00e1rio de Odontologia em Sa\u00fade P\u00fablica de Mau\u00e9s, que acontece nesta ter\u00e7a e quarta-feira, 11 e 12\/11, no munic\u00edpio, situado a 276 quil\u00f4metros da capital. O encontro, realizado no audit\u00f3rio do Senac \u2013 Unidade Mau\u00e9s, \u00e9 voltado \u00e0 troca de experi\u00eancias, atualiza\u00e7\u00e3o profissional e fortalecimento da sa\u00fade bucal na localidade.<\/p>\n\n\n\n<p>Quatro cirurgi\u00e3s-dentistas, servidoras da Semsa, v\u00e3o participar como palestrantes convidadas do semin\u00e1rio, ao lado de representantes das esferas estadual e federal. S\u00e3o elas: a titular da Ger\u00eancia de Sa\u00fade Bucal (Gesab) da Semsa, Cl\u00e1udia Carvalho; a t\u00e9cnica da Gesab, K\u00e1tia Felizardo; a diretora do Centro de Especialidades Odontol\u00f3gicas (CEO) Leste, Catarina Teixeira Silva; e a t\u00e9cnica do CEO Leste, Luana Santos.<\/p>\n\n\n\n<p>Cl\u00e1udia Carvalho assinala a oportunidade para troca de experi\u00eancias no encontro em Mau\u00e9s, com a apresenta\u00e7\u00e3o de iniciativas e projetos exitosos desenvolvidos na capital para gestores e profissionais do munic\u00edpio, de modo a contribuir para a eleva\u00e7\u00e3o dos indicadores de sa\u00fade bucal, institu\u00eddos pelo Minist\u00e9rio da Sa\u00fade, na localidade.<\/p>\n\n\n\n<p>\u201cA inten\u00e7\u00e3o \u00e9 levar essas experi\u00eancias a todo o interior, iniciando por Mau\u00e9s, visto que temos mais equipes de sa\u00fade bucal e maior&nbsp;<em>expertise<\/em>&nbsp;no alcance de indicadores. Vamos ainda observar as a\u00e7\u00f5es conduzidas por l\u00e1, principalmente na \u00e1rea rural, que podemos trazer para Manaus\u201d, informa a gestora.<\/p>\n\n\n\n<p>No encontro, Cl\u00e1udia vai apresentar palestra com o tema \u201cGest\u00e3o e estrat\u00e9gia na Aten\u00e7\u00e3o Prim\u00e1ria \u00e0 Sa\u00fade\u201d, pontuando as estrat\u00e9gias desenvolvidas na Semsa para melhoria na resolutividade da aten\u00e7\u00e3o \u00e0 sa\u00fade bucal. \u201cEssas estrat\u00e9gias nos permitiram aumentar o indicador de tratamentos conclu\u00eddos de 28%, em 2022, para mais de 70% em 2024, percentual que mantivemos em 2025\u201d, aponta.<\/p>\n\n\n\n<p>K\u00e1tia Felizardo ressalta o objetivo do encontro de contribuir para a qualifica\u00e7\u00e3o dos profissionais de sa\u00fade bucal no interior, fortalecendo a forma\u00e7\u00e3o das equipes locais para lidar com os desafios \u00fanicos da regi\u00e3o e para a melhoria direta da aten\u00e7\u00e3o \u00e0 popula\u00e7\u00e3o.<\/p>\n\n\n\n<p>\u201cMais do que um ato de compartilhamento de informa\u00e7\u00f5es, esse \u00e9 um investimento direto na sa\u00fade p\u00fablica e no desenvolvimento humano da regi\u00e3o, garantindo que as dist\u00e2ncias geogr\u00e1ficas n\u00e3o sejam impeditivo para a excel\u00eancia no cuidado odontol\u00f3gico\u201d, aponta a t\u00e9cnica, que vai destacar no evento o tratamento restaurador atraum\u00e1tico (ART), um dos novos indicadores de sa\u00fade bucal do Minist\u00e9rio da Sa\u00fade.<\/p>\n\n\n\n<p>Temas<\/p>\n\n\n\n<p>Ap\u00f3s a abertura oficial do semin\u00e1rio, na noite da ter\u00e7a-feira, 11\/11, a participa\u00e7\u00e3o das profissionais da Semsa Manaus no evento em Mau\u00e9s se concentra na quarta-feira, 12\/11. No per\u00edodo matutino, Catarina Teixeira Silva vai apresentar palestra sobre a \u201cUrg\u00eancia e Emerg\u00eancia Odontol\u00f3gica na Aten\u00e7\u00e3o B\u00e1sica\u201d, antecedendo a apresenta\u00e7\u00e3o de Cl\u00e1udia Carvalho.<\/p>\n\n\n\n<p>A programa\u00e7\u00e3o do dia segue \u00e0 tarde com palestra de K\u00e1tia Felizardo, que vai discutir os \u201cFundamentos da m\u00ednima interven\u00e7\u00e3o e tratamento restaurador atraum\u00e1tico\u201d. Logo ap\u00f3s \u00e9 a vez de Luana Santos, com o tema \u201cEndodontia, acesso pulpar e medica\u00e7\u00e3o\u201d.<\/p>\n\n\n\n<p>Al\u00e9m das representantes da Semsa, o Semin\u00e1rio de Odontologia em Sa\u00fade P\u00fablica de Mau\u00e9s ter\u00e1 ainda como palestrantes convidados a gerente de Monitoramento e Avalia\u00e7\u00e3o do Interior da Secretaria de Estado de Sa\u00fade do Amazonas (SES-AM), Nara Esquivel, e o assessor t\u00e9cnico da Coordena\u00e7\u00e3o-Geral de Sa\u00fade Bucal do Minist\u00e9rio da Sa\u00fade, F\u00e1bio Victor Silva.<\/p>\n\n\n\n<p>&#8212; &#8212; &#8212; &nbsp;<\/p>\n\n\n\n<p><strong>Texto\u00a0<\/strong>&#8211; Jony Clay Borges \/ Semsa<\/p>\n\n\n\n<p><strong>Fotos\u00a0<\/strong>&#8211;\u00a0Divulga\u00e7\u00e3o \/ Semsa<\/p>\n","protected":false},"excerpt":{"rendered":"","protected":false},"author":23,"featured_media":226170,"comment_status":"closed","ping_status":"closed","sticky":false,"template":"","format":"standard","meta":{"footnotes":""},"categories":[1012],"tags":[3585,54,805,1662,28],"acf":[],"yoast_head":"<!-- This site is optimized with the Yoast SEO plugin v23.0 - https:\/\/yoast.com\/wordpress\/plugins\/seo\/ -->\n<title>Gestoras e profissionais de sa\u00fade bucal da Prefeitura de Manaus participam de semin\u00e1rio em Mau\u00e9s<\/title>\n<meta name=\"description\" content=\"Gestoras e profissionais da Secretaria Municipal de Sa\u00fade (Semsa), da Prefeitura de Manaus, participam do 1\u00ba Semin\u00e1rio de Odontologia em Sa\u00fade P\u00fablica de Mau\u00e9s, que acontece nesta ter\u00e7a e quarta-feira, 11 e 12\/11, no munic\u00edpio, situado a 276 quil\u00f4metros da capital. O encontro, realizado no audit\u00f3rio do Senac \u2013 Unidade Mau\u00e9s, \u00e9 voltado \u00e0 troca de experi\u00eancias, atualiza\u00e7\u00e3o profissional e fortalecimento da sa\u00fade bucal na localidade.\" \/>\n<meta name=\"robots\" content=\"index, follow, max-snippet:-1, max-image-preview:large, max-video-preview:-1\" \/>\n<link rel=\"canonical\" href=\"https:\/\/www.manaus.am.gov.br\/semsa\/prefeitura-semsa-seminarioemmaues\/\" \/>\n<meta property=\"og:locale\" content=\"pt_BR\" \/>\n<meta property=\"og:type\" content=\"article\" \/>\n<meta property=\"og:title\" content=\"Gestoras e profissionais de sa\u00fade bucal da Prefeitura de Manaus participam de semin\u00e1rio em Mau\u00e9s\" \/>\n<meta property=\"og:description\" content=\"Gestoras e profissionais da Secretaria Municipal de Sa\u00fade (Semsa), da Prefeitura de Manaus, participam do 1\u00ba Semin\u00e1rio de Odontologia em Sa\u00fade P\u00fablica de Mau\u00e9s, que acontece nesta ter\u00e7a e quarta-feira, 11 e 12\/11, no munic\u00edpio, situado a 276 quil\u00f4metros da capital. O encontro, realizado no audit\u00f3rio do Senac \u2013 Unidade Mau\u00e9s, \u00e9 voltado \u00e0 troca de experi\u00eancias, atualiza\u00e7\u00e3o profissional e fortalecimento da sa\u00fade bucal na localidade.\" \/>\n<meta property=\"og:url\" content=\"https:\/\/www.manaus.am.gov.br\/semsa\/prefeitura-semsa-seminarioemmaues\/\" \/>\n<meta property=\"og:site_name\" content=\"SEMSA\" \/>\n<meta property=\"article:published_time\" content=\"2025-11-10T18:08:45+00:00\" \/>\n<meta property=\"article:modified_time\" content=\"2025-11-11T12:35:13+00:00\" \/>\n<meta property=\"og:image\" content=\"https:\/\/www.manaus.am.gov.br\/semsa\/wp-content\/uploads\/sites\/8\/2025\/11\/SEMSA-MANAUS-Encontro-Odontologia-Maues-2.jpg\" \/>\n\t<meta property=\"og:image:width\" content=\"4000\" \/>\n\t<meta property=\"og:image:height\" content=\"2708\" \/>\n\t<meta property=\"og:image:type\" content=\"image\/jpeg\" \/>\n<meta name=\"author\" content=\"Adriana Costa\" \/>\n<meta name=\"twitter:card\" content=\"summary_large_image\" \/>\n<meta name=\"twitter:label1\" content=\"Written by\" \/>\n\t<meta name=\"twitter:data1\" content=\"Adriana Costa\" \/>\n\t<meta name=\"twitter:label2\" content=\"Est. reading time\" \/>\n\t<meta name=\"twitter:data2\" content=\"4 minutos\" \/>\n<script type=\"application\/ld+json\" class=\"yoast-schema-graph\">{\"@context\":\"https:\/\/schema.org\",\"@graph\":[{\"@type\":\"WebPage\",\"@id\":\"https:\/\/www.manaus.am.gov.br\/semsa\/prefeitura-semsa-seminarioemmaues\/\",\"url\":\"https:\/\/www.manaus.am.gov.br\/semsa\/prefeitura-semsa-seminarioemmaues\/\",\"name\":\"Gestoras e profissionais de sa\u00fade bucal da Prefeitura de Manaus participam de semin\u00e1rio em Mau\u00e9s\",\"isPartOf\":{\"@id\":\"https:\/\/www.manaus.am.gov.br\/semsa\/#website\"},\"primaryImageOfPage\":{\"@id\":\"https:\/\/www.manaus.am.gov.br\/semsa\/prefeitura-semsa-seminarioemmaues\/#primaryimage\"},\"image\":{\"@id\":\"https:\/\/www.manaus.am.gov.br\/semsa\/prefeitura-semsa-seminarioemmaues\/#primaryimage\"},\"thumbnailUrl\":\"https:\/\/www.manaus.am.gov.br\/semsa\/wp-content\/uploads\/sites\/8\/2025\/11\/SEMSA-MANAUS-Encontro-Odontologia-Maues-2.jpg\",\"datePublished\":\"2025-11-10T18:08:45+00:00\",\"dateModified\":\"2025-11-11T12:35:13+00:00\",\"author\":{\"@id\":\"https:\/\/www.manaus.am.gov.br\/semsa\/#\/schema\/person\/4e49f4e267757a06ca072ec61b2b9968\"},\"description\":\"Gestoras e profissionais da Secretaria Municipal de Sa\u00fade (Semsa), da Prefeitura de Manaus, participam do 1\u00ba Semin\u00e1rio de Odontologia em Sa\u00fade P\u00fablica de Mau\u00e9s, que acontece nesta ter\u00e7a e quarta-feira, 11 e 12\/11, no munic\u00edpio, situado a 276 quil\u00f4metros da capital. O encontro, realizado no audit\u00f3rio do Senac \u2013 Unidade Mau\u00e9s, \u00e9 voltado \u00e0 troca de experi\u00eancias, atualiza\u00e7\u00e3o profissional e fortalecimento da sa\u00fade bucal na localidade.\",\"inLanguage\":\"pt-BR\",\"potentialAction\":[{\"@type\":\"ReadAction\",\"target\":[\"https:\/\/www.manaus.am.gov.br\/semsa\/prefeitura-semsa-seminarioemmaues\/\"]}]},{\"@type\":\"ImageObject\",\"inLanguage\":\"pt-BR\",\"@id\":\"https:\/\/www.manaus.am.gov.br\/semsa\/prefeitura-semsa-seminarioemmaues\/#primaryimage\",\"url\":\"https:\/\/www.manaus.am.gov.br\/semsa\/wp-content\/uploads\/sites\/8\/2025\/11\/SEMSA-MANAUS-Encontro-Odontologia-Maues-2.jpg\",\"contentUrl\":\"https:\/\/www.manaus.am.gov.br\/semsa\/wp-content\/uploads\/sites\/8\/2025\/11\/SEMSA-MANAUS-Encontro-Odontologia-Maues-2.jpg\",\"width\":4000,\"height\":2708,\"caption\":\"#paratodosverem - Crian\u00e7a em colo de m\u00e3e recebe atendimento odontol\u00f3gico por profissionais de sa\u00fade da Semsa, devidamente uniformizada e com equipamentos de seguran\u00e7a\"},{\"@type\":\"WebSite\",\"@id\":\"https:\/\/www.manaus.am.gov.br\/semsa\/#website\",\"url\":\"https:\/\/www.manaus.am.gov.br\/semsa\/\",\"name\":\"SEMSA\",\"description\":\"Secretaria Municipal de Sa\u00fade\",\"alternateName\":\"Secretaria Municipal de Sa\u00fade\",\"potentialAction\":[{\"@type\":\"SearchAction\",\"target\":{\"@type\":\"EntryPoint\",\"urlTemplate\":\"https:\/\/www.manaus.am.gov.br\/semsa\/?s={search_term_string}\"},\"query-input\":\"required name=search_term_string\"}],\"inLanguage\":\"pt-BR\"},{\"@type\":\"Person\",\"@id\":\"https:\/\/www.manaus.am.gov.br\/semsa\/#\/schema\/person\/4e49f4e267757a06ca072ec61b2b9968\",\"name\":\"Adriana Costa\",\"image\":{\"@type\":\"ImageObject\",\"inLanguage\":\"pt-BR\",\"@id\":\"https:\/\/www.manaus.am.gov.br\/semsa\/#\/schema\/person\/image\/\",\"url\":\"https:\/\/secure.gravatar.com\/avatar\/576258617ef7194f718179e766d57bd4?s=96&d=mm&r=g\",\"contentUrl\":\"https:\/\/secure.gravatar.com\/avatar\/576258617ef7194f718179e766d57bd4?s=96&d=mm&r=g\",\"caption\":\"Adriana Costa\"}}]}<\/script>\n<!-- \/ Yoast SEO plugin. -->","yoast_head_json":{"title":"Gestoras e profissionais de sa\u00fade bucal da Prefeitura de Manaus participam de semin\u00e1rio em Mau\u00e9s","description":"Gestoras e profissionais da Secretaria Municipal de Sa\u00fade (Semsa), da Prefeitura de Manaus, participam do 1\u00ba Semin\u00e1rio de Odontologia em Sa\u00fade P\u00fablica de Mau\u00e9s, que acontece nesta ter\u00e7a e quarta-feira, 11 e 12\/11, no munic\u00edpio, situado a 276 quil\u00f4metros da capital. O encontro, realizado no audit\u00f3rio do Senac \u2013 Unidade Mau\u00e9s, \u00e9 voltado \u00e0 troca de experi\u00eancias, atualiza\u00e7\u00e3o profissional e fortalecimento da sa\u00fade bucal na localidade.","robots":{"index":"index","follow":"follow","max-snippet":"max-snippet:-1","max-image-preview":"max-image-preview:large","max-video-preview":"max-video-preview:-1"},"canonical":"https:\/\/www.manaus.am.gov.br\/semsa\/prefeitura-semsa-seminarioemmaues\/","og_locale":"pt_BR","og_type":"article","og_title":"Gestoras e profissionais de sa\u00fade bucal da Prefeitura de Manaus participam de semin\u00e1rio em Mau\u00e9s","og_description":"Gestoras e profissionais da Secretaria Municipal de Sa\u00fade (Semsa), da Prefeitura de Manaus, participam do 1\u00ba Semin\u00e1rio de Odontologia em Sa\u00fade P\u00fablica de Mau\u00e9s, que acontece nesta ter\u00e7a e quarta-feira, 11 e 12\/11, no munic\u00edpio, situado a 276 quil\u00f4metros da capital. O encontro, realizado no audit\u00f3rio do Senac \u2013 Unidade Mau\u00e9s, \u00e9 voltado \u00e0 troca de experi\u00eancias, atualiza\u00e7\u00e3o profissional e fortalecimento da sa\u00fade bucal na localidade.","og_url":"https:\/\/www.manaus.am.gov.br\/semsa\/prefeitura-semsa-seminarioemmaues\/","og_site_name":"SEMSA","article_published_time":"2025-11-10T18:08:45+00:00","article_modified_time":"2025-11-11T12:35:13+00:00","og_image":[{"width":4000,"height":2708,"url":"https:\/\/www.manaus.am.gov.br\/semsa\/wp-content\/uploads\/sites\/8\/2025\/11\/SEMSA-MANAUS-Encontro-Odontologia-Maues-2.jpg","type":"image\/jpeg"}],"author":"Adriana Costa","twitter_card":"summary_large_image","twitter_misc":{"Written by":"Adriana Costa","Est. reading time":"4 minutos"},"schema":{"@context":"https:\/\/schema.org","@graph":[{"@type":"WebPage","@id":"https:\/\/www.manaus.am.gov.br\/semsa\/prefeitura-semsa-seminarioemmaues\/","url":"https:\/\/www.manaus.am.gov.br\/semsa\/prefeitura-semsa-seminarioemmaues\/","name":"Gestoras e profissionais de sa\u00fade bucal da Prefeitura de Manaus participam de semin\u00e1rio em Mau\u00e9s","isPartOf":{"@id":"https:\/\/www.manaus.am.gov.br\/semsa\/#website"},"primaryImageOfPage":{"@id":"https:\/\/www.manaus.am.gov.br\/semsa\/prefeitura-semsa-seminarioemmaues\/#primaryimage"},"image":{"@id":"https:\/\/www.manaus.am.gov.br\/semsa\/prefeitura-semsa-seminarioemmaues\/#primaryimage"},"thumbnailUrl":"https:\/\/www.manaus.am.gov.br\/semsa\/wp-content\/uploads\/sites\/8\/2025\/11\/SEMSA-MANAUS-Encontro-Odontologia-Maues-2.jpg","datePublished":"2025-11-10T18:08:45+00:00","dateModified":"2025-11-11T12:35:13+00:00","author":{"@id":"https:\/\/www.manaus.am.gov.br\/semsa\/#\/schema\/person\/4e49f4e267757a06ca072ec61b2b9968"},"description":"Gestoras e profissionais da Secretaria Municipal de Sa\u00fade (Semsa), da Prefeitura de Manaus, participam do 1\u00ba Semin\u00e1rio de Odontologia em Sa\u00fade P\u00fablica de Mau\u00e9s, que acontece nesta ter\u00e7a e quarta-feira, 11 e 12\/11, no munic\u00edpio, situado a 276 quil\u00f4metros da capital. O encontro, realizado no audit\u00f3rio do Senac \u2013 Unidade Mau\u00e9s, \u00e9 voltado \u00e0 troca de experi\u00eancias, atualiza\u00e7\u00e3o profissional e fortalecimento da sa\u00fade bucal na localidade.","inLanguage":"pt-BR","potentialAction":[{"@type":"ReadAction","target":["https:\/\/www.manaus.am.gov.br\/semsa\/prefeitura-semsa-seminarioemmaues\/"]}]},{"@type":"ImageObject","inLanguage":"pt-BR","@id":"https:\/\/www.manaus.am.gov.br\/semsa\/prefeitura-semsa-seminarioemmaues\/#primaryimage","url":"https:\/\/www.manaus.am.gov.br\/semsa\/wp-content\/uploads\/sites\/8\/2025\/11\/SEMSA-MANAUS-Encontro-Odontologia-Maues-2.jpg","contentUrl":"https:\/\/www.manaus.am.gov.br\/semsa\/wp-content\/uploads\/sites\/8\/2025\/11\/SEMSA-MANAUS-Encontro-Odontologia-Maues-2.jpg","width":4000,"height":2708,"caption":"#paratodosverem - Crian\u00e7a em colo de m\u00e3e recebe atendimento odontol\u00f3gico por profissionais de sa\u00fade da Semsa, devidamente uniformizada e com equipamentos de seguran\u00e7a"},{"@type":"WebSite","@id":"https:\/\/www.manaus.am.gov.br\/semsa\/#website","url":"https:\/\/www.manaus.am.gov.br\/semsa\/","name":"SEMSA","description":"Secretaria Municipal de Sa\u00fade","alternateName":"Secretaria Municipal de Sa\u00fade","potentialAction":[{"@type":"SearchAction","target":{"@type":"EntryPoint","urlTemplate":"https:\/\/www.manaus.am.gov.br\/semsa\/?s={search_term_string}"},"query-input":"required name=search_term_string"}],"inLanguage":"pt-BR"},{"@type":"Person","@id":"https:\/\/www.manaus.am.gov.br\/semsa\/#\/schema\/person\/4e49f4e267757a06ca072ec61b2b9968","name":"Adriana Costa","image":{"@type":"ImageObject","inLanguage":"pt-BR","@id":"https:\/\/www.manaus.am.gov.br\/semsa\/#\/schema\/person\/image\/","url":"https:\/\/secure.gravatar.com\/avatar\/576258617ef7194f718179e766d57bd4?s=96&d=mm&r=g","contentUrl":"https:\/\/secure.gravatar.com\/avatar\/576258617ef7194f718179e766d57bd4?s=96&d=mm&r=g","caption":"Adriana Costa"}}]}},"_links":{"self":[{"href":"https:\/\/www.manaus.am.gov.br\/semsa\/wp-json\/wp\/v2\/posts\/226169"}],"collection":[{"href":"https:\/\/www.manaus.am.gov.br\/semsa\/wp-json\/wp\/v2\/posts"}],"about":[{"href":"https:\/\/www.manaus.am.gov.br\/semsa\/wp-json\/wp\/v2\/types\/post"}],"author":[{"embeddable":true,"href":"https:\/\/www.manaus.am.gov.br\/semsa\/wp-json\/wp\/v2\/users\/23"}],"replies":[{"embeddable":true,"href":"https:\/\/www.manaus.am.gov.br\/semsa\/wp-json\/wp\/v2\/comments?post=226169"}],"version-history":[{"count":1,"href":"https:\/\/www.manaus.am.gov.br\/semsa\/wp-json\/wp\/v2\/posts\/226169\/revisions"}],"predecessor-version":[{"id":226172,"href":"https:\/\/www.manaus.am.gov.br\/semsa\/wp-json\/wp\/v2\/posts\/226169\/revisions\/226172"}],"wp:featuredmedia":[{"embeddable":true,"href":"https:\/\/www.manaus.am.gov.br\/semsa\/wp-json\/wp\/v2\/media\/226170"}],"wp:attachment":[{"href":"https:\/\/www.manaus.am.gov.br\/semsa\/wp-json\/wp\/v2\/media?parent=226169"}],"wp:term":[{"taxonomy":"category","embeddable":true,"href":"https:\/\/www.manaus.am.gov.br\/semsa\/wp-json\/wp\/v2\/categories?post=226169"},{"taxonomy":"post_tag","embeddable":true,"href":"https:\/\/www.manaus.am.gov.br\/semsa\/wp-json\/wp\/v2\/tags?post=226169"}],"curies":[{"name":"wp","href":"https:\/\/api.w.org\/{rel}","templated":true}]}}