{"id":226159,"date":"2025-11-07T14:37:12","date_gmt":"2025-11-07T18:37:12","guid":{"rendered":"https:\/\/www.manaus.am.gov.br\/semsa\/visa-manaus-visita-alunos-ufam\/"},"modified":"2025-11-11T08:35:39","modified_gmt":"2025-11-11T12:35:39","slug":"visa-manaus-visita-alunos-ufam","status":"publish","type":"post","link":"https:\/\/www.manaus.am.gov.br\/semsa\/visa-manaus-visita-alunos-ufam\/","title":{"rendered":"Visa Manaus recebe visita acad\u00eamica de alunos de Medicina da Ufam"},"content":{"rendered":"\n<p>A Prefeitura de Manaus, por meio da Diretoria de Vigil\u00e2ncia Sanit\u00e1ria (Visa Manaus), da Secretaria Municipal de Sa\u00fade (Semsa), recebeu, nesta sexta-feira, 7\/11, uma visita acad\u00eamica de aulas do segundo per\u00edodo do curso de Medicina da Universidade Federal do Amazonas (Ufam). Eles conheceram a estrutura f\u00edsica da Visa Manaus e assistiram a uma apresenta\u00e7\u00e3o especial sobre as atividades de monitoramento e fiscaliza\u00e7\u00e3o dos servi\u00e7os de sa\u00fade na capital amazonense.<\/p>\n\n\n\n<p><br>\u201c\u00c9 sempre um grande prazer e um privil\u00e9gio recebermos a visita de estudantes. Temos um trabalho muito forte voltado para o monitoramento da seguran\u00e7a sanit\u00e1ria dos servi\u00e7os de sa\u00fade e \u00e9 especialmente importante, al\u00e9m de oportuno, que os acad\u00eamicos de Medicina conhe\u00e7am as boas pr\u00e1ticas para esses servi\u00e7os\u201d, disse a diretora da Visa Manaus, Maria do Carmo Le\u00e3o.<\/p>\n\n\n\n<p><br>Uma apresenta\u00e7\u00e3o foi ministrada por Lyeny Dias, chefe da Divis\u00e3o de Vigil\u00e2ncia de Servi\u00e7os Hospitalares, e Jorge Carneiro, gerente de Vigil\u00e2ncia de Servi\u00e7os da Visa Manaus. Foram abordadas as diferentes atividades realizadas pela vigil\u00e2ncia municipal nesse segmento, com informa\u00e7\u00f5es de como elas beneficiam a vida dos cidad\u00e3os e como o conhecimento dos conceitos e pr\u00e1ticas da vigil\u00e2ncia sanit\u00e1ria t\u00eam import\u00e2ncia fundamental para a qualidade e seguran\u00e7a dos servi\u00e7os de sa\u00fade de como um todo.<\/p>\n\n\n\n<p><br>Para a estudante Isadora Coelho, de 18 anos, foi uma chance de descobrir a abrang\u00eancia da atua\u00e7\u00e3o da Visa Manaus. \u201cA gente n\u00e3o tem tanto conhecimento sobre o tamanho desse trabalho, como \u00e9 dividido como dentro da Vigil\u00e2ncia, e como \u00e9 realmente uma atividade muito bem pensada e planejada\u201d, afirmou.<\/p>\n\n\n\n<p><br>J\u00e1 para Let\u00edcia Abreu de Carvalho, professora de Pol\u00edtica, Planejamento e Gest\u00e3o em Sa\u00fade do curso de Medicina da Ufam, a apresenta\u00e7\u00e3o teve o benef\u00edcio adicional de apresentar aos alunos os conceitos de Vigil\u00e2ncia Sanit\u00e1ria, que muitas vezes s\u00e3o vistos apenas superficialmente nas forma\u00e7\u00f5es em Medicina.<\/p>\n\n\n\n<p><br>\u201cFazermos uma visita a cada um dos polos de atua\u00e7\u00e3o da Vigil\u00e2ncia Sanit\u00e1ria da Semsa, e ter esse momento junto aos profissionais, ouvir explica\u00e7\u00f5es sobre como funciona o servi\u00e7o, e como ele impacta a assist\u00eancia em sa\u00fade, sobretudo a assist\u00eancia m\u00e9dica, \u00e9 fundamental para nossos micos acad\u00eamicos. Ter essa viv\u00eancia vai ser muito importante para a atua\u00e7\u00e3o do profissional deles no futuro\u201d, disse a professora, agradecendo \u00e0 Escola de Sa\u00fade P\u00fablica (Esap) de Manaus, que viabilizou a visita.<\/p>\n\n\n\n<p><br>A popula\u00e7\u00e3o de Manaus pode denunciar irregularidades sanit\u00e1rias relacionadas a produtos e servi\u00e7os por meio da Ouvidoria da Visa Manaus, no n\u00famero (9 2) 98842-8481 ou pelo e-mail\u00a0<a href=\"mailto:visamanaus.ouvidoria@gmail.com\" target=\"_blank\" rel=\"noreferrer noopener\">visamanaus.ouvidoria@gmail.com<\/a>.<\/p>\n\n\n\n<figure class=\"wp-block-image size-large\"><img loading=\"lazy\" decoding=\"async\" width=\"1024\" height=\"768\" src=\"https:\/\/www.manaus.am.gov.br\/semsa\/wp-content\/uploads\/sites\/8\/2025\/11\/Visita-2-1024x768.jpeg\" alt=\"\" class=\"wp-image-226161\" srcset=\"https:\/\/www.manaus.am.gov.br\/semsa\/wp-content\/uploads\/sites\/8\/2025\/11\/Visita-2-1024x768.jpeg 1024w, https:\/\/www.manaus.am.gov.br\/semsa\/wp-content\/uploads\/sites\/8\/2025\/11\/Visita-2-300x225.jpeg 300w, https:\/\/www.manaus.am.gov.br\/semsa\/wp-content\/uploads\/sites\/8\/2025\/11\/Visita-2-768x576.jpeg 768w, https:\/\/www.manaus.am.gov.br\/semsa\/wp-content\/uploads\/sites\/8\/2025\/11\/Visita-2-1536x1152.jpeg 1536w, https:\/\/www.manaus.am.gov.br\/semsa\/wp-content\/uploads\/sites\/8\/2025\/11\/Visita-2.jpeg 1600w\" sizes=\"(max-width: 1024px) 100vw, 1024px\" \/><\/figure>\n\n\n\n<p>&#8212; &#8212; &#8212;<\/p>\n\n\n\n<p><strong>Texto<\/strong>&nbsp;&#8211; Renildo Rodrigues\/Semsa<\/p>\n\n\n\n<p><strong>Fotos \u2013<\/strong> Divulga\u00e7\u00e3o\/Semsa<\/p>\n","protected":false},"excerpt":{"rendered":"","protected":false},"author":39,"featured_media":226160,"comment_status":"closed","ping_status":"closed","sticky":false,"template":"","format":"standard","meta":{"footnotes":""},"categories":[478],"tags":[54,28,278,79,3583],"acf":[],"yoast_head":"<!-- This site is optimized with the Yoast SEO plugin v23.0 - https:\/\/yoast.com\/wordpress\/plugins\/seo\/ -->\n<title>Visa Manaus recebe visita de alunos de Medicina da Ufam<\/title>\n<meta name=\"description\" content=\"Visa Manaus, da Semsa, recebe visita acad\u00eamica de alunos do curso de Medicina da Ufam nesta sexta-feira, 7\/11.\" \/>\n<meta name=\"robots\" content=\"index, follow, max-snippet:-1, max-image-preview:large, max-video-preview:-1\" \/>\n<link rel=\"canonical\" href=\"https:\/\/www.manaus.am.gov.br\/semsa\/visa-manaus-visita-alunos-ufam\/\" \/>\n<meta property=\"og:locale\" content=\"pt_BR\" \/>\n<meta property=\"og:type\" content=\"article\" \/>\n<meta property=\"og:title\" content=\"Visa Manaus recebe visita de alunos de Medicina da Ufam\" \/>\n<meta property=\"og:description\" content=\"Visa Manaus, da Semsa, recebe visita acad\u00eamica de alunos do curso de Medicina da Ufam nesta sexta-feira, 7\/11.\" \/>\n<meta property=\"og:url\" content=\"https:\/\/www.manaus.am.gov.br\/semsa\/visa-manaus-visita-alunos-ufam\/\" \/>\n<meta property=\"og:site_name\" content=\"SEMSA\" \/>\n<meta property=\"article:published_time\" content=\"2025-11-07T18:37:12+00:00\" \/>\n<meta property=\"article:modified_time\" content=\"2025-11-11T12:35:39+00:00\" \/>\n<meta property=\"og:image\" content=\"https:\/\/www.manaus.am.gov.br\/semsa\/wp-content\/uploads\/sites\/8\/2025\/11\/Visita-3.jpeg\" \/>\n\t<meta property=\"og:image:width\" content=\"1600\" \/>\n\t<meta property=\"og:image:height\" content=\"1200\" \/>\n\t<meta property=\"og:image:type\" content=\"image\/jpeg\" \/>\n<meta name=\"author\" content=\"Bruna Greco\" \/>\n<meta name=\"twitter:card\" content=\"summary_large_image\" \/>\n<meta name=\"twitter:label1\" content=\"Written by\" \/>\n\t<meta name=\"twitter:data1\" content=\"Bruna Greco\" \/>\n\t<meta name=\"twitter:label2\" content=\"Est. reading time\" \/>\n\t<meta name=\"twitter:data2\" content=\"3 minutos\" \/>\n<script type=\"application\/ld+json\" class=\"yoast-schema-graph\">{\"@context\":\"https:\/\/schema.org\",\"@graph\":[{\"@type\":\"WebPage\",\"@id\":\"https:\/\/www.manaus.am.gov.br\/semsa\/visa-manaus-visita-alunos-ufam\/\",\"url\":\"https:\/\/www.manaus.am.gov.br\/semsa\/visa-manaus-visita-alunos-ufam\/\",\"name\":\"Visa Manaus recebe visita de alunos de Medicina da Ufam\",\"isPartOf\":{\"@id\":\"https:\/\/www.manaus.am.gov.br\/semsa\/#website\"},\"primaryImageOfPage\":{\"@id\":\"https:\/\/www.manaus.am.gov.br\/semsa\/visa-manaus-visita-alunos-ufam\/#primaryimage\"},\"image\":{\"@id\":\"https:\/\/www.manaus.am.gov.br\/semsa\/visa-manaus-visita-alunos-ufam\/#primaryimage\"},\"thumbnailUrl\":\"https:\/\/www.manaus.am.gov.br\/semsa\/wp-content\/uploads\/sites\/8\/2025\/11\/Visita-3.jpeg\",\"datePublished\":\"2025-11-07T18:37:12+00:00\",\"dateModified\":\"2025-11-11T12:35:39+00:00\",\"author\":{\"@id\":\"https:\/\/www.manaus.am.gov.br\/semsa\/#\/schema\/person\/05d223aea2bf115f9883a6ff3683d81b\"},\"description\":\"Visa Manaus, da Semsa, recebe visita acad\u00eamica de alunos do curso de Medicina da Ufam nesta sexta-feira, 7\/11.\",\"inLanguage\":\"pt-BR\",\"potentialAction\":[{\"@type\":\"ReadAction\",\"target\":[\"https:\/\/www.manaus.am.gov.br\/semsa\/visa-manaus-visita-alunos-ufam\/\"]}]},{\"@type\":\"ImageObject\",\"inLanguage\":\"pt-BR\",\"@id\":\"https:\/\/www.manaus.am.gov.br\/semsa\/visa-manaus-visita-alunos-ufam\/#primaryimage\",\"url\":\"https:\/\/www.manaus.am.gov.br\/semsa\/wp-content\/uploads\/sites\/8\/2025\/11\/Visita-3.jpeg\",\"contentUrl\":\"https:\/\/www.manaus.am.gov.br\/semsa\/wp-content\/uploads\/sites\/8\/2025\/11\/Visita-3.jpeg\",\"width\":1600,\"height\":1200,\"caption\":\"#paratodosverem - Servidora da Visa Manaus apresentando \u00f3rg\u00e3o aos alunos do curso de Medicina da Ufam durante visita acad\u00eamica\"},{\"@type\":\"WebSite\",\"@id\":\"https:\/\/www.manaus.am.gov.br\/semsa\/#website\",\"url\":\"https:\/\/www.manaus.am.gov.br\/semsa\/\",\"name\":\"SEMSA\",\"description\":\"Secretaria Municipal de Sa\u00fade\",\"alternateName\":\"Secretaria Municipal de Sa\u00fade\",\"potentialAction\":[{\"@type\":\"SearchAction\",\"target\":{\"@type\":\"EntryPoint\",\"urlTemplate\":\"https:\/\/www.manaus.am.gov.br\/semsa\/?s={search_term_string}\"},\"query-input\":\"required name=search_term_string\"}],\"inLanguage\":\"pt-BR\"},{\"@type\":\"Person\",\"@id\":\"https:\/\/www.manaus.am.gov.br\/semsa\/#\/schema\/person\/05d223aea2bf115f9883a6ff3683d81b\",\"name\":\"Bruna Greco\",\"image\":{\"@type\":\"ImageObject\",\"inLanguage\":\"pt-BR\",\"@id\":\"https:\/\/www.manaus.am.gov.br\/semsa\/#\/schema\/person\/image\/\",\"url\":\"https:\/\/secure.gravatar.com\/avatar\/9c877d1a6adc2a055330e5c09a8653ce?s=96&d=mm&r=g\",\"contentUrl\":\"https:\/\/secure.gravatar.com\/avatar\/9c877d1a6adc2a055330e5c09a8653ce?s=96&d=mm&r=g\",\"caption\":\"Bruna Greco\"}}]}<\/script>\n<!-- \/ Yoast SEO plugin. -->","yoast_head_json":{"title":"Visa Manaus recebe visita de alunos de Medicina da Ufam","description":"Visa Manaus, da Semsa, recebe visita acad\u00eamica de alunos do curso de Medicina da Ufam nesta sexta-feira, 7\/11.","robots":{"index":"index","follow":"follow","max-snippet":"max-snippet:-1","max-image-preview":"max-image-preview:large","max-video-preview":"max-video-preview:-1"},"canonical":"https:\/\/www.manaus.am.gov.br\/semsa\/visa-manaus-visita-alunos-ufam\/","og_locale":"pt_BR","og_type":"article","og_title":"Visa Manaus recebe visita de alunos de Medicina da Ufam","og_description":"Visa Manaus, da Semsa, recebe visita acad\u00eamica de alunos do curso de Medicina da Ufam nesta sexta-feira, 7\/11.","og_url":"https:\/\/www.manaus.am.gov.br\/semsa\/visa-manaus-visita-alunos-ufam\/","og_site_name":"SEMSA","article_published_time":"2025-11-07T18:37:12+00:00","article_modified_time":"2025-11-11T12:35:39+00:00","og_image":[{"width":1600,"height":1200,"url":"https:\/\/www.manaus.am.gov.br\/semsa\/wp-content\/uploads\/sites\/8\/2025\/11\/Visita-3.jpeg","type":"image\/jpeg"}],"author":"Bruna Greco","twitter_card":"summary_large_image","twitter_misc":{"Written by":"Bruna Greco","Est. reading time":"3 minutos"},"schema":{"@context":"https:\/\/schema.org","@graph":[{"@type":"WebPage","@id":"https:\/\/www.manaus.am.gov.br\/semsa\/visa-manaus-visita-alunos-ufam\/","url":"https:\/\/www.manaus.am.gov.br\/semsa\/visa-manaus-visita-alunos-ufam\/","name":"Visa Manaus recebe visita de alunos de Medicina da Ufam","isPartOf":{"@id":"https:\/\/www.manaus.am.gov.br\/semsa\/#website"},"primaryImageOfPage":{"@id":"https:\/\/www.manaus.am.gov.br\/semsa\/visa-manaus-visita-alunos-ufam\/#primaryimage"},"image":{"@id":"https:\/\/www.manaus.am.gov.br\/semsa\/visa-manaus-visita-alunos-ufam\/#primaryimage"},"thumbnailUrl":"https:\/\/www.manaus.am.gov.br\/semsa\/wp-content\/uploads\/sites\/8\/2025\/11\/Visita-3.jpeg","datePublished":"2025-11-07T18:37:12+00:00","dateModified":"2025-11-11T12:35:39+00:00","author":{"@id":"https:\/\/www.manaus.am.gov.br\/semsa\/#\/schema\/person\/05d223aea2bf115f9883a6ff3683d81b"},"description":"Visa Manaus, da Semsa, recebe visita acad\u00eamica de alunos do curso de Medicina da Ufam nesta sexta-feira, 7\/11.","inLanguage":"pt-BR","potentialAction":[{"@type":"ReadAction","target":["https:\/\/www.manaus.am.gov.br\/semsa\/visa-manaus-visita-alunos-ufam\/"]}]},{"@type":"ImageObject","inLanguage":"pt-BR","@id":"https:\/\/www.manaus.am.gov.br\/semsa\/visa-manaus-visita-alunos-ufam\/#primaryimage","url":"https:\/\/www.manaus.am.gov.br\/semsa\/wp-content\/uploads\/sites\/8\/2025\/11\/Visita-3.jpeg","contentUrl":"https:\/\/www.manaus.am.gov.br\/semsa\/wp-content\/uploads\/sites\/8\/2025\/11\/Visita-3.jpeg","width":1600,"height":1200,"caption":"#paratodosverem - Servidora da Visa Manaus apresentando \u00f3rg\u00e3o aos alunos do curso de Medicina da Ufam durante visita acad\u00eamica"},{"@type":"WebSite","@id":"https:\/\/www.manaus.am.gov.br\/semsa\/#website","url":"https:\/\/www.manaus.am.gov.br\/semsa\/","name":"SEMSA","description":"Secretaria Municipal de Sa\u00fade","alternateName":"Secretaria Municipal de Sa\u00fade","potentialAction":[{"@type":"SearchAction","target":{"@type":"EntryPoint","urlTemplate":"https:\/\/www.manaus.am.gov.br\/semsa\/?s={search_term_string}"},"query-input":"required name=search_term_string"}],"inLanguage":"pt-BR"},{"@type":"Person","@id":"https:\/\/www.manaus.am.gov.br\/semsa\/#\/schema\/person\/05d223aea2bf115f9883a6ff3683d81b","name":"Bruna Greco","image":{"@type":"ImageObject","inLanguage":"pt-BR","@id":"https:\/\/www.manaus.am.gov.br\/semsa\/#\/schema\/person\/image\/","url":"https:\/\/secure.gravatar.com\/avatar\/9c877d1a6adc2a055330e5c09a8653ce?s=96&d=mm&r=g","contentUrl":"https:\/\/secure.gravatar.com\/avatar\/9c877d1a6adc2a055330e5c09a8653ce?s=96&d=mm&r=g","caption":"Bruna Greco"}}]}},"_links":{"self":[{"href":"https:\/\/www.manaus.am.gov.br\/semsa\/wp-json\/wp\/v2\/posts\/226159"}],"collection":[{"href":"https:\/\/www.manaus.am.gov.br\/semsa\/wp-json\/wp\/v2\/posts"}],"about":[{"href":"https:\/\/www.manaus.am.gov.br\/semsa\/wp-json\/wp\/v2\/types\/post"}],"author":[{"embeddable":true,"href":"https:\/\/www.manaus.am.gov.br\/semsa\/wp-json\/wp\/v2\/users\/39"}],"replies":[{"embeddable":true,"href":"https:\/\/www.manaus.am.gov.br\/semsa\/wp-json\/wp\/v2\/comments?post=226159"}],"version-history":[{"count":1,"href":"https:\/\/www.manaus.am.gov.br\/semsa\/wp-json\/wp\/v2\/posts\/226159\/revisions"}],"predecessor-version":[{"id":226162,"href":"https:\/\/www.manaus.am.gov.br\/semsa\/wp-json\/wp\/v2\/posts\/226159\/revisions\/226162"}],"wp:featuredmedia":[{"embeddable":true,"href":"https:\/\/www.manaus.am.gov.br\/semsa\/wp-json\/wp\/v2\/media\/226160"}],"wp:attachment":[{"href":"https:\/\/www.manaus.am.gov.br\/semsa\/wp-json\/wp\/v2\/media?parent=226159"}],"wp:term":[{"taxonomy":"category","embeddable":true,"href":"https:\/\/www.manaus.am.gov.br\/semsa\/wp-json\/wp\/v2\/categories?post=226159"},{"taxonomy":"post_tag","embeddable":true,"href":"https:\/\/www.manaus.am.gov.br\/semsa\/wp-json\/wp\/v2\/tags?post=226159"}],"curies":[{"name":"wp","href":"https:\/\/api.w.org\/{rel}","templated":true}]}}