{"id":225998,"date":"2025-10-29T12:33:37","date_gmt":"2025-10-29T16:33:37","guid":{"rendered":"https:\/\/www.manaus.am.gov.br\/semsa\/prefeitura-de-manaus-facilita-acesso-a-vacina-antirrabica-ofertando-o-imunizante-em-pontos-fixos\/"},"modified":"2025-10-29T15:45:36","modified_gmt":"2025-10-29T19:45:36","slug":"acesso-a-vacina-antirrabica","status":"publish","type":"post","link":"https:\/\/www.manaus.am.gov.br\/semsa\/acesso-a-vacina-antirrabica\/","title":{"rendered":"Prefeitura de Manaus facilita acesso \u00e0 vacina antirr\u00e1bica ofertando o imunizante em pontos fixos"},"content":{"rendered":"\n<p>A etapa urbana da campanha de vacina\u00e7\u00e3o antirr\u00e1bica, promovida pela Prefeitura de Manaus, ganha mais refor\u00e7o com a entrada de novos pontos fixos para imuniza\u00e7\u00e3o de c\u00e3es e gatos contra a raiva. Ao todo, 18 cl\u00ednicas veterin\u00e1rias distribu\u00eddas em todas as zonas geogr\u00e1ficas da cidade facilitar\u00e3o o acesso dos tutores \u00e0 vacina\u00e7\u00e3o de seus animais, complementando as visitas casa a casa feitas de segunda-feira a s\u00e1bado pelos vacinadores.<\/p>\n\n\n\n<p><br>Iniciada no dia 1\u00ba\/10, a mobiliza\u00e7\u00e3o desde ano tem a meta de proteger mais de 282 mil animais na capital. A raiva \u00e9 uma zoonose (doen\u00e7a que pode ser transmitida dos animais para os seres humanos), letal e a prote\u00e7\u00e3o dos animais \u00e9 a estrat\u00e9gia da Secretaria Municipal de Sa\u00fade (Semsa) para assegurar a preven\u00e7\u00e3o e o controle da doen\u00e7a.<\/p>\n\n\n\n<p><br>As cl\u00ednicas t\u00eam hor\u00e1rios e dias de funcionamento diferenciados, por isso, o Centro de Controle de Zoonoses (CCZ), \u00f3rg\u00e3o coordenador da campanha, orienta que os tutores verifiquem essas informa\u00e7\u00f5es no site da Semsa (<a href=\"http:\/\/manaus.am.gov.br\/semsa\" target=\"_blank\" rel=\"noreferrer noopener\">manaus.am.gov.br\/semsa<\/a>).<\/p>\n\n\n\n<p><br>\u201cA ades\u00e3o das cl\u00ednicas veterin\u00e1rias tem o objetivo de facilitar a vida dos tutores que trabalham e n\u00e3o est\u00e3o em casa quando os vacinadores passam para vacinar os c\u00e3es e gatos. Como esses estabelecimentos t\u00eam hor\u00e1rios diferenciados e localiza\u00e7\u00e3o pr\u00f3xima as casas, isso gera uma facilidade significativa. Agradecemos o apoio desses parceiros e j\u00e1 adiantamos que estamos receptivos a mais parcerias como essa\u201d, salienta o gerente do CCZ, veterin\u00e1rio Rodrigo Ara\u00fajo.<\/p>\n\n\n\n<p><br>O gestor ressalta a import\u00e2ncia da vacina para a sa\u00fade coletiva, informando que o imunizante, que \u00e9 obrigat\u00f3rio, \u00e9 ofertado anualmente por meio do Sistema \u00danico de Sa\u00fade (SUS) para c\u00e3es e gatos com idade a partir de tr\u00eas meses e saud\u00e1veis.<\/p>\n\n\n\n<p><br>\u201c\u00c9 importante refor\u00e7ar que n\u00e3o \u00e9 necess\u00e1rio que o tutor apresente qualquer documento para que seu animal seja vacinado. Pedimos somente que ao receber a equipe, o respons\u00e1vel ajude a equipe a conter seu animal, para que a vacina seja aplicada de forma segura\u201d, orienta Rodrigo.<\/p>\n\n\n\n<p><br>Al\u00e9m das cl\u00ednicas veterin\u00e1rias, a Semsa oferta a vacina em outros pontos fixos: no centro de conviv\u00eancia Padre Pedro Vignolia, localizado na&nbsp;rua Tupinamb\u00e1, n\u00ba 119, no bairro Cidade Nova 2, zona Norte, de segunda-feira a s\u00e1bado, das 8h \u00e0s 12h; e no centro de conviv\u00eancia Prefeito Jos\u00e9 Fernandes, na rua Barreirinha, s\/n\u00ba, no bairro S\u00e3o Jos\u00e9, zona Leste, tamb\u00e9m no hor\u00e1rio das 8h \u00e0s 12h, de segunda-feira a s\u00e1bado. Ao longo da campanha, o CCZ tamb\u00e9m oferta o imunobiol\u00f3gico de segunda a sexta-feira, das 8h \u00e0s 16h, e aos s\u00e1bados das 8h \u00e0s 12h. O CCZ fica na avenida Brasil, s\/n\u00ba, no bairro Compensa, zona Oeste.<\/p>\n\n\n\n<p><br><strong>Meta<\/strong><br><br>A meta da campanha de vacina\u00e7\u00e3o antirr\u00e1bica neste ano \u00e9 imunizar 282.400 animais, dos quais 202.400 caninos e 80 mil felinos. A primeira fase da mobiliza\u00e7\u00e3o ocorreu no per\u00edodo de abril a junho deste ano na zona rural, em comunidades fluviais e terrestres. Um total de 6.775 animais, sendo 5.225 c\u00e3es e 1.550 gatos, foram protegidos contra a raiva.<\/p>\n\n\n\n<p><br><strong>Orienta\u00e7\u00f5es<\/strong><br><br>O gerente do CCZ, Rodrigo Ara\u00fajo, acrescenta que al\u00e9m da imuniza\u00e7\u00e3o de c\u00e3es e gatos, os vacinadores contratados pela Prefeitura de Manaus receberam treinamento para identificar e comunicar ao CCZ poss\u00edveis casos de esporotricose em animais dom\u00e9sticos e de rua durante as visitas aos bairros.<\/p>\n\n\n\n<p><br>\u201cSe o vacinador verificar uma ferida suspeita, aconselha o respons\u00e1vel sobre os cuidados b\u00e1sicos, al\u00e9m de orientar que o animal seja levado ao CCZ\u201d, afirmou.<\/p>\n\n\n\n<p><br>A micose subcut\u00e2nea \u00e9 causada por fungos do g\u00eanero Sporothrix e pode acometer tanto animais quanto seres humanos. Segundo Rodrigo, a atua\u00e7\u00e3o dos vacinadores contribui para fortalecer as a\u00e7\u00f5es da Semsa voltadas \u00e0 preven\u00e7\u00e3o e ao controle de zoonoses na capital.<br>O atendimento no CCZ ocorre de segunda a sexta-feira, das 8h \u00e0s 16h, e aos s\u00e1bados, das 8h \u00e0s 12h.<\/p>\n\n\n\n<p>Para mais informa\u00e7\u00f5es ou esclarecimento de d\u00favidas sobre a campanha, a popula\u00e7\u00e3o pode entrar em contato com o CCZ Manaus pelos n\u00fameros de WhatsApp (92) 98842-8359 e (92) 98842-8484.<\/p>\n\n\n\n<p><br><strong>Confira os locais e hor\u00e1rios de atendimentos dos pontos fixos de vacina\u00e7\u00e3o antirr\u00e1bica<\/strong><\/p>\n\n\n\n<p><br><strong>Zona Norte<\/strong><br><br>Cl\u00ednica  Pet&amp;Gat\u00f4<br>Endere\u00e7o: Rua Coronel Taborda de Miranda (antiga Rua 27), Cidade Nova 2, N\u00facleo 4, n\u00ba 71<br>Contato: (92) 98425-6228<br>Hor\u00e1rio: Segunda-feira a s\u00e1bado, das 8h \u00e0s 18h<br><br>Cl\u00ednica  Cl\u00ednica Veterin\u00e1ria Mags<br>Endere\u00e7o: Avenida Atroaris, conjunto\u00a0Renato Souza Pinto 1, n\u00ba 82, Cidade Nova<br>Ponto de refer\u00eancia: Rodrigues da Cidade Nova<br>Contato: (92) 99368-8678<br>Hor\u00e1rio: Segunda-feira a domingo, das 7h \u00e0s 23h<br><br>Cl\u00ednica  Dom Pet Centro Veterin\u00e1rio<br>Endere\u00e7o:\u00a0Rua 26 de Agosto, n\u00ba 13, Riacho Doce\u00a01, Cidade Nova 1<br>Ponto de refer\u00eancia: Em frente ao Material de Constru\u00e7\u00e3o Amarelinho<br>Contato: (92) 99221-3508<br>Hor\u00e1rio: Segunda-feira a s\u00e1bado, das 9h \u00e0s 12h<br><br>Cl\u00ednica  PetBlue Consult\u00f3rio Veterin\u00e1rio e Petshop<br>Endere\u00e7o:\u00a0Avenida Timbiras, n\u00ba 802, Cidade Nova\u00a02 (esquina com o Churrasquito do Ded\u00e9)<br>Contato: (92) 98293-7800<br>Hor\u00e1rio: Segunda a sexta-feira, das 9h \u00e0s 17h \/ s\u00e1bado, das 9h \u00e0s 12h<br><br>Cl\u00ednica  Cl\u00ednica Veterin\u00e1ria Imp\u00e9rio Animal<br>Endere\u00e7o:\u00a0Avenida Paulo Eduardo de Lima, n\u00ba 32<a href=\"https:\/\/www.google.com\/maps\/search\/Avenida%0D%0APaulo+Eduardo+de+Lima,+n%C2%BA+325?entry=gmail&amp;source=g\" target=\"_blank\" rel=\"noreferrer noopener\">5<\/a>,\u00a0conjunto Ribeiro Jr, Cidade Nova 1<br>Contato: (92) 99209-5293<br>Hor\u00e1rio: Segunda-feira a s\u00e1bado, das 9h \u00e0s 20h<\/p>\n\n\n\n<p><br><strong>Zona Leste<\/strong><\/p>\n\n\n\n<p>Cl\u00ednica Valpara\u00edso Animal<br>Endere\u00e7o:\u00a0Rua Alarico Furtado, n\u00ba 1.281, Valpara\u00edso<br>Contato: (92) 98594-5134<br>Hor\u00e1rio: Todos os dias, das 8h \u00e0s 18h<br><br>Cl\u00ednica Agrossara Cl\u00ednica Veterin\u00e1ria<br>Endere\u00e7o:\u00a0Avenida Autaz Mirim, n\u00ba 6.407, S\u00e3o Jos\u00e9 Oper\u00e1rio\u00a02 (pr\u00f3ximo \u00e0 Lot\u00e9rica da Grande Circular) \u2013 Posto fixo Campanha 2025<br>Contato: (92) 99114-5813<br>Hor\u00e1rio: Segunda-feira a s\u00e1bado, das 8h \u00e0s 18h \/ domingos e feriados, das 8h \u00e0s 12h<br><br>Cl\u00ednica LMJ de Lima<br>Endere\u00e7o: Rua Anda Luzia, n\u00ba 72, Tancredo Neves<br>Contato: (92) 99160-2053<br>Hor\u00e1rio: Segunda-feira a s\u00e1bado, das 8h30 \u00e0s 18h<br><br>Cl\u00ednica Cl\u00ednica Veterin\u00e1ria McDog<br>Endere\u00e7o: Rua A, n\u00ba 12, S\u00e3o Jos\u00e9 Oper\u00e1rio, conjunto Senador Jo\u00e3o Bosco 2 (ao lado do hospital Jo\u00e3o L\u00facio)<br>Contato: (92) 98825-9913<br>Hor\u00e1rio: Segunda-feira a s\u00e1bado, das 9h30 \u00e0s 16h30<br><br>Cl\u00ednica: Nico Aves Petshop<br>Endere\u00e7o:\u00a0Avenida Top\u00e1zio, n\u00ba 561, Nova Floresta \/ Tancredo Neves<br>Contato: (92) 98218-9733<br>Hor\u00e1rio: Ter\u00e7a-feira, das 10h \u00e0s 12h<br><br>Cl\u00ednica AmazonVet<br>Endere\u00e7o:\u00a0Rua dos Cris\u00e2ntemos, n\u00ba 214, conjunto Tiradentes<br>Contato: (92) 99103-5010 \/ (92) 3248-0236<br>Hor\u00e1rio: Segunda-feira a s\u00e1bado, das 10h \u00e0s 18h<\/p>\n\n\n\n<p><br><strong>Zona Sul<\/strong><\/p>\n\n\n\n<p>Cl\u00ednica Pets&amp;Vets<br>Endere\u00e7o:\u00a0Rua Jos\u00e9 Carlos, n\u00ba 497, conjunto Castelo Branco, Parque 10 de Novembro<br>Contato: (92) 99161-0089<br>Hor\u00e1rio: Segunda-feira a s\u00e1bado, das 9h \u00e0s 16h<br><br>Cl\u00ednica Casa Fametro<br>Endere\u00e7o:\u00a0Rua Ingrid Bergman, n\u00ba 48, Chapada\u00a0(rua ao lado do Col\u00e9gio Fametro) \u2013 Posto fixo Campanha 2025<br>Contato: (92) 98646-1081<br>Hor\u00e1rio: Segunda-feira a sexta, das 9h \u00e0s 21h<br><br>Cl\u00ednica Cl\u00ednica Veterin\u00e1ria Vale de Jaboque Ltda<br>Endere\u00e7o: Avenida dos Cris\u00e2ntemos,\u00a0n\u00ba 60, conjunto Tiradentes, Aleixo (ao lado da igreja Minist\u00e9rio da Restaura\u00e7\u00e3o)<br>Contato: (92) 99328-0646<br>Hor\u00e1rio: Segunda-feira a s\u00e1bado, das 8h \u00e0s 18h<br><br>Cl\u00ednica Pegadas Pet Shop<br>Endere\u00e7o:\u00a0Avenida Leopoldo Perez, n\u00ba 241, Educandos<br>Contato: (92) 99158-2358<br>Hor\u00e1rio: Segunda a sexta-feira, das 8h \u00e0s 12h<\/p>\n\n\n\n<p><br><strong>Zona Oeste<\/strong><br><br>Cl\u00ednica  Cl\u00ednica Veterin\u00e1ria AmazonVet<br>Endere\u00e7o:\u00a0Avenida Torquato Tapaj\u00f3s, n\u00ba 11.161, Tarum\u00e3-A\u00e7u\u00a0(dentro do Posto Atem, em frente ao mercado da Terra)<br>Contato: (92) 99139-7097<br>Hor\u00e1rio: Segunda-feira a s\u00e1bado, das 8h \u00e0s 22h \/ domingo, das 8h \u00e0s 13h<\/p>\n\n\n\n<p>Cl\u00ednica  Pet Shop Amazon Dog<br>Endere\u00e7o:\u00a0Avenida Desembargador Jo\u00e3o Machado, n\u00ba 850, Alvorada\u00a01 (ao lado da Yamaha Motos)<br>Contato: (92) 98803-9178<br>Hor\u00e1rio: Segunda-feira a s\u00e1bado, das 8h30 \u00e0s 12h<\/p>\n\n\n\n<p><\/p>\n\n\n\n<figure class=\"wp-block-image size-full\"><img loading=\"lazy\" decoding=\"async\" width=\"799\" height=\"533\" src=\"https:\/\/www.manaus.am.gov.br\/semsa\/wp-content\/uploads\/sites\/8\/2025\/10\/Semsa-manaus-_vacinac\u0327a\u0303o-antirra\u0301bica2-1.jpg\" alt=\"\" class=\"wp-image-225999\" srcset=\"https:\/\/www.manaus.am.gov.br\/semsa\/wp-content\/uploads\/sites\/8\/2025\/10\/Semsa-manaus-_vacinac\u0327a\u0303o-antirra\u0301bica2-1.jpg 799w, https:\/\/www.manaus.am.gov.br\/semsa\/wp-content\/uploads\/sites\/8\/2025\/10\/Semsa-manaus-_vacinac\u0327a\u0303o-antirra\u0301bica2-1-300x200.jpg 300w, https:\/\/www.manaus.am.gov.br\/semsa\/wp-content\/uploads\/sites\/8\/2025\/10\/Semsa-manaus-_vacinac\u0327a\u0303o-antirra\u0301bica2-1-768x512.jpg 768w\" sizes=\"(max-width: 799px) 100vw, 799px\" \/><\/figure>\n\n\n\n<p><br>&#8212; &#8212; &#8212;<\/p>\n\n\n\n<p><strong>Texto<\/strong>&nbsp;&#8211; T\u00e2nia Brand\u00e3o\/Semsa<\/p>\n\n\n\n<p><strong>Fotos<\/strong> &#8211; Leonardo Vieira\/Semsa<\/p>\n","protected":false},"excerpt":{"rendered":"","protected":false},"author":39,"featured_media":226000,"comment_status":"closed","ping_status":"closed","sticky":false,"template":"","format":"standard","meta":{"footnotes":""},"categories":[377],"tags":[3554,818,2709,54,543,28,2711],"acf":[],"yoast_head":"<!-- This site is optimized with the Yoast SEO plugin v23.0 - https:\/\/yoast.com\/wordpress\/plugins\/seo\/ -->\n<title>Prefeitura facilita acesso \u00e0 vacina antirr\u00e1bica em pontos fixos<\/title>\n<meta name=\"description\" content=\"Prefeitura de Manaus, por meio da Semsa, facilita acesso \u00e0 vacina antirr\u00e1bica ofertando o imunizante em pontos fixos.\" \/>\n<meta name=\"robots\" content=\"index, follow, max-snippet:-1, max-image-preview:large, max-video-preview:-1\" \/>\n<link rel=\"canonical\" href=\"https:\/\/www.manaus.am.gov.br\/semsa\/acesso-a-vacina-antirrabica\/\" \/>\n<meta property=\"og:locale\" content=\"pt_BR\" \/>\n<meta property=\"og:type\" content=\"article\" \/>\n<meta property=\"og:title\" content=\"Prefeitura facilita acesso \u00e0 vacina antirr\u00e1bica em pontos fixos\" \/>\n<meta property=\"og:description\" content=\"Prefeitura de Manaus, por meio da Semsa, facilita acesso \u00e0 vacina antirr\u00e1bica ofertando o imunizante em pontos fixos.\" \/>\n<meta property=\"og:url\" content=\"https:\/\/www.manaus.am.gov.br\/semsa\/acesso-a-vacina-antirrabica\/\" \/>\n<meta property=\"og:site_name\" content=\"SEMSA\" \/>\n<meta property=\"article:published_time\" content=\"2025-10-29T16:33:37+00:00\" \/>\n<meta property=\"article:modified_time\" content=\"2025-10-29T19:45:36+00:00\" \/>\n<meta property=\"og:image\" content=\"https:\/\/www.manaus.am.gov.br\/semsa\/wp-content\/uploads\/sites\/8\/2025\/10\/Semsa-Manaus-Vacinac\u0327a\u0303o-antirra\u0301tica-3-.jpeg\" \/>\n\t<meta property=\"og:image:width\" content=\"1280\" \/>\n\t<meta property=\"og:image:height\" content=\"720\" \/>\n\t<meta property=\"og:image:type\" content=\"image\/jpeg\" \/>\n<meta name=\"author\" content=\"Bruna Greco\" \/>\n<meta name=\"twitter:card\" content=\"summary_large_image\" \/>\n<meta name=\"twitter:label1\" content=\"Written by\" \/>\n\t<meta name=\"twitter:data1\" content=\"Bruna Greco\" \/>\n\t<meta name=\"twitter:label2\" content=\"Est. reading time\" \/>\n\t<meta name=\"twitter:data2\" content=\"8 minutos\" \/>\n<script type=\"application\/ld+json\" class=\"yoast-schema-graph\">{\"@context\":\"https:\/\/schema.org\",\"@graph\":[{\"@type\":\"WebPage\",\"@id\":\"https:\/\/www.manaus.am.gov.br\/semsa\/acesso-a-vacina-antirrabica\/\",\"url\":\"https:\/\/www.manaus.am.gov.br\/semsa\/acesso-a-vacina-antirrabica\/\",\"name\":\"Prefeitura facilita acesso \u00e0 vacina antirr\u00e1bica em pontos fixos\",\"isPartOf\":{\"@id\":\"https:\/\/www.manaus.am.gov.br\/semsa\/#website\"},\"primaryImageOfPage\":{\"@id\":\"https:\/\/www.manaus.am.gov.br\/semsa\/acesso-a-vacina-antirrabica\/#primaryimage\"},\"image\":{\"@id\":\"https:\/\/www.manaus.am.gov.br\/semsa\/acesso-a-vacina-antirrabica\/#primaryimage\"},\"thumbnailUrl\":\"https:\/\/www.manaus.am.gov.br\/semsa\/wp-content\/uploads\/sites\/8\/2025\/10\/Semsa-Manaus-Vacinac\u0327a\u0303o-antirra\u0301tica-3-.jpeg\",\"datePublished\":\"2025-10-29T16:33:37+00:00\",\"dateModified\":\"2025-10-29T19:45:36+00:00\",\"author\":{\"@id\":\"https:\/\/www.manaus.am.gov.br\/semsa\/#\/schema\/person\/05d223aea2bf115f9883a6ff3683d81b\"},\"description\":\"Prefeitura de Manaus, por meio da Semsa, facilita acesso \u00e0 vacina antirr\u00e1bica ofertando o imunizante em pontos fixos.\",\"inLanguage\":\"pt-BR\",\"potentialAction\":[{\"@type\":\"ReadAction\",\"target\":[\"https:\/\/www.manaus.am.gov.br\/semsa\/acesso-a-vacina-antirrabica\/\"]}]},{\"@type\":\"ImageObject\",\"inLanguage\":\"pt-BR\",\"@id\":\"https:\/\/www.manaus.am.gov.br\/semsa\/acesso-a-vacina-antirrabica\/#primaryimage\",\"url\":\"https:\/\/www.manaus.am.gov.br\/semsa\/wp-content\/uploads\/sites\/8\/2025\/10\/Semsa-Manaus-Vacinac\u0327a\u0303o-antirra\u0301tica-3-.jpeg\",\"contentUrl\":\"https:\/\/www.manaus.am.gov.br\/semsa\/wp-content\/uploads\/sites\/8\/2025\/10\/Semsa-Manaus-Vacinac\u0327a\u0303o-antirra\u0301tica-3-.jpeg\",\"width\":1280,\"height\":720,\"caption\":\"#paratodosverem - Equipe de vacina\u00e7\u00e3o antirr\u00e1bica em ponto fixo de imuniza\u00e7\u00e3o da Semsa\"},{\"@type\":\"WebSite\",\"@id\":\"https:\/\/www.manaus.am.gov.br\/semsa\/#website\",\"url\":\"https:\/\/www.manaus.am.gov.br\/semsa\/\",\"name\":\"SEMSA\",\"description\":\"Secretaria Municipal de Sa\u00fade\",\"alternateName\":\"Secretaria Municipal de Sa\u00fade\",\"potentialAction\":[{\"@type\":\"SearchAction\",\"target\":{\"@type\":\"EntryPoint\",\"urlTemplate\":\"https:\/\/www.manaus.am.gov.br\/semsa\/?s={search_term_string}\"},\"query-input\":\"required name=search_term_string\"}],\"inLanguage\":\"pt-BR\"},{\"@type\":\"Person\",\"@id\":\"https:\/\/www.manaus.am.gov.br\/semsa\/#\/schema\/person\/05d223aea2bf115f9883a6ff3683d81b\",\"name\":\"Bruna Greco\",\"image\":{\"@type\":\"ImageObject\",\"inLanguage\":\"pt-BR\",\"@id\":\"https:\/\/www.manaus.am.gov.br\/semsa\/#\/schema\/person\/image\/\",\"url\":\"https:\/\/secure.gravatar.com\/avatar\/9c877d1a6adc2a055330e5c09a8653ce?s=96&d=mm&r=g\",\"contentUrl\":\"https:\/\/secure.gravatar.com\/avatar\/9c877d1a6adc2a055330e5c09a8653ce?s=96&d=mm&r=g\",\"caption\":\"Bruna Greco\"}}]}<\/script>\n<!-- \/ Yoast SEO plugin. -->","yoast_head_json":{"title":"Prefeitura facilita acesso \u00e0 vacina antirr\u00e1bica em pontos fixos","description":"Prefeitura de Manaus, por meio da Semsa, facilita acesso \u00e0 vacina antirr\u00e1bica ofertando o imunizante em pontos fixos.","robots":{"index":"index","follow":"follow","max-snippet":"max-snippet:-1","max-image-preview":"max-image-preview:large","max-video-preview":"max-video-preview:-1"},"canonical":"https:\/\/www.manaus.am.gov.br\/semsa\/acesso-a-vacina-antirrabica\/","og_locale":"pt_BR","og_type":"article","og_title":"Prefeitura facilita acesso \u00e0 vacina antirr\u00e1bica em pontos fixos","og_description":"Prefeitura de Manaus, por meio da Semsa, facilita acesso \u00e0 vacina antirr\u00e1bica ofertando o imunizante em pontos fixos.","og_url":"https:\/\/www.manaus.am.gov.br\/semsa\/acesso-a-vacina-antirrabica\/","og_site_name":"SEMSA","article_published_time":"2025-10-29T16:33:37+00:00","article_modified_time":"2025-10-29T19:45:36+00:00","og_image":[{"width":1280,"height":720,"url":"https:\/\/www.manaus.am.gov.br\/semsa\/wp-content\/uploads\/sites\/8\/2025\/10\/Semsa-Manaus-Vacinac\u0327a\u0303o-antirra\u0301tica-3-.jpeg","type":"image\/jpeg"}],"author":"Bruna Greco","twitter_card":"summary_large_image","twitter_misc":{"Written by":"Bruna Greco","Est. reading time":"8 minutos"},"schema":{"@context":"https:\/\/schema.org","@graph":[{"@type":"WebPage","@id":"https:\/\/www.manaus.am.gov.br\/semsa\/acesso-a-vacina-antirrabica\/","url":"https:\/\/www.manaus.am.gov.br\/semsa\/acesso-a-vacina-antirrabica\/","name":"Prefeitura facilita acesso \u00e0 vacina antirr\u00e1bica em pontos fixos","isPartOf":{"@id":"https:\/\/www.manaus.am.gov.br\/semsa\/#website"},"primaryImageOfPage":{"@id":"https:\/\/www.manaus.am.gov.br\/semsa\/acesso-a-vacina-antirrabica\/#primaryimage"},"image":{"@id":"https:\/\/www.manaus.am.gov.br\/semsa\/acesso-a-vacina-antirrabica\/#primaryimage"},"thumbnailUrl":"https:\/\/www.manaus.am.gov.br\/semsa\/wp-content\/uploads\/sites\/8\/2025\/10\/Semsa-Manaus-Vacinac\u0327a\u0303o-antirra\u0301tica-3-.jpeg","datePublished":"2025-10-29T16:33:37+00:00","dateModified":"2025-10-29T19:45:36+00:00","author":{"@id":"https:\/\/www.manaus.am.gov.br\/semsa\/#\/schema\/person\/05d223aea2bf115f9883a6ff3683d81b"},"description":"Prefeitura de Manaus, por meio da Semsa, facilita acesso \u00e0 vacina antirr\u00e1bica ofertando o imunizante em pontos fixos.","inLanguage":"pt-BR","potentialAction":[{"@type":"ReadAction","target":["https:\/\/www.manaus.am.gov.br\/semsa\/acesso-a-vacina-antirrabica\/"]}]},{"@type":"ImageObject","inLanguage":"pt-BR","@id":"https:\/\/www.manaus.am.gov.br\/semsa\/acesso-a-vacina-antirrabica\/#primaryimage","url":"https:\/\/www.manaus.am.gov.br\/semsa\/wp-content\/uploads\/sites\/8\/2025\/10\/Semsa-Manaus-Vacinac\u0327a\u0303o-antirra\u0301tica-3-.jpeg","contentUrl":"https:\/\/www.manaus.am.gov.br\/semsa\/wp-content\/uploads\/sites\/8\/2025\/10\/Semsa-Manaus-Vacinac\u0327a\u0303o-antirra\u0301tica-3-.jpeg","width":1280,"height":720,"caption":"#paratodosverem - Equipe de vacina\u00e7\u00e3o antirr\u00e1bica em ponto fixo de imuniza\u00e7\u00e3o da Semsa"},{"@type":"WebSite","@id":"https:\/\/www.manaus.am.gov.br\/semsa\/#website","url":"https:\/\/www.manaus.am.gov.br\/semsa\/","name":"SEMSA","description":"Secretaria Municipal de Sa\u00fade","alternateName":"Secretaria Municipal de Sa\u00fade","potentialAction":[{"@type":"SearchAction","target":{"@type":"EntryPoint","urlTemplate":"https:\/\/www.manaus.am.gov.br\/semsa\/?s={search_term_string}"},"query-input":"required name=search_term_string"}],"inLanguage":"pt-BR"},{"@type":"Person","@id":"https:\/\/www.manaus.am.gov.br\/semsa\/#\/schema\/person\/05d223aea2bf115f9883a6ff3683d81b","name":"Bruna Greco","image":{"@type":"ImageObject","inLanguage":"pt-BR","@id":"https:\/\/www.manaus.am.gov.br\/semsa\/#\/schema\/person\/image\/","url":"https:\/\/secure.gravatar.com\/avatar\/9c877d1a6adc2a055330e5c09a8653ce?s=96&d=mm&r=g","contentUrl":"https:\/\/secure.gravatar.com\/avatar\/9c877d1a6adc2a055330e5c09a8653ce?s=96&d=mm&r=g","caption":"Bruna Greco"}}]}},"_links":{"self":[{"href":"https:\/\/www.manaus.am.gov.br\/semsa\/wp-json\/wp\/v2\/posts\/225998"}],"collection":[{"href":"https:\/\/www.manaus.am.gov.br\/semsa\/wp-json\/wp\/v2\/posts"}],"about":[{"href":"https:\/\/www.manaus.am.gov.br\/semsa\/wp-json\/wp\/v2\/types\/post"}],"author":[{"embeddable":true,"href":"https:\/\/www.manaus.am.gov.br\/semsa\/wp-json\/wp\/v2\/users\/39"}],"replies":[{"embeddable":true,"href":"https:\/\/www.manaus.am.gov.br\/semsa\/wp-json\/wp\/v2\/comments?post=225998"}],"version-history":[{"count":6,"href":"https:\/\/www.manaus.am.gov.br\/semsa\/wp-json\/wp\/v2\/posts\/225998\/revisions"}],"predecessor-version":[{"id":226010,"href":"https:\/\/www.manaus.am.gov.br\/semsa\/wp-json\/wp\/v2\/posts\/225998\/revisions\/226010"}],"wp:featuredmedia":[{"embeddable":true,"href":"https:\/\/www.manaus.am.gov.br\/semsa\/wp-json\/wp\/v2\/media\/226000"}],"wp:attachment":[{"href":"https:\/\/www.manaus.am.gov.br\/semsa\/wp-json\/wp\/v2\/media?parent=225998"}],"wp:term":[{"taxonomy":"category","embeddable":true,"href":"https:\/\/www.manaus.am.gov.br\/semsa\/wp-json\/wp\/v2\/categories?post=225998"},{"taxonomy":"post_tag","embeddable":true,"href":"https:\/\/www.manaus.am.gov.br\/semsa\/wp-json\/wp\/v2\/tags?post=225998"}],"curies":[{"name":"wp","href":"https:\/\/api.w.org\/{rel}","templated":true}]}}