{"id":225953,"date":"2025-10-23T18:24:46","date_gmt":"2025-10-23T22:24:46","guid":{"rendered":"https:\/\/www.manaus.am.gov.br\/semsa\/prefeitura-semsa-cursosaudedotrabalhador\/"},"modified":"2025-10-23T18:26:32","modified_gmt":"2025-10-23T22:26:32","slug":"prefeitura-semsa-cursosaudedotrabalhador","status":"publish","type":"post","link":"https:\/\/www.manaus.am.gov.br\/semsa\/prefeitura-semsa-cursosaudedotrabalhador\/","title":{"rendered":"Prefeitura de Manaus lan\u00e7a curso de Vigil\u00e2ncia e Cuidado em Sa\u00fade do Trabalhador"},"content":{"rendered":"\n<p>A Prefeitura de Manaus, por meio da Secretaria Municipal de Sa\u00fade (Semsa), realizou, nesta quinta-feira, 23\/10, o lan\u00e7amento do curso de Vigil\u00e2ncia e Cuidado em Sa\u00fade do Trabalhador e da Trabalhadora na Aten\u00e7\u00e3o Prim\u00e1ria.<\/p>\n\n\n\n<p>A cerim\u00f4nia de lan\u00e7amento aconteceu no audit\u00f3rio da Semsa, bairro Adrian\u00f3polis (zona Sul), com a participa\u00e7\u00e3o de representantes da Escola de Sa\u00fade P\u00fablica (Esap\/Semsa), dos distritos de sa\u00fade, refer\u00eancias t\u00e9cnicas em Sa\u00fade do Trabalhador e profissionais que atuam na Aten\u00e7\u00e3o Prim\u00e1ria \u00e0 Sa\u00fade (APS).<\/p>\n\n\n\n<p>O curso foi elaborado pelo Centro de Refer\u00eancia em Sa\u00fade do Trabalhador (Cerest Manaus), em parceria com a Esap, com o objetivo de capacitar profissionais do Sistema \u00danico de Sa\u00fade (SUS) para fortalecer as a\u00e7\u00f5es de vigil\u00e2ncia, promo\u00e7\u00e3o e cuidado em sa\u00fade do trabalhador, e contribuir na consolida\u00e7\u00e3o da Pol\u00edtica Nacional de Sa\u00fade do Trabalhador e da Trabalhadora.<\/p>\n\n\n\n<p>Representando a secret\u00e1ria municipal de Sa\u00fade, Sh\u00e1dia Fraxe, a assessora de gabinete Aline Rosa Martins destacou que o curso representa mais um passo no fortalecimento da pol\u00edtica de Sa\u00fade do Trabalhador e demonstra o compromisso da Semsa em promover qualifica\u00e7\u00e3o, integra\u00e7\u00e3o e cuidado em todas as dimens\u00f5es do trabalho e da vida.<\/p>\n\n\n\n<p>\u201cO maior patrim\u00f4nio da Semsa s\u00e3o seus trabalhadores e a educa\u00e7\u00e3o permanente nos aproxima do SUS que queremos, mais humano, mais protetivo e mais pr\u00f3ximo das realidades dos trabalhadores e trabalhadoras\u201d, disse a assessora.<\/p>\n\n\n\n<p>De acordo com a diretoria de Vigil\u00e2ncia Epidemiol\u00f3gica, Ambiental, de Zoonoses e Sa\u00fade do Trabalhador, Marin\u00e9lia Ferreira, com o curso, a ideia \u00e9 promover a integra\u00e7\u00e3o multiprofissional, estimular a cultura de preven\u00e7\u00e3o de acidentes e das doen\u00e7as relacionadas ao trabalho, qualificar o preenchimento de fichas de notifica\u00e7\u00e3o de agravos ocupacionais.&nbsp;<\/p>\n\n\n\n<p>As inscri\u00e7\u00f5es foram liberadas durante o lan\u00e7amento do curso, com 200 vagas dispon\u00edveis, e podem ser realizadas por meio do link&nbsp;<a href=\"https:\/\/avaesap.manaus.am.gov.br\/\" target=\"_blank\" rel=\"noreferrer noopener\">https:\/\/avaesap.manaus.am.gov.br<\/a>&nbsp; . As vagas s\u00e3o destinadas, prioritariamente, a profissionais da Aten\u00e7\u00e3o Prim\u00e1ria, entre m\u00e9dicos, enfermeiros, agentes comunit\u00e1rios de sa\u00fade, t\u00e9cnicos de enfermagem, fisioterapeutas, psic\u00f3logos, assistentes sociais e profissionais de sa\u00fade ocupacional.<\/p>\n\n\n\n<p>O curso tem a dura\u00e7\u00e3o de quatro horas, divididas em oito m\u00f3dulos de 30 minutos, disponibilizado na plataforma de Ambiente Virtual de Aprendizagem (AVA), da Esap. A carga hor\u00e1ria poder\u00e1 ser conclu\u00edda em at\u00e9 tr\u00eas meses, permitindo flexibilidade para a conclus\u00e3o do curso pelo p\u00fablico inscrito.<\/p>\n\n\n\n<p>Os m\u00f3dulos do curso abordam os temas Conceito da Sa\u00fade do Trabalhador; Vigil\u00e2ncia de Ambientes e Processos de Trabalho; Controle Social; e Cuidado e Assist\u00eancia ao Trabalhador. Cada m\u00f3dulo \u00e9 autoinstrucional e os profissionais ter\u00e3o acesso \u00e0s aulas gravadas \u00e0 medida que forem avan\u00e7ando no curso.<\/p>\n\n\n\n<p>&#8212; &#8212; &#8212;<\/p>\n\n\n\n<p><strong>Texto <\/strong>&#8211;\u00a0Euriv\u00e2nia Gal\u00facio e Andr\u00e9a Arruda\/Semsa <\/p>\n\n\n\n<p><strong>Foto <\/strong>&#8211;\u00a0Divulga\u00e7\u00e3o\/Semsa<\/p>\n","protected":false},"excerpt":{"rendered":"","protected":false},"author":23,"featured_media":225954,"comment_status":"closed","ping_status":"closed","sticky":false,"template":"","format":"standard","meta":{"footnotes":""},"categories":[155],"tags":[530,54,2832,28,3545],"acf":[],"yoast_head":"<!-- This site is optimized with the Yoast SEO plugin v23.0 - https:\/\/yoast.com\/wordpress\/plugins\/seo\/ -->\n<title>Prefeitura de Manaus lan\u00e7a curso de Vigil\u00e2ncia e Cuidado em Sa\u00fade do Trabalhador<\/title>\n<meta name=\"description\" content=\"A Prefeitura de Manaus, por meio da Secretaria Municipal de Sa\u00fade (Semsa), realizou, nesta quinta-feira, 23\/10, o lan\u00e7amento do curso de Vigil\u00e2ncia e Cuidado em Sa\u00fade do Trabalhador e da Trabalhadora na Aten\u00e7\u00e3o Prim\u00e1ria.\" \/>\n<meta name=\"robots\" content=\"index, follow, max-snippet:-1, max-image-preview:large, max-video-preview:-1\" \/>\n<link rel=\"canonical\" href=\"https:\/\/www.manaus.am.gov.br\/semsa\/prefeitura-semsa-cursosaudedotrabalhador\/\" \/>\n<meta property=\"og:locale\" content=\"pt_BR\" \/>\n<meta property=\"og:type\" content=\"article\" \/>\n<meta property=\"og:title\" content=\"Prefeitura de Manaus lan\u00e7a curso de Vigil\u00e2ncia e Cuidado em Sa\u00fade do Trabalhador\" \/>\n<meta property=\"og:description\" content=\"A Prefeitura de Manaus, por meio da Secretaria Municipal de Sa\u00fade (Semsa), realizou, nesta quinta-feira, 23\/10, o lan\u00e7amento do curso de Vigil\u00e2ncia e Cuidado em Sa\u00fade do Trabalhador e da Trabalhadora na Aten\u00e7\u00e3o Prim\u00e1ria.\" \/>\n<meta property=\"og:url\" content=\"https:\/\/www.manaus.am.gov.br\/semsa\/prefeitura-semsa-cursosaudedotrabalhador\/\" \/>\n<meta property=\"og:site_name\" content=\"SEMSA\" \/>\n<meta property=\"article:published_time\" content=\"2025-10-23T22:24:46+00:00\" \/>\n<meta property=\"article:modified_time\" content=\"2025-10-23T22:26:32+00:00\" \/>\n<meta property=\"og:image\" content=\"https:\/\/www.manaus.am.gov.br\/semsa\/wp-content\/uploads\/sites\/8\/2025\/10\/Semsa-Manaus_Curso-Cerest.jpeg\" \/>\n\t<meta property=\"og:image:width\" content=\"1280\" \/>\n\t<meta property=\"og:image:height\" content=\"960\" \/>\n\t<meta property=\"og:image:type\" content=\"image\/jpeg\" \/>\n<meta name=\"author\" content=\"Adriana Costa\" \/>\n<meta name=\"twitter:card\" content=\"summary_large_image\" \/>\n<meta name=\"twitter:label1\" content=\"Written by\" \/>\n\t<meta name=\"twitter:data1\" content=\"Adriana Costa\" \/>\n\t<meta name=\"twitter:label2\" content=\"Est. reading time\" \/>\n\t<meta name=\"twitter:data2\" content=\"3 minutos\" \/>\n<script type=\"application\/ld+json\" class=\"yoast-schema-graph\">{\"@context\":\"https:\/\/schema.org\",\"@graph\":[{\"@type\":\"WebPage\",\"@id\":\"https:\/\/www.manaus.am.gov.br\/semsa\/prefeitura-semsa-cursosaudedotrabalhador\/\",\"url\":\"https:\/\/www.manaus.am.gov.br\/semsa\/prefeitura-semsa-cursosaudedotrabalhador\/\",\"name\":\"Prefeitura de Manaus lan\u00e7a curso de Vigil\u00e2ncia e Cuidado em Sa\u00fade do Trabalhador\",\"isPartOf\":{\"@id\":\"https:\/\/www.manaus.am.gov.br\/semsa\/#website\"},\"primaryImageOfPage\":{\"@id\":\"https:\/\/www.manaus.am.gov.br\/semsa\/prefeitura-semsa-cursosaudedotrabalhador\/#primaryimage\"},\"image\":{\"@id\":\"https:\/\/www.manaus.am.gov.br\/semsa\/prefeitura-semsa-cursosaudedotrabalhador\/#primaryimage\"},\"thumbnailUrl\":\"https:\/\/www.manaus.am.gov.br\/semsa\/wp-content\/uploads\/sites\/8\/2025\/10\/Semsa-Manaus_Curso-Cerest.jpeg\",\"datePublished\":\"2025-10-23T22:24:46+00:00\",\"dateModified\":\"2025-10-23T22:26:32+00:00\",\"author\":{\"@id\":\"https:\/\/www.manaus.am.gov.br\/semsa\/#\/schema\/person\/4e49f4e267757a06ca072ec61b2b9968\"},\"description\":\"A Prefeitura de Manaus, por meio da Secretaria Municipal de Sa\u00fade (Semsa), realizou, nesta quinta-feira, 23\/10, o lan\u00e7amento do curso de Vigil\u00e2ncia e Cuidado em Sa\u00fade do Trabalhador e da Trabalhadora na Aten\u00e7\u00e3o Prim\u00e1ria.\",\"inLanguage\":\"pt-BR\",\"potentialAction\":[{\"@type\":\"ReadAction\",\"target\":[\"https:\/\/www.manaus.am.gov.br\/semsa\/prefeitura-semsa-cursosaudedotrabalhador\/\"]}]},{\"@type\":\"ImageObject\",\"inLanguage\":\"pt-BR\",\"@id\":\"https:\/\/www.manaus.am.gov.br\/semsa\/prefeitura-semsa-cursosaudedotrabalhador\/#primaryimage\",\"url\":\"https:\/\/www.manaus.am.gov.br\/semsa\/wp-content\/uploads\/sites\/8\/2025\/10\/Semsa-Manaus_Curso-Cerest.jpeg\",\"contentUrl\":\"https:\/\/www.manaus.am.gov.br\/semsa\/wp-content\/uploads\/sites\/8\/2025\/10\/Semsa-Manaus_Curso-Cerest.jpeg\",\"width\":1280,\"height\":960,\"caption\":\"#paratodosverem - Bancada com palestrantes de curso de Vigil\u00e2ncia e Cuidado em Sa\u00fade do Trabalhador\"},{\"@type\":\"WebSite\",\"@id\":\"https:\/\/www.manaus.am.gov.br\/semsa\/#website\",\"url\":\"https:\/\/www.manaus.am.gov.br\/semsa\/\",\"name\":\"SEMSA\",\"description\":\"Secretaria Municipal de Sa\u00fade\",\"alternateName\":\"Secretaria Municipal de Sa\u00fade\",\"potentialAction\":[{\"@type\":\"SearchAction\",\"target\":{\"@type\":\"EntryPoint\",\"urlTemplate\":\"https:\/\/www.manaus.am.gov.br\/semsa\/?s={search_term_string}\"},\"query-input\":\"required name=search_term_string\"}],\"inLanguage\":\"pt-BR\"},{\"@type\":\"Person\",\"@id\":\"https:\/\/www.manaus.am.gov.br\/semsa\/#\/schema\/person\/4e49f4e267757a06ca072ec61b2b9968\",\"name\":\"Adriana Costa\",\"image\":{\"@type\":\"ImageObject\",\"inLanguage\":\"pt-BR\",\"@id\":\"https:\/\/www.manaus.am.gov.br\/semsa\/#\/schema\/person\/image\/\",\"url\":\"https:\/\/secure.gravatar.com\/avatar\/576258617ef7194f718179e766d57bd4?s=96&d=mm&r=g\",\"contentUrl\":\"https:\/\/secure.gravatar.com\/avatar\/576258617ef7194f718179e766d57bd4?s=96&d=mm&r=g\",\"caption\":\"Adriana Costa\"}}]}<\/script>\n<!-- \/ Yoast SEO plugin. -->","yoast_head_json":{"title":"Prefeitura de Manaus lan\u00e7a curso de Vigil\u00e2ncia e Cuidado em Sa\u00fade do Trabalhador","description":"A Prefeitura de Manaus, por meio da Secretaria Municipal de Sa\u00fade (Semsa), realizou, nesta quinta-feira, 23\/10, o lan\u00e7amento do curso de Vigil\u00e2ncia e Cuidado em Sa\u00fade do Trabalhador e da Trabalhadora na Aten\u00e7\u00e3o Prim\u00e1ria.","robots":{"index":"index","follow":"follow","max-snippet":"max-snippet:-1","max-image-preview":"max-image-preview:large","max-video-preview":"max-video-preview:-1"},"canonical":"https:\/\/www.manaus.am.gov.br\/semsa\/prefeitura-semsa-cursosaudedotrabalhador\/","og_locale":"pt_BR","og_type":"article","og_title":"Prefeitura de Manaus lan\u00e7a curso de Vigil\u00e2ncia e Cuidado em Sa\u00fade do Trabalhador","og_description":"A Prefeitura de Manaus, por meio da Secretaria Municipal de Sa\u00fade (Semsa), realizou, nesta quinta-feira, 23\/10, o lan\u00e7amento do curso de Vigil\u00e2ncia e Cuidado em Sa\u00fade do Trabalhador e da Trabalhadora na Aten\u00e7\u00e3o Prim\u00e1ria.","og_url":"https:\/\/www.manaus.am.gov.br\/semsa\/prefeitura-semsa-cursosaudedotrabalhador\/","og_site_name":"SEMSA","article_published_time":"2025-10-23T22:24:46+00:00","article_modified_time":"2025-10-23T22:26:32+00:00","og_image":[{"width":1280,"height":960,"url":"https:\/\/www.manaus.am.gov.br\/semsa\/wp-content\/uploads\/sites\/8\/2025\/10\/Semsa-Manaus_Curso-Cerest.jpeg","type":"image\/jpeg"}],"author":"Adriana Costa","twitter_card":"summary_large_image","twitter_misc":{"Written by":"Adriana Costa","Est. reading time":"3 minutos"},"schema":{"@context":"https:\/\/schema.org","@graph":[{"@type":"WebPage","@id":"https:\/\/www.manaus.am.gov.br\/semsa\/prefeitura-semsa-cursosaudedotrabalhador\/","url":"https:\/\/www.manaus.am.gov.br\/semsa\/prefeitura-semsa-cursosaudedotrabalhador\/","name":"Prefeitura de Manaus lan\u00e7a curso de Vigil\u00e2ncia e Cuidado em Sa\u00fade do Trabalhador","isPartOf":{"@id":"https:\/\/www.manaus.am.gov.br\/semsa\/#website"},"primaryImageOfPage":{"@id":"https:\/\/www.manaus.am.gov.br\/semsa\/prefeitura-semsa-cursosaudedotrabalhador\/#primaryimage"},"image":{"@id":"https:\/\/www.manaus.am.gov.br\/semsa\/prefeitura-semsa-cursosaudedotrabalhador\/#primaryimage"},"thumbnailUrl":"https:\/\/www.manaus.am.gov.br\/semsa\/wp-content\/uploads\/sites\/8\/2025\/10\/Semsa-Manaus_Curso-Cerest.jpeg","datePublished":"2025-10-23T22:24:46+00:00","dateModified":"2025-10-23T22:26:32+00:00","author":{"@id":"https:\/\/www.manaus.am.gov.br\/semsa\/#\/schema\/person\/4e49f4e267757a06ca072ec61b2b9968"},"description":"A Prefeitura de Manaus, por meio da Secretaria Municipal de Sa\u00fade (Semsa), realizou, nesta quinta-feira, 23\/10, o lan\u00e7amento do curso de Vigil\u00e2ncia e Cuidado em Sa\u00fade do Trabalhador e da Trabalhadora na Aten\u00e7\u00e3o Prim\u00e1ria.","inLanguage":"pt-BR","potentialAction":[{"@type":"ReadAction","target":["https:\/\/www.manaus.am.gov.br\/semsa\/prefeitura-semsa-cursosaudedotrabalhador\/"]}]},{"@type":"ImageObject","inLanguage":"pt-BR","@id":"https:\/\/www.manaus.am.gov.br\/semsa\/prefeitura-semsa-cursosaudedotrabalhador\/#primaryimage","url":"https:\/\/www.manaus.am.gov.br\/semsa\/wp-content\/uploads\/sites\/8\/2025\/10\/Semsa-Manaus_Curso-Cerest.jpeg","contentUrl":"https:\/\/www.manaus.am.gov.br\/semsa\/wp-content\/uploads\/sites\/8\/2025\/10\/Semsa-Manaus_Curso-Cerest.jpeg","width":1280,"height":960,"caption":"#paratodosverem - Bancada com palestrantes de curso de Vigil\u00e2ncia e Cuidado em Sa\u00fade do Trabalhador"},{"@type":"WebSite","@id":"https:\/\/www.manaus.am.gov.br\/semsa\/#website","url":"https:\/\/www.manaus.am.gov.br\/semsa\/","name":"SEMSA","description":"Secretaria Municipal de Sa\u00fade","alternateName":"Secretaria Municipal de Sa\u00fade","potentialAction":[{"@type":"SearchAction","target":{"@type":"EntryPoint","urlTemplate":"https:\/\/www.manaus.am.gov.br\/semsa\/?s={search_term_string}"},"query-input":"required name=search_term_string"}],"inLanguage":"pt-BR"},{"@type":"Person","@id":"https:\/\/www.manaus.am.gov.br\/semsa\/#\/schema\/person\/4e49f4e267757a06ca072ec61b2b9968","name":"Adriana Costa","image":{"@type":"ImageObject","inLanguage":"pt-BR","@id":"https:\/\/www.manaus.am.gov.br\/semsa\/#\/schema\/person\/image\/","url":"https:\/\/secure.gravatar.com\/avatar\/576258617ef7194f718179e766d57bd4?s=96&d=mm&r=g","contentUrl":"https:\/\/secure.gravatar.com\/avatar\/576258617ef7194f718179e766d57bd4?s=96&d=mm&r=g","caption":"Adriana Costa"}}]}},"_links":{"self":[{"href":"https:\/\/www.manaus.am.gov.br\/semsa\/wp-json\/wp\/v2\/posts\/225953"}],"collection":[{"href":"https:\/\/www.manaus.am.gov.br\/semsa\/wp-json\/wp\/v2\/posts"}],"about":[{"href":"https:\/\/www.manaus.am.gov.br\/semsa\/wp-json\/wp\/v2\/types\/post"}],"author":[{"embeddable":true,"href":"https:\/\/www.manaus.am.gov.br\/semsa\/wp-json\/wp\/v2\/users\/23"}],"replies":[{"embeddable":true,"href":"https:\/\/www.manaus.am.gov.br\/semsa\/wp-json\/wp\/v2\/comments?post=225953"}],"version-history":[{"count":1,"href":"https:\/\/www.manaus.am.gov.br\/semsa\/wp-json\/wp\/v2\/posts\/225953\/revisions"}],"predecessor-version":[{"id":225955,"href":"https:\/\/www.manaus.am.gov.br\/semsa\/wp-json\/wp\/v2\/posts\/225953\/revisions\/225955"}],"wp:featuredmedia":[{"embeddable":true,"href":"https:\/\/www.manaus.am.gov.br\/semsa\/wp-json\/wp\/v2\/media\/225954"}],"wp:attachment":[{"href":"https:\/\/www.manaus.am.gov.br\/semsa\/wp-json\/wp\/v2\/media?parent=225953"}],"wp:term":[{"taxonomy":"category","embeddable":true,"href":"https:\/\/www.manaus.am.gov.br\/semsa\/wp-json\/wp\/v2\/categories?post=225953"},{"taxonomy":"post_tag","embeddable":true,"href":"https:\/\/www.manaus.am.gov.br\/semsa\/wp-json\/wp\/v2\/tags?post=225953"}],"curies":[{"name":"wp","href":"https:\/\/api.w.org\/{rel}","templated":true}]}}