{"id":225800,"date":"2025-10-10T13:59:54","date_gmt":"2025-10-10T17:59:54","guid":{"rendered":"https:\/\/www.manaus.am.gov.br\/semsa\/prefeitura-unidadedesaudemansourbulbol-multivacinacao\/"},"modified":"2025-10-10T13:59:55","modified_gmt":"2025-10-10T17:59:55","slug":"prefeitura-unidadedesaudemansourbulbol-multivacinacao","status":"publish","type":"post","link":"https:\/\/www.manaus.am.gov.br\/semsa\/prefeitura-unidadedesaudemansourbulbol-multivacinacao\/","title":{"rendered":"Unidade de Sa\u00fade promove a\u00e7\u00e3o para marcar o Dia das Crian\u00e7as e estimular a atualiza\u00e7\u00e3o vacinal"},"content":{"rendered":"\n<p>A Unidade de Sa\u00fade da Fam\u00edlia (USF) Mansour Bulbol, da Prefeitura de Manaus, promoveu, nesta sexta-feira, 10\/10, atividades l\u00fadicas para marcar o Dia das Crian\u00e7as, comemorado no dia 12 de outubro, e refor\u00e7ar a import\u00e2ncia da atualiza\u00e7\u00e3o do cart\u00e3o de vacina.<\/p>\n\n\n\n<p>A programa\u00e7\u00e3o da USF, que atende moradores de comunidades no bairro Alvorada (zona Oeste), integrou a Multivacina\u00e7\u00e3o, executada pela Secretaria Municipal de Sa\u00fade (Semsa), e foi direcionada para crian\u00e7as, com a intensifica\u00e7\u00e3o da oferta de vacinas, distribui\u00e7\u00e3o de brinquedos e lanches.<\/p>\n\n\n\n<p>A diretora da unidade de sa\u00fade, enfermeira Rayssa Menezes de Carvalho, informou que a programa\u00e7\u00e3o \u00e9 mais uma estrat\u00e9gia para incentivar pais e respons\u00e1veis a procurarem uma sala de vacina para a imuniza\u00e7\u00e3o de crian\u00e7as e adolescentes, e tamb\u00e9m uma forma de fortalecer o v\u00ednculo da comunidade com os servi\u00e7os de sa\u00fade.<\/p>\n\n\n\n<p>\u201cConseguimos a doa\u00e7\u00e3o de 280 brinquedos com a mobiliza\u00e7\u00e3o de servidores e outros parceiros. Durante a a\u00e7\u00e3o, foi feita a entrega de um brinquedo para as crian\u00e7as com o cart\u00e3o de vacina atualizado. As crian\u00e7as que n\u00e3o estavam com a situa\u00e7\u00e3o de acordo com o calend\u00e1rio vacinal, foram encaminhadas para a sala de vacina e depois receberam o brinquedo. Assim, promovemos a vacina\u00e7\u00e3o e aproveitamos para comemorar o Dia das Crian\u00e7as\u201d, explicou Rayssa Carvalho.<\/p>\n\n\n\n<p>A Multivacina\u00e7\u00e3o 2025 foi iniciada no dia 6 de outubro e segue at\u00e9 dia 31 de outubro, com \u00eanfase na atualiza\u00e7\u00e3o da situa\u00e7\u00e3o vacinal de crian\u00e7as e adolescentes de 0 a 14 anos. Na rede municipal de sa\u00fade, mais de 170 salas de vacina est\u00e3o refor\u00e7ando a oferta de 19 vacinas do calend\u00e1rio nacional.<\/p>\n\n\n\n<p>\u201cA USF Mansour Bulbol recebe usu\u00e1rios de toda Manaus e atende tamb\u00e9m uma popula\u00e7\u00e3o de migrantes. A rotatividade \u00e9 grande entre o p\u00fablico atendido e, por isso, \u00e9 importante fortalecer o v\u00ednculo para que a popula\u00e7\u00e3o retorne para atendimento nos diferentes servi\u00e7os. Hoje, estamos com todas as vacinas, incluindo imuniza\u00e7\u00e3o contra sarampo, meningite, rotav\u00edrus, febre amarela e o v\u00edrus do HPV\u201d, informou a diretora.<\/p>\n\n\n\n<p>O m\u00e9dico Gabriel Fernandes de Macedo, que atua como preceptor do programa de Medicina da Fam\u00edlia, da Semsa, participou da a\u00e7\u00e3o na USF e destacou a import\u00e2ncia da vacina\u00e7\u00e3o para evitar o retorno de doen\u00e7as que j\u00e1 n\u00e3o se tem registro no pa\u00eds.<\/p>\n\n\n\n<p>\u201cO nosso pa\u00eds sempre incentivou a vacina\u00e7\u00e3o, principalmente das crian\u00e7as, j\u00e1 que \u00e9 com a imuniza\u00e7\u00e3o que a gente faz combate \u00e0s doen\u00e7as que j\u00e1 foram extintas no territ\u00f3rio nacional e evita o adoecimento das crian\u00e7as\u201d, apontou Gabriel Macedo.<\/p>\n\n\n\n<p>Para a musicista Diana Todorova, que compareceu na USF Mansour Bulbol para verificar a atualiza\u00e7\u00e3o vacinal do filho de 11 meses de idade, \u00e9 essencial acompanhar corretamente o calend\u00e1rio de imuniza\u00e7\u00e3o e n\u00e3o atrasar a aplica\u00e7\u00e3o das vacinas.<\/p>\n\n\n\n<p>\u201cA gente sempre vem aqui na USF Mansour Bulbol, que o atendimento \u00e9 excelente quando precisa vacinar nosso filho. Mas, hoje, n\u00e3o foi necess\u00e1rio, j\u00e1 que o cart\u00e3o est\u00e1 atualizado. A gente vem seguindo o calend\u00e1rio vacinal, porque \u00e9 muito importante que a crian\u00e7a seja vacinada no momento certo. No pr\u00f3ximo m\u00eas, vamos traz\u00ea-lo novamente para tomar as vacinas de um ano\u201d, afirmou Diana Todorova.<\/p>\n\n\n\n<p>A dona de casa Madalena Ortiz, moradora do bairro Alvorada, levou os tr\u00eas filhos de 6, 9 e 12 anos para atualizar a vacina\u00e7\u00e3o. \u201cEles receberam a vacina de febre amarela, dengue e hepatites. A vacina\u00e7\u00e3o \u00e9 muito importante e tem um bom atendimento aqui. E a comemora\u00e7\u00e3o do Dia das Crian\u00e7as tamb\u00e9m foi importante, meus filhos est\u00e3o todos felizes com a programa\u00e7\u00e3o\u201d, declarou Madalena Ortiz.<a><\/a><\/p>\n\n\n\n<p>&#8212; &#8212; &#8212;<\/p>\n\n\n\n<p>Texto &#8211; Euriv\u00e2nia Gal\u00facio \/ Semsa<\/p>\n\n\n\n<p>Fotos &#8211; Divulga\u00e7\u00e3o\/Semsa<\/p>\n","protected":false},"excerpt":{"rendered":"","protected":false},"author":23,"featured_media":225801,"comment_status":"closed","ping_status":"closed","sticky":false,"template":"","format":"standard","meta":{"footnotes":""},"categories":[56],"tags":[781,3502,799,54,28],"acf":[],"yoast_head":"<!-- This site is optimized with the Yoast SEO plugin v23.0 - https:\/\/yoast.com\/wordpress\/plugins\/seo\/ -->\n<title>Unidade de Sa\u00fade promove a\u00e7\u00e3o para marcar o Dia das Crian\u00e7as e estimular a atualiza\u00e7\u00e3o vacinal<\/title>\n<meta name=\"description\" content=\"A Unidade de Sa\u00fade da Fam\u00edlia (USF) Mansour Bulbol, da Prefeitura de Manaus, promoveu, nesta sexta-feira, 10\/10, atividades l\u00fadicas para marcar o Dia das Crian\u00e7as, comemorado no dia 12 de outubro, e refor\u00e7ar a import\u00e2ncia da atualiza\u00e7\u00e3o do cart\u00e3o de vacina.\" \/>\n<meta name=\"robots\" content=\"index, follow, max-snippet:-1, max-image-preview:large, max-video-preview:-1\" \/>\n<link rel=\"canonical\" href=\"https:\/\/www.manaus.am.gov.br\/semsa\/prefeitura-unidadedesaudemansourbulbol-multivacinacao\/\" \/>\n<meta property=\"og:locale\" content=\"pt_BR\" \/>\n<meta property=\"og:type\" content=\"article\" \/>\n<meta property=\"og:title\" content=\"Unidade de Sa\u00fade promove a\u00e7\u00e3o para marcar o Dia das Crian\u00e7as e estimular a atualiza\u00e7\u00e3o vacinal\" \/>\n<meta property=\"og:description\" content=\"A Unidade de Sa\u00fade da Fam\u00edlia (USF) Mansour Bulbol, da Prefeitura de Manaus, promoveu, nesta sexta-feira, 10\/10, atividades l\u00fadicas para marcar o Dia das Crian\u00e7as, comemorado no dia 12 de outubro, e refor\u00e7ar a import\u00e2ncia da atualiza\u00e7\u00e3o do cart\u00e3o de vacina.\" \/>\n<meta property=\"og:url\" content=\"https:\/\/www.manaus.am.gov.br\/semsa\/prefeitura-unidadedesaudemansourbulbol-multivacinacao\/\" \/>\n<meta property=\"og:site_name\" content=\"SEMSA\" \/>\n<meta property=\"article:published_time\" content=\"2025-10-10T17:59:54+00:00\" \/>\n<meta property=\"article:modified_time\" content=\"2025-10-10T17:59:55+00:00\" \/>\n<meta property=\"og:image\" content=\"https:\/\/www.manaus.am.gov.br\/semsa\/wp-content\/uploads\/sites\/8\/2025\/10\/WhatsApp-Image-2025-10-10-at-13.53.38-1.jpeg\" \/>\n\t<meta property=\"og:image:width\" content=\"1600\" \/>\n\t<meta property=\"og:image:height\" content=\"1200\" \/>\n\t<meta property=\"og:image:type\" content=\"image\/jpeg\" \/>\n<meta name=\"author\" content=\"Adriana Costa\" \/>\n<meta name=\"twitter:card\" content=\"summary_large_image\" \/>\n<meta name=\"twitter:label1\" content=\"Written by\" \/>\n\t<meta name=\"twitter:data1\" content=\"Adriana Costa\" \/>\n\t<meta name=\"twitter:label2\" content=\"Est. reading time\" \/>\n\t<meta name=\"twitter:data2\" content=\"4 minutos\" \/>\n<script type=\"application\/ld+json\" class=\"yoast-schema-graph\">{\"@context\":\"https:\/\/schema.org\",\"@graph\":[{\"@type\":\"WebPage\",\"@id\":\"https:\/\/www.manaus.am.gov.br\/semsa\/prefeitura-unidadedesaudemansourbulbol-multivacinacao\/\",\"url\":\"https:\/\/www.manaus.am.gov.br\/semsa\/prefeitura-unidadedesaudemansourbulbol-multivacinacao\/\",\"name\":\"Unidade de Sa\u00fade promove a\u00e7\u00e3o para marcar o Dia das Crian\u00e7as e estimular a atualiza\u00e7\u00e3o vacinal\",\"isPartOf\":{\"@id\":\"https:\/\/www.manaus.am.gov.br\/semsa\/#website\"},\"primaryImageOfPage\":{\"@id\":\"https:\/\/www.manaus.am.gov.br\/semsa\/prefeitura-unidadedesaudemansourbulbol-multivacinacao\/#primaryimage\"},\"image\":{\"@id\":\"https:\/\/www.manaus.am.gov.br\/semsa\/prefeitura-unidadedesaudemansourbulbol-multivacinacao\/#primaryimage\"},\"thumbnailUrl\":\"https:\/\/www.manaus.am.gov.br\/semsa\/wp-content\/uploads\/sites\/8\/2025\/10\/WhatsApp-Image-2025-10-10-at-13.53.38-1.jpeg\",\"datePublished\":\"2025-10-10T17:59:54+00:00\",\"dateModified\":\"2025-10-10T17:59:55+00:00\",\"author\":{\"@id\":\"https:\/\/www.manaus.am.gov.br\/semsa\/#\/schema\/person\/4e49f4e267757a06ca072ec61b2b9968\"},\"description\":\"A Unidade de Sa\u00fade da Fam\u00edlia (USF) Mansour Bulbol, da Prefeitura de Manaus, promoveu, nesta sexta-feira, 10\/10, atividades l\u00fadicas para marcar o Dia das Crian\u00e7as, comemorado no dia 12 de outubro, e refor\u00e7ar a import\u00e2ncia da atualiza\u00e7\u00e3o do cart\u00e3o de vacina.\",\"inLanguage\":\"pt-BR\",\"potentialAction\":[{\"@type\":\"ReadAction\",\"target\":[\"https:\/\/www.manaus.am.gov.br\/semsa\/prefeitura-unidadedesaudemansourbulbol-multivacinacao\/\"]}]},{\"@type\":\"ImageObject\",\"inLanguage\":\"pt-BR\",\"@id\":\"https:\/\/www.manaus.am.gov.br\/semsa\/prefeitura-unidadedesaudemansourbulbol-multivacinacao\/#primaryimage\",\"url\":\"https:\/\/www.manaus.am.gov.br\/semsa\/wp-content\/uploads\/sites\/8\/2025\/10\/WhatsApp-Image-2025-10-10-at-13.53.38-1.jpeg\",\"contentUrl\":\"https:\/\/www.manaus.am.gov.br\/semsa\/wp-content\/uploads\/sites\/8\/2025\/10\/WhatsApp-Image-2025-10-10-at-13.53.38-1.jpeg\",\"width\":1600,\"height\":1200,\"caption\":\"#paratodosverem - A\u00e7\u00e3o de vacina\u00e7\u00e3o de crian\u00e7as na unidade de sa\u00fade Mansour Bulbol\"},{\"@type\":\"WebSite\",\"@id\":\"https:\/\/www.manaus.am.gov.br\/semsa\/#website\",\"url\":\"https:\/\/www.manaus.am.gov.br\/semsa\/\",\"name\":\"SEMSA\",\"description\":\"Secretaria Municipal de Sa\u00fade\",\"alternateName\":\"Secretaria Municipal de Sa\u00fade\",\"potentialAction\":[{\"@type\":\"SearchAction\",\"target\":{\"@type\":\"EntryPoint\",\"urlTemplate\":\"https:\/\/www.manaus.am.gov.br\/semsa\/?s={search_term_string}\"},\"query-input\":\"required name=search_term_string\"}],\"inLanguage\":\"pt-BR\"},{\"@type\":\"Person\",\"@id\":\"https:\/\/www.manaus.am.gov.br\/semsa\/#\/schema\/person\/4e49f4e267757a06ca072ec61b2b9968\",\"name\":\"Adriana Costa\",\"image\":{\"@type\":\"ImageObject\",\"inLanguage\":\"pt-BR\",\"@id\":\"https:\/\/www.manaus.am.gov.br\/semsa\/#\/schema\/person\/image\/\",\"url\":\"https:\/\/secure.gravatar.com\/avatar\/576258617ef7194f718179e766d57bd4?s=96&d=mm&r=g\",\"contentUrl\":\"https:\/\/secure.gravatar.com\/avatar\/576258617ef7194f718179e766d57bd4?s=96&d=mm&r=g\",\"caption\":\"Adriana Costa\"}}]}<\/script>\n<!-- \/ Yoast SEO plugin. -->","yoast_head_json":{"title":"Unidade de Sa\u00fade promove a\u00e7\u00e3o para marcar o Dia das Crian\u00e7as e estimular a atualiza\u00e7\u00e3o vacinal","description":"A Unidade de Sa\u00fade da Fam\u00edlia (USF) Mansour Bulbol, da Prefeitura de Manaus, promoveu, nesta sexta-feira, 10\/10, atividades l\u00fadicas para marcar o Dia das Crian\u00e7as, comemorado no dia 12 de outubro, e refor\u00e7ar a import\u00e2ncia da atualiza\u00e7\u00e3o do cart\u00e3o de vacina.","robots":{"index":"index","follow":"follow","max-snippet":"max-snippet:-1","max-image-preview":"max-image-preview:large","max-video-preview":"max-video-preview:-1"},"canonical":"https:\/\/www.manaus.am.gov.br\/semsa\/prefeitura-unidadedesaudemansourbulbol-multivacinacao\/","og_locale":"pt_BR","og_type":"article","og_title":"Unidade de Sa\u00fade promove a\u00e7\u00e3o para marcar o Dia das Crian\u00e7as e estimular a atualiza\u00e7\u00e3o vacinal","og_description":"A Unidade de Sa\u00fade da Fam\u00edlia (USF) Mansour Bulbol, da Prefeitura de Manaus, promoveu, nesta sexta-feira, 10\/10, atividades l\u00fadicas para marcar o Dia das Crian\u00e7as, comemorado no dia 12 de outubro, e refor\u00e7ar a import\u00e2ncia da atualiza\u00e7\u00e3o do cart\u00e3o de vacina.","og_url":"https:\/\/www.manaus.am.gov.br\/semsa\/prefeitura-unidadedesaudemansourbulbol-multivacinacao\/","og_site_name":"SEMSA","article_published_time":"2025-10-10T17:59:54+00:00","article_modified_time":"2025-10-10T17:59:55+00:00","og_image":[{"width":1600,"height":1200,"url":"https:\/\/www.manaus.am.gov.br\/semsa\/wp-content\/uploads\/sites\/8\/2025\/10\/WhatsApp-Image-2025-10-10-at-13.53.38-1.jpeg","type":"image\/jpeg"}],"author":"Adriana Costa","twitter_card":"summary_large_image","twitter_misc":{"Written by":"Adriana Costa","Est. reading time":"4 minutos"},"schema":{"@context":"https:\/\/schema.org","@graph":[{"@type":"WebPage","@id":"https:\/\/www.manaus.am.gov.br\/semsa\/prefeitura-unidadedesaudemansourbulbol-multivacinacao\/","url":"https:\/\/www.manaus.am.gov.br\/semsa\/prefeitura-unidadedesaudemansourbulbol-multivacinacao\/","name":"Unidade de Sa\u00fade promove a\u00e7\u00e3o para marcar o Dia das Crian\u00e7as e estimular a atualiza\u00e7\u00e3o vacinal","isPartOf":{"@id":"https:\/\/www.manaus.am.gov.br\/semsa\/#website"},"primaryImageOfPage":{"@id":"https:\/\/www.manaus.am.gov.br\/semsa\/prefeitura-unidadedesaudemansourbulbol-multivacinacao\/#primaryimage"},"image":{"@id":"https:\/\/www.manaus.am.gov.br\/semsa\/prefeitura-unidadedesaudemansourbulbol-multivacinacao\/#primaryimage"},"thumbnailUrl":"https:\/\/www.manaus.am.gov.br\/semsa\/wp-content\/uploads\/sites\/8\/2025\/10\/WhatsApp-Image-2025-10-10-at-13.53.38-1.jpeg","datePublished":"2025-10-10T17:59:54+00:00","dateModified":"2025-10-10T17:59:55+00:00","author":{"@id":"https:\/\/www.manaus.am.gov.br\/semsa\/#\/schema\/person\/4e49f4e267757a06ca072ec61b2b9968"},"description":"A Unidade de Sa\u00fade da Fam\u00edlia (USF) Mansour Bulbol, da Prefeitura de Manaus, promoveu, nesta sexta-feira, 10\/10, atividades l\u00fadicas para marcar o Dia das Crian\u00e7as, comemorado no dia 12 de outubro, e refor\u00e7ar a import\u00e2ncia da atualiza\u00e7\u00e3o do cart\u00e3o de vacina.","inLanguage":"pt-BR","potentialAction":[{"@type":"ReadAction","target":["https:\/\/www.manaus.am.gov.br\/semsa\/prefeitura-unidadedesaudemansourbulbol-multivacinacao\/"]}]},{"@type":"ImageObject","inLanguage":"pt-BR","@id":"https:\/\/www.manaus.am.gov.br\/semsa\/prefeitura-unidadedesaudemansourbulbol-multivacinacao\/#primaryimage","url":"https:\/\/www.manaus.am.gov.br\/semsa\/wp-content\/uploads\/sites\/8\/2025\/10\/WhatsApp-Image-2025-10-10-at-13.53.38-1.jpeg","contentUrl":"https:\/\/www.manaus.am.gov.br\/semsa\/wp-content\/uploads\/sites\/8\/2025\/10\/WhatsApp-Image-2025-10-10-at-13.53.38-1.jpeg","width":1600,"height":1200,"caption":"#paratodosverem - A\u00e7\u00e3o de vacina\u00e7\u00e3o de crian\u00e7as na unidade de sa\u00fade Mansour Bulbol"},{"@type":"WebSite","@id":"https:\/\/www.manaus.am.gov.br\/semsa\/#website","url":"https:\/\/www.manaus.am.gov.br\/semsa\/","name":"SEMSA","description":"Secretaria Municipal de Sa\u00fade","alternateName":"Secretaria Municipal de Sa\u00fade","potentialAction":[{"@type":"SearchAction","target":{"@type":"EntryPoint","urlTemplate":"https:\/\/www.manaus.am.gov.br\/semsa\/?s={search_term_string}"},"query-input":"required name=search_term_string"}],"inLanguage":"pt-BR"},{"@type":"Person","@id":"https:\/\/www.manaus.am.gov.br\/semsa\/#\/schema\/person\/4e49f4e267757a06ca072ec61b2b9968","name":"Adriana Costa","image":{"@type":"ImageObject","inLanguage":"pt-BR","@id":"https:\/\/www.manaus.am.gov.br\/semsa\/#\/schema\/person\/image\/","url":"https:\/\/secure.gravatar.com\/avatar\/576258617ef7194f718179e766d57bd4?s=96&d=mm&r=g","contentUrl":"https:\/\/secure.gravatar.com\/avatar\/576258617ef7194f718179e766d57bd4?s=96&d=mm&r=g","caption":"Adriana Costa"}}]}},"_links":{"self":[{"href":"https:\/\/www.manaus.am.gov.br\/semsa\/wp-json\/wp\/v2\/posts\/225800"}],"collection":[{"href":"https:\/\/www.manaus.am.gov.br\/semsa\/wp-json\/wp\/v2\/posts"}],"about":[{"href":"https:\/\/www.manaus.am.gov.br\/semsa\/wp-json\/wp\/v2\/types\/post"}],"author":[{"embeddable":true,"href":"https:\/\/www.manaus.am.gov.br\/semsa\/wp-json\/wp\/v2\/users\/23"}],"replies":[{"embeddable":true,"href":"https:\/\/www.manaus.am.gov.br\/semsa\/wp-json\/wp\/v2\/comments?post=225800"}],"version-history":[{"count":0,"href":"https:\/\/www.manaus.am.gov.br\/semsa\/wp-json\/wp\/v2\/posts\/225800\/revisions"}],"wp:featuredmedia":[{"embeddable":true,"href":"https:\/\/www.manaus.am.gov.br\/semsa\/wp-json\/wp\/v2\/media\/225801"}],"wp:attachment":[{"href":"https:\/\/www.manaus.am.gov.br\/semsa\/wp-json\/wp\/v2\/media?parent=225800"}],"wp:term":[{"taxonomy":"category","embeddable":true,"href":"https:\/\/www.manaus.am.gov.br\/semsa\/wp-json\/wp\/v2\/categories?post=225800"},{"taxonomy":"post_tag","embeddable":true,"href":"https:\/\/www.manaus.am.gov.br\/semsa\/wp-json\/wp\/v2\/tags?post=225800"}],"curies":[{"name":"wp","href":"https:\/\/api.w.org\/{rel}","templated":true}]}}