{"id":225468,"date":"2025-09-16T18:21:43","date_gmt":"2025-09-16T22:21:43","guid":{"rendered":"https:\/\/www.manaus.am.gov.br\/semsa\/oficina-em-saude-digital\/"},"modified":"2025-09-16T18:25:57","modified_gmt":"2025-09-16T22:25:57","slug":"oficina-em-saude-digital","status":"publish","type":"post","link":"https:\/\/www.manaus.am.gov.br\/semsa\/oficina-em-saude-digital\/","title":{"rendered":"ACSs da Prefeitura de Manaus participam de segunda etapa de Oficina em Sa\u00fade Digital"},"content":{"rendered":"\n<p>Agentes Comunit\u00e1rios de Sa\u00fade (ACSs) da Prefeitura de Manaus que atuam na zona Norte da capital est\u00e3o participando de treinamento para refor\u00e7o na utiliza\u00e7\u00e3o de ferramentas digitais para a gest\u00e3o do territ\u00f3rio. A atividade comp\u00f5e a etapa pr\u00e1tica da 2\u00aa Oficina em Sa\u00fade Digital para ACSs, promovida pela Secretaria Municipal de Sa\u00fade (Semsa), com o objetivo de fortalecer os servi\u00e7os da Aten\u00e7\u00e3o Prim\u00e1ria \u00e0 Sa\u00fade (APS) por meio de recursos tecnol\u00f3gicos.<\/p>\n\n\n\n<p>As primeiras turmas de profissionais do Distrito de Sa\u00fade (Disa) Norte participam da etapa pr\u00e1tica da segunda-feira, 15\/9, at\u00e9 a sexta, 19\/9, no espa\u00e7o de Inclus\u00e3o Digital do Centro de Educa\u00e7\u00e3o Tecnol\u00f3gica do Amazonas (Cetam), no centro de conviv\u00eancia Padre Pedro Vignola, no bairro Cidade Nova. O treinamento abrange pr\u00e1ticas nos sistemas e solu\u00e7\u00f5es digitais da Semsa, com foco no registro de informa\u00e7\u00f5es, uso de dashboards e prioriza\u00e7\u00e3o de a\u00e7\u00f5es com base em dados reais.<\/p>\n\n\n\n<p>A diretora de Intelig\u00eancia de Dados da Semsa, Sanay Pedrosa, assinala que o avan\u00e7o da secretaria na sa\u00fade digital \u00e9 um marco importante na moderniza\u00e7\u00e3o e efici\u00eancia dos servi\u00e7os prestados \u00e0 comunidade. Ela relata que a capacita\u00e7\u00e3o voltada aos ACS \u00e9 estrat\u00e9gica, nesse sentido, por ser uma das categorias profissionais da pasta com maior acesso a dados b\u00e1sicos sobre a sa\u00fade nos territ\u00f3rios.<\/p>\n\n\n\n<p>\u201cA atividade busca qualificar o registro de informa\u00e7\u00f5es, facilitando a tomada de decis\u00f5es estrat\u00e9gicas baseadas em dados atualizados. Al\u00e9m disso, promove a cultura de sa\u00fade digital na Aten\u00e7\u00e3o Prim\u00e1ria, e assim a Semsa refor\u00e7a seu compromisso com a inova\u00e7\u00e3o e a qualidade na gest\u00e3o da sa\u00fade p\u00fablica\u201d, enfatiza a gestora.<br><br>Conforme o gerente de Intelig\u00eancia de Dados da Semsa, John Kennedy Silva, a etapa pr\u00e1tica da oficina enfoca a utiliza\u00e7\u00e3o dos sistemas digitais da Semsa, incluindo solu\u00e7\u00f5es digitais desenvolvidas pela secretaria, como a \u00c1guia, voltada ao monitoramento integrado de usu\u00e1rios da APS, e sistemas do Minist\u00e9rio da Sa\u00fade, como o Prontu\u00e1rio Eletr\u00f4nico do Cidad\u00e3o (e-SUS PEC).<\/p>\n\n\n\n<p>A proposta do treinamento, complementa John, \u00e9 que os servidores dominem essas ferramentas e possam, com elas, aprimorar suas atividades, conduzindo visitas domiciliares, busca ativa de usu\u00e1rios e atualiza\u00e7\u00e3o de cadastros com mais qualidade, favorecendo um registro de dados de indiv\u00edduos, fam\u00edlias e atendimentos mais fiel \u00e0 realidade.<\/p>\n\n\n\n<p>\u201cIsso vai resultar em registros cada vez mais completos e atualizados, permitindo que a gest\u00e3o municipal tenha informa\u00e7\u00f5es mais fidedignas e tome decis\u00f5es mais assertivas ao definir estrat\u00e9gias e a\u00e7\u00f5es para a melhoria da qualidade dos servi\u00e7os de sa\u00fade\u201d, aponta o gerente, que \u00e9 tamb\u00e9m um dos facilitadores da oficina.<\/p>\n\n\n\n<p>A agente comunit\u00e1ria Suez dos Anjos Ramos, da Unidade de Sa\u00fade da Fam\u00edlia (USF) Anna Barreto, situada no bairro Cidade de Deus, foi uma das participantes da primeira turma da capacita\u00e7\u00e3o pr\u00e1tica voltada aos profissionais do Disa Norte. Para ela, a capacita\u00e7\u00e3o \u00e9 importante para que ela e os demais ACS da Semsa possam se aprofundar no uso dos sistemas digitais e apropriar-se dos recursos que eles oferecem.<\/p>\n\n\n\n<p>\u201cEssas ferramentas contribuem muito para nosso trabalho como ACSs, favorecendo para que possamos atender melhor a comunidade e os comunit\u00e1rios\u201d, relata a servidora.<\/p>\n\n\n\n<p><strong>Programa\u00e7\u00e3o<\/strong><\/p>\n\n\n\n<p>Mais de 1,4 mil agentes comunit\u00e1rios que conclu\u00edram a primeira etapa da Oficina em Sa\u00fade Digital, entre o final de agosto e o in\u00edcio de setembro, devem participar da nova etapa da forma\u00e7\u00e3o. As atividades pr\u00e1ticas, realizadas em laborat\u00f3rios de computa\u00e7\u00e3o, s\u00e3o coordenadas pela Diretoria de Intelig\u00eancia de Dados, em articula\u00e7\u00e3o com os Distritos de Sa\u00fade, Norte, Leste, Sul, Oeste e Rural.<\/p>\n\n\n\n<p>A programa\u00e7\u00e3o da nova etapa iniciou com o Disa Rural, que capacitou suas primeiras turmas nos dias 8 e 9 deste m\u00eas. Ap\u00f3s o Disa Norte, a agenda segue com as equipes do Oeste, que passam pelo treinamento desta quarta-feira, 17\/9, at\u00e9 a pr\u00f3xima ter\u00e7a, 23\/9. Nos distritos Leste e Sul, as atividades iniciam na segunda-feira, 22\/9, seguindo at\u00e9 o dia 25\/9, no Leste, e at\u00e9 14\/10, no Sul.<\/p>\n\n\n\n<p>O conte\u00fado program\u00e1tico da etapa pr\u00e1tica inclui o acesso, interface navega\u00e7\u00e3o nos sistemas digitais utilizados pela Semsa, como o e-SUS PEC e dashboards; passo a passo e exerc\u00edcios pr\u00e1ticos com foco nos cadastros de domic\u00edlios, fam\u00edlias e indiv\u00edduos e no registro de visitas e atividades comunit\u00e1rias; uso de dashboards para tomada de decis\u00f5es; planejamento de a\u00e7\u00f5es orientado por dados; produ\u00e7\u00e3o de relat\u00f3rios e comunica\u00e7\u00e3o com a equipe de sa\u00fade. A carga hor\u00e1ria \u00e9 de 4 horas.<\/p>\n\n\n\n<p><strong>Oficina<\/strong><\/p>\n\n\n\n<p>A 2\u00aa Oficina em Sa\u00fade Digital para ACS da Semsa teve abertura no dia 27\/8, no centro de conven\u00e7\u00f5es Vasco Vasques, com a participa\u00e7\u00e3o da secret\u00e1ria municipal de Sa\u00fade, Sh\u00e1dia Fraxe. No evento, foi realizada a entrega oficial do Guia de Gest\u00e3o do Territ\u00f3rio para os profissionais participantes da capacita\u00e7\u00e3o.<\/p>\n\n\n\n<p>A primeira etapa da oficina ocorreu de 28\/8 a 3\/9, com a participa\u00e7\u00e3o de 1.495 ACSs, divididos em dez turmas. O treinamento, com carga hor\u00e1ria de 4 horas, incluiu atividades te\u00f3ricas e pr\u00e1ticas com foco na gest\u00e3o do territ\u00f3rio, capacitando os profissionais para reconhecer e organizar suas micro\u00e1reas, planejar visitas, estabelecer v\u00ednculo efetivo com os usu\u00e1rios, registrar e comunicar de forma correta \u00e0 equipe de sa\u00fade.<\/p>\n\n\n\n<p>\u2014 \u2014 \u2014\u00a0<br><strong>Texto &#8211;<\/strong> Jony Clay Borges \/ Semsa<br><strong>Fotos &#8211; <\/strong>Divulga\u00e7\u00e3o \/ Semsa<\/p>\n","protected":false},"excerpt":{"rendered":"","protected":false},"author":68,"featured_media":225469,"comment_status":"closed","ping_status":"closed","sticky":false,"template":"","format":"standard","meta":{"footnotes":""},"categories":[1012],"tags":[3435,3436,54,28,3437],"acf":[],"yoast_head":"<!-- This site is optimized with the Yoast SEO plugin v23.0 - https:\/\/yoast.com\/wordpress\/plugins\/seo\/ -->\n<title>ACSs participam de segunda etapa de Oficina em Sa\u00fade Digital<\/title>\n<meta name=\"description\" content=\"Agentes Comunit\u00e1rios de Sa\u00fade (ACSs) da zona Norte participam de treinamento para refor\u00e7o na utiliza\u00e7\u00e3o de ferramentas digitais.\" \/>\n<meta name=\"robots\" content=\"index, follow, max-snippet:-1, max-image-preview:large, max-video-preview:-1\" \/>\n<link rel=\"canonical\" href=\"https:\/\/www.manaus.am.gov.br\/semsa\/oficina-em-saude-digital\/\" \/>\n<meta property=\"og:locale\" content=\"pt_BR\" \/>\n<meta property=\"og:type\" content=\"article\" \/>\n<meta property=\"og:title\" content=\"ACSs participam de segunda etapa de Oficina em Sa\u00fade Digital\" \/>\n<meta property=\"og:description\" content=\"Agentes Comunit\u00e1rios de Sa\u00fade (ACSs) da zona Norte participam de treinamento para refor\u00e7o na utiliza\u00e7\u00e3o de ferramentas digitais.\" \/>\n<meta property=\"og:url\" content=\"https:\/\/www.manaus.am.gov.br\/semsa\/oficina-em-saude-digital\/\" \/>\n<meta property=\"og:site_name\" content=\"SEMSA\" \/>\n<meta property=\"article:published_time\" content=\"2025-09-16T22:21:43+00:00\" \/>\n<meta property=\"article:modified_time\" content=\"2025-09-16T22:25:57+00:00\" \/>\n<meta property=\"og:image\" content=\"https:\/\/www.manaus.am.gov.br\/semsa\/wp-content\/uploads\/sites\/8\/2025\/09\/SET-15_OFICINA-SAUDE-DIGITAL-ACS-SEGUNDA-ETAPA-DISA-NORTE-CECF-PADRE-VIGNOLA-5-1024x576.jpg\" \/>\n\t<meta property=\"og:image:width\" content=\"1024\" \/>\n\t<meta property=\"og:image:height\" content=\"576\" \/>\n\t<meta property=\"og:image:type\" content=\"image\/jpeg\" \/>\n<meta name=\"author\" content=\"bvalente\" \/>\n<meta name=\"twitter:card\" content=\"summary_large_image\" \/>\n<meta name=\"twitter:label1\" content=\"Written by\" \/>\n\t<meta name=\"twitter:data1\" content=\"bvalente\" \/>\n\t<meta name=\"twitter:label2\" content=\"Est. reading time\" \/>\n\t<meta name=\"twitter:data2\" content=\"5 minutos\" \/>\n<script type=\"application\/ld+json\" class=\"yoast-schema-graph\">{\"@context\":\"https:\/\/schema.org\",\"@graph\":[{\"@type\":\"WebPage\",\"@id\":\"https:\/\/www.manaus.am.gov.br\/semsa\/oficina-em-saude-digital\/\",\"url\":\"https:\/\/www.manaus.am.gov.br\/semsa\/oficina-em-saude-digital\/\",\"name\":\"ACSs participam de segunda etapa de Oficina em Sa\u00fade Digital\",\"isPartOf\":{\"@id\":\"https:\/\/www.manaus.am.gov.br\/semsa\/#website\"},\"primaryImageOfPage\":{\"@id\":\"https:\/\/www.manaus.am.gov.br\/semsa\/oficina-em-saude-digital\/#primaryimage\"},\"image\":{\"@id\":\"https:\/\/www.manaus.am.gov.br\/semsa\/oficina-em-saude-digital\/#primaryimage\"},\"thumbnailUrl\":\"https:\/\/www.manaus.am.gov.br\/semsa\/wp-content\/uploads\/sites\/8\/2025\/09\/SET-15_OFICINA-SAUDE-DIGITAL-ACS-SEGUNDA-ETAPA-DISA-NORTE-CECF-PADRE-VIGNOLA-5.jpg\",\"datePublished\":\"2025-09-16T22:21:43+00:00\",\"dateModified\":\"2025-09-16T22:25:57+00:00\",\"author\":{\"@id\":\"https:\/\/www.manaus.am.gov.br\/semsa\/#\/schema\/person\/466a0e03ae4b6062809046bd560ac955\"},\"description\":\"Agentes Comunit\u00e1rios de Sa\u00fade (ACSs) da zona Norte participam de treinamento para refor\u00e7o na utiliza\u00e7\u00e3o de ferramentas digitais.\",\"inLanguage\":\"pt-BR\",\"potentialAction\":[{\"@type\":\"ReadAction\",\"target\":[\"https:\/\/www.manaus.am.gov.br\/semsa\/oficina-em-saude-digital\/\"]}]},{\"@type\":\"ImageObject\",\"inLanguage\":\"pt-BR\",\"@id\":\"https:\/\/www.manaus.am.gov.br\/semsa\/oficina-em-saude-digital\/#primaryimage\",\"url\":\"https:\/\/www.manaus.am.gov.br\/semsa\/wp-content\/uploads\/sites\/8\/2025\/09\/SET-15_OFICINA-SAUDE-DIGITAL-ACS-SEGUNDA-ETAPA-DISA-NORTE-CECF-PADRE-VIGNOLA-5.jpg\",\"contentUrl\":\"https:\/\/www.manaus.am.gov.br\/semsa\/wp-content\/uploads\/sites\/8\/2025\/09\/SET-15_OFICINA-SAUDE-DIGITAL-ACS-SEGUNDA-ETAPA-DISA-NORTE-CECF-PADRE-VIGNOLA-5.jpg\",\"width\":4080,\"height\":2296},{\"@type\":\"WebSite\",\"@id\":\"https:\/\/www.manaus.am.gov.br\/semsa\/#website\",\"url\":\"https:\/\/www.manaus.am.gov.br\/semsa\/\",\"name\":\"SEMSA\",\"description\":\"Secretaria Municipal de Sa\u00fade\",\"alternateName\":\"Secretaria Municipal de Sa\u00fade\",\"potentialAction\":[{\"@type\":\"SearchAction\",\"target\":{\"@type\":\"EntryPoint\",\"urlTemplate\":\"https:\/\/www.manaus.am.gov.br\/semsa\/?s={search_term_string}\"},\"query-input\":\"required name=search_term_string\"}],\"inLanguage\":\"pt-BR\"},{\"@type\":\"Person\",\"@id\":\"https:\/\/www.manaus.am.gov.br\/semsa\/#\/schema\/person\/466a0e03ae4b6062809046bd560ac955\",\"name\":\"bvalente\",\"image\":{\"@type\":\"ImageObject\",\"inLanguage\":\"pt-BR\",\"@id\":\"https:\/\/www.manaus.am.gov.br\/semsa\/#\/schema\/person\/image\/\",\"url\":\"https:\/\/secure.gravatar.com\/avatar\/3e69bc2b014bdad41adfec3a39de07d2?s=96&d=mm&r=g\",\"contentUrl\":\"https:\/\/secure.gravatar.com\/avatar\/3e69bc2b014bdad41adfec3a39de07d2?s=96&d=mm&r=g\",\"caption\":\"bvalente\"}}]}<\/script>\n<!-- \/ Yoast SEO plugin. -->","yoast_head_json":{"title":"ACSs participam de segunda etapa de Oficina em Sa\u00fade Digital","description":"Agentes Comunit\u00e1rios de Sa\u00fade (ACSs) da zona Norte participam de treinamento para refor\u00e7o na utiliza\u00e7\u00e3o de ferramentas digitais.","robots":{"index":"index","follow":"follow","max-snippet":"max-snippet:-1","max-image-preview":"max-image-preview:large","max-video-preview":"max-video-preview:-1"},"canonical":"https:\/\/www.manaus.am.gov.br\/semsa\/oficina-em-saude-digital\/","og_locale":"pt_BR","og_type":"article","og_title":"ACSs participam de segunda etapa de Oficina em Sa\u00fade Digital","og_description":"Agentes Comunit\u00e1rios de Sa\u00fade (ACSs) da zona Norte participam de treinamento para refor\u00e7o na utiliza\u00e7\u00e3o de ferramentas digitais.","og_url":"https:\/\/www.manaus.am.gov.br\/semsa\/oficina-em-saude-digital\/","og_site_name":"SEMSA","article_published_time":"2025-09-16T22:21:43+00:00","article_modified_time":"2025-09-16T22:25:57+00:00","og_image":[{"width":1024,"height":576,"url":"https:\/\/www.manaus.am.gov.br\/semsa\/wp-content\/uploads\/sites\/8\/2025\/09\/SET-15_OFICINA-SAUDE-DIGITAL-ACS-SEGUNDA-ETAPA-DISA-NORTE-CECF-PADRE-VIGNOLA-5-1024x576.jpg","type":"image\/jpeg"}],"author":"bvalente","twitter_card":"summary_large_image","twitter_misc":{"Written by":"bvalente","Est. reading time":"5 minutos"},"schema":{"@context":"https:\/\/schema.org","@graph":[{"@type":"WebPage","@id":"https:\/\/www.manaus.am.gov.br\/semsa\/oficina-em-saude-digital\/","url":"https:\/\/www.manaus.am.gov.br\/semsa\/oficina-em-saude-digital\/","name":"ACSs participam de segunda etapa de Oficina em Sa\u00fade Digital","isPartOf":{"@id":"https:\/\/www.manaus.am.gov.br\/semsa\/#website"},"primaryImageOfPage":{"@id":"https:\/\/www.manaus.am.gov.br\/semsa\/oficina-em-saude-digital\/#primaryimage"},"image":{"@id":"https:\/\/www.manaus.am.gov.br\/semsa\/oficina-em-saude-digital\/#primaryimage"},"thumbnailUrl":"https:\/\/www.manaus.am.gov.br\/semsa\/wp-content\/uploads\/sites\/8\/2025\/09\/SET-15_OFICINA-SAUDE-DIGITAL-ACS-SEGUNDA-ETAPA-DISA-NORTE-CECF-PADRE-VIGNOLA-5.jpg","datePublished":"2025-09-16T22:21:43+00:00","dateModified":"2025-09-16T22:25:57+00:00","author":{"@id":"https:\/\/www.manaus.am.gov.br\/semsa\/#\/schema\/person\/466a0e03ae4b6062809046bd560ac955"},"description":"Agentes Comunit\u00e1rios de Sa\u00fade (ACSs) da zona Norte participam de treinamento para refor\u00e7o na utiliza\u00e7\u00e3o de ferramentas digitais.","inLanguage":"pt-BR","potentialAction":[{"@type":"ReadAction","target":["https:\/\/www.manaus.am.gov.br\/semsa\/oficina-em-saude-digital\/"]}]},{"@type":"ImageObject","inLanguage":"pt-BR","@id":"https:\/\/www.manaus.am.gov.br\/semsa\/oficina-em-saude-digital\/#primaryimage","url":"https:\/\/www.manaus.am.gov.br\/semsa\/wp-content\/uploads\/sites\/8\/2025\/09\/SET-15_OFICINA-SAUDE-DIGITAL-ACS-SEGUNDA-ETAPA-DISA-NORTE-CECF-PADRE-VIGNOLA-5.jpg","contentUrl":"https:\/\/www.manaus.am.gov.br\/semsa\/wp-content\/uploads\/sites\/8\/2025\/09\/SET-15_OFICINA-SAUDE-DIGITAL-ACS-SEGUNDA-ETAPA-DISA-NORTE-CECF-PADRE-VIGNOLA-5.jpg","width":4080,"height":2296},{"@type":"WebSite","@id":"https:\/\/www.manaus.am.gov.br\/semsa\/#website","url":"https:\/\/www.manaus.am.gov.br\/semsa\/","name":"SEMSA","description":"Secretaria Municipal de Sa\u00fade","alternateName":"Secretaria Municipal de Sa\u00fade","potentialAction":[{"@type":"SearchAction","target":{"@type":"EntryPoint","urlTemplate":"https:\/\/www.manaus.am.gov.br\/semsa\/?s={search_term_string}"},"query-input":"required name=search_term_string"}],"inLanguage":"pt-BR"},{"@type":"Person","@id":"https:\/\/www.manaus.am.gov.br\/semsa\/#\/schema\/person\/466a0e03ae4b6062809046bd560ac955","name":"bvalente","image":{"@type":"ImageObject","inLanguage":"pt-BR","@id":"https:\/\/www.manaus.am.gov.br\/semsa\/#\/schema\/person\/image\/","url":"https:\/\/secure.gravatar.com\/avatar\/3e69bc2b014bdad41adfec3a39de07d2?s=96&d=mm&r=g","contentUrl":"https:\/\/secure.gravatar.com\/avatar\/3e69bc2b014bdad41adfec3a39de07d2?s=96&d=mm&r=g","caption":"bvalente"}}]}},"_links":{"self":[{"href":"https:\/\/www.manaus.am.gov.br\/semsa\/wp-json\/wp\/v2\/posts\/225468"}],"collection":[{"href":"https:\/\/www.manaus.am.gov.br\/semsa\/wp-json\/wp\/v2\/posts"}],"about":[{"href":"https:\/\/www.manaus.am.gov.br\/semsa\/wp-json\/wp\/v2\/types\/post"}],"author":[{"embeddable":true,"href":"https:\/\/www.manaus.am.gov.br\/semsa\/wp-json\/wp\/v2\/users\/68"}],"replies":[{"embeddable":true,"href":"https:\/\/www.manaus.am.gov.br\/semsa\/wp-json\/wp\/v2\/comments?post=225468"}],"version-history":[{"count":1,"href":"https:\/\/www.manaus.am.gov.br\/semsa\/wp-json\/wp\/v2\/posts\/225468\/revisions"}],"predecessor-version":[{"id":225470,"href":"https:\/\/www.manaus.am.gov.br\/semsa\/wp-json\/wp\/v2\/posts\/225468\/revisions\/225470"}],"wp:featuredmedia":[{"embeddable":true,"href":"https:\/\/www.manaus.am.gov.br\/semsa\/wp-json\/wp\/v2\/media\/225469"}],"wp:attachment":[{"href":"https:\/\/www.manaus.am.gov.br\/semsa\/wp-json\/wp\/v2\/media?parent=225468"}],"wp:term":[{"taxonomy":"category","embeddable":true,"href":"https:\/\/www.manaus.am.gov.br\/semsa\/wp-json\/wp\/v2\/categories?post=225468"},{"taxonomy":"post_tag","embeddable":true,"href":"https:\/\/www.manaus.am.gov.br\/semsa\/wp-json\/wp\/v2\/tags?post=225468"}],"curies":[{"name":"wp","href":"https:\/\/api.w.org\/{rel}","templated":true}]}}