{"id":225243,"date":"2025-09-04T14:17:32","date_gmt":"2025-09-04T18:17:32","guid":{"rendered":"https:\/\/www.manaus.am.gov.br\/semsa\/primeira-etapa-2a-oficina-em-saude-digital\/"},"modified":"2025-09-04T14:17:32","modified_gmt":"2025-09-04T18:17:32","slug":"primeira-etapa-2a-oficina-em-saude-digital","status":"publish","type":"post","link":"https:\/\/www.manaus.am.gov.br\/semsa\/primeira-etapa-2a-oficina-em-saude-digital\/","title":{"rendered":"Agentes comunit\u00e1rios da prefeitura concluem primeira etapa da 2\u00aa Oficina em Sa\u00fade Digital"},"content":{"rendered":"\n<p>Mais de 1,4 mil servidores da Prefeitura de Manaus conclu\u00edram, nesta quarta-feira, 3\/9, a primeira etapa da 2\u00aa Oficina em Sa\u00fade Digital para Agentes Comunit\u00e1rios de Sa\u00fade (ACSs). Os profissionais da Secretaria Municipal de Sa\u00fade (Semsa) participaram do ciclo inicial da forma\u00e7\u00e3o divididos em 10 turmas, ao longo de cinco dias, sendo duas a cada dia, nos turnos matutino e vespertino.<\/p>\n\n\n\n<p>Ap\u00f3s a abertura, realizada no dia 27\/8, no centro de conven\u00e7\u00f5es Vasco Vasques, a primeira etapa da Oficina em Sa\u00fade Digital ocorreu no Da Vinci Hotel &amp; Conventions, reunindo atividades te\u00f3ricas e pr\u00e1ticas com foco na atua\u00e7\u00e3o dos ACSs na gest\u00e3o do territ\u00f3rio. Ao todo, 1.495 servidores da Semsa participaram da capacita\u00e7\u00e3o, conduzida por 115 facilitadores e coordenadores de sala.<\/p>\n\n\n\n<p>A secret\u00e1ria municipal de Sa\u00fade, Sh\u00e1dia Fraxe, assinala que a gest\u00e3o municipal avan\u00e7a no campo da sa\u00fade digital com o treinamento dos agentes. \u201cCom o apoio do prefeito David Almeida, temos investido em ferramentas digitais para ter uma gest\u00e3o da sa\u00fade mais eficiente e capaz de entregar servi\u00e7os de qualidade ao usu\u00e1rio. A capacita\u00e7\u00e3o dos ACSs vai potencializar esses recursos e fortalecer a Aten\u00e7\u00e3o Prim\u00e1ria\u201d, aponta.<\/p>\n\n\n\n<p>A segunda etapa da oficina vai abranger pr\u00e1ticas nos sistemas digitais utilizados na Semsa Manaus, como o Prontu\u00e1rio Eletr\u00f4nico do Cidad\u00e3o (e-SUS PEC), e dashboards desenvolvidos pela pasta. A forma\u00e7\u00e3o ser\u00e1 realizada em laborat\u00f3rio de computa\u00e7\u00e3o e vai incluir atividades como cadastro digital de domic\u00edlios, fam\u00edlias e indiv\u00edduos, registros de visitas e atividades comunit\u00e1rias, uso de dashboards para tomada de decis\u00e3o, produ\u00e7\u00e3o de relat\u00f3rios e comunica\u00e7\u00e3o com a equipe de sa\u00fade.<\/p>\n\n\n\n<p>A programa\u00e7\u00e3o da etapa pr\u00e1tica est\u00e1 sendo coordenada pela Diretoria de Intelig\u00eancia de Dados da Semsa, em articula\u00e7\u00e3o com os cinco Distritos de Sa\u00fade (Disas), Norte, Leste, Oeste, Sul e Rural. As atividades est\u00e3o previstas para ocorrer ainda neste m\u00eas de setembro.<\/p>\n\n\n\n<p>A etapa pr\u00e1tica segue a trilha de aprendizado iniciada na primeira parte da oficina, que teve atividades te\u00f3ricas e pr\u00e1ticas com foco na gest\u00e3o do territ\u00f3rio, com carga hor\u00e1ria de 4 horas. O objetivo do treinamento foi capacitar os ACSs para reconhecer e organizar suas micro\u00e1reas, planejar visitas e estabelecer v\u00ednculo efetivo com os usu\u00e1rios, al\u00e9m de registrar e comunicar de forma correta \u00e0 equipe de sa\u00fade.<\/p>\n\n\n\n<figure class=\"wp-block-image size-large\"><img loading=\"lazy\" decoding=\"async\" width=\"1024\" height=\"577\" src=\"https:\/\/www.manaus.am.gov.br\/semsa\/wp-content\/uploads\/sites\/8\/2025\/09\/SEMSA-MANAUS-Conclusao-Oficina-ACS-3-1024x577.jpg\" alt=\"\" class=\"wp-image-225245\" srcset=\"https:\/\/www.manaus.am.gov.br\/semsa\/wp-content\/uploads\/sites\/8\/2025\/09\/SEMSA-MANAUS-Conclusao-Oficina-ACS-3-1024x577.jpg 1024w, https:\/\/www.manaus.am.gov.br\/semsa\/wp-content\/uploads\/sites\/8\/2025\/09\/SEMSA-MANAUS-Conclusao-Oficina-ACS-3-300x169.jpg 300w, https:\/\/www.manaus.am.gov.br\/semsa\/wp-content\/uploads\/sites\/8\/2025\/09\/SEMSA-MANAUS-Conclusao-Oficina-ACS-3-768x432.jpg 768w, https:\/\/www.manaus.am.gov.br\/semsa\/wp-content\/uploads\/sites\/8\/2025\/09\/SEMSA-MANAUS-Conclusao-Oficina-ACS-3-1536x865.jpg 1536w, https:\/\/www.manaus.am.gov.br\/semsa\/wp-content\/uploads\/sites\/8\/2025\/09\/SEMSA-MANAUS-Conclusao-Oficina-ACS-3-2048x1153.jpg 2048w\" sizes=\"(max-width: 1024px) 100vw, 1024px\" \/><\/figure>\n\n\n\n<p><strong>&#8212; &#8212; &#8212;&nbsp;<\/strong><\/p>\n\n\n\n<p><strong>Texto &#8211;\u00a0<\/strong>Jony Clay Borges\/Semsa<\/p>\n\n\n\n<p><strong>Fotos &#8211;\u00a0<\/strong>Divulga\u00e7\u00e3o\/Semsa<\/p>\n","protected":false},"excerpt":{"rendered":"","protected":false},"author":39,"featured_media":225244,"comment_status":"closed","ping_status":"closed","sticky":false,"template":"","format":"standard","meta":{"footnotes":""},"categories":[1012],"tags":[3395,2531,54,3396,28],"acf":[],"yoast_head":"<!-- This site is optimized with the Yoast SEO plugin v23.0 - https:\/\/yoast.com\/wordpress\/plugins\/seo\/ -->\n<title>ACSs concluem primeira etapa da 2\u00aa Oficina em Sa\u00fade Digital<\/title>\n<meta name=\"description\" content=\"Agentes Comunit\u00e1rios de Sa\u00fade (ACSs) da Prefeitura de Manaus concluem primeira etapa da 2\u00aa Oficina em Sa\u00fade Digital.\" \/>\n<meta name=\"robots\" content=\"index, follow, max-snippet:-1, max-image-preview:large, max-video-preview:-1\" \/>\n<link rel=\"canonical\" href=\"https:\/\/www.manaus.am.gov.br\/semsa\/primeira-etapa-2a-oficina-em-saude-digital\/\" \/>\n<meta property=\"og:locale\" content=\"pt_BR\" \/>\n<meta property=\"og:type\" content=\"article\" \/>\n<meta property=\"og:title\" content=\"ACSs concluem primeira etapa da 2\u00aa Oficina em Sa\u00fade Digital\" \/>\n<meta property=\"og:description\" content=\"Agentes Comunit\u00e1rios de Sa\u00fade (ACSs) da Prefeitura de Manaus concluem primeira etapa da 2\u00aa Oficina em Sa\u00fade Digital.\" \/>\n<meta property=\"og:url\" content=\"https:\/\/www.manaus.am.gov.br\/semsa\/primeira-etapa-2a-oficina-em-saude-digital\/\" \/>\n<meta property=\"og:site_name\" content=\"SEMSA\" \/>\n<meta property=\"article:published_time\" content=\"2025-09-04T18:17:32+00:00\" \/>\n<meta property=\"og:image\" content=\"https:\/\/www.manaus.am.gov.br\/semsa\/wp-content\/uploads\/sites\/8\/2025\/09\/SEMSA-MANAUS-Conclusao-Oficina-ACS-2.jpg\" \/>\n\t<meta property=\"og:image:width\" content=\"3000\" \/>\n\t<meta property=\"og:image:height\" content=\"1688\" \/>\n\t<meta property=\"og:image:type\" content=\"image\/jpeg\" \/>\n<meta name=\"author\" content=\"Bruna Greco\" \/>\n<meta name=\"twitter:card\" content=\"summary_large_image\" \/>\n<meta name=\"twitter:label1\" content=\"Written by\" \/>\n\t<meta name=\"twitter:data1\" content=\"Bruna Greco\" \/>\n\t<meta name=\"twitter:label2\" content=\"Est. reading time\" \/>\n\t<meta name=\"twitter:data2\" content=\"3 minutos\" \/>\n<script type=\"application\/ld+json\" class=\"yoast-schema-graph\">{\"@context\":\"https:\/\/schema.org\",\"@graph\":[{\"@type\":\"WebPage\",\"@id\":\"https:\/\/www.manaus.am.gov.br\/semsa\/primeira-etapa-2a-oficina-em-saude-digital\/\",\"url\":\"https:\/\/www.manaus.am.gov.br\/semsa\/primeira-etapa-2a-oficina-em-saude-digital\/\",\"name\":\"ACSs concluem primeira etapa da 2\u00aa Oficina em Sa\u00fade Digital\",\"isPartOf\":{\"@id\":\"https:\/\/www.manaus.am.gov.br\/semsa\/#website\"},\"primaryImageOfPage\":{\"@id\":\"https:\/\/www.manaus.am.gov.br\/semsa\/primeira-etapa-2a-oficina-em-saude-digital\/#primaryimage\"},\"image\":{\"@id\":\"https:\/\/www.manaus.am.gov.br\/semsa\/primeira-etapa-2a-oficina-em-saude-digital\/#primaryimage\"},\"thumbnailUrl\":\"https:\/\/www.manaus.am.gov.br\/semsa\/wp-content\/uploads\/sites\/8\/2025\/09\/SEMSA-MANAUS-Conclusao-Oficina-ACS-2.jpg\",\"datePublished\":\"2025-09-04T18:17:32+00:00\",\"dateModified\":\"2025-09-04T18:17:32+00:00\",\"author\":{\"@id\":\"https:\/\/www.manaus.am.gov.br\/semsa\/#\/schema\/person\/05d223aea2bf115f9883a6ff3683d81b\"},\"description\":\"Agentes Comunit\u00e1rios de Sa\u00fade (ACSs) da Prefeitura de Manaus concluem primeira etapa da 2\u00aa Oficina em Sa\u00fade Digital.\",\"inLanguage\":\"pt-BR\",\"potentialAction\":[{\"@type\":\"ReadAction\",\"target\":[\"https:\/\/www.manaus.am.gov.br\/semsa\/primeira-etapa-2a-oficina-em-saude-digital\/\"]}]},{\"@type\":\"ImageObject\",\"inLanguage\":\"pt-BR\",\"@id\":\"https:\/\/www.manaus.am.gov.br\/semsa\/primeira-etapa-2a-oficina-em-saude-digital\/#primaryimage\",\"url\":\"https:\/\/www.manaus.am.gov.br\/semsa\/wp-content\/uploads\/sites\/8\/2025\/09\/SEMSA-MANAUS-Conclusao-Oficina-ACS-2.jpg\",\"contentUrl\":\"https:\/\/www.manaus.am.gov.br\/semsa\/wp-content\/uploads\/sites\/8\/2025\/09\/SEMSA-MANAUS-Conclusao-Oficina-ACS-2.jpg\",\"width\":3000,\"height\":1688,\"caption\":\"#paratodosverem - Agentes Comunit\u00e1rios de Sa\u00fade (ACSs) participam primeira etapa da 2\u00aa Oficina em Sa\u00fade Digital\"},{\"@type\":\"WebSite\",\"@id\":\"https:\/\/www.manaus.am.gov.br\/semsa\/#website\",\"url\":\"https:\/\/www.manaus.am.gov.br\/semsa\/\",\"name\":\"SEMSA\",\"description\":\"Secretaria Municipal de Sa\u00fade\",\"alternateName\":\"Secretaria Municipal de Sa\u00fade\",\"potentialAction\":[{\"@type\":\"SearchAction\",\"target\":{\"@type\":\"EntryPoint\",\"urlTemplate\":\"https:\/\/www.manaus.am.gov.br\/semsa\/?s={search_term_string}\"},\"query-input\":\"required name=search_term_string\"}],\"inLanguage\":\"pt-BR\"},{\"@type\":\"Person\",\"@id\":\"https:\/\/www.manaus.am.gov.br\/semsa\/#\/schema\/person\/05d223aea2bf115f9883a6ff3683d81b\",\"name\":\"Bruna Greco\",\"image\":{\"@type\":\"ImageObject\",\"inLanguage\":\"pt-BR\",\"@id\":\"https:\/\/www.manaus.am.gov.br\/semsa\/#\/schema\/person\/image\/\",\"url\":\"https:\/\/secure.gravatar.com\/avatar\/9c877d1a6adc2a055330e5c09a8653ce?s=96&d=mm&r=g\",\"contentUrl\":\"https:\/\/secure.gravatar.com\/avatar\/9c877d1a6adc2a055330e5c09a8653ce?s=96&d=mm&r=g\",\"caption\":\"Bruna Greco\"}}]}<\/script>\n<!-- \/ Yoast SEO plugin. -->","yoast_head_json":{"title":"ACSs concluem primeira etapa da 2\u00aa Oficina em Sa\u00fade Digital","description":"Agentes Comunit\u00e1rios de Sa\u00fade (ACSs) da Prefeitura de Manaus concluem primeira etapa da 2\u00aa Oficina em Sa\u00fade Digital.","robots":{"index":"index","follow":"follow","max-snippet":"max-snippet:-1","max-image-preview":"max-image-preview:large","max-video-preview":"max-video-preview:-1"},"canonical":"https:\/\/www.manaus.am.gov.br\/semsa\/primeira-etapa-2a-oficina-em-saude-digital\/","og_locale":"pt_BR","og_type":"article","og_title":"ACSs concluem primeira etapa da 2\u00aa Oficina em Sa\u00fade Digital","og_description":"Agentes Comunit\u00e1rios de Sa\u00fade (ACSs) da Prefeitura de Manaus concluem primeira etapa da 2\u00aa Oficina em Sa\u00fade Digital.","og_url":"https:\/\/www.manaus.am.gov.br\/semsa\/primeira-etapa-2a-oficina-em-saude-digital\/","og_site_name":"SEMSA","article_published_time":"2025-09-04T18:17:32+00:00","og_image":[{"width":3000,"height":1688,"url":"https:\/\/www.manaus.am.gov.br\/semsa\/wp-content\/uploads\/sites\/8\/2025\/09\/SEMSA-MANAUS-Conclusao-Oficina-ACS-2.jpg","type":"image\/jpeg"}],"author":"Bruna Greco","twitter_card":"summary_large_image","twitter_misc":{"Written by":"Bruna Greco","Est. reading time":"3 minutos"},"schema":{"@context":"https:\/\/schema.org","@graph":[{"@type":"WebPage","@id":"https:\/\/www.manaus.am.gov.br\/semsa\/primeira-etapa-2a-oficina-em-saude-digital\/","url":"https:\/\/www.manaus.am.gov.br\/semsa\/primeira-etapa-2a-oficina-em-saude-digital\/","name":"ACSs concluem primeira etapa da 2\u00aa Oficina em Sa\u00fade Digital","isPartOf":{"@id":"https:\/\/www.manaus.am.gov.br\/semsa\/#website"},"primaryImageOfPage":{"@id":"https:\/\/www.manaus.am.gov.br\/semsa\/primeira-etapa-2a-oficina-em-saude-digital\/#primaryimage"},"image":{"@id":"https:\/\/www.manaus.am.gov.br\/semsa\/primeira-etapa-2a-oficina-em-saude-digital\/#primaryimage"},"thumbnailUrl":"https:\/\/www.manaus.am.gov.br\/semsa\/wp-content\/uploads\/sites\/8\/2025\/09\/SEMSA-MANAUS-Conclusao-Oficina-ACS-2.jpg","datePublished":"2025-09-04T18:17:32+00:00","dateModified":"2025-09-04T18:17:32+00:00","author":{"@id":"https:\/\/www.manaus.am.gov.br\/semsa\/#\/schema\/person\/05d223aea2bf115f9883a6ff3683d81b"},"description":"Agentes Comunit\u00e1rios de Sa\u00fade (ACSs) da Prefeitura de Manaus concluem primeira etapa da 2\u00aa Oficina em Sa\u00fade Digital.","inLanguage":"pt-BR","potentialAction":[{"@type":"ReadAction","target":["https:\/\/www.manaus.am.gov.br\/semsa\/primeira-etapa-2a-oficina-em-saude-digital\/"]}]},{"@type":"ImageObject","inLanguage":"pt-BR","@id":"https:\/\/www.manaus.am.gov.br\/semsa\/primeira-etapa-2a-oficina-em-saude-digital\/#primaryimage","url":"https:\/\/www.manaus.am.gov.br\/semsa\/wp-content\/uploads\/sites\/8\/2025\/09\/SEMSA-MANAUS-Conclusao-Oficina-ACS-2.jpg","contentUrl":"https:\/\/www.manaus.am.gov.br\/semsa\/wp-content\/uploads\/sites\/8\/2025\/09\/SEMSA-MANAUS-Conclusao-Oficina-ACS-2.jpg","width":3000,"height":1688,"caption":"#paratodosverem - Agentes Comunit\u00e1rios de Sa\u00fade (ACSs) participam primeira etapa da 2\u00aa Oficina em Sa\u00fade Digital"},{"@type":"WebSite","@id":"https:\/\/www.manaus.am.gov.br\/semsa\/#website","url":"https:\/\/www.manaus.am.gov.br\/semsa\/","name":"SEMSA","description":"Secretaria Municipal de Sa\u00fade","alternateName":"Secretaria Municipal de Sa\u00fade","potentialAction":[{"@type":"SearchAction","target":{"@type":"EntryPoint","urlTemplate":"https:\/\/www.manaus.am.gov.br\/semsa\/?s={search_term_string}"},"query-input":"required name=search_term_string"}],"inLanguage":"pt-BR"},{"@type":"Person","@id":"https:\/\/www.manaus.am.gov.br\/semsa\/#\/schema\/person\/05d223aea2bf115f9883a6ff3683d81b","name":"Bruna Greco","image":{"@type":"ImageObject","inLanguage":"pt-BR","@id":"https:\/\/www.manaus.am.gov.br\/semsa\/#\/schema\/person\/image\/","url":"https:\/\/secure.gravatar.com\/avatar\/9c877d1a6adc2a055330e5c09a8653ce?s=96&d=mm&r=g","contentUrl":"https:\/\/secure.gravatar.com\/avatar\/9c877d1a6adc2a055330e5c09a8653ce?s=96&d=mm&r=g","caption":"Bruna Greco"}}]}},"_links":{"self":[{"href":"https:\/\/www.manaus.am.gov.br\/semsa\/wp-json\/wp\/v2\/posts\/225243"}],"collection":[{"href":"https:\/\/www.manaus.am.gov.br\/semsa\/wp-json\/wp\/v2\/posts"}],"about":[{"href":"https:\/\/www.manaus.am.gov.br\/semsa\/wp-json\/wp\/v2\/types\/post"}],"author":[{"embeddable":true,"href":"https:\/\/www.manaus.am.gov.br\/semsa\/wp-json\/wp\/v2\/users\/39"}],"replies":[{"embeddable":true,"href":"https:\/\/www.manaus.am.gov.br\/semsa\/wp-json\/wp\/v2\/comments?post=225243"}],"version-history":[{"count":1,"href":"https:\/\/www.manaus.am.gov.br\/semsa\/wp-json\/wp\/v2\/posts\/225243\/revisions"}],"predecessor-version":[{"id":225246,"href":"https:\/\/www.manaus.am.gov.br\/semsa\/wp-json\/wp\/v2\/posts\/225243\/revisions\/225246"}],"wp:featuredmedia":[{"embeddable":true,"href":"https:\/\/www.manaus.am.gov.br\/semsa\/wp-json\/wp\/v2\/media\/225244"}],"wp:attachment":[{"href":"https:\/\/www.manaus.am.gov.br\/semsa\/wp-json\/wp\/v2\/media?parent=225243"}],"wp:term":[{"taxonomy":"category","embeddable":true,"href":"https:\/\/www.manaus.am.gov.br\/semsa\/wp-json\/wp\/v2\/categories?post=225243"},{"taxonomy":"post_tag","embeddable":true,"href":"https:\/\/www.manaus.am.gov.br\/semsa\/wp-json\/wp\/v2\/tags?post=225243"}],"curies":[{"name":"wp","href":"https:\/\/api.w.org\/{rel}","templated":true}]}}