{"id":225087,"date":"2025-08-26T17:46:30","date_gmt":"2025-08-26T21:46:30","guid":{"rendered":"https:\/\/www.manaus.am.gov.br\/semsa\/convoca-mais-medicos\/"},"modified":"2025-08-26T17:46:31","modified_gmt":"2025-08-26T21:46:31","slug":"convoca-mais-medicos","status":"publish","type":"post","link":"https:\/\/www.manaus.am.gov.br\/semsa\/convoca-mais-medicos\/","title":{"rendered":"Prefeitura de Manaus convoca profissionais em nova chamada do \u2018Mais M\u00e9dicos para o Brasil\u2019"},"content":{"rendered":"\n<p>A Prefeitura de Manaus est\u00e1 convocando sete bolsistas do \u201cMais M\u00e9dicos para o Brasil\u201d (PMMB) para apresenta\u00e7\u00e3o na Secretaria Municipal de Sa\u00fade (Semsa). Os profissionais, selecionados na segunda chamada do 41\u00ba ciclo do projeto do governo federal e alocados para atua\u00e7\u00e3o no munic\u00edpio, devem comparecer na sede da secretaria para procedimentos pr\u00e9-admissionais e checagem de pr\u00e9-requisitos, da quarta-feira, 27\/8, at\u00e9 o pr\u00f3ximo dia 4 de setembro.<\/p>\n\n\n\n<p>A secret\u00e1ria municipal de Sa\u00fade em exerc\u00edcio, Aline Rosa Martins, ressalta o papel dos profissionais oriundos do \u201cMais M\u00e9dicos\u201d para a qualidade dos servi\u00e7os e a humaniza\u00e7\u00e3o dos atendimentos de sa\u00fade na esfera municipal. Atualmente, informa a gestora, 263 bolsistas do projeto federal atuam nas unidades da Semsa Manaus.<\/p>\n\n\n\n<p>\u201cEsses m\u00e9dicos contribuem para que possamos ampliar o n\u00famero de profissionais em \u00e1reas vulner\u00e1veis, fortalecer a resolutividade dos servi\u00e7os e expandir o acesso \u00e0 sa\u00fade para popula\u00e7\u00f5es com dificuldades de acesso\u201d, aponta Aline.<\/p>\n\n\n\n<p>Os sete bolsistas inclu\u00eddos no novo chamado s\u00e3o m\u00e9dicos formados em institui\u00e7\u00f5es de ensino superior brasileiras ou com diploma revalidado no Brasil, com registro ativo no Conselho Regional de Medicina (CRM). A lista dos profissionais consta no Resultado Final do edital n\u00ba 7\/2025 (41\u00ba Ciclo) do PMMB, divulgado no site www.gov.br\/saude\/pt-br\/composicao\/sgtes\/mais-medicos\/chamamentos-publicos\/2025.<\/p>\n\n\n\n<p>O edital de chamamento dos novos bolsistas foi divulgado no Di\u00e1rio Oficial do Munic\u00edpio (DOM), edi\u00e7\u00e3o de n\u00ba 6.139, da sexta-feira, 22\/8. A publica\u00e7\u00e3o est\u00e1 dispon\u00edvel para confer\u00eancia no endere\u00e7o www.manaus.am.gov.br\/semsa, menu \u201cA Semsa\u201d, item \u201cConcursos\u201d.<\/p>\n\n\n\n<p><strong>Procedimentos<\/strong><\/p>\n\n\n\n<p>Nos termos do edital, os profissionais convocados devem, inicialmente, confirmar o interesse na vaga por meio do Sistema de Gerenciamento de Programas (SGP), do Minist\u00e9rio da Sa\u00fade. Em seguida, dever\u00e3o fazer o cadastro e envio dos documentos requeridos para a homologa\u00e7\u00e3o da ades\u00e3o ao programa federal, por meio do endere\u00e7o pssemsa.manaus.am.gov.br\/.<\/p>\n\n\n\n<p>A lista de documentos consta no anexo \u00fanico do edital e inclui documento oficial de identidade; CPF; inscri\u00e7\u00e3o no PIS ou Pasep; termo de Ades\u00e3o e Compromisso, devidamente assinado, em duas vias; diploma de gradua\u00e7\u00e3o em Medicina; registro profissional emitido pelo CRM, com o pedido respectivo de transfer\u00eancia para o estado do Amazonas, entre outros.<\/p>\n\n\n\n<p>Ap\u00f3s finalizar o procedimento on-line, os convocados devem se dirigir, munidos de documento oficial de identifica\u00e7\u00e3o e CPF, \u00e0 sala de posse da Semsa Manaus, na avenida Macei\u00f3, 160, bairro Adrian\u00f3polis, zona Centro-Sul. O prazo para comparecimento vai da quarta-feira, 27\/8, at\u00e9 4 de setembro de 2025, com atendimento das 8h \u00e0s 12h, em hor\u00e1rio local, de segunda a sexta-feira, em dias \u00fateis.<\/p>\n\n\n\n<p>A Semsa alerta que a entrega dos documentos deve ser feita de forma presencial pelo m\u00e9dico bolsista, n\u00e3o sendo admitida a entrega por procurador ou representante.<\/p>\n\n\n\n<p><strong>Programa<\/strong><\/p>\n\n\n\n<p>Dentre os 263 bolsistas do \u201cMais M\u00e9dicos\u201d atualmente em atua\u00e7\u00e3o nas unidades da Semsa, 97 s\u00e3o formados em institui\u00e7\u00f5es de ensino superior brasileiras ou com diploma revalidado no pa\u00eds, com registro ativo no CRM. Outros 166 s\u00e3o profissionais intercambistas, formados e habilitados para o exerc\u00edcio da medicina no exterior, e que passaram pelo M\u00f3dulo de Acolhimento e Avalia\u00e7\u00e3o (MAAv) do PMMB.<\/p>\n\n\n\n<p>Em seu 41\u00ba ciclo, o PMMB tem como objetivo fortalecer a Aten\u00e7\u00e3o Prim\u00e1ria \u00e0 Sa\u00fade (APS) em regi\u00f5es priorit\u00e1rias do Sistema \u00danico de Sa\u00fade (SUS), com a inser\u00e7\u00e3o de profissionais em equipes de Sa\u00fade da Fam\u00edlia (eSF) e em Distritos Sanit\u00e1rios Especiais Ind\u00edgenas (Dsei).<\/p>\n\n\n\n<p>&#8212; &#8212; &#8212;&nbsp;<\/p>\n\n\n\n<p><strong>Texto &#8211;&nbsp;<\/strong>Jony Clay Borges \/ Semsa<\/p>\n\n\n\n<p><strong>Publicado em<\/strong> &#8211;<\/p>\n\n\n\n<p><strong>Fotos &#8211;&nbsp;<\/strong>Divulga\u00e7\u00e3o \/ Semsa<\/p>\n","protected":false},"excerpt":{"rendered":"","protected":false},"author":61,"featured_media":225088,"comment_status":"closed","ping_status":"closed","sticky":false,"template":"","format":"standard","meta":{"footnotes":""},"categories":[3],"tags":[114,1174,54,28],"acf":[],"yoast_head":"<!-- This site is optimized with the Yoast SEO plugin v23.0 - https:\/\/yoast.com\/wordpress\/plugins\/seo\/ -->\n<title>Prefeitura de Manaus convoca profissionais em nova chamada do \u2018Mais M\u00e9dicos para o Brasil\u2019<\/title>\n<meta name=\"description\" content=\"A Prefeitura de Manaus est\u00e1 convocando sete bolsistas do \u201cMais M\u00e9dicos para o Brasil\u201d (PMMB) para apresenta\u00e7\u00e3o na Secretaria Municipal de Sa\u00fade (Semsa).\" \/>\n<meta name=\"robots\" content=\"index, follow, max-snippet:-1, max-image-preview:large, max-video-preview:-1\" \/>\n<link rel=\"canonical\" href=\"https:\/\/www.manaus.am.gov.br\/semsa\/convoca-mais-medicos\/\" \/>\n<meta property=\"og:locale\" content=\"pt_BR\" \/>\n<meta property=\"og:type\" content=\"article\" \/>\n<meta property=\"og:title\" content=\"Prefeitura de Manaus convoca profissionais em nova chamada do \u2018Mais M\u00e9dicos para o Brasil\u2019\" \/>\n<meta property=\"og:description\" content=\"A Prefeitura de Manaus est\u00e1 convocando sete bolsistas do \u201cMais M\u00e9dicos para o Brasil\u201d (PMMB) para apresenta\u00e7\u00e3o na Secretaria Municipal de Sa\u00fade (Semsa).\" \/>\n<meta property=\"og:url\" content=\"https:\/\/www.manaus.am.gov.br\/semsa\/convoca-mais-medicos\/\" \/>\n<meta property=\"og:site_name\" content=\"SEMSA\" \/>\n<meta property=\"article:published_time\" content=\"2025-08-26T21:46:30+00:00\" \/>\n<meta property=\"article:modified_time\" content=\"2025-08-26T21:46:31+00:00\" \/>\n<meta property=\"og:image\" content=\"https:\/\/www.manaus.am.gov.br\/semsa\/wp-content\/uploads\/sites\/8\/2025\/08\/SEMSA-MANAUS-Convocacao-Mais-Medicos-2.jpg\" \/>\n\t<meta property=\"og:image:width\" content=\"848\" \/>\n\t<meta property=\"og:image:height\" content=\"565\" \/>\n\t<meta property=\"og:image:type\" content=\"image\/jpeg\" \/>\n<meta name=\"author\" content=\"smonteiro\" \/>\n<meta name=\"twitter:card\" content=\"summary_large_image\" \/>\n<meta name=\"twitter:label1\" content=\"Written by\" \/>\n\t<meta name=\"twitter:data1\" content=\"smonteiro\" \/>\n\t<meta name=\"twitter:label2\" content=\"Est. reading time\" \/>\n\t<meta name=\"twitter:data2\" content=\"4 minutos\" \/>\n<script type=\"application\/ld+json\" class=\"yoast-schema-graph\">{\"@context\":\"https:\/\/schema.org\",\"@graph\":[{\"@type\":\"WebPage\",\"@id\":\"https:\/\/www.manaus.am.gov.br\/semsa\/convoca-mais-medicos\/\",\"url\":\"https:\/\/www.manaus.am.gov.br\/semsa\/convoca-mais-medicos\/\",\"name\":\"Prefeitura de Manaus convoca profissionais em nova chamada do \u2018Mais M\u00e9dicos para o Brasil\u2019\",\"isPartOf\":{\"@id\":\"https:\/\/www.manaus.am.gov.br\/semsa\/#website\"},\"primaryImageOfPage\":{\"@id\":\"https:\/\/www.manaus.am.gov.br\/semsa\/convoca-mais-medicos\/#primaryimage\"},\"image\":{\"@id\":\"https:\/\/www.manaus.am.gov.br\/semsa\/convoca-mais-medicos\/#primaryimage\"},\"thumbnailUrl\":\"https:\/\/www.manaus.am.gov.br\/semsa\/wp-content\/uploads\/sites\/8\/2025\/08\/SEMSA-MANAUS-Convocacao-Mais-Medicos-2.jpg\",\"datePublished\":\"2025-08-26T21:46:30+00:00\",\"dateModified\":\"2025-08-26T21:46:31+00:00\",\"author\":{\"@id\":\"https:\/\/www.manaus.am.gov.br\/semsa\/#\/schema\/person\/ab4dcf766a54dff74e8d267f5c591961\"},\"description\":\"A Prefeitura de Manaus est\u00e1 convocando sete bolsistas do \u201cMais M\u00e9dicos para o Brasil\u201d (PMMB) para apresenta\u00e7\u00e3o na Secretaria Municipal de Sa\u00fade (Semsa).\",\"inLanguage\":\"pt-BR\",\"potentialAction\":[{\"@type\":\"ReadAction\",\"target\":[\"https:\/\/www.manaus.am.gov.br\/semsa\/convoca-mais-medicos\/\"]}]},{\"@type\":\"ImageObject\",\"inLanguage\":\"pt-BR\",\"@id\":\"https:\/\/www.manaus.am.gov.br\/semsa\/convoca-mais-medicos\/#primaryimage\",\"url\":\"https:\/\/www.manaus.am.gov.br\/semsa\/wp-content\/uploads\/sites\/8\/2025\/08\/SEMSA-MANAUS-Convocacao-Mais-Medicos-2.jpg\",\"contentUrl\":\"https:\/\/www.manaus.am.gov.br\/semsa\/wp-content\/uploads\/sites\/8\/2025\/08\/SEMSA-MANAUS-Convocacao-Mais-Medicos-2.jpg\",\"width\":848,\"height\":565,\"caption\":\"#paratodosverem - m\u00e9dico da Semsa fazendo atendimento a paciente\"},{\"@type\":\"WebSite\",\"@id\":\"https:\/\/www.manaus.am.gov.br\/semsa\/#website\",\"url\":\"https:\/\/www.manaus.am.gov.br\/semsa\/\",\"name\":\"SEMSA\",\"description\":\"Secretaria Municipal de Sa\u00fade\",\"alternateName\":\"Secretaria Municipal de Sa\u00fade\",\"potentialAction\":[{\"@type\":\"SearchAction\",\"target\":{\"@type\":\"EntryPoint\",\"urlTemplate\":\"https:\/\/www.manaus.am.gov.br\/semsa\/?s={search_term_string}\"},\"query-input\":\"required name=search_term_string\"}],\"inLanguage\":\"pt-BR\"},{\"@type\":\"Person\",\"@id\":\"https:\/\/www.manaus.am.gov.br\/semsa\/#\/schema\/person\/ab4dcf766a54dff74e8d267f5c591961\",\"name\":\"smonteiro\",\"image\":{\"@type\":\"ImageObject\",\"inLanguage\":\"pt-BR\",\"@id\":\"https:\/\/www.manaus.am.gov.br\/semsa\/#\/schema\/person\/image\/\",\"url\":\"https:\/\/secure.gravatar.com\/avatar\/21c8776ef61d9272c73322052e042d77?s=96&d=mm&r=g\",\"contentUrl\":\"https:\/\/secure.gravatar.com\/avatar\/21c8776ef61d9272c73322052e042d77?s=96&d=mm&r=g\",\"caption\":\"smonteiro\"}}]}<\/script>\n<!-- \/ Yoast SEO plugin. -->","yoast_head_json":{"title":"Prefeitura de Manaus convoca profissionais em nova chamada do \u2018Mais M\u00e9dicos para o Brasil\u2019","description":"A Prefeitura de Manaus est\u00e1 convocando sete bolsistas do \u201cMais M\u00e9dicos para o Brasil\u201d (PMMB) para apresenta\u00e7\u00e3o na Secretaria Municipal de Sa\u00fade (Semsa).","robots":{"index":"index","follow":"follow","max-snippet":"max-snippet:-1","max-image-preview":"max-image-preview:large","max-video-preview":"max-video-preview:-1"},"canonical":"https:\/\/www.manaus.am.gov.br\/semsa\/convoca-mais-medicos\/","og_locale":"pt_BR","og_type":"article","og_title":"Prefeitura de Manaus convoca profissionais em nova chamada do \u2018Mais M\u00e9dicos para o Brasil\u2019","og_description":"A Prefeitura de Manaus est\u00e1 convocando sete bolsistas do \u201cMais M\u00e9dicos para o Brasil\u201d (PMMB) para apresenta\u00e7\u00e3o na Secretaria Municipal de Sa\u00fade (Semsa).","og_url":"https:\/\/www.manaus.am.gov.br\/semsa\/convoca-mais-medicos\/","og_site_name":"SEMSA","article_published_time":"2025-08-26T21:46:30+00:00","article_modified_time":"2025-08-26T21:46:31+00:00","og_image":[{"width":848,"height":565,"url":"https:\/\/www.manaus.am.gov.br\/semsa\/wp-content\/uploads\/sites\/8\/2025\/08\/SEMSA-MANAUS-Convocacao-Mais-Medicos-2.jpg","type":"image\/jpeg"}],"author":"smonteiro","twitter_card":"summary_large_image","twitter_misc":{"Written by":"smonteiro","Est. reading time":"4 minutos"},"schema":{"@context":"https:\/\/schema.org","@graph":[{"@type":"WebPage","@id":"https:\/\/www.manaus.am.gov.br\/semsa\/convoca-mais-medicos\/","url":"https:\/\/www.manaus.am.gov.br\/semsa\/convoca-mais-medicos\/","name":"Prefeitura de Manaus convoca profissionais em nova chamada do \u2018Mais M\u00e9dicos para o Brasil\u2019","isPartOf":{"@id":"https:\/\/www.manaus.am.gov.br\/semsa\/#website"},"primaryImageOfPage":{"@id":"https:\/\/www.manaus.am.gov.br\/semsa\/convoca-mais-medicos\/#primaryimage"},"image":{"@id":"https:\/\/www.manaus.am.gov.br\/semsa\/convoca-mais-medicos\/#primaryimage"},"thumbnailUrl":"https:\/\/www.manaus.am.gov.br\/semsa\/wp-content\/uploads\/sites\/8\/2025\/08\/SEMSA-MANAUS-Convocacao-Mais-Medicos-2.jpg","datePublished":"2025-08-26T21:46:30+00:00","dateModified":"2025-08-26T21:46:31+00:00","author":{"@id":"https:\/\/www.manaus.am.gov.br\/semsa\/#\/schema\/person\/ab4dcf766a54dff74e8d267f5c591961"},"description":"A Prefeitura de Manaus est\u00e1 convocando sete bolsistas do \u201cMais M\u00e9dicos para o Brasil\u201d (PMMB) para apresenta\u00e7\u00e3o na Secretaria Municipal de Sa\u00fade (Semsa).","inLanguage":"pt-BR","potentialAction":[{"@type":"ReadAction","target":["https:\/\/www.manaus.am.gov.br\/semsa\/convoca-mais-medicos\/"]}]},{"@type":"ImageObject","inLanguage":"pt-BR","@id":"https:\/\/www.manaus.am.gov.br\/semsa\/convoca-mais-medicos\/#primaryimage","url":"https:\/\/www.manaus.am.gov.br\/semsa\/wp-content\/uploads\/sites\/8\/2025\/08\/SEMSA-MANAUS-Convocacao-Mais-Medicos-2.jpg","contentUrl":"https:\/\/www.manaus.am.gov.br\/semsa\/wp-content\/uploads\/sites\/8\/2025\/08\/SEMSA-MANAUS-Convocacao-Mais-Medicos-2.jpg","width":848,"height":565,"caption":"#paratodosverem - m\u00e9dico da Semsa fazendo atendimento a paciente"},{"@type":"WebSite","@id":"https:\/\/www.manaus.am.gov.br\/semsa\/#website","url":"https:\/\/www.manaus.am.gov.br\/semsa\/","name":"SEMSA","description":"Secretaria Municipal de Sa\u00fade","alternateName":"Secretaria Municipal de Sa\u00fade","potentialAction":[{"@type":"SearchAction","target":{"@type":"EntryPoint","urlTemplate":"https:\/\/www.manaus.am.gov.br\/semsa\/?s={search_term_string}"},"query-input":"required name=search_term_string"}],"inLanguage":"pt-BR"},{"@type":"Person","@id":"https:\/\/www.manaus.am.gov.br\/semsa\/#\/schema\/person\/ab4dcf766a54dff74e8d267f5c591961","name":"smonteiro","image":{"@type":"ImageObject","inLanguage":"pt-BR","@id":"https:\/\/www.manaus.am.gov.br\/semsa\/#\/schema\/person\/image\/","url":"https:\/\/secure.gravatar.com\/avatar\/21c8776ef61d9272c73322052e042d77?s=96&d=mm&r=g","contentUrl":"https:\/\/secure.gravatar.com\/avatar\/21c8776ef61d9272c73322052e042d77?s=96&d=mm&r=g","caption":"smonteiro"}}]}},"_links":{"self":[{"href":"https:\/\/www.manaus.am.gov.br\/semsa\/wp-json\/wp\/v2\/posts\/225087"}],"collection":[{"href":"https:\/\/www.manaus.am.gov.br\/semsa\/wp-json\/wp\/v2\/posts"}],"about":[{"href":"https:\/\/www.manaus.am.gov.br\/semsa\/wp-json\/wp\/v2\/types\/post"}],"author":[{"embeddable":true,"href":"https:\/\/www.manaus.am.gov.br\/semsa\/wp-json\/wp\/v2\/users\/61"}],"replies":[{"embeddable":true,"href":"https:\/\/www.manaus.am.gov.br\/semsa\/wp-json\/wp\/v2\/comments?post=225087"}],"version-history":[{"count":0,"href":"https:\/\/www.manaus.am.gov.br\/semsa\/wp-json\/wp\/v2\/posts\/225087\/revisions"}],"wp:featuredmedia":[{"embeddable":true,"href":"https:\/\/www.manaus.am.gov.br\/semsa\/wp-json\/wp\/v2\/media\/225088"}],"wp:attachment":[{"href":"https:\/\/www.manaus.am.gov.br\/semsa\/wp-json\/wp\/v2\/media?parent=225087"}],"wp:term":[{"taxonomy":"category","embeddable":true,"href":"https:\/\/www.manaus.am.gov.br\/semsa\/wp-json\/wp\/v2\/categories?post=225087"},{"taxonomy":"post_tag","embeddable":true,"href":"https:\/\/www.manaus.am.gov.br\/semsa\/wp-json\/wp\/v2\/tags?post=225087"}],"curies":[{"name":"wp","href":"https:\/\/api.w.org\/{rel}","templated":true}]}}