{"id":225085,"date":"2025-08-26T17:24:11","date_gmt":"2025-08-26T21:24:11","guid":{"rendered":"https:\/\/www.manaus.am.gov.br\/semsa\/capacita-permissionarios-soumanaus\/"},"modified":"2025-08-26T17:24:13","modified_gmt":"2025-08-26T21:24:13","slug":"capacita-permissionarios-soumanaus","status":"publish","type":"post","link":"https:\/\/www.manaus.am.gov.br\/semsa\/capacita-permissionarios-soumanaus\/","title":{"rendered":"Visa Manaus capacita permission\u00e1rios de venda de alimentos do #SouManaus 2025"},"content":{"rendered":"\n<p>A Prefeitura de Manaus, por meio da Diretoria de Vigil\u00e2ncia Sanit\u00e1ria (Visa Manaus) da Secretaria Municipal de Sa\u00fade (Semsa), realizou, nesta ter\u00e7a-feira, 26\/8, a capacita\u00e7\u00e3o dos permission\u00e1rios que ir\u00e3o atuar com venda de comidas e bebidas no festival #SouManaus Passo a Pa\u00e7o 2025, que acontece nos dias 5, 6 e 7 de setembro no Centro da cidade.<\/p>\n\n\n\n<p>A diretora da Visa Manaus, Maria do Carmo Le\u00e3o, ressaltou a import\u00e2ncia da qualifica\u00e7\u00e3o para proteger a sa\u00fade e o bem-estar da popula\u00e7\u00e3o durante os dias do #SouManaus.<\/p>\n\n\n\n<p>\u201cEsse \u00e9 o maior evento cultural do ano em nossa cidade, e uma iniciativa especial do prefeito David Almeida para proporcionar, de forma gratuita \u00e0 popula\u00e7\u00e3o, o acesso a diversas manifesta\u00e7\u00f5es art\u00edsticas. Diante disso, a Visa Manaus refor\u00e7a seu compromisso de orientar os comerciantes de alimentos do evento, para prevenir riscos \u00e0 sa\u00fade dos frequentadores. A visa tamb\u00e9m ir\u00e1 atuar nos tr\u00eas dias de festival, com equipes de fiscais monitorando os estabelecimentos e verificando se a comida e a bebida que chegam ao p\u00fablico podem ser consumidas livres de riscos\u201d, explica a diretora.<\/p>\n\n\n\n<p>A programa\u00e7\u00e3o, que envolveu a realiza\u00e7\u00e3o de uma palestra especial, ministrada pelas fiscais especialistas da Ger\u00eancia de Vigil\u00e2ncia de Alimentos (Gevali) da Visa Manaus, Gizeli Giffoni e Josimara Moura, aconteceu no audit\u00f3rio do Mirante L\u00facia Almeida, na rua Sete de Setembro, Centro de Manaus, e reuniu 83 permission\u00e1rios credenciados para o evento.<\/p>\n\n\n\n<p>Diante da grande estrutura mobilizada neste ano para o festival, que contar\u00e1 com seis palcos principais, 20 atra\u00e7\u00f5es musicais nacionais e diversas atividades culturais e gastron\u00f4micas, as fiscais orientaram os trabalhadores sobre como manter as boas pr\u00e1ticas sanit\u00e1rias em uma situa\u00e7\u00e3o de grande fluxo de p\u00fablico e rotatividade de produtos.<\/p>\n\n\n\n<p>\u201cNosso objetivo foi explicar como fazer para que a opera\u00e7\u00e3o das barracas de alimentos seja a mais limpa e segura poss\u00edvel, prevenindo riscos de contamina\u00e7\u00e3o alimentar e ajudando a fortalecer a seguran\u00e7a sanit\u00e1ria do p\u00fablico\u201d, explica a fiscal Gizeli.<\/p>\n\n\n\n<p><strong>Higieniza\u00e7\u00e3o<\/strong><\/p>\n\n\n\n<p>Foram abordados aspectos como o asseio das barracas, a import\u00e2ncia da higieniza\u00e7\u00e3o constante das m\u00e3os por parte dos trabalhadores, cuidados para o manuseio e exposi\u00e7\u00e3o dos alimentos, condi\u00e7\u00f5es ideais de refrigera\u00e7\u00e3o, o acondicionamento correto para diferentes tipos de alimentos, cuidados estruturais (como a aten\u00e7\u00e3o a situa\u00e7\u00f5es de fia\u00e7\u00e3o el\u00e9trica exposta), entre outros, todos buscando refor\u00e7ar o conforto e a tranquilidade tanto do p\u00fablico quanto dos trabalhadores durante os dias de festival.<\/p>\n\n\n\n<p>Aproveitando as diversas a\u00e7\u00f5es de fiscaliza\u00e7\u00e3o de grandes eventos realizadas pela Visa Manaus ao longo dos \u00faltimos anos, a apresenta\u00e7\u00e3o das fiscais tamb\u00e9m foi enriquecida com muitas fotos de exemplos de boas pr\u00e1ticas sanit\u00e1rias e adequa\u00e7\u00f5es de baixo custo, colhidas em eventos anteriores, para mostrar que \u00e9 poss\u00edvel oferecer uma alimenta\u00e7\u00e3o segura num contexto de evento de massa. Exemplos de irregularidades tamb\u00e9m foram exibidos, para ajudar no esclarecimento dos comerciantes.<\/p>\n\n\n\n<p><strong>Certifica\u00e7\u00e3o de seguran\u00e7a<\/strong><\/p>\n\n\n\n<p>Outra frente de trabalho da Visa Manaus no evento contempla a Ger\u00eancia de Vigil\u00e2ncia de Alimentos, que ir\u00e1 avaliar a adequa\u00e7\u00e3o das barracas \u00e0s normas de seguran\u00e7a sanit\u00e1ria in loco durante o festival. A partir de um checklist contendo os aspectos a serem observados em cada estabelecimento, os fiscais ir\u00e3o conceder \u00e0s barracas um selo de certifica\u00e7\u00e3o, com notas A, B e C, indicando a sua adequa\u00e7\u00e3o \u00e0s boas pr\u00e1ticas sanit\u00e1rias.<\/p>\n\n\n\n<p>A medida visa estimular a aten\u00e7\u00e3o constante \u00e0 seguran\u00e7a dos consumidores, bem como a busca por melhorias, como explica a fiscal Josimara. \u201cEssa a\u00e7\u00e3o foi adotada pela Visa Manaus como forma de informar o p\u00fablico, tamb\u00e9m, a respeito das condi\u00e7\u00f5es de seguran\u00e7a alimentar em cada estabelecimento. Com base em todos os conhecimentos transmitidos na capacita\u00e7\u00e3o de hoje, esperamos que os comerciantes realmente ponham em pr\u00e1tica as maneiras corretas de manipular e conservar alimentos, e busquem a certifica\u00e7\u00e3o m\u00e1xima\u201d, afirma.<\/p>\n\n\n\n<p>A popula\u00e7\u00e3o de Manaus pode denunciar irregularidades sanit\u00e1rias relativas a produtos e servi\u00e7os por meio da Ouvidoria da Visa Manaus, no n\u00famero (92) 98842-8481 ou pelo e-mail visamanaus.ouvidoria@gmail.com.<\/p>\n\n\n\n<p>&#8212; &#8212; &#8212;&nbsp;<\/p>\n\n\n\n<p><strong>Texto &#8211;<\/strong>\u00a0Renildo Rodrigues \/ Semsa<\/p>\n\n\n\n<p><strong>Fotos &#8211;<\/strong>&nbsp;Divulga\u00e7\u00e3o \/ Semsa<\/p>\n","protected":false},"excerpt":{"rendered":"","protected":false},"author":61,"featured_media":225086,"comment_status":"closed","ping_status":"closed","sticky":false,"template":"","format":"standard","meta":{"footnotes":""},"categories":[172],"tags":[3357,637,36,3358,54,28,79],"acf":[],"yoast_head":"<!-- This site is optimized with the Yoast SEO plugin v23.0 - https:\/\/yoast.com\/wordpress\/plugins\/seo\/ -->\n<title>Visa Manaus capacita permission\u00e1rios de venda de alimentos do #SouManaus 2025<\/title>\n<meta name=\"description\" content=\"A Prefeitura de Manaus, por meio da Diretoria de Vigil\u00e2ncia Sanit\u00e1ria (Visa Manaus) da Secretaria Municipal de Sa\u00fade (Semsa), realizou, nesta ter\u00e7a-feira, 26\/8, a capacita\u00e7\u00e3o dos permission\u00e1rios que ir\u00e3o atuar com venda de comidas e bebidas no festival #SouManaus Passo a Pa\u00e7o 2025\" \/>\n<meta name=\"robots\" content=\"index, follow, max-snippet:-1, max-image-preview:large, max-video-preview:-1\" \/>\n<link rel=\"canonical\" href=\"https:\/\/www.manaus.am.gov.br\/semsa\/capacita-permissionarios-soumanaus\/\" \/>\n<meta property=\"og:locale\" content=\"pt_BR\" \/>\n<meta property=\"og:type\" content=\"article\" \/>\n<meta property=\"og:title\" content=\"Visa Manaus capacita permission\u00e1rios de venda de alimentos do #SouManaus 2025\" \/>\n<meta property=\"og:description\" content=\"A Prefeitura de Manaus, por meio da Diretoria de Vigil\u00e2ncia Sanit\u00e1ria (Visa Manaus) da Secretaria Municipal de Sa\u00fade (Semsa), realizou, nesta ter\u00e7a-feira, 26\/8, a capacita\u00e7\u00e3o dos permission\u00e1rios que ir\u00e3o atuar com venda de comidas e bebidas no festival #SouManaus Passo a Pa\u00e7o 2025\" \/>\n<meta property=\"og:url\" content=\"https:\/\/www.manaus.am.gov.br\/semsa\/capacita-permissionarios-soumanaus\/\" \/>\n<meta property=\"og:site_name\" content=\"SEMSA\" \/>\n<meta property=\"article:published_time\" content=\"2025-08-26T21:24:11+00:00\" \/>\n<meta property=\"article:modified_time\" content=\"2025-08-26T21:24:13+00:00\" \/>\n<meta property=\"og:image\" content=\"https:\/\/www.manaus.am.gov.br\/semsa\/wp-content\/uploads\/sites\/8\/2025\/08\/Semsa-Manaus-_Visa-Passo-a-Paco-1.jpg\" \/>\n\t<meta property=\"og:image:width\" content=\"800\" \/>\n\t<meta property=\"og:image:height\" content=\"600\" \/>\n\t<meta property=\"og:image:type\" content=\"image\/jpeg\" \/>\n<meta name=\"author\" content=\"smonteiro\" \/>\n<meta name=\"twitter:card\" content=\"summary_large_image\" \/>\n<meta name=\"twitter:label1\" content=\"Written by\" \/>\n\t<meta name=\"twitter:data1\" content=\"smonteiro\" \/>\n\t<meta name=\"twitter:label2\" content=\"Est. reading time\" \/>\n\t<meta name=\"twitter:data2\" content=\"4 minutos\" \/>\n<script type=\"application\/ld+json\" class=\"yoast-schema-graph\">{\"@context\":\"https:\/\/schema.org\",\"@graph\":[{\"@type\":\"WebPage\",\"@id\":\"https:\/\/www.manaus.am.gov.br\/semsa\/capacita-permissionarios-soumanaus\/\",\"url\":\"https:\/\/www.manaus.am.gov.br\/semsa\/capacita-permissionarios-soumanaus\/\",\"name\":\"Visa Manaus capacita permission\u00e1rios de venda de alimentos do #SouManaus 2025\",\"isPartOf\":{\"@id\":\"https:\/\/www.manaus.am.gov.br\/semsa\/#website\"},\"primaryImageOfPage\":{\"@id\":\"https:\/\/www.manaus.am.gov.br\/semsa\/capacita-permissionarios-soumanaus\/#primaryimage\"},\"image\":{\"@id\":\"https:\/\/www.manaus.am.gov.br\/semsa\/capacita-permissionarios-soumanaus\/#primaryimage\"},\"thumbnailUrl\":\"https:\/\/www.manaus.am.gov.br\/semsa\/wp-content\/uploads\/sites\/8\/2025\/08\/Semsa-Manaus-_Visa-Passo-a-Paco-1.jpg\",\"datePublished\":\"2025-08-26T21:24:11+00:00\",\"dateModified\":\"2025-08-26T21:24:13+00:00\",\"author\":{\"@id\":\"https:\/\/www.manaus.am.gov.br\/semsa\/#\/schema\/person\/ab4dcf766a54dff74e8d267f5c591961\"},\"description\":\"A Prefeitura de Manaus, por meio da Diretoria de Vigil\u00e2ncia Sanit\u00e1ria (Visa Manaus) da Secretaria Municipal de Sa\u00fade (Semsa), realizou, nesta ter\u00e7a-feira, 26\/8, a capacita\u00e7\u00e3o dos permission\u00e1rios que ir\u00e3o atuar com venda de comidas e bebidas no festival #SouManaus Passo a Pa\u00e7o 2025\",\"inLanguage\":\"pt-BR\",\"potentialAction\":[{\"@type\":\"ReadAction\",\"target\":[\"https:\/\/www.manaus.am.gov.br\/semsa\/capacita-permissionarios-soumanaus\/\"]}]},{\"@type\":\"ImageObject\",\"inLanguage\":\"pt-BR\",\"@id\":\"https:\/\/www.manaus.am.gov.br\/semsa\/capacita-permissionarios-soumanaus\/#primaryimage\",\"url\":\"https:\/\/www.manaus.am.gov.br\/semsa\/wp-content\/uploads\/sites\/8\/2025\/08\/Semsa-Manaus-_Visa-Passo-a-Paco-1.jpg\",\"contentUrl\":\"https:\/\/www.manaus.am.gov.br\/semsa\/wp-content\/uploads\/sites\/8\/2025\/08\/Semsa-Manaus-_Visa-Passo-a-Paco-1.jpg\",\"width\":800,\"height\":600,\"caption\":\"#paratodosverem - permission\u00e1rios do #SouManaus Passo a Pa\u00e7o 2025 ouvem orienta\u00e7\u00f5es da Visa Manaus\"},{\"@type\":\"WebSite\",\"@id\":\"https:\/\/www.manaus.am.gov.br\/semsa\/#website\",\"url\":\"https:\/\/www.manaus.am.gov.br\/semsa\/\",\"name\":\"SEMSA\",\"description\":\"Secretaria Municipal de Sa\u00fade\",\"alternateName\":\"Secretaria Municipal de Sa\u00fade\",\"potentialAction\":[{\"@type\":\"SearchAction\",\"target\":{\"@type\":\"EntryPoint\",\"urlTemplate\":\"https:\/\/www.manaus.am.gov.br\/semsa\/?s={search_term_string}\"},\"query-input\":\"required name=search_term_string\"}],\"inLanguage\":\"pt-BR\"},{\"@type\":\"Person\",\"@id\":\"https:\/\/www.manaus.am.gov.br\/semsa\/#\/schema\/person\/ab4dcf766a54dff74e8d267f5c591961\",\"name\":\"smonteiro\",\"image\":{\"@type\":\"ImageObject\",\"inLanguage\":\"pt-BR\",\"@id\":\"https:\/\/www.manaus.am.gov.br\/semsa\/#\/schema\/person\/image\/\",\"url\":\"https:\/\/secure.gravatar.com\/avatar\/21c8776ef61d9272c73322052e042d77?s=96&d=mm&r=g\",\"contentUrl\":\"https:\/\/secure.gravatar.com\/avatar\/21c8776ef61d9272c73322052e042d77?s=96&d=mm&r=g\",\"caption\":\"smonteiro\"}}]}<\/script>\n<!-- \/ Yoast SEO plugin. -->","yoast_head_json":{"title":"Visa Manaus capacita permission\u00e1rios de venda de alimentos do #SouManaus 2025","description":"A Prefeitura de Manaus, por meio da Diretoria de Vigil\u00e2ncia Sanit\u00e1ria (Visa Manaus) da Secretaria Municipal de Sa\u00fade (Semsa), realizou, nesta ter\u00e7a-feira, 26\/8, a capacita\u00e7\u00e3o dos permission\u00e1rios que ir\u00e3o atuar com venda de comidas e bebidas no festival #SouManaus Passo a Pa\u00e7o 2025","robots":{"index":"index","follow":"follow","max-snippet":"max-snippet:-1","max-image-preview":"max-image-preview:large","max-video-preview":"max-video-preview:-1"},"canonical":"https:\/\/www.manaus.am.gov.br\/semsa\/capacita-permissionarios-soumanaus\/","og_locale":"pt_BR","og_type":"article","og_title":"Visa Manaus capacita permission\u00e1rios de venda de alimentos do #SouManaus 2025","og_description":"A Prefeitura de Manaus, por meio da Diretoria de Vigil\u00e2ncia Sanit\u00e1ria (Visa Manaus) da Secretaria Municipal de Sa\u00fade (Semsa), realizou, nesta ter\u00e7a-feira, 26\/8, a capacita\u00e7\u00e3o dos permission\u00e1rios que ir\u00e3o atuar com venda de comidas e bebidas no festival #SouManaus Passo a Pa\u00e7o 2025","og_url":"https:\/\/www.manaus.am.gov.br\/semsa\/capacita-permissionarios-soumanaus\/","og_site_name":"SEMSA","article_published_time":"2025-08-26T21:24:11+00:00","article_modified_time":"2025-08-26T21:24:13+00:00","og_image":[{"width":800,"height":600,"url":"https:\/\/www.manaus.am.gov.br\/semsa\/wp-content\/uploads\/sites\/8\/2025\/08\/Semsa-Manaus-_Visa-Passo-a-Paco-1.jpg","type":"image\/jpeg"}],"author":"smonteiro","twitter_card":"summary_large_image","twitter_misc":{"Written by":"smonteiro","Est. reading time":"4 minutos"},"schema":{"@context":"https:\/\/schema.org","@graph":[{"@type":"WebPage","@id":"https:\/\/www.manaus.am.gov.br\/semsa\/capacita-permissionarios-soumanaus\/","url":"https:\/\/www.manaus.am.gov.br\/semsa\/capacita-permissionarios-soumanaus\/","name":"Visa Manaus capacita permission\u00e1rios de venda de alimentos do #SouManaus 2025","isPartOf":{"@id":"https:\/\/www.manaus.am.gov.br\/semsa\/#website"},"primaryImageOfPage":{"@id":"https:\/\/www.manaus.am.gov.br\/semsa\/capacita-permissionarios-soumanaus\/#primaryimage"},"image":{"@id":"https:\/\/www.manaus.am.gov.br\/semsa\/capacita-permissionarios-soumanaus\/#primaryimage"},"thumbnailUrl":"https:\/\/www.manaus.am.gov.br\/semsa\/wp-content\/uploads\/sites\/8\/2025\/08\/Semsa-Manaus-_Visa-Passo-a-Paco-1.jpg","datePublished":"2025-08-26T21:24:11+00:00","dateModified":"2025-08-26T21:24:13+00:00","author":{"@id":"https:\/\/www.manaus.am.gov.br\/semsa\/#\/schema\/person\/ab4dcf766a54dff74e8d267f5c591961"},"description":"A Prefeitura de Manaus, por meio da Diretoria de Vigil\u00e2ncia Sanit\u00e1ria (Visa Manaus) da Secretaria Municipal de Sa\u00fade (Semsa), realizou, nesta ter\u00e7a-feira, 26\/8, a capacita\u00e7\u00e3o dos permission\u00e1rios que ir\u00e3o atuar com venda de comidas e bebidas no festival #SouManaus Passo a Pa\u00e7o 2025","inLanguage":"pt-BR","potentialAction":[{"@type":"ReadAction","target":["https:\/\/www.manaus.am.gov.br\/semsa\/capacita-permissionarios-soumanaus\/"]}]},{"@type":"ImageObject","inLanguage":"pt-BR","@id":"https:\/\/www.manaus.am.gov.br\/semsa\/capacita-permissionarios-soumanaus\/#primaryimage","url":"https:\/\/www.manaus.am.gov.br\/semsa\/wp-content\/uploads\/sites\/8\/2025\/08\/Semsa-Manaus-_Visa-Passo-a-Paco-1.jpg","contentUrl":"https:\/\/www.manaus.am.gov.br\/semsa\/wp-content\/uploads\/sites\/8\/2025\/08\/Semsa-Manaus-_Visa-Passo-a-Paco-1.jpg","width":800,"height":600,"caption":"#paratodosverem - permission\u00e1rios do #SouManaus Passo a Pa\u00e7o 2025 ouvem orienta\u00e7\u00f5es da Visa Manaus"},{"@type":"WebSite","@id":"https:\/\/www.manaus.am.gov.br\/semsa\/#website","url":"https:\/\/www.manaus.am.gov.br\/semsa\/","name":"SEMSA","description":"Secretaria Municipal de Sa\u00fade","alternateName":"Secretaria Municipal de Sa\u00fade","potentialAction":[{"@type":"SearchAction","target":{"@type":"EntryPoint","urlTemplate":"https:\/\/www.manaus.am.gov.br\/semsa\/?s={search_term_string}"},"query-input":"required name=search_term_string"}],"inLanguage":"pt-BR"},{"@type":"Person","@id":"https:\/\/www.manaus.am.gov.br\/semsa\/#\/schema\/person\/ab4dcf766a54dff74e8d267f5c591961","name":"smonteiro","image":{"@type":"ImageObject","inLanguage":"pt-BR","@id":"https:\/\/www.manaus.am.gov.br\/semsa\/#\/schema\/person\/image\/","url":"https:\/\/secure.gravatar.com\/avatar\/21c8776ef61d9272c73322052e042d77?s=96&d=mm&r=g","contentUrl":"https:\/\/secure.gravatar.com\/avatar\/21c8776ef61d9272c73322052e042d77?s=96&d=mm&r=g","caption":"smonteiro"}}]}},"_links":{"self":[{"href":"https:\/\/www.manaus.am.gov.br\/semsa\/wp-json\/wp\/v2\/posts\/225085"}],"collection":[{"href":"https:\/\/www.manaus.am.gov.br\/semsa\/wp-json\/wp\/v2\/posts"}],"about":[{"href":"https:\/\/www.manaus.am.gov.br\/semsa\/wp-json\/wp\/v2\/types\/post"}],"author":[{"embeddable":true,"href":"https:\/\/www.manaus.am.gov.br\/semsa\/wp-json\/wp\/v2\/users\/61"}],"replies":[{"embeddable":true,"href":"https:\/\/www.manaus.am.gov.br\/semsa\/wp-json\/wp\/v2\/comments?post=225085"}],"version-history":[{"count":0,"href":"https:\/\/www.manaus.am.gov.br\/semsa\/wp-json\/wp\/v2\/posts\/225085\/revisions"}],"wp:featuredmedia":[{"embeddable":true,"href":"https:\/\/www.manaus.am.gov.br\/semsa\/wp-json\/wp\/v2\/media\/225086"}],"wp:attachment":[{"href":"https:\/\/www.manaus.am.gov.br\/semsa\/wp-json\/wp\/v2\/media?parent=225085"}],"wp:term":[{"taxonomy":"category","embeddable":true,"href":"https:\/\/www.manaus.am.gov.br\/semsa\/wp-json\/wp\/v2\/categories?post=225085"},{"taxonomy":"post_tag","embeddable":true,"href":"https:\/\/www.manaus.am.gov.br\/semsa\/wp-json\/wp\/v2\/tags?post=225085"}],"curies":[{"name":"wp","href":"https:\/\/api.w.org\/{rel}","templated":true}]}}