{"id":224966,"date":"2025-08-21T09:57:20","date_gmt":"2025-08-21T13:57:20","guid":{"rendered":"https:\/\/www.manaus.am.gov.br\/semsa\/prefeitura-semsa-vigilanciasanitaria-centro\/"},"modified":"2025-08-21T09:57:22","modified_gmt":"2025-08-21T13:57:22","slug":"prefeitura-semsa-vigilanciasanitaria-centro","status":"publish","type":"post","link":"https:\/\/www.manaus.am.gov.br\/semsa\/prefeitura-semsa-vigilanciasanitaria-centro\/","title":{"rendered":"Prefeitura de Manaus fiscaliza pontos de venda de alimentos no\u00a0centro da cidade"},"content":{"rendered":"\n<p>A Prefeitura de Manaus, por meio da Diretoria de Vigil\u00e2ncia Sanit\u00e1ria (Visa Manaus), da Secretaria Municipal de Sa\u00fade (Semsa), realizou, na manh\u00e3 e tarde de quarta-feira, 20\/8, uma fiscaliza\u00e7\u00e3o em pontos de venda de frutas e verduras na rua Bar\u00e3o de S\u00e3o Domingos, no Centro. A a\u00e7\u00e3o, que faz parte do \u201cMutir\u00e3o no Bairro\u201d, compreendeu a fiscaliza\u00e7\u00e3o de 18 estabelecimentos, dos quais 15 foram autuados por irregularidades relacionadas ao armazenamento, manipula\u00e7\u00e3o e proced\u00eancia dos produtos.<\/p>\n\n\n\n<p>\u201cA Visa Manaus, sob a orienta\u00e7\u00e3o do prefeito David Almeida, tem atuado com frequ\u00eancia na inspe\u00e7\u00e3o de locais de com\u00e9rcio de alimentos na regi\u00e3o central da cidade. Al\u00e9m das opera\u00e7\u00f5es integradas com outros \u00f3rg\u00e3os, que ao longo das \u00faltimas semanas tiraram de circula\u00e7\u00e3o alimentos e bebidas em situa\u00e7\u00e3o de risco sanit\u00e1rio, n\u00f3s tamb\u00e9m estamos realizando um trabalho de car\u00e1ter educativo e preventivo, como na a\u00e7\u00e3o de hoje\u201d, explicou a diretora da Visa Manaus, Maria do Carmo Le\u00e3o.<\/p>\n\n\n\n<p>Os fiscais da Ger\u00eancia de Vigil\u00e2ncia de Alimentos (Gevali), da Visa Manaus, percorreram os 18 pontos de venda observando quatro aspectos principais: se o estabelecimento possu\u00eda a licen\u00e7a sanit\u00e1ria; comprova\u00e7\u00e3o documental e presencial de que o local recebe um controle regular de pragas; &nbsp;higiene geral do estabelecimento e a qualidade sanit\u00e1ria dos alimentos oferecidos ao p\u00fablico.<\/p>\n\n\n\n<p>Desses 18 locais, 15 foram autuados pela equipe da Gevali para corre\u00e7\u00e3o das diferentes irregularidades encontradas. Todos receberam um prazo para se adequar \u00e0s normas de seguran\u00e7a sanit\u00e1ria; ao final desse prazo, a equipe ir\u00e1 retornar aos estabelecimentos para verificar se os ajustes foram cumpridos, como explicou o gerente de Vigil\u00e2ncia de Alimentos da Visa Manaus, Ricardo Celestino.<\/p>\n\n\n\n<p>\u201c\u00c9 importante destacar que, apesar do vi\u00e9s educacional e preventivo da a\u00e7\u00e3o, a Prefeitura de Manaus cumprir\u00e1 o seu papel diante das situa\u00e7\u00f5es de risco iminente \u00e0 sa\u00fade e seguran\u00e7a da popula\u00e7\u00e3o, apreendendo alimentos que estejam em situa\u00e7\u00e3o de risco sanit\u00e1rio. Nos casos de riscos menores, que podem ser minimizados com ajustes estruturais e\/ou nos processos de trabalho, n\u00f3s estamos oferecendo um prazo aos lojistas para as devidas adequa\u00e7\u00f5es\u201d, esclareceu Celestino.<\/p>\n\n\n\n<p>Servi\u00e7o<\/p>\n\n\n\n<p>A popula\u00e7\u00e3o pode denunciar irregularidades sanit\u00e1rias relativas a produtos e servi\u00e7os por meio da Ouvidoria da Visa Manaus, no n\u00famero (92) 98842-8481&nbsp;(atendimento de 8h \u00e0s 13h), ou pelo e-mail&nbsp;<a href=\"mailto:visamanaus.ouvidoria@gmail.com\" target=\"_blank\" rel=\"noreferrer noopener\">visamanaus.ouvidoria@gmail.com<\/a>&nbsp;(em qualquer hor\u00e1rio).<\/p>\n\n\n\n<p>&#8212; &#8212; &#8212;<\/p>\n\n\n\n<p><strong>Texto <\/strong>\u2013 Divulga\u00e7\u00e3o\/Visa Manaus\/Semsa<\/p>\n","protected":false},"excerpt":{"rendered":"","protected":false},"author":23,"featured_media":224967,"comment_status":"closed","ping_status":"closed","sticky":false,"template":"","format":"standard","meta":{"footnotes":""},"categories":[172],"tags":[3344,54,28,1562],"acf":[],"yoast_head":"<!-- This site is optimized with the Yoast SEO plugin v23.0 - https:\/\/yoast.com\/wordpress\/plugins\/seo\/ -->\n<title>Prefeitura de Manaus fiscaliza pontos de venda de alimentos no centro da cidade<\/title>\n<meta name=\"description\" content=\"A Prefeitura de Manaus, por meio da Diretoria de Vigil\u00e2ncia Sanit\u00e1ria (Visa Manaus), da Secretaria Municipal de Sa\u00fade (Semsa), realizou, na manh\u00e3 e tarde de quarta-feira, 20\/8, uma fiscaliza\u00e7\u00e3o em pontos de venda de frutas e verduras na rua Bar\u00e3o de S\u00e3o Domingos, no Centro.\" \/>\n<meta name=\"robots\" content=\"index, follow, max-snippet:-1, max-image-preview:large, max-video-preview:-1\" \/>\n<link rel=\"canonical\" href=\"https:\/\/www.manaus.am.gov.br\/semsa\/prefeitura-semsa-vigilanciasanitaria-centro\/\" \/>\n<meta property=\"og:locale\" content=\"pt_BR\" \/>\n<meta property=\"og:type\" content=\"article\" \/>\n<meta property=\"og:title\" content=\"Prefeitura de Manaus fiscaliza pontos de venda de alimentos no centro da cidade\" \/>\n<meta property=\"og:description\" content=\"A Prefeitura de Manaus, por meio da Diretoria de Vigil\u00e2ncia Sanit\u00e1ria (Visa Manaus), da Secretaria Municipal de Sa\u00fade (Semsa), realizou, na manh\u00e3 e tarde de quarta-feira, 20\/8, uma fiscaliza\u00e7\u00e3o em pontos de venda de frutas e verduras na rua Bar\u00e3o de S\u00e3o Domingos, no Centro.\" \/>\n<meta property=\"og:url\" content=\"https:\/\/www.manaus.am.gov.br\/semsa\/prefeitura-semsa-vigilanciasanitaria-centro\/\" \/>\n<meta property=\"og:site_name\" content=\"SEMSA\" \/>\n<meta property=\"article:published_time\" content=\"2025-08-21T13:57:20+00:00\" \/>\n<meta property=\"article:modified_time\" content=\"2025-08-21T13:57:22+00:00\" \/>\n<meta property=\"og:image\" content=\"https:\/\/www.manaus.am.gov.br\/semsa\/wp-content\/uploads\/sites\/8\/2025\/08\/Semsa-Manaus_Fiscalizacao-3.jpg\" \/>\n\t<meta property=\"og:image:width\" content=\"800\" \/>\n\t<meta property=\"og:image:height\" content=\"600\" \/>\n\t<meta property=\"og:image:type\" content=\"image\/jpeg\" \/>\n<meta name=\"author\" content=\"Adriana Costa\" \/>\n<meta name=\"twitter:card\" content=\"summary_large_image\" \/>\n<meta name=\"twitter:label1\" content=\"Written by\" \/>\n\t<meta name=\"twitter:data1\" content=\"Adriana Costa\" \/>\n\t<meta name=\"twitter:label2\" content=\"Est. reading time\" \/>\n\t<meta name=\"twitter:data2\" content=\"3 minutos\" \/>\n<script type=\"application\/ld+json\" class=\"yoast-schema-graph\">{\"@context\":\"https:\/\/schema.org\",\"@graph\":[{\"@type\":\"WebPage\",\"@id\":\"https:\/\/www.manaus.am.gov.br\/semsa\/prefeitura-semsa-vigilanciasanitaria-centro\/\",\"url\":\"https:\/\/www.manaus.am.gov.br\/semsa\/prefeitura-semsa-vigilanciasanitaria-centro\/\",\"name\":\"Prefeitura de Manaus fiscaliza pontos de venda de alimentos no centro da cidade\",\"isPartOf\":{\"@id\":\"https:\/\/www.manaus.am.gov.br\/semsa\/#website\"},\"primaryImageOfPage\":{\"@id\":\"https:\/\/www.manaus.am.gov.br\/semsa\/prefeitura-semsa-vigilanciasanitaria-centro\/#primaryimage\"},\"image\":{\"@id\":\"https:\/\/www.manaus.am.gov.br\/semsa\/prefeitura-semsa-vigilanciasanitaria-centro\/#primaryimage\"},\"thumbnailUrl\":\"https:\/\/www.manaus.am.gov.br\/semsa\/wp-content\/uploads\/sites\/8\/2025\/08\/Semsa-Manaus_Fiscalizacao-3.jpg\",\"datePublished\":\"2025-08-21T13:57:20+00:00\",\"dateModified\":\"2025-08-21T13:57:22+00:00\",\"author\":{\"@id\":\"https:\/\/www.manaus.am.gov.br\/semsa\/#\/schema\/person\/4e49f4e267757a06ca072ec61b2b9968\"},\"description\":\"A Prefeitura de Manaus, por meio da Diretoria de Vigil\u00e2ncia Sanit\u00e1ria (Visa Manaus), da Secretaria Municipal de Sa\u00fade (Semsa), realizou, na manh\u00e3 e tarde de quarta-feira, 20\/8, uma fiscaliza\u00e7\u00e3o em pontos de venda de frutas e verduras na rua Bar\u00e3o de S\u00e3o Domingos, no Centro.\",\"inLanguage\":\"pt-BR\",\"potentialAction\":[{\"@type\":\"ReadAction\",\"target\":[\"https:\/\/www.manaus.am.gov.br\/semsa\/prefeitura-semsa-vigilanciasanitaria-centro\/\"]}]},{\"@type\":\"ImageObject\",\"inLanguage\":\"pt-BR\",\"@id\":\"https:\/\/www.manaus.am.gov.br\/semsa\/prefeitura-semsa-vigilanciasanitaria-centro\/#primaryimage\",\"url\":\"https:\/\/www.manaus.am.gov.br\/semsa\/wp-content\/uploads\/sites\/8\/2025\/08\/Semsa-Manaus_Fiscalizacao-3.jpg\",\"contentUrl\":\"https:\/\/www.manaus.am.gov.br\/semsa\/wp-content\/uploads\/sites\/8\/2025\/08\/Semsa-Manaus_Fiscalizacao-3.jpg\",\"width\":800,\"height\":600},{\"@type\":\"WebSite\",\"@id\":\"https:\/\/www.manaus.am.gov.br\/semsa\/#website\",\"url\":\"https:\/\/www.manaus.am.gov.br\/semsa\/\",\"name\":\"SEMSA\",\"description\":\"Secretaria Municipal de Sa\u00fade\",\"alternateName\":\"Secretaria Municipal de Sa\u00fade\",\"potentialAction\":[{\"@type\":\"SearchAction\",\"target\":{\"@type\":\"EntryPoint\",\"urlTemplate\":\"https:\/\/www.manaus.am.gov.br\/semsa\/?s={search_term_string}\"},\"query-input\":\"required name=search_term_string\"}],\"inLanguage\":\"pt-BR\"},{\"@type\":\"Person\",\"@id\":\"https:\/\/www.manaus.am.gov.br\/semsa\/#\/schema\/person\/4e49f4e267757a06ca072ec61b2b9968\",\"name\":\"Adriana Costa\",\"image\":{\"@type\":\"ImageObject\",\"inLanguage\":\"pt-BR\",\"@id\":\"https:\/\/www.manaus.am.gov.br\/semsa\/#\/schema\/person\/image\/\",\"url\":\"https:\/\/secure.gravatar.com\/avatar\/576258617ef7194f718179e766d57bd4?s=96&d=mm&r=g\",\"contentUrl\":\"https:\/\/secure.gravatar.com\/avatar\/576258617ef7194f718179e766d57bd4?s=96&d=mm&r=g\",\"caption\":\"Adriana Costa\"}}]}<\/script>\n<!-- \/ Yoast SEO plugin. -->","yoast_head_json":{"title":"Prefeitura de Manaus fiscaliza pontos de venda de alimentos no centro da cidade","description":"A Prefeitura de Manaus, por meio da Diretoria de Vigil\u00e2ncia Sanit\u00e1ria (Visa Manaus), da Secretaria Municipal de Sa\u00fade (Semsa), realizou, na manh\u00e3 e tarde de quarta-feira, 20\/8, uma fiscaliza\u00e7\u00e3o em pontos de venda de frutas e verduras na rua Bar\u00e3o de S\u00e3o Domingos, no Centro.","robots":{"index":"index","follow":"follow","max-snippet":"max-snippet:-1","max-image-preview":"max-image-preview:large","max-video-preview":"max-video-preview:-1"},"canonical":"https:\/\/www.manaus.am.gov.br\/semsa\/prefeitura-semsa-vigilanciasanitaria-centro\/","og_locale":"pt_BR","og_type":"article","og_title":"Prefeitura de Manaus fiscaliza pontos de venda de alimentos no centro da cidade","og_description":"A Prefeitura de Manaus, por meio da Diretoria de Vigil\u00e2ncia Sanit\u00e1ria (Visa Manaus), da Secretaria Municipal de Sa\u00fade (Semsa), realizou, na manh\u00e3 e tarde de quarta-feira, 20\/8, uma fiscaliza\u00e7\u00e3o em pontos de venda de frutas e verduras na rua Bar\u00e3o de S\u00e3o Domingos, no Centro.","og_url":"https:\/\/www.manaus.am.gov.br\/semsa\/prefeitura-semsa-vigilanciasanitaria-centro\/","og_site_name":"SEMSA","article_published_time":"2025-08-21T13:57:20+00:00","article_modified_time":"2025-08-21T13:57:22+00:00","og_image":[{"width":800,"height":600,"url":"https:\/\/www.manaus.am.gov.br\/semsa\/wp-content\/uploads\/sites\/8\/2025\/08\/Semsa-Manaus_Fiscalizacao-3.jpg","type":"image\/jpeg"}],"author":"Adriana Costa","twitter_card":"summary_large_image","twitter_misc":{"Written by":"Adriana Costa","Est. reading time":"3 minutos"},"schema":{"@context":"https:\/\/schema.org","@graph":[{"@type":"WebPage","@id":"https:\/\/www.manaus.am.gov.br\/semsa\/prefeitura-semsa-vigilanciasanitaria-centro\/","url":"https:\/\/www.manaus.am.gov.br\/semsa\/prefeitura-semsa-vigilanciasanitaria-centro\/","name":"Prefeitura de Manaus fiscaliza pontos de venda de alimentos no centro da cidade","isPartOf":{"@id":"https:\/\/www.manaus.am.gov.br\/semsa\/#website"},"primaryImageOfPage":{"@id":"https:\/\/www.manaus.am.gov.br\/semsa\/prefeitura-semsa-vigilanciasanitaria-centro\/#primaryimage"},"image":{"@id":"https:\/\/www.manaus.am.gov.br\/semsa\/prefeitura-semsa-vigilanciasanitaria-centro\/#primaryimage"},"thumbnailUrl":"https:\/\/www.manaus.am.gov.br\/semsa\/wp-content\/uploads\/sites\/8\/2025\/08\/Semsa-Manaus_Fiscalizacao-3.jpg","datePublished":"2025-08-21T13:57:20+00:00","dateModified":"2025-08-21T13:57:22+00:00","author":{"@id":"https:\/\/www.manaus.am.gov.br\/semsa\/#\/schema\/person\/4e49f4e267757a06ca072ec61b2b9968"},"description":"A Prefeitura de Manaus, por meio da Diretoria de Vigil\u00e2ncia Sanit\u00e1ria (Visa Manaus), da Secretaria Municipal de Sa\u00fade (Semsa), realizou, na manh\u00e3 e tarde de quarta-feira, 20\/8, uma fiscaliza\u00e7\u00e3o em pontos de venda de frutas e verduras na rua Bar\u00e3o de S\u00e3o Domingos, no Centro.","inLanguage":"pt-BR","potentialAction":[{"@type":"ReadAction","target":["https:\/\/www.manaus.am.gov.br\/semsa\/prefeitura-semsa-vigilanciasanitaria-centro\/"]}]},{"@type":"ImageObject","inLanguage":"pt-BR","@id":"https:\/\/www.manaus.am.gov.br\/semsa\/prefeitura-semsa-vigilanciasanitaria-centro\/#primaryimage","url":"https:\/\/www.manaus.am.gov.br\/semsa\/wp-content\/uploads\/sites\/8\/2025\/08\/Semsa-Manaus_Fiscalizacao-3.jpg","contentUrl":"https:\/\/www.manaus.am.gov.br\/semsa\/wp-content\/uploads\/sites\/8\/2025\/08\/Semsa-Manaus_Fiscalizacao-3.jpg","width":800,"height":600},{"@type":"WebSite","@id":"https:\/\/www.manaus.am.gov.br\/semsa\/#website","url":"https:\/\/www.manaus.am.gov.br\/semsa\/","name":"SEMSA","description":"Secretaria Municipal de Sa\u00fade","alternateName":"Secretaria Municipal de Sa\u00fade","potentialAction":[{"@type":"SearchAction","target":{"@type":"EntryPoint","urlTemplate":"https:\/\/www.manaus.am.gov.br\/semsa\/?s={search_term_string}"},"query-input":"required name=search_term_string"}],"inLanguage":"pt-BR"},{"@type":"Person","@id":"https:\/\/www.manaus.am.gov.br\/semsa\/#\/schema\/person\/4e49f4e267757a06ca072ec61b2b9968","name":"Adriana Costa","image":{"@type":"ImageObject","inLanguage":"pt-BR","@id":"https:\/\/www.manaus.am.gov.br\/semsa\/#\/schema\/person\/image\/","url":"https:\/\/secure.gravatar.com\/avatar\/576258617ef7194f718179e766d57bd4?s=96&d=mm&r=g","contentUrl":"https:\/\/secure.gravatar.com\/avatar\/576258617ef7194f718179e766d57bd4?s=96&d=mm&r=g","caption":"Adriana Costa"}}]}},"_links":{"self":[{"href":"https:\/\/www.manaus.am.gov.br\/semsa\/wp-json\/wp\/v2\/posts\/224966"}],"collection":[{"href":"https:\/\/www.manaus.am.gov.br\/semsa\/wp-json\/wp\/v2\/posts"}],"about":[{"href":"https:\/\/www.manaus.am.gov.br\/semsa\/wp-json\/wp\/v2\/types\/post"}],"author":[{"embeddable":true,"href":"https:\/\/www.manaus.am.gov.br\/semsa\/wp-json\/wp\/v2\/users\/23"}],"replies":[{"embeddable":true,"href":"https:\/\/www.manaus.am.gov.br\/semsa\/wp-json\/wp\/v2\/comments?post=224966"}],"version-history":[{"count":0,"href":"https:\/\/www.manaus.am.gov.br\/semsa\/wp-json\/wp\/v2\/posts\/224966\/revisions"}],"wp:featuredmedia":[{"embeddable":true,"href":"https:\/\/www.manaus.am.gov.br\/semsa\/wp-json\/wp\/v2\/media\/224967"}],"wp:attachment":[{"href":"https:\/\/www.manaus.am.gov.br\/semsa\/wp-json\/wp\/v2\/media?parent=224966"}],"wp:term":[{"taxonomy":"category","embeddable":true,"href":"https:\/\/www.manaus.am.gov.br\/semsa\/wp-json\/wp\/v2\/categories?post=224966"},{"taxonomy":"post_tag","embeddable":true,"href":"https:\/\/www.manaus.am.gov.br\/semsa\/wp-json\/wp\/v2\/tags?post=224966"}],"curies":[{"name":"wp","href":"https:\/\/api.w.org\/{rel}","templated":true}]}}