{"id":224341,"date":"2025-07-16T16:35:56","date_gmt":"2025-07-16T20:35:56","guid":{"rendered":"https:\/\/www.manaus.am.gov.br\/semsa\/acao-julho-amarelo-hepatites-virais\/"},"modified":"2025-07-16T16:37:51","modified_gmt":"2025-07-16T20:37:51","slug":"acao-julho-amarelo-hepatites-virais","status":"publish","type":"post","link":"https:\/\/www.manaus.am.gov.br\/semsa\/acao-julho-amarelo-hepatites-virais\/","title":{"rendered":"A\u00e7\u00e3o do \u2018Julho Amarelo\u2019 refor\u00e7a import\u00e2ncia do diagn\u00f3stico precoce das Hepatites Virais"},"content":{"rendered":"\n<p>Como parte da programa\u00e7\u00e3o do \u201cJulho Amarelo\u201d, campanha de sensibiliza\u00e7\u00e3o para preven\u00e7\u00e3o e controle das Hepatites Virais promovida pela Prefeitura de Manaus, a Unidade de Sa\u00fade da Fam\u00edlia (USF) Gebes Medeiros, bairro Jorge Teixeira, zona Leste, promoveu, na manh\u00e3 desta quarta-feira, 16\/7, uma a\u00e7\u00e3o educativa com distribui\u00e7\u00e3o de preservativos e a intensifica\u00e7\u00e3o da oferta de teste r\u00e1pido para Hepatites B e C.<\/p>\n\n\n\n<p>A programa\u00e7\u00e3o aconteceu tamb\u00e9m na USF Alfredo Campos, bairro Zumbi, zona Leste, com a\u00e7\u00f5es de preven\u00e7\u00e3o e atividade f\u00edsica para a comunidade.<\/p>\n\n\n\n<p>As Hepatites Virais s\u00e3o infec\u00e7\u00f5es que atingem o f\u00edgado e podem ser causadas pelos v\u00edrus A, B, C e D, mais comuns em Manaus, e pelo v\u00edrus tipo E, que podem causar fibrose, cirrose, c\u00e2ncer ou at\u00e9 ser necess\u00e1rio o transplante do f\u00edgado.<\/p>\n\n\n\n<p>Entre janeiro a junho deste ano, Manaus registrou 116 casos de hepatites virais, entre 63 casos do tipo B, 49 do tipo C e quatro do tipo D. Tamb\u00e9m houve o registro este ano de 26 \u00f3bitos tendo as hepatites virais como causa b\u00e1sica.<\/p>\n\n\n\n<p>A diretora do Distrito de Sa\u00fade (Disa) Leste, Rosangela Maria Castro da Silva, que acompanhou a programa\u00e7\u00e3o nas duas unidades de sa\u00fade, refor\u00e7ou a import\u00e2ncia da popula\u00e7\u00e3o procurar as medidas de prote\u00e7\u00e3o contra as Hepatites Virais.&nbsp;<\/p>\n\n\n\n<p>Dependendo do tipo, as Hepatites Virais podem ser transmitidas por rela\u00e7\u00e3o sexual, compartilhamento de objetos perfurocortantes contaminados, por meio do consumo de \u00e1gua ou alimentos contaminados, e da m\u00e3e para o filho durante gravidez e parto (transmiss\u00e3o vertical).<\/p>\n\n\n\n<p>\u201cTodas as unidades de sa\u00fade da zona Leste, est\u00e3o intensificando no m\u00eas de julho a oferta dos servi\u00e7os, incluindo dispensa\u00e7\u00e3o de preservativos, vacina\u00e7\u00e3o contra hepatite A e hepatite B, e teste r\u00e1pido. Tamb\u00e9m est\u00e3o sendo promovidas a\u00e7\u00f5es educativas para orientar os usu\u00e1rios do servi\u00e7o de sa\u00fade sobre os riscos de compartilhamento de objetos como l\u00e2minas de barbear ou equipamento de manicure\u201d, afirmou Ros\u00e2ngela Castro.<\/p>\n\n\n\n<p><a>A enfermeira Elizete Azevedo, t\u00e9cnica respons\u00e1vel pela a\u00e7\u00e3o educativa e a testagem r\u00e1pida na USF Gebes Medeiros, apontou a import\u00e2ncia do teste r\u00e1pido para o diagn\u00f3stico precoce das hepatites virais, que na fase inicial normalmente n\u00e3o apresentam sintomas.<\/a><\/p>\n\n\n\n<p>\u201cA oferta do teste r\u00e1pido \u00e9 feita na rotina de atendimento na rede municipal de sa\u00fade. Na USF Gebes Medeiros, cerca de 40 pessoas realizam o exame diariamente. A identifica\u00e7\u00e3o precoce da doen\u00e7a, com o in\u00edcio imediato do tratamento, \u00e9 essencial para evitar complica\u00e7\u00f5es graves, porque a gente sabe que a consequ\u00eancia da hepatite \u00e9 intensa e pode levar ao \u00f3bito\u201d, alertou a enfermeira.<\/p>\n\n\n\n<p>A Secretaria Municipal de Sa\u00fade (Semsa) disponibiliza o teste r\u00e1pido em 204 Unidades de Sa\u00fade, tornando poss\u00edvel obter o resultado em 30 minutos, sem necessidade de encaminhamento m\u00e9dico.<\/p>\n\n\n\n<p>\u201cJunto ao teste para hepatites B e C, \u00e9 feito o exame para s\u00edfilis e HIV. O fluxo na unidade de sa\u00fade \u00e9 por demanda espont\u00e2nea, ou seja, n\u00e3o \u00e9 necess\u00e1rio agendamento. A pessoa pode chegar na unidade de sa\u00fade, fazer a identifica\u00e7\u00e3o na recep\u00e7\u00e3o para ser inserida no sistema e depois \u00e9 encaminhada para a sala de coleta. Ou pode ser encaminhada depois do atendimento em consulta m\u00e9dica ou de enfermagem\u201d, informou a enfermeira.<\/p>\n\n\n\n<p>A t\u00e9cnica do N\u00facleo de Controle de HIV\/AIDS, IST e Hepatites Virais da Semsa, enfermeira Vanderlice Castro, explicou que um dos desafios no controle da doen\u00e7a \u00e9 a obten\u00e7\u00e3o do diagn\u00f3stico de forma precoce, j\u00e1 que ainda existem pessoas que se negam realizar o teste, e por isso a import\u00e2ncia de campanhas educativas para a popula\u00e7\u00e3o.<\/p>\n\n\n\n<p>\u201cTemos trabalhado muito a aceita\u00e7\u00e3o para o diagn\u00f3stico precoce junto \u00e0 popula\u00e7\u00e3o, com campanhas e a\u00e7\u00f5es educativas.<a>&nbsp;A orienta\u00e7\u00e3o \u00e9 que a pessoa procure realizar o teste regularmente nas Unidades de Sa\u00fade\u201d, recomendou Vanderlice.<\/a><\/p>\n\n\n\n<p>De acordo com Vanderlice, tamb\u00e9m \u00e9 essencial que o paciente diagnosticado com a infec\u00e7\u00e3o d\u00ea continuidade no tratamento, dispon\u00edvel no SUS, de forma adequada para evitar o avan\u00e7o da doen\u00e7a, o que pode levar ao \u00f3bito.<\/p>\n\n\n\n<p>Entre 2017 e 2024, Manaus registrou 339 \u00f3bitos, tendo as hepatites virais como causa b\u00e1sica.<\/p>\n\n\n\n<p>\u201cA hepatite C tem tratamento e cura. A hepatite B n\u00e3o tem cura, mas tem tratamento. Por\u00e9m, qualquer tratamento \u00e9 muito mais eficaz no caso do diagn\u00f3stico ser precoce, antes do desenvolvimento de complica\u00e7\u00f5es graves\u201d, enfatiza Vanderlice Castro.<\/p>\n\n\n\n<p><strong>Informa\u00e7\u00f5es<\/strong><\/p>\n\n\n\n<p>A dona de casa Sinara Santos, de 45 anos, moradora do bairro Jorge Teixeira, participou da a\u00e7\u00e3o educativa na USF Gebes Medeiros e disse que, apesar de ter informa\u00e7\u00f5es sobre a doen\u00e7a, \u00e9 fundamental que a popula\u00e7\u00e3o conhe\u00e7a mais sobre as Hepatites Virais.<\/p>\n\n\n\n<p>\u201cEu j\u00e1 sabia como \u00e9 a transmiss\u00e3o da doen\u00e7a, mas tem gente que n\u00e3o sabe. Ent\u00e3o \u00e9 importante falar com a comunidade sobre a preven\u00e7\u00e3o, a vacina e o uso de preservativo\u201d, apontou Sinara Santos.<\/p>\n\n\n\n<p>A vacina que previne a hepatite A est\u00e1 dispon\u00edvel em unidades de sa\u00fade da Semsa com sala de vacina para crian\u00e7as de 12 meses at\u00e9 5 anos incompletos (4 anos, 11 meses e 29 dias); a vacina contra o tipo B tamb\u00e9m est\u00e1 dispon\u00edvel e pode ser administrada a todas as pessoas que n\u00e3o tenham sido vacinadas ou que n\u00e3o possuam comprovante de vacina\u00e7\u00e3o, fazendo parte do calend\u00e1rio vacinal desde a inf\u00e2ncia at\u00e9 a idade adulta.<\/p>\n\n\n\n<p>Mesmo sendo uma doen\u00e7a silenciosa na maioria dos casos, quando est\u00e3o presentes, os sintomas podem ser apresentados com: cansa\u00e7o, febre, mal-estar, tontura, enjoo, v\u00f4mitos, dor abdominal, pele e olhos amarelados, urina escura e fezes claras.<\/p>\n\n\n\n<figure class=\"wp-block-image size-full\"><img loading=\"lazy\" decoding=\"async\" width=\"800\" height=\"488\" src=\"https:\/\/www.manaus.am.gov.br\/semsa\/wp-content\/uploads\/sites\/8\/2025\/07\/Prevencao-2-1.jpeg\" alt=\"\" class=\"wp-image-224350\" srcset=\"https:\/\/www.manaus.am.gov.br\/semsa\/wp-content\/uploads\/sites\/8\/2025\/07\/Prevencao-2-1.jpeg 800w, https:\/\/www.manaus.am.gov.br\/semsa\/wp-content\/uploads\/sites\/8\/2025\/07\/Prevencao-2-1-300x183.jpeg 300w, https:\/\/www.manaus.am.gov.br\/semsa\/wp-content\/uploads\/sites\/8\/2025\/07\/Prevencao-2-1-768x468.jpeg 768w\" sizes=\"(max-width: 800px) 100vw, 800px\" \/><\/figure>\n\n\n\n<p>&#8212; &#8212; &#8212;&nbsp;<\/p>\n\n\n\n<p><strong>Texto<\/strong> &#8211; Euriv\u00e2nia Gal\u00facio\/Semsa<\/p>\n\n\n\n<p><strong>Fotos \u2013<\/strong>\u00a0Divulga\u00e7\u00e3o\/Semsa<\/p>\n\n\n\n<p> <\/p>\n","protected":false},"excerpt":{"rendered":"","protected":false},"author":39,"featured_media":224335,"comment_status":"closed","ping_status":"closed","sticky":false,"template":"","format":"standard","meta":{"footnotes":""},"categories":[16],"tags":[1399,1300,1245,54,28],"acf":[],"yoast_head":"<!-- This site is optimized with the Yoast SEO plugin v23.0 - https:\/\/yoast.com\/wordpress\/plugins\/seo\/ -->\n<title>A\u00e7\u00e3o do \u2018Julho Amarelo\u2019 refor\u00e7a diagn\u00f3stico precoce das Hepatites<\/title>\n<meta name=\"description\" content=\"A\u00e7\u00e3o do \u2018Julho Amarelo\u2019, da Prefeitura de Manaus, refor\u00e7a import\u00e2ncia do diagn\u00f3stico precoce das Hepatites Virais.\" \/>\n<meta name=\"robots\" content=\"index, follow, max-snippet:-1, max-image-preview:large, max-video-preview:-1\" \/>\n<link rel=\"canonical\" href=\"https:\/\/www.manaus.am.gov.br\/semsa\/acao-julho-amarelo-hepatites-virais\/\" \/>\n<meta property=\"og:locale\" content=\"pt_BR\" \/>\n<meta property=\"og:type\" content=\"article\" \/>\n<meta property=\"og:title\" content=\"A\u00e7\u00e3o do \u2018Julho Amarelo\u2019 refor\u00e7a diagn\u00f3stico precoce das Hepatites\" \/>\n<meta property=\"og:description\" content=\"A\u00e7\u00e3o do \u2018Julho Amarelo\u2019, da Prefeitura de Manaus, refor\u00e7a import\u00e2ncia do diagn\u00f3stico precoce das Hepatites Virais.\" \/>\n<meta property=\"og:url\" content=\"https:\/\/www.manaus.am.gov.br\/semsa\/acao-julho-amarelo-hepatites-virais\/\" \/>\n<meta property=\"og:site_name\" content=\"SEMSA\" \/>\n<meta property=\"article:published_time\" content=\"2025-07-16T20:35:56+00:00\" \/>\n<meta property=\"article:modified_time\" content=\"2025-07-16T20:37:51+00:00\" \/>\n<meta property=\"og:image\" content=\"https:\/\/www.manaus.am.gov.br\/semsa\/wp-content\/uploads\/sites\/8\/2025\/07\/Prevencao-1.jpeg\" \/>\n\t<meta property=\"og:image:width\" content=\"1403\" \/>\n\t<meta property=\"og:image:height\" content=\"1600\" \/>\n\t<meta property=\"og:image:type\" content=\"image\/jpeg\" \/>\n<meta name=\"author\" content=\"Bruna Greco\" \/>\n<meta name=\"twitter:card\" content=\"summary_large_image\" \/>\n<meta name=\"twitter:label1\" content=\"Written by\" \/>\n\t<meta name=\"twitter:data1\" content=\"Bruna Greco\" \/>\n\t<meta name=\"twitter:label2\" content=\"Est. reading time\" \/>\n\t<meta name=\"twitter:data2\" content=\"6 minutos\" \/>\n<script type=\"application\/ld+json\" class=\"yoast-schema-graph\">{\"@context\":\"https:\/\/schema.org\",\"@graph\":[{\"@type\":\"WebPage\",\"@id\":\"https:\/\/www.manaus.am.gov.br\/semsa\/acao-julho-amarelo-hepatites-virais\/\",\"url\":\"https:\/\/www.manaus.am.gov.br\/semsa\/acao-julho-amarelo-hepatites-virais\/\",\"name\":\"A\u00e7\u00e3o do \u2018Julho Amarelo\u2019 refor\u00e7a diagn\u00f3stico precoce das Hepatites\",\"isPartOf\":{\"@id\":\"https:\/\/www.manaus.am.gov.br\/semsa\/#website\"},\"primaryImageOfPage\":{\"@id\":\"https:\/\/www.manaus.am.gov.br\/semsa\/acao-julho-amarelo-hepatites-virais\/#primaryimage\"},\"image\":{\"@id\":\"https:\/\/www.manaus.am.gov.br\/semsa\/acao-julho-amarelo-hepatites-virais\/#primaryimage\"},\"thumbnailUrl\":\"https:\/\/www.manaus.am.gov.br\/semsa\/wp-content\/uploads\/sites\/8\/2025\/07\/Prevencao-1.jpeg\",\"datePublished\":\"2025-07-16T20:35:56+00:00\",\"dateModified\":\"2025-07-16T20:37:51+00:00\",\"author\":{\"@id\":\"https:\/\/www.manaus.am.gov.br\/semsa\/#\/schema\/person\/05d223aea2bf115f9883a6ff3683d81b\"},\"description\":\"A\u00e7\u00e3o do \u2018Julho Amarelo\u2019, da Prefeitura de Manaus, refor\u00e7a import\u00e2ncia do diagn\u00f3stico precoce das Hepatites Virais.\",\"inLanguage\":\"pt-BR\",\"potentialAction\":[{\"@type\":\"ReadAction\",\"target\":[\"https:\/\/www.manaus.am.gov.br\/semsa\/acao-julho-amarelo-hepatites-virais\/\"]}]},{\"@type\":\"ImageObject\",\"inLanguage\":\"pt-BR\",\"@id\":\"https:\/\/www.manaus.am.gov.br\/semsa\/acao-julho-amarelo-hepatites-virais\/#primaryimage\",\"url\":\"https:\/\/www.manaus.am.gov.br\/semsa\/wp-content\/uploads\/sites\/8\/2025\/07\/Prevencao-1.jpeg\",\"contentUrl\":\"https:\/\/www.manaus.am.gov.br\/semsa\/wp-content\/uploads\/sites\/8\/2025\/07\/Prevencao-1.jpeg\",\"width\":1403,\"height\":1600,\"caption\":\"#paratodosverem - Jovem realizando teste r\u00e1pido em unidade de sa\u00fade da Prefeitura de Manaus\"},{\"@type\":\"WebSite\",\"@id\":\"https:\/\/www.manaus.am.gov.br\/semsa\/#website\",\"url\":\"https:\/\/www.manaus.am.gov.br\/semsa\/\",\"name\":\"SEMSA\",\"description\":\"Secretaria Municipal de Sa\u00fade\",\"alternateName\":\"Secretaria Municipal de Sa\u00fade\",\"potentialAction\":[{\"@type\":\"SearchAction\",\"target\":{\"@type\":\"EntryPoint\",\"urlTemplate\":\"https:\/\/www.manaus.am.gov.br\/semsa\/?s={search_term_string}\"},\"query-input\":\"required name=search_term_string\"}],\"inLanguage\":\"pt-BR\"},{\"@type\":\"Person\",\"@id\":\"https:\/\/www.manaus.am.gov.br\/semsa\/#\/schema\/person\/05d223aea2bf115f9883a6ff3683d81b\",\"name\":\"Bruna Greco\",\"image\":{\"@type\":\"ImageObject\",\"inLanguage\":\"pt-BR\",\"@id\":\"https:\/\/www.manaus.am.gov.br\/semsa\/#\/schema\/person\/image\/\",\"url\":\"https:\/\/secure.gravatar.com\/avatar\/9c877d1a6adc2a055330e5c09a8653ce?s=96&d=mm&r=g\",\"contentUrl\":\"https:\/\/secure.gravatar.com\/avatar\/9c877d1a6adc2a055330e5c09a8653ce?s=96&d=mm&r=g\",\"caption\":\"Bruna Greco\"}}]}<\/script>\n<!-- \/ Yoast SEO plugin. -->","yoast_head_json":{"title":"A\u00e7\u00e3o do \u2018Julho Amarelo\u2019 refor\u00e7a diagn\u00f3stico precoce das Hepatites","description":"A\u00e7\u00e3o do \u2018Julho Amarelo\u2019, da Prefeitura de Manaus, refor\u00e7a import\u00e2ncia do diagn\u00f3stico precoce das Hepatites Virais.","robots":{"index":"index","follow":"follow","max-snippet":"max-snippet:-1","max-image-preview":"max-image-preview:large","max-video-preview":"max-video-preview:-1"},"canonical":"https:\/\/www.manaus.am.gov.br\/semsa\/acao-julho-amarelo-hepatites-virais\/","og_locale":"pt_BR","og_type":"article","og_title":"A\u00e7\u00e3o do \u2018Julho Amarelo\u2019 refor\u00e7a diagn\u00f3stico precoce das Hepatites","og_description":"A\u00e7\u00e3o do \u2018Julho Amarelo\u2019, da Prefeitura de Manaus, refor\u00e7a import\u00e2ncia do diagn\u00f3stico precoce das Hepatites Virais.","og_url":"https:\/\/www.manaus.am.gov.br\/semsa\/acao-julho-amarelo-hepatites-virais\/","og_site_name":"SEMSA","article_published_time":"2025-07-16T20:35:56+00:00","article_modified_time":"2025-07-16T20:37:51+00:00","og_image":[{"width":1403,"height":1600,"url":"https:\/\/www.manaus.am.gov.br\/semsa\/wp-content\/uploads\/sites\/8\/2025\/07\/Prevencao-1.jpeg","type":"image\/jpeg"}],"author":"Bruna Greco","twitter_card":"summary_large_image","twitter_misc":{"Written by":"Bruna Greco","Est. reading time":"6 minutos"},"schema":{"@context":"https:\/\/schema.org","@graph":[{"@type":"WebPage","@id":"https:\/\/www.manaus.am.gov.br\/semsa\/acao-julho-amarelo-hepatites-virais\/","url":"https:\/\/www.manaus.am.gov.br\/semsa\/acao-julho-amarelo-hepatites-virais\/","name":"A\u00e7\u00e3o do \u2018Julho Amarelo\u2019 refor\u00e7a diagn\u00f3stico precoce das Hepatites","isPartOf":{"@id":"https:\/\/www.manaus.am.gov.br\/semsa\/#website"},"primaryImageOfPage":{"@id":"https:\/\/www.manaus.am.gov.br\/semsa\/acao-julho-amarelo-hepatites-virais\/#primaryimage"},"image":{"@id":"https:\/\/www.manaus.am.gov.br\/semsa\/acao-julho-amarelo-hepatites-virais\/#primaryimage"},"thumbnailUrl":"https:\/\/www.manaus.am.gov.br\/semsa\/wp-content\/uploads\/sites\/8\/2025\/07\/Prevencao-1.jpeg","datePublished":"2025-07-16T20:35:56+00:00","dateModified":"2025-07-16T20:37:51+00:00","author":{"@id":"https:\/\/www.manaus.am.gov.br\/semsa\/#\/schema\/person\/05d223aea2bf115f9883a6ff3683d81b"},"description":"A\u00e7\u00e3o do \u2018Julho Amarelo\u2019, da Prefeitura de Manaus, refor\u00e7a import\u00e2ncia do diagn\u00f3stico precoce das Hepatites Virais.","inLanguage":"pt-BR","potentialAction":[{"@type":"ReadAction","target":["https:\/\/www.manaus.am.gov.br\/semsa\/acao-julho-amarelo-hepatites-virais\/"]}]},{"@type":"ImageObject","inLanguage":"pt-BR","@id":"https:\/\/www.manaus.am.gov.br\/semsa\/acao-julho-amarelo-hepatites-virais\/#primaryimage","url":"https:\/\/www.manaus.am.gov.br\/semsa\/wp-content\/uploads\/sites\/8\/2025\/07\/Prevencao-1.jpeg","contentUrl":"https:\/\/www.manaus.am.gov.br\/semsa\/wp-content\/uploads\/sites\/8\/2025\/07\/Prevencao-1.jpeg","width":1403,"height":1600,"caption":"#paratodosverem - Jovem realizando teste r\u00e1pido em unidade de sa\u00fade da Prefeitura de Manaus"},{"@type":"WebSite","@id":"https:\/\/www.manaus.am.gov.br\/semsa\/#website","url":"https:\/\/www.manaus.am.gov.br\/semsa\/","name":"SEMSA","description":"Secretaria Municipal de Sa\u00fade","alternateName":"Secretaria Municipal de Sa\u00fade","potentialAction":[{"@type":"SearchAction","target":{"@type":"EntryPoint","urlTemplate":"https:\/\/www.manaus.am.gov.br\/semsa\/?s={search_term_string}"},"query-input":"required name=search_term_string"}],"inLanguage":"pt-BR"},{"@type":"Person","@id":"https:\/\/www.manaus.am.gov.br\/semsa\/#\/schema\/person\/05d223aea2bf115f9883a6ff3683d81b","name":"Bruna Greco","image":{"@type":"ImageObject","inLanguage":"pt-BR","@id":"https:\/\/www.manaus.am.gov.br\/semsa\/#\/schema\/person\/image\/","url":"https:\/\/secure.gravatar.com\/avatar\/9c877d1a6adc2a055330e5c09a8653ce?s=96&d=mm&r=g","contentUrl":"https:\/\/secure.gravatar.com\/avatar\/9c877d1a6adc2a055330e5c09a8653ce?s=96&d=mm&r=g","caption":"Bruna Greco"}}]}},"_links":{"self":[{"href":"https:\/\/www.manaus.am.gov.br\/semsa\/wp-json\/wp\/v2\/posts\/224341"}],"collection":[{"href":"https:\/\/www.manaus.am.gov.br\/semsa\/wp-json\/wp\/v2\/posts"}],"about":[{"href":"https:\/\/www.manaus.am.gov.br\/semsa\/wp-json\/wp\/v2\/types\/post"}],"author":[{"embeddable":true,"href":"https:\/\/www.manaus.am.gov.br\/semsa\/wp-json\/wp\/v2\/users\/39"}],"replies":[{"embeddable":true,"href":"https:\/\/www.manaus.am.gov.br\/semsa\/wp-json\/wp\/v2\/comments?post=224341"}],"version-history":[{"count":2,"href":"https:\/\/www.manaus.am.gov.br\/semsa\/wp-json\/wp\/v2\/posts\/224341\/revisions"}],"predecessor-version":[{"id":224351,"href":"https:\/\/www.manaus.am.gov.br\/semsa\/wp-json\/wp\/v2\/posts\/224341\/revisions\/224351"}],"wp:featuredmedia":[{"embeddable":true,"href":"https:\/\/www.manaus.am.gov.br\/semsa\/wp-json\/wp\/v2\/media\/224335"}],"wp:attachment":[{"href":"https:\/\/www.manaus.am.gov.br\/semsa\/wp-json\/wp\/v2\/media?parent=224341"}],"wp:term":[{"taxonomy":"category","embeddable":true,"href":"https:\/\/www.manaus.am.gov.br\/semsa\/wp-json\/wp\/v2\/categories?post=224341"},{"taxonomy":"post_tag","embeddable":true,"href":"https:\/\/www.manaus.am.gov.br\/semsa\/wp-json\/wp\/v2\/tags?post=224341"}],"curies":[{"name":"wp","href":"https:\/\/api.w.org\/{rel}","templated":true}]}}