{"id":223670,"date":"2025-05-28T17:22:17","date_gmt":"2025-05-28T21:22:17","guid":{"rendered":"https:\/\/www.manaus.am.gov.br\/semsa\/capacitacao-venda-de-alimentos\/"},"modified":"2025-05-29T14:40:50","modified_gmt":"2025-05-29T18:40:50","slug":"capacitacao-venda-de-alimentos","status":"publish","type":"post","link":"https:\/\/www.manaus.am.gov.br\/semsa\/capacitacao-venda-de-alimentos\/","title":{"rendered":"Visa Manaus capacita permission\u00e1rios de venda de alimentos do 67\u00ba Festival Folcl\u00f3rico do Amazonas"},"content":{"rendered":"\n<p>A Prefeitura de Manaus, por meio da Diretoria de Vigil\u00e2ncia Sanit\u00e1ria (Visa Manaus) da Secretaria Municipal de Sa\u00fade (Semsa), realizou, nesta quarta-feira, 28\/5, uma capacita\u00e7\u00e3o para os permission\u00e1rios que ir\u00e3o atuar com venda de alimentos no 67\u00ba Festival Folcl\u00f3rico do Amazonas, evento que acontece entre os dias 31 de maio e 21 de junho no Centro Cultural dos Povos da Amaz\u00f4nia (CCPA), na avenida Silves, Distrito Industrial 1 (antiga rotat\u00f3ria da Suframa), zona Sul da cidade.<\/p>\n\n\n\n<p>A forma\u00e7\u00e3o aconteceu no audit\u00f3rio do pr\u00f3prio CCPA, e foi ministrada pelas fiscais de sa\u00fade Gizeli Giffoni e Josimara Moura, da Ger\u00eancia de Vigil\u00e2ncia de Alimentos (Gevali) da Visa Manaus. Ao longo da forma\u00e7\u00e3o, as servidoras refor\u00e7aram aos permission\u00e1rios a import\u00e2ncia da seguran\u00e7a sanit\u00e1ria em eventos de massa, em que h\u00e1 grande fluxo de pessoas, e, consequentemente, uma demanda alta por alimentos e bebidas.<\/p>\n\n\n\n<p>As fiscais da Visa Manaus assinalaram a import\u00e2ncia dos permission\u00e1rios observarem aspectos como o asseio das barracas, a import\u00e2ncia da higieniza\u00e7\u00e3o constante das m\u00e3os por parte dos trabalhadores, cuidados para o manuseio e exposi\u00e7\u00e3o dos alimentos, condi\u00e7\u00f5es ideais de refrigera\u00e7\u00e3o, o acondicionamento correto para diferentes tipos de alimentos, cuidados estruturais (como a aten\u00e7\u00e3o a situa\u00e7\u00f5es de fia\u00e7\u00e3o el\u00e9trica exposta), entre outras medidas essenciais para proteger a sa\u00fade p\u00fablica.<\/p>\n\n\n\n<p>A partir de experi\u00eancias anteriores monitorando o evento, as fiscais tamb\u00e9m mostraram exemplos de boas pr\u00e1ticas observados na oferta de alimentos. \u201cA capacita\u00e7\u00e3o ressalta a import\u00e2ncia fundamental da preven\u00e7\u00e3o para a seguran\u00e7a dos cidad\u00e3os. A Visa Manaus cumpre seu trabalho de monitorar e, se for o caso, intervir para assegurar a conformidade de produtos e servi\u00e7os, mas \u00e9 igualmente importante disseminar a cultura da preven\u00e7\u00e3o, mostrando aos trabalhadores as formas mais adequadas de manipular e conservar seus produtos, a fim de minimizar as chances de contamina\u00e7\u00e3o e de agravos \u00e0 sa\u00fade dos consumidores\u201d, afirma o diretor da Visa Manaus, Isaac Tayah.<\/p>\n\n\n\n<p>O gerente de Vigil\u00e2ncia de Alimentos, Ricardo Celestino, destacou o comprometimento dos permission\u00e1rios em participar da capacita\u00e7\u00e3o. \u201cA presen\u00e7a de todos aqui, hoje, mostra o empenho dos comerciantes de alimentos em seguir as normas de seguran\u00e7a sanit\u00e1ria, a fim de oferecer produtos com maior seguran\u00e7a e qualidade ao p\u00fablico do festival\u201d, explica.<\/p>\n\n\n\n<p>A popula\u00e7\u00e3o de Manaus pode denunciar irregularidades sanit\u00e1rias relativas a produtos e servi\u00e7os, por meio da Ouvidoria da Visa Manaus, no n\u00famero (92) 98842-8481 ou pelo e-mail <a href=\"mailto:visamanaus.ouvidoria@gmail.com\">visamanaus.ouvidoria@gmail.com<\/a>.&nbsp;<\/p>\n\n\n\n<p>\u2014 \u2014 \u2014\u00a0<br><strong>Texto &#8211;<\/strong> Renildo Rodrigues \/ Semsa<br><strong>Fotos &#8211;<\/strong> Divulga\u00e7\u00e3o \/ Semsa<\/p>\n","protected":false},"excerpt":{"rendered":"","protected":false},"author":68,"featured_media":223671,"comment_status":"closed","ping_status":"closed","sticky":false,"template":"","format":"standard","meta":{"footnotes":""},"categories":[172],"tags":[54,28,3132],"acf":[],"yoast_head":"<!-- This site is optimized with the Yoast SEO plugin v23.0 - https:\/\/yoast.com\/wordpress\/plugins\/seo\/ -->\n<title>Visa Manaus capacita permission\u00e1rios de venda de alimentos do 67\u00ba Festival Folcl\u00f3rico do Amazonas<\/title>\n<meta name=\"description\" content=\"A Prefeitura de Manaus, por meio da Diretoria de Vigil\u00e2ncia Sanit\u00e1ria (Visa Manaus) da Secretaria Municipal de Sa\u00fade (Semsa), realizou, nesta quarta-feira, 28\/5, uma capacita\u00e7\u00e3o para os permission\u00e1rios que ir\u00e3o atuar com venda de alimentos no 67\u00ba Festival Folcl\u00f3rico do Amazonas, evento que acontece entre os dias 31 de maio e 21 de junho no Centro Cultural dos Povos da Amaz\u00f4nia (CCPA), na avenida Silves, Distrito Industrial 1 (antiga rotat\u00f3ria da Suframa), zona Sul da cidade.\" \/>\n<meta name=\"robots\" content=\"index, follow, max-snippet:-1, max-image-preview:large, max-video-preview:-1\" \/>\n<link rel=\"canonical\" href=\"https:\/\/www.manaus.am.gov.br\/semsa\/capacitacao-venda-de-alimentos\/\" \/>\n<meta property=\"og:locale\" content=\"pt_BR\" \/>\n<meta property=\"og:type\" content=\"article\" \/>\n<meta property=\"og:title\" content=\"Visa Manaus capacita permission\u00e1rios de venda de alimentos do 67\u00ba Festival Folcl\u00f3rico do Amazonas\" \/>\n<meta property=\"og:description\" content=\"A Prefeitura de Manaus, por meio da Diretoria de Vigil\u00e2ncia Sanit\u00e1ria (Visa Manaus) da Secretaria Municipal de Sa\u00fade (Semsa), realizou, nesta quarta-feira, 28\/5, uma capacita\u00e7\u00e3o para os permission\u00e1rios que ir\u00e3o atuar com venda de alimentos no 67\u00ba Festival Folcl\u00f3rico do Amazonas, evento que acontece entre os dias 31 de maio e 21 de junho no Centro Cultural dos Povos da Amaz\u00f4nia (CCPA), na avenida Silves, Distrito Industrial 1 (antiga rotat\u00f3ria da Suframa), zona Sul da cidade.\" \/>\n<meta property=\"og:url\" content=\"https:\/\/www.manaus.am.gov.br\/semsa\/capacitacao-venda-de-alimentos\/\" \/>\n<meta property=\"og:site_name\" content=\"SEMSA\" \/>\n<meta property=\"article:published_time\" content=\"2025-05-28T21:22:17+00:00\" \/>\n<meta property=\"article:modified_time\" content=\"2025-05-29T18:40:50+00:00\" \/>\n<meta property=\"og:image\" content=\"https:\/\/www.manaus.am.gov.br\/semsa\/wp-content\/uploads\/sites\/8\/2025\/05\/Maio-28_Capacitacao-Permissionarios-2-1024x768.jpg\" \/>\n\t<meta property=\"og:image:width\" content=\"1024\" \/>\n\t<meta property=\"og:image:height\" content=\"768\" \/>\n\t<meta property=\"og:image:type\" content=\"image\/jpeg\" \/>\n<meta name=\"author\" content=\"bvalente\" \/>\n<meta name=\"twitter:card\" content=\"summary_large_image\" \/>\n<meta name=\"twitter:label1\" content=\"Written by\" \/>\n\t<meta name=\"twitter:data1\" content=\"bvalente\" \/>\n\t<meta name=\"twitter:label2\" content=\"Est. reading time\" \/>\n\t<meta name=\"twitter:data2\" content=\"3 minutos\" \/>\n<script type=\"application\/ld+json\" class=\"yoast-schema-graph\">{\"@context\":\"https:\/\/schema.org\",\"@graph\":[{\"@type\":\"WebPage\",\"@id\":\"https:\/\/www.manaus.am.gov.br\/semsa\/capacitacao-venda-de-alimentos\/\",\"url\":\"https:\/\/www.manaus.am.gov.br\/semsa\/capacitacao-venda-de-alimentos\/\",\"name\":\"Visa Manaus capacita permission\u00e1rios de venda de alimentos do 67\u00ba Festival Folcl\u00f3rico do Amazonas\",\"isPartOf\":{\"@id\":\"https:\/\/www.manaus.am.gov.br\/semsa\/#website\"},\"primaryImageOfPage\":{\"@id\":\"https:\/\/www.manaus.am.gov.br\/semsa\/capacitacao-venda-de-alimentos\/#primaryimage\"},\"image\":{\"@id\":\"https:\/\/www.manaus.am.gov.br\/semsa\/capacitacao-venda-de-alimentos\/#primaryimage\"},\"thumbnailUrl\":\"https:\/\/www.manaus.am.gov.br\/semsa\/wp-content\/uploads\/sites\/8\/2025\/05\/Maio-28_Capacitacao-Permissionarios-2.jpg\",\"datePublished\":\"2025-05-28T21:22:17+00:00\",\"dateModified\":\"2025-05-29T18:40:50+00:00\",\"author\":{\"@id\":\"https:\/\/www.manaus.am.gov.br\/semsa\/#\/schema\/person\/466a0e03ae4b6062809046bd560ac955\"},\"description\":\"A Prefeitura de Manaus, por meio da Diretoria de Vigil\u00e2ncia Sanit\u00e1ria (Visa Manaus) da Secretaria Municipal de Sa\u00fade (Semsa), realizou, nesta quarta-feira, 28\/5, uma capacita\u00e7\u00e3o para os permission\u00e1rios que ir\u00e3o atuar com venda de alimentos no 67\u00ba Festival Folcl\u00f3rico do Amazonas, evento que acontece entre os dias 31 de maio e 21 de junho no Centro Cultural dos Povos da Amaz\u00f4nia (CCPA), na avenida Silves, Distrito Industrial 1 (antiga rotat\u00f3ria da Suframa), zona Sul da cidade.\",\"inLanguage\":\"pt-BR\",\"potentialAction\":[{\"@type\":\"ReadAction\",\"target\":[\"https:\/\/www.manaus.am.gov.br\/semsa\/capacitacao-venda-de-alimentos\/\"]}]},{\"@type\":\"ImageObject\",\"inLanguage\":\"pt-BR\",\"@id\":\"https:\/\/www.manaus.am.gov.br\/semsa\/capacitacao-venda-de-alimentos\/#primaryimage\",\"url\":\"https:\/\/www.manaus.am.gov.br\/semsa\/wp-content\/uploads\/sites\/8\/2025\/05\/Maio-28_Capacitacao-Permissionarios-2.jpg\",\"contentUrl\":\"https:\/\/www.manaus.am.gov.br\/semsa\/wp-content\/uploads\/sites\/8\/2025\/05\/Maio-28_Capacitacao-Permissionarios-2.jpg\",\"width\":4000,\"height\":3000},{\"@type\":\"WebSite\",\"@id\":\"https:\/\/www.manaus.am.gov.br\/semsa\/#website\",\"url\":\"https:\/\/www.manaus.am.gov.br\/semsa\/\",\"name\":\"SEMSA\",\"description\":\"Secretaria Municipal de Sa\u00fade\",\"alternateName\":\"Secretaria Municipal de Sa\u00fade\",\"potentialAction\":[{\"@type\":\"SearchAction\",\"target\":{\"@type\":\"EntryPoint\",\"urlTemplate\":\"https:\/\/www.manaus.am.gov.br\/semsa\/?s={search_term_string}\"},\"query-input\":\"required name=search_term_string\"}],\"inLanguage\":\"pt-BR\"},{\"@type\":\"Person\",\"@id\":\"https:\/\/www.manaus.am.gov.br\/semsa\/#\/schema\/person\/466a0e03ae4b6062809046bd560ac955\",\"name\":\"bvalente\",\"image\":{\"@type\":\"ImageObject\",\"inLanguage\":\"pt-BR\",\"@id\":\"https:\/\/www.manaus.am.gov.br\/semsa\/#\/schema\/person\/image\/\",\"url\":\"https:\/\/secure.gravatar.com\/avatar\/3e69bc2b014bdad41adfec3a39de07d2?s=96&d=mm&r=g\",\"contentUrl\":\"https:\/\/secure.gravatar.com\/avatar\/3e69bc2b014bdad41adfec3a39de07d2?s=96&d=mm&r=g\",\"caption\":\"bvalente\"}}]}<\/script>\n<!-- \/ Yoast SEO plugin. -->","yoast_head_json":{"title":"Visa Manaus capacita permission\u00e1rios de venda de alimentos do 67\u00ba Festival Folcl\u00f3rico do Amazonas","description":"A Prefeitura de Manaus, por meio da Diretoria de Vigil\u00e2ncia Sanit\u00e1ria (Visa Manaus) da Secretaria Municipal de Sa\u00fade (Semsa), realizou, nesta quarta-feira, 28\/5, uma capacita\u00e7\u00e3o para os permission\u00e1rios que ir\u00e3o atuar com venda de alimentos no 67\u00ba Festival Folcl\u00f3rico do Amazonas, evento que acontece entre os dias 31 de maio e 21 de junho no Centro Cultural dos Povos da Amaz\u00f4nia (CCPA), na avenida Silves, Distrito Industrial 1 (antiga rotat\u00f3ria da Suframa), zona Sul da cidade.","robots":{"index":"index","follow":"follow","max-snippet":"max-snippet:-1","max-image-preview":"max-image-preview:large","max-video-preview":"max-video-preview:-1"},"canonical":"https:\/\/www.manaus.am.gov.br\/semsa\/capacitacao-venda-de-alimentos\/","og_locale":"pt_BR","og_type":"article","og_title":"Visa Manaus capacita permission\u00e1rios de venda de alimentos do 67\u00ba Festival Folcl\u00f3rico do Amazonas","og_description":"A Prefeitura de Manaus, por meio da Diretoria de Vigil\u00e2ncia Sanit\u00e1ria (Visa Manaus) da Secretaria Municipal de Sa\u00fade (Semsa), realizou, nesta quarta-feira, 28\/5, uma capacita\u00e7\u00e3o para os permission\u00e1rios que ir\u00e3o atuar com venda de alimentos no 67\u00ba Festival Folcl\u00f3rico do Amazonas, evento que acontece entre os dias 31 de maio e 21 de junho no Centro Cultural dos Povos da Amaz\u00f4nia (CCPA), na avenida Silves, Distrito Industrial 1 (antiga rotat\u00f3ria da Suframa), zona Sul da cidade.","og_url":"https:\/\/www.manaus.am.gov.br\/semsa\/capacitacao-venda-de-alimentos\/","og_site_name":"SEMSA","article_published_time":"2025-05-28T21:22:17+00:00","article_modified_time":"2025-05-29T18:40:50+00:00","og_image":[{"width":1024,"height":768,"url":"https:\/\/www.manaus.am.gov.br\/semsa\/wp-content\/uploads\/sites\/8\/2025\/05\/Maio-28_Capacitacao-Permissionarios-2-1024x768.jpg","type":"image\/jpeg"}],"author":"bvalente","twitter_card":"summary_large_image","twitter_misc":{"Written by":"bvalente","Est. reading time":"3 minutos"},"schema":{"@context":"https:\/\/schema.org","@graph":[{"@type":"WebPage","@id":"https:\/\/www.manaus.am.gov.br\/semsa\/capacitacao-venda-de-alimentos\/","url":"https:\/\/www.manaus.am.gov.br\/semsa\/capacitacao-venda-de-alimentos\/","name":"Visa Manaus capacita permission\u00e1rios de venda de alimentos do 67\u00ba Festival Folcl\u00f3rico do Amazonas","isPartOf":{"@id":"https:\/\/www.manaus.am.gov.br\/semsa\/#website"},"primaryImageOfPage":{"@id":"https:\/\/www.manaus.am.gov.br\/semsa\/capacitacao-venda-de-alimentos\/#primaryimage"},"image":{"@id":"https:\/\/www.manaus.am.gov.br\/semsa\/capacitacao-venda-de-alimentos\/#primaryimage"},"thumbnailUrl":"https:\/\/www.manaus.am.gov.br\/semsa\/wp-content\/uploads\/sites\/8\/2025\/05\/Maio-28_Capacitacao-Permissionarios-2.jpg","datePublished":"2025-05-28T21:22:17+00:00","dateModified":"2025-05-29T18:40:50+00:00","author":{"@id":"https:\/\/www.manaus.am.gov.br\/semsa\/#\/schema\/person\/466a0e03ae4b6062809046bd560ac955"},"description":"A Prefeitura de Manaus, por meio da Diretoria de Vigil\u00e2ncia Sanit\u00e1ria (Visa Manaus) da Secretaria Municipal de Sa\u00fade (Semsa), realizou, nesta quarta-feira, 28\/5, uma capacita\u00e7\u00e3o para os permission\u00e1rios que ir\u00e3o atuar com venda de alimentos no 67\u00ba Festival Folcl\u00f3rico do Amazonas, evento que acontece entre os dias 31 de maio e 21 de junho no Centro Cultural dos Povos da Amaz\u00f4nia (CCPA), na avenida Silves, Distrito Industrial 1 (antiga rotat\u00f3ria da Suframa), zona Sul da cidade.","inLanguage":"pt-BR","potentialAction":[{"@type":"ReadAction","target":["https:\/\/www.manaus.am.gov.br\/semsa\/capacitacao-venda-de-alimentos\/"]}]},{"@type":"ImageObject","inLanguage":"pt-BR","@id":"https:\/\/www.manaus.am.gov.br\/semsa\/capacitacao-venda-de-alimentos\/#primaryimage","url":"https:\/\/www.manaus.am.gov.br\/semsa\/wp-content\/uploads\/sites\/8\/2025\/05\/Maio-28_Capacitacao-Permissionarios-2.jpg","contentUrl":"https:\/\/www.manaus.am.gov.br\/semsa\/wp-content\/uploads\/sites\/8\/2025\/05\/Maio-28_Capacitacao-Permissionarios-2.jpg","width":4000,"height":3000},{"@type":"WebSite","@id":"https:\/\/www.manaus.am.gov.br\/semsa\/#website","url":"https:\/\/www.manaus.am.gov.br\/semsa\/","name":"SEMSA","description":"Secretaria Municipal de Sa\u00fade","alternateName":"Secretaria Municipal de Sa\u00fade","potentialAction":[{"@type":"SearchAction","target":{"@type":"EntryPoint","urlTemplate":"https:\/\/www.manaus.am.gov.br\/semsa\/?s={search_term_string}"},"query-input":"required name=search_term_string"}],"inLanguage":"pt-BR"},{"@type":"Person","@id":"https:\/\/www.manaus.am.gov.br\/semsa\/#\/schema\/person\/466a0e03ae4b6062809046bd560ac955","name":"bvalente","image":{"@type":"ImageObject","inLanguage":"pt-BR","@id":"https:\/\/www.manaus.am.gov.br\/semsa\/#\/schema\/person\/image\/","url":"https:\/\/secure.gravatar.com\/avatar\/3e69bc2b014bdad41adfec3a39de07d2?s=96&d=mm&r=g","contentUrl":"https:\/\/secure.gravatar.com\/avatar\/3e69bc2b014bdad41adfec3a39de07d2?s=96&d=mm&r=g","caption":"bvalente"}}]}},"_links":{"self":[{"href":"https:\/\/www.manaus.am.gov.br\/semsa\/wp-json\/wp\/v2\/posts\/223670"}],"collection":[{"href":"https:\/\/www.manaus.am.gov.br\/semsa\/wp-json\/wp\/v2\/posts"}],"about":[{"href":"https:\/\/www.manaus.am.gov.br\/semsa\/wp-json\/wp\/v2\/types\/post"}],"author":[{"embeddable":true,"href":"https:\/\/www.manaus.am.gov.br\/semsa\/wp-json\/wp\/v2\/users\/68"}],"replies":[{"embeddable":true,"href":"https:\/\/www.manaus.am.gov.br\/semsa\/wp-json\/wp\/v2\/comments?post=223670"}],"version-history":[{"count":1,"href":"https:\/\/www.manaus.am.gov.br\/semsa\/wp-json\/wp\/v2\/posts\/223670\/revisions"}],"predecessor-version":[{"id":223679,"href":"https:\/\/www.manaus.am.gov.br\/semsa\/wp-json\/wp\/v2\/posts\/223670\/revisions\/223679"}],"wp:featuredmedia":[{"embeddable":true,"href":"https:\/\/www.manaus.am.gov.br\/semsa\/wp-json\/wp\/v2\/media\/223671"}],"wp:attachment":[{"href":"https:\/\/www.manaus.am.gov.br\/semsa\/wp-json\/wp\/v2\/media?parent=223670"}],"wp:term":[{"taxonomy":"category","embeddable":true,"href":"https:\/\/www.manaus.am.gov.br\/semsa\/wp-json\/wp\/v2\/categories?post=223670"},{"taxonomy":"post_tag","embeddable":true,"href":"https:\/\/www.manaus.am.gov.br\/semsa\/wp-json\/wp\/v2\/tags?post=223670"}],"curies":[{"name":"wp","href":"https:\/\/api.w.org\/{rel}","templated":true}]}}