{"id":223161,"date":"2025-05-06T16:23:16","date_gmt":"2025-05-06T20:23:16","guid":{"rendered":"https:\/\/www.manaus.am.gov.br\/semsa\/vacina_caes_e_gatos_ribeirinhas\/"},"modified":"2025-05-06T16:23:18","modified_gmt":"2025-05-06T20:23:18","slug":"vacina_caes_e_gatos_ribeirinhas","status":"publish","type":"post","link":"https:\/\/www.manaus.am.gov.br\/semsa\/vacina_caes_e_gatos_ribeirinhas\/","title":{"rendered":"Prefeitura de Manaus vacina c\u00e3es e gatos contra a raiva em comunidades ribeirinhas do rio Negro"},"content":{"rendered":"\n<p>Profissionais de sa\u00fade da <a href=\"https:\/\/www.instagram.com\/prefeiturademanaus\/\">Prefeitura de Manaus<\/a> promovem a vacina\u00e7\u00e3o de c\u00e3es e gatos contra a raiva em comunidades situadas na calha do rio Negro, na zona rural ribeirinha do munic\u00edpio, a partir desta quarta-feira, 7\/5. A atividade integra as a\u00e7\u00f5es da etapa Rural Fluvial da Campanha de Vacina\u00e7\u00e3o Antirr\u00e1bica Animal de 2025, coordenada pela <a href=\"https:\/\/www.manaus.am.gov.br\/semsa\/\">Secretaria Municipal de Sa\u00fade (Semsa)<\/a> e executada por meio do Centro de Controle de Zoonoses (CCZ) Dr. Carlos Durand.<\/p>\n\n\n\n<p>Ao todo, as equipes do CCZ Manaus ir\u00e3o visitar 15 localidades na regi\u00e3o do rio Negro: Tatu, Jaraqui, Santa Maria, Pagod\u00e3o, Apuau, Santa Izabel, S\u00e3o Francisco, Aruau, Lindo Amanhecer, Mipindiau, Cora\u00e7\u00e3o de Maria, Igarap\u00e9 A\u00e7u, Nova Cana\u00e3, Cuieiras e Costa do Arara. As atividades na \u00e1rea se estendem at\u00e9 o pr\u00f3ximo dia 15, e a estimativa da Semsa \u00e9 de que 500 c\u00e3es e gatos sejam imunizados na a\u00e7\u00e3o.<\/p>\n\n\n\n<p>O gerente do CCZ Manaus, veterin\u00e1rio Rodrigo Ara\u00fajo, explica que a regi\u00e3o do rio Negro constitui a segunda e \u00faltima parada da etapa fluvial da vacina\u00e7\u00e3o antirr\u00e1bica da Semsa.<\/p>\n\n\n\n<p>\u201cA primeira fase da a\u00e7\u00e3o, de 16 a 24 de abril, ocorreu em 11 comunidades na calha do rio Solim\u00f5es, onde foram vacinados 612 animais, sendo 405 c\u00e3es e 207 gatos\u201d, relata.<\/p>\n\n\n\n<p>Rodrigo assinala que a log\u00edstica de vacina\u00e7\u00e3o nas etapas Rural Fluvial e Rural Terrestre \u00e9 mais desafiadora por abranger \u00e1reas remotas ou de dif\u00edcil acesso, exigindo estrat\u00e9gias espec\u00edficas para garantir a cobertura vacinal de 100% da popula\u00e7\u00e3o animal.<\/p>\n\n\n\n<p>\u201cA etapa Rural Fluvial \u00e9 realizada no per\u00edodo de maior eleva\u00e7\u00e3o no n\u00edvel dos rios, para facilitar o acesso. As equipes percorrem as comunidades em uma embarca\u00e7\u00e3o pequena, tendo as duas unidades fluviais de sa\u00fade da Semsa como bases de apoio\u201d, explica o gerente do CCZ, citando a Unidade de Sa\u00fade da Fam\u00edlia Fluvial (USFF) Dr. Ant\u00f4nio Levino como suporte das atividades na regi\u00e3o do Solim\u00f5es, e a USFF Dr. Ney Lacerda, na \u00e1rea do Negro.<\/p>\n\n\n\n<p><strong>Agenda e metas<\/strong><\/p>\n\n\n\n<p>Ap\u00f3s a etapa Rural Fluvial, conforme Rodrigo Ara\u00fajo, a agenda da campanha de vacina\u00e7\u00e3o antirr\u00e1bica deste ano continua com a etapa Rural Terrestre, prevista para iniciar no pr\u00f3ximo dia 21, seguindo at\u00e9 19 de julho. As a\u00e7\u00f5es nessa fase abrangem comunidades da zona rural situadas em ramais e vicinais das rodovias AM-010 (Manaus-Itacoatiara) e BR-174 (Manaus-Boa Vista).<\/p>\n\n\n\n<p>A mobiliza\u00e7\u00e3o se encerra com a etapa Urbana, prevista para ocorrer no per\u00edodo de 1\u00ba de setembro a 29 de novembro, com a vacina\u00e7\u00e3o de c\u00e3es e gatos contra a raiva em visitas domiciliares em todos os bairros da capital, al\u00e9m da vacina\u00e7\u00e3o em pontos estrat\u00e9gicos, fixos e tempor\u00e1rios.<\/p>\n\n\n\n<p>\u201cA meta de vacina\u00e7\u00e3o para 2025 \u00e9 de 80% da popula\u00e7\u00e3o canina de Manaus, estimada em 253 mil bichos, e 100% da popula\u00e7\u00e3o felina, estimada em 80 mil, totalizando 282.400 animais a serem vacinados\u201d, antecipa o gerente do CCZ Manaus.<\/p>\n\n\n\n<p><strong>Mobiliza\u00e7\u00e3o<\/strong><\/p>\n\n\n\n<p>A campanha de vacina\u00e7\u00e3o antirr\u00e1bica animal \u00e9 realizada anualmente pela Semsa, como parte das a\u00e7\u00f5es da gest\u00e3o municipal para controle e erradica\u00e7\u00e3o da raiva. No ano passado, a mobiliza\u00e7\u00e3o atingiu mais de 286 mil caninos e felinos imunizados em visitas de casa em casa, em pontos estrat\u00e9gicos tempor\u00e1rios e em pontos fixos, incluindo cl\u00ednicas veterin\u00e1rias parceiras do CCZ Manaus\/Semsa.<\/p>\n\n\n\n<p>Rodrigo assinala que a vacina\u00e7\u00e3o de c\u00e3es e gatos contra a raiva \u00e9 anual e obrigat\u00f3ria para animais saud\u00e1veis, a partir de tr\u00eas meses de vida. A vacina \u00e9 ofertada gratuitamente, por meio do Sistema \u00danico de Sa\u00fade (SUS), sendo disponibilizada n\u00e3o somente durante as campanhas antirr\u00e1bicas anuais e a\u00e7\u00f5es eventuais da prefeitura, como tamb\u00e9m ao longo do ano todo, na sede do CCZ Manaus, na zona Oeste.<\/p>\n\n\n\n<p>\u201cOs tutores que n\u00e3o vacinaram seus c\u00e3es e gatos durante a campanha do ano passado podem lev\u00e1-los para serem imunizados no CCZ, sem necessidade de agendamento pr\u00e9vio. O centro fica na avenida Brasil, bairro Compensa, e funciona de segunda a sexta-feira, das 8h \u00e0s 16h\u201d, informa.<\/p>\n\n\n\n<p>A raiva \u00e9 uma doen\u00e7a infecciosa grave, sem cura, que afeta o sistema nervoso central e pode ser transmitida aos seres humanos pela saliva de animais infectados, por meio de mordedura, principalmente, como tamb\u00e9m por arranhadura ou lambedura. Em Manaus, n\u00e3o h\u00e1 registro de casos de raiva humana h\u00e1 40 anos.<\/p>\n\n\n\n<p>&#8212; &#8212; &#8212;<\/p>\n\n\n\n<p><strong>Texto &#8211;<\/strong> Jony Clay Borges \/ Semsa<\/p>\n\n\n\n<p><strong>Fotos &#8211;<\/strong> Divulga\u00e7\u00e3o \/ Semsa<\/p>\n","protected":false},"excerpt":{"rendered":"","protected":false},"author":57,"featured_media":223162,"comment_status":"closed","ping_status":"closed","sticky":false,"template":"","format":"standard","meta":{"footnotes":""},"categories":[2],"tags":[3058,3059,54,28,48],"acf":[],"yoast_head":"<!-- This site is optimized with the Yoast SEO plugin v23.0 - https:\/\/yoast.com\/wordpress\/plugins\/seo\/ -->\n<title>PMM vacina c\u00e3es e gatos contra raiva em comunidades ribeirinhas<\/title>\n<meta name=\"description\" content=\"Profissionais de sa\u00fade da PMM promovem a vacina\u00e7\u00e3o de c\u00e3es e gatos contra a raiva em comunidades situadas na zona rural ribeirinha.\" \/>\n<meta name=\"robots\" content=\"index, follow, max-snippet:-1, max-image-preview:large, max-video-preview:-1\" \/>\n<link rel=\"canonical\" href=\"https:\/\/www.manaus.am.gov.br\/semsa\/vacina_caes_e_gatos_ribeirinhas\/\" \/>\n<meta property=\"og:locale\" content=\"pt_BR\" \/>\n<meta property=\"og:type\" content=\"article\" \/>\n<meta property=\"og:title\" content=\"PMM vacina c\u00e3es e gatos contra raiva em comunidades ribeirinhas\" \/>\n<meta property=\"og:description\" content=\"Profissionais de sa\u00fade da PMM promovem a vacina\u00e7\u00e3o de c\u00e3es e gatos contra a raiva em comunidades situadas na zona rural ribeirinha.\" \/>\n<meta property=\"og:url\" content=\"https:\/\/www.manaus.am.gov.br\/semsa\/vacina_caes_e_gatos_ribeirinhas\/\" \/>\n<meta property=\"og:site_name\" content=\"SEMSA\" \/>\n<meta property=\"article:published_time\" content=\"2025-05-06T20:23:16+00:00\" \/>\n<meta property=\"article:modified_time\" content=\"2025-05-06T20:23:18+00:00\" \/>\n<meta property=\"og:image\" content=\"https:\/\/www.manaus.am.gov.br\/semsa\/wp-content\/uploads\/sites\/8\/2025\/05\/caes-e-gatos-2.jpg\" \/>\n\t<meta property=\"og:image:width\" content=\"478\" \/>\n\t<meta property=\"og:image:height\" content=\"359\" \/>\n\t<meta property=\"og:image:type\" content=\"image\/jpeg\" \/>\n<meta name=\"author\" content=\"Thiago Fernando\" \/>\n<meta name=\"twitter:card\" content=\"summary_large_image\" \/>\n<meta name=\"twitter:label1\" content=\"Written by\" \/>\n\t<meta name=\"twitter:data1\" content=\"Thiago Fernando\" \/>\n\t<meta name=\"twitter:label2\" content=\"Est. reading time\" \/>\n\t<meta name=\"twitter:data2\" content=\"5 minutos\" \/>\n<script type=\"application\/ld+json\" class=\"yoast-schema-graph\">{\"@context\":\"https:\/\/schema.org\",\"@graph\":[{\"@type\":\"WebPage\",\"@id\":\"https:\/\/www.manaus.am.gov.br\/semsa\/vacina_caes_e_gatos_ribeirinhas\/\",\"url\":\"https:\/\/www.manaus.am.gov.br\/semsa\/vacina_caes_e_gatos_ribeirinhas\/\",\"name\":\"PMM vacina c\u00e3es e gatos contra raiva em comunidades ribeirinhas\",\"isPartOf\":{\"@id\":\"https:\/\/www.manaus.am.gov.br\/semsa\/#website\"},\"primaryImageOfPage\":{\"@id\":\"https:\/\/www.manaus.am.gov.br\/semsa\/vacina_caes_e_gatos_ribeirinhas\/#primaryimage\"},\"image\":{\"@id\":\"https:\/\/www.manaus.am.gov.br\/semsa\/vacina_caes_e_gatos_ribeirinhas\/#primaryimage\"},\"thumbnailUrl\":\"https:\/\/www.manaus.am.gov.br\/semsa\/wp-content\/uploads\/sites\/8\/2025\/05\/caes-e-gatos-2.jpg\",\"datePublished\":\"2025-05-06T20:23:16+00:00\",\"dateModified\":\"2025-05-06T20:23:18+00:00\",\"author\":{\"@id\":\"https:\/\/www.manaus.am.gov.br\/semsa\/#\/schema\/person\/a5ee5376db6e21af026374b369f30882\"},\"description\":\"Profissionais de sa\u00fade da PMM promovem a vacina\u00e7\u00e3o de c\u00e3es e gatos contra a raiva em comunidades situadas na zona rural ribeirinha.\",\"inLanguage\":\"pt-BR\",\"potentialAction\":[{\"@type\":\"ReadAction\",\"target\":[\"https:\/\/www.manaus.am.gov.br\/semsa\/vacina_caes_e_gatos_ribeirinhas\/\"]}]},{\"@type\":\"ImageObject\",\"inLanguage\":\"pt-BR\",\"@id\":\"https:\/\/www.manaus.am.gov.br\/semsa\/vacina_caes_e_gatos_ribeirinhas\/#primaryimage\",\"url\":\"https:\/\/www.manaus.am.gov.br\/semsa\/wp-content\/uploads\/sites\/8\/2025\/05\/caes-e-gatos-2.jpg\",\"contentUrl\":\"https:\/\/www.manaus.am.gov.br\/semsa\/wp-content\/uploads\/sites\/8\/2025\/05\/caes-e-gatos-2.jpg\",\"width\":478,\"height\":359,\"caption\":\"c\u00e3es e gatos\"},{\"@type\":\"WebSite\",\"@id\":\"https:\/\/www.manaus.am.gov.br\/semsa\/#website\",\"url\":\"https:\/\/www.manaus.am.gov.br\/semsa\/\",\"name\":\"SEMSA\",\"description\":\"Secretaria Municipal de Sa\u00fade\",\"alternateName\":\"Secretaria Municipal de Sa\u00fade\",\"potentialAction\":[{\"@type\":\"SearchAction\",\"target\":{\"@type\":\"EntryPoint\",\"urlTemplate\":\"https:\/\/www.manaus.am.gov.br\/semsa\/?s={search_term_string}\"},\"query-input\":\"required name=search_term_string\"}],\"inLanguage\":\"pt-BR\"},{\"@type\":\"Person\",\"@id\":\"https:\/\/www.manaus.am.gov.br\/semsa\/#\/schema\/person\/a5ee5376db6e21af026374b369f30882\",\"name\":\"Thiago Fernando\",\"image\":{\"@type\":\"ImageObject\",\"inLanguage\":\"pt-BR\",\"@id\":\"https:\/\/www.manaus.am.gov.br\/semsa\/#\/schema\/person\/image\/\",\"url\":\"https:\/\/secure.gravatar.com\/avatar\/f5aab8722444041451501c077052ac07?s=96&d=mm&r=g\",\"contentUrl\":\"https:\/\/secure.gravatar.com\/avatar\/f5aab8722444041451501c077052ac07?s=96&d=mm&r=g\",\"caption\":\"Thiago Fernando\"}}]}<\/script>\n<!-- \/ Yoast SEO plugin. -->","yoast_head_json":{"title":"PMM vacina c\u00e3es e gatos contra raiva em comunidades ribeirinhas","description":"Profissionais de sa\u00fade da PMM promovem a vacina\u00e7\u00e3o de c\u00e3es e gatos contra a raiva em comunidades situadas na zona rural ribeirinha.","robots":{"index":"index","follow":"follow","max-snippet":"max-snippet:-1","max-image-preview":"max-image-preview:large","max-video-preview":"max-video-preview:-1"},"canonical":"https:\/\/www.manaus.am.gov.br\/semsa\/vacina_caes_e_gatos_ribeirinhas\/","og_locale":"pt_BR","og_type":"article","og_title":"PMM vacina c\u00e3es e gatos contra raiva em comunidades ribeirinhas","og_description":"Profissionais de sa\u00fade da PMM promovem a vacina\u00e7\u00e3o de c\u00e3es e gatos contra a raiva em comunidades situadas na zona rural ribeirinha.","og_url":"https:\/\/www.manaus.am.gov.br\/semsa\/vacina_caes_e_gatos_ribeirinhas\/","og_site_name":"SEMSA","article_published_time":"2025-05-06T20:23:16+00:00","article_modified_time":"2025-05-06T20:23:18+00:00","og_image":[{"width":478,"height":359,"url":"https:\/\/www.manaus.am.gov.br\/semsa\/wp-content\/uploads\/sites\/8\/2025\/05\/caes-e-gatos-2.jpg","type":"image\/jpeg"}],"author":"Thiago Fernando","twitter_card":"summary_large_image","twitter_misc":{"Written by":"Thiago Fernando","Est. reading time":"5 minutos"},"schema":{"@context":"https:\/\/schema.org","@graph":[{"@type":"WebPage","@id":"https:\/\/www.manaus.am.gov.br\/semsa\/vacina_caes_e_gatos_ribeirinhas\/","url":"https:\/\/www.manaus.am.gov.br\/semsa\/vacina_caes_e_gatos_ribeirinhas\/","name":"PMM vacina c\u00e3es e gatos contra raiva em comunidades ribeirinhas","isPartOf":{"@id":"https:\/\/www.manaus.am.gov.br\/semsa\/#website"},"primaryImageOfPage":{"@id":"https:\/\/www.manaus.am.gov.br\/semsa\/vacina_caes_e_gatos_ribeirinhas\/#primaryimage"},"image":{"@id":"https:\/\/www.manaus.am.gov.br\/semsa\/vacina_caes_e_gatos_ribeirinhas\/#primaryimage"},"thumbnailUrl":"https:\/\/www.manaus.am.gov.br\/semsa\/wp-content\/uploads\/sites\/8\/2025\/05\/caes-e-gatos-2.jpg","datePublished":"2025-05-06T20:23:16+00:00","dateModified":"2025-05-06T20:23:18+00:00","author":{"@id":"https:\/\/www.manaus.am.gov.br\/semsa\/#\/schema\/person\/a5ee5376db6e21af026374b369f30882"},"description":"Profissionais de sa\u00fade da PMM promovem a vacina\u00e7\u00e3o de c\u00e3es e gatos contra a raiva em comunidades situadas na zona rural ribeirinha.","inLanguage":"pt-BR","potentialAction":[{"@type":"ReadAction","target":["https:\/\/www.manaus.am.gov.br\/semsa\/vacina_caes_e_gatos_ribeirinhas\/"]}]},{"@type":"ImageObject","inLanguage":"pt-BR","@id":"https:\/\/www.manaus.am.gov.br\/semsa\/vacina_caes_e_gatos_ribeirinhas\/#primaryimage","url":"https:\/\/www.manaus.am.gov.br\/semsa\/wp-content\/uploads\/sites\/8\/2025\/05\/caes-e-gatos-2.jpg","contentUrl":"https:\/\/www.manaus.am.gov.br\/semsa\/wp-content\/uploads\/sites\/8\/2025\/05\/caes-e-gatos-2.jpg","width":478,"height":359,"caption":"c\u00e3es e gatos"},{"@type":"WebSite","@id":"https:\/\/www.manaus.am.gov.br\/semsa\/#website","url":"https:\/\/www.manaus.am.gov.br\/semsa\/","name":"SEMSA","description":"Secretaria Municipal de Sa\u00fade","alternateName":"Secretaria Municipal de Sa\u00fade","potentialAction":[{"@type":"SearchAction","target":{"@type":"EntryPoint","urlTemplate":"https:\/\/www.manaus.am.gov.br\/semsa\/?s={search_term_string}"},"query-input":"required name=search_term_string"}],"inLanguage":"pt-BR"},{"@type":"Person","@id":"https:\/\/www.manaus.am.gov.br\/semsa\/#\/schema\/person\/a5ee5376db6e21af026374b369f30882","name":"Thiago Fernando","image":{"@type":"ImageObject","inLanguage":"pt-BR","@id":"https:\/\/www.manaus.am.gov.br\/semsa\/#\/schema\/person\/image\/","url":"https:\/\/secure.gravatar.com\/avatar\/f5aab8722444041451501c077052ac07?s=96&d=mm&r=g","contentUrl":"https:\/\/secure.gravatar.com\/avatar\/f5aab8722444041451501c077052ac07?s=96&d=mm&r=g","caption":"Thiago Fernando"}}]}},"_links":{"self":[{"href":"https:\/\/www.manaus.am.gov.br\/semsa\/wp-json\/wp\/v2\/posts\/223161"}],"collection":[{"href":"https:\/\/www.manaus.am.gov.br\/semsa\/wp-json\/wp\/v2\/posts"}],"about":[{"href":"https:\/\/www.manaus.am.gov.br\/semsa\/wp-json\/wp\/v2\/types\/post"}],"author":[{"embeddable":true,"href":"https:\/\/www.manaus.am.gov.br\/semsa\/wp-json\/wp\/v2\/users\/57"}],"replies":[{"embeddable":true,"href":"https:\/\/www.manaus.am.gov.br\/semsa\/wp-json\/wp\/v2\/comments?post=223161"}],"version-history":[{"count":0,"href":"https:\/\/www.manaus.am.gov.br\/semsa\/wp-json\/wp\/v2\/posts\/223161\/revisions"}],"wp:featuredmedia":[{"embeddable":true,"href":"https:\/\/www.manaus.am.gov.br\/semsa\/wp-json\/wp\/v2\/media\/223162"}],"wp:attachment":[{"href":"https:\/\/www.manaus.am.gov.br\/semsa\/wp-json\/wp\/v2\/media?parent=223161"}],"wp:term":[{"taxonomy":"category","embeddable":true,"href":"https:\/\/www.manaus.am.gov.br\/semsa\/wp-json\/wp\/v2\/categories?post=223161"},{"taxonomy":"post_tag","embeddable":true,"href":"https:\/\/www.manaus.am.gov.br\/semsa\/wp-json\/wp\/v2\/tags?post=223161"}],"curies":[{"name":"wp","href":"https:\/\/api.w.org\/{rel}","templated":true}]}}