{"id":223066,"date":"2025-05-03T19:31:42","date_gmt":"2025-05-03T23:31:42","guid":{"rendered":"https:\/\/www.manaus.am.gov.br\/semsa\/corrida-kids-mirante-lucia-almeida\/"},"modified":"2025-05-04T08:42:47","modified_gmt":"2025-05-04T12:42:47","slug":"corrida-kids-mirante-lucia-almeida","status":"publish","type":"post","link":"https:\/\/www.manaus.am.gov.br\/semsa\/corrida-kids-mirante-lucia-almeida\/","title":{"rendered":"Corrida kids e pr\u00e1ticas de sa\u00fade levam grande p\u00fablico e alegria ao mirante L\u00facia Almeida, neste s\u00e1bado"},"content":{"rendered":"\n<p>Um dia intenso de atividades marcou o encerramento, neste s\u00e1bado, 3\/5, da programa\u00e7\u00e3o de pr\u00e1ticas e servi\u00e7os de sa\u00fade da corrida de rua \u201cManaus em Movimento\u201d, promovida pela Prefeitura de Manaus. As a\u00e7\u00f5es, que atra\u00edram um grande p\u00fablico, ocorreram desde as 8h30 no mirante L\u00facia Almeida, no centro hist\u00f3rico da capital, onde a Secretaria Municipal de Sa\u00fade (Semsa) recebeu o p\u00fablico para o segundo e \u00faltimo dia de distribui\u00e7\u00e3o dos kits de corrida. No local tamb\u00e9m foram oferecidas, at\u00e9 as 16h, aulas de yoga e tai chi chuan, rodas de conversa, avalia\u00e7\u00f5es f\u00edsicas, orienta\u00e7\u00e3o do Samu 192 sobre primeiros socorros, vacina\u00e7\u00e3o e terapias como auriculoterapia e massoterapia.<\/p>\n\n\n\n<p>No final da tarde, entre as 17h e as 18h, foi a vez da Corrida Kids, que mobilizou crian\u00e7as e adolescentes de 2 a 12 anos para percursos de 100 metros e 200 metros no entorno do mirante, sob o p\u00f4r do sol.<\/p>\n\n\n\n<p>A programa\u00e7\u00e3o foi um esquenta para a corrida de 5 km e 10 km, que agora ser\u00e1 realizada no pr\u00f3ximo s\u00e1bado, 10\/5, a partir das 17h30, no complexo tur\u00edstico Ponta Negra.<\/p>\n\n\n\n<p>\u201cEm respeito \u00e0s v\u00edtimas do acidente ocorrido durante a corrida pelo Dia do Trabalhador, o prefeito David Almeida orientou o adiamento das provas dos adultos, que seriam realizadas neste domingo, dia 4. No entanto, seguimos com a corridinha das crian\u00e7as e com a programa\u00e7\u00e3o de servi\u00e7os, reunindo pessoas de todas as idades para mostrar a import\u00e2ncia da atividade f\u00edsica para uma vida com mais qualidade e mais felicidade\u201d, explicou a secret\u00e1ria da Semsa, Sh\u00e1dia Fraxe.<\/p>\n\n\n\n<p><strong>Pr\u00e1ticas<\/strong><\/p>\n\n\n\n<p>O movimento foi intenso durante todo o dia. A primeira atividade do evento foi uma aula de yoga, nas proximidades do p\u00eder, conduzida pela m\u00e9dica Marina Mota, que desenvolve a pr\u00e1tica de\u00a0forma regular na\u00a0Unidade de Sa\u00fade da Fam\u00edlia (USF) Dr. Jos\u00e9 Rayol, como atividade complementar de promo\u00e7\u00e3o da sa\u00fade.<\/p>\n\n\n\n<figure class=\"wp-block-image size-full\"><img loading=\"lazy\" decoding=\"async\" width=\"800\" height=\"600\" src=\"https:\/\/www.manaus.am.gov.br\/semsa\/wp-content\/uploads\/sites\/8\/2025\/05\/54493630172_6db44edc4e_c.jpg\" alt=\"\" class=\"wp-image-223068\" srcset=\"https:\/\/www.manaus.am.gov.br\/semsa\/wp-content\/uploads\/sites\/8\/2025\/05\/54493630172_6db44edc4e_c.jpg 800w, https:\/\/www.manaus.am.gov.br\/semsa\/wp-content\/uploads\/sites\/8\/2025\/05\/54493630172_6db44edc4e_c-300x225.jpg 300w, https:\/\/www.manaus.am.gov.br\/semsa\/wp-content\/uploads\/sites\/8\/2025\/05\/54493630172_6db44edc4e_c-768x576.jpg 768w\" sizes=\"(max-width: 800px) 100vw, 800px\" \/><figcaption class=\"wp-element-caption\">#paratodosverem a primeira atividade do evento foi uma aula de yoga, nas proximidades do p\u00eder<\/figcaption><\/figure>\n\n\n\n<p>A seguir, o educador f\u00edsico Lucas Wiggers e o nutricionista Lu\u00eds Rocildo Vieira e Silva promoveram, no audit\u00f3rio do mirante, um bate-papo sobre Nutri\u00e7\u00e3o, Alimenta\u00e7\u00e3o e Atividade F\u00edsica. Eles deram dicas pr\u00e1ticas sobre como preparar o corpo, aliando alimenta\u00e7\u00e3o e exerc\u00edcios, garantindo a melhor performance poss\u00edvel e evitando problemas nutricionais e les\u00f5es.<\/p>\n\n\n\n<p>Para o coordenador t\u00e9cnico do evento esportivo, m\u00e9dico Daniel Oliveira, a programa\u00e7\u00e3o de pr\u00e1ticas de sa\u00fade da corrida \u201cManaus em Movimento\u201d gera&nbsp; um impacto significativo junto \u00e0 popula\u00e7\u00e3o. Segundo Oliveira, a oferta dos servi\u00e7os refor\u00e7ou a mensagem principal da corrida, que \u00e9 a incorpora\u00e7\u00e3o de h\u00e1bitos saud\u00e1veis \u00e0 rotina, que por sua vez, criam um ciclo virtuoso, gerando uma boa qualidade de vida.<\/p>\n\n\n\n<p>\u201cAno a ano percebemos um interesse maior na corrida. Seja direta ou indiretamente, a popula\u00e7\u00e3o quer marcar presen\u00e7a. E aproveitando esse movimento, divulgamos e ofertamos uma s\u00e9rie de a\u00e7\u00f5es que refor\u00e7am que sa\u00fade n\u00e3o \u00e9 apenas aus\u00eancia de doen\u00e7a, mas a uni\u00e3o de uma s\u00e9rie de fatores que precisam estar em equil\u00edbrio\u201d, salientou o coordenador.<\/p>\n\n\n\n<p>Na parte de pr\u00e1ticas integrativas o movimento foi grande em todos os estandes. O industri\u00e1rio Fagner Matos escolheu o per\u00edodo da tarde para buscar seu material para a prova e ficou feliz ao encontrar uma rede de servi\u00e7os \u00e0 disposi\u00e7\u00e3o do p\u00fablico. Ap\u00f3s ser imunizado&nbsp;contra a febre amarela&nbsp;e influenza, ele fez bioimped\u00e2ncia, que sinalizou a necessidade de alguns cuidados a serem seguidos.<\/p>\n\n\n\n<p>\u201cFoi muito bem fazer essa checagem, porque eu achava que estava bem, mas vi que estou com o n\u00edvel de gordura um pouco acima do par\u00e2metro ideal para minha idade, que \u00e9 de 33 anos, mas por outro lado, a massa magra est\u00e1 bem. Gostei muito dessa programa\u00e7\u00e3o. J\u00e1 fiz ventosa e vou buscar mais coisas para fazer\u201d, afirmou o industri\u00e1rio.<\/p>\n\n\n\n<figure class=\"wp-block-image size-full\"><img loading=\"lazy\" decoding=\"async\" width=\"800\" height=\"450\" src=\"https:\/\/www.manaus.am.gov.br\/semsa\/wp-content\/uploads\/sites\/8\/2025\/05\/54494679914_8b173d6361_c.jpg\" alt=\"\" class=\"wp-image-223067\" srcset=\"https:\/\/www.manaus.am.gov.br\/semsa\/wp-content\/uploads\/sites\/8\/2025\/05\/54494679914_8b173d6361_c.jpg 800w, https:\/\/www.manaus.am.gov.br\/semsa\/wp-content\/uploads\/sites\/8\/2025\/05\/54494679914_8b173d6361_c-300x169.jpg 300w, https:\/\/www.manaus.am.gov.br\/semsa\/wp-content\/uploads\/sites\/8\/2025\/05\/54494679914_8b173d6361_c-768x432.jpg 768w\" sizes=\"(max-width: 800px) 100vw, 800px\" \/><figcaption class=\"wp-element-caption\">#paratodosverem dia de atividades atraiu grande p\u00fablico ao mirante L\u00facia Almeida<\/figcaption><\/figure>\n\n\n\n<p><strong>Supera\u00e7\u00e3o<\/strong><\/p>\n\n\n\n<p>A roda de conversa \u201cHist\u00f3rias de Supera\u00e7\u00e3o e Inspira\u00e7\u00e3o\u201d contou com a participa\u00e7\u00e3o da triatleta Bianca Guedes, do maratonista Pedro Panilha e da corredora cadeirante Marleide Sales e com um p\u00fablico expressivo, que lotou o audit\u00f3rio do mirante L\u00facia Almeida. O encontro foi mediado pela secret\u00e1ria Sh\u00e1dia Fraxe, que destacou o poder de supera\u00e7\u00e3o f\u00edsica e emocional por meio da atividade esportiva.<\/p>\n\n\n\n<p>A corredora cadeirante Marleide Sales falou que sua grande conquista foi superar condi\u00e7\u00f5es que a impossibilitavam de caminhar. V\u00edtima de paralisia infantil, ela precisou passar por 10 cirurgias para \u201candar um pouquinho, lentamente\u201d. Mas com muito esfor\u00e7o, a desesperan\u00e7a foi dando espa\u00e7o \u00e0 vontade de viver.<\/p>\n\n\n\n<p>\u201cPassei a andar de muletas e mesmo depois, na cadeira de rodas, nunca desisti. Nesse ponto, as competi\u00e7\u00f5es de rua deram um incentivo muito grande porque mostraram que consigo me superar e ser reconhecida. Esse \u00e9 o verdadeiro ganho numa corrida\u201d, destacou Marleide.<\/p>\n\n\n\n<p>Pedro e Bianca contaram como incorporaram o esporte em suas vidas, evidenciando a necessidade de disciplina, boa alimenta\u00e7\u00e3o e bom sono. Eles incentivaram a plateia, destacando que n\u00e3o \u00e9 necess\u00e1rio ter as condi\u00e7\u00f5es ideais para come\u00e7ar, sendo indispens\u00e1vel apenas a determina\u00e7\u00e3o de levantar e ir.<\/p>\n\n\n\n<p><strong>Corridinha<\/strong><\/p>\n\n\n\n<p>A programa\u00e7\u00e3o foi encerrada no final da tarde, com a Corrida Kids, realizada em v\u00e1rias baterias de acordo com a faixa et\u00e1ria. As crian\u00e7as de at\u00e9 6 anos correram 100 metros na lateral esquerda do mirante. E as de 7 a 12 anos correram 200 metros na ponte do p\u00eder tur\u00edstico sobre o rio Negro.<\/p>\n\n\n\n<p>Como atividade f\u00edsica preparat\u00f3ria, as crian\u00e7as participaram de uma sess\u00e3o adaptada de tai chi chuan com o educador f\u00edsico Lucas Wiggers e depois fizeram um aquecimento animado que tamb\u00e9m contou com a participa\u00e7\u00e3o de animadores, caracterizados como personagens infantis e como o palha\u00e7o Tiririca de Manaus.<\/p>\n\n\n\n<p>A comerci\u00e1ria Ana Regina Santos Silva estava orgulhosa da filha \u00c1gata, de 6 anos, que participou pela primeira vez da Corridinha. \u201cEu gostei demais de ver minha filha participando. Foi a primeira vez dela e ela est\u00e1 muito feliz. Ano que vem, ela vem de novo\u201d, ressaltou.<\/p>\n\n\n\n<p>Para a secret\u00e1ria Sh\u00e1dia Fraxe, a programa\u00e7\u00e3o pr\u00e9via da corrida Manaus em Movimento foi um sucesso e demonstra o alcance do evento promovido pela prefeitura na cidade de Manaus. \u201c\u00c9 uma corrida consolidada e que, a cada ano, alcan\u00e7a um p\u00fablico heterog\u00eaneo, formado por pessoas de todas as idades, com e sem experi\u00eancia em corrida, e isso \u00e9 o queremos, mostrar o quanto a sa\u00fade \u00e9 fortalecida pela atividade da corrida ou de qualquer outro esporte\u201d, destacou.<\/p>\n\n\n\n<p><strong>Ponta Negra<\/strong><\/p>\n\n\n\n<p>Nesta edi\u00e7\u00e3o, foram oferecidas 5 mil vagas para crian\u00e7as e adultos, sendo 3 mil para a corrida de 5 km, 1,7 mil para a de 10 km e 300 para a corrida Kids, a \u2018Corridinha\u2019. \u201cEsperamos todos os inscritos na corrida de adultos no pr\u00f3ximo s\u00e1bado, na Ponta Negra\u201d, enfatizou Sh\u00e1dia.<\/p>\n\n\n\n<p>As provas ter\u00e3o in\u00edcio \u00e0s 17h30, com premia\u00e7\u00e3o em trof\u00e9us para os tr\u00eas primeiros lugares nas categorias Individual Geral, Deficientes Visuais e Cadeirante (feminino e masculino) e Equipe (maior n\u00famero de atletas que completarem a prova) e medalhas para todos que completarem a prova.<\/p>\n\n\n\n<p>A secret\u00e1ria tamb\u00e9m agradeceu o apoio das diversas secretarias municipais envolvidas na realiza\u00e7\u00e3o do evento, como a Funda\u00e7\u00e3o Manaus Esporte (FME) e o Instituto Municipal de Mobilidade Urbana (IMMU), ressaltando a import\u00e2ncia da colabora\u00e7\u00e3o e a transversalidade das a\u00e7\u00f5es de sa\u00fade promovidas pela gest\u00e3o do munic\u00edpio.&nbsp;<\/p>\n\n\n\n<p>&#8212; &#8212; &#8212;<\/p>\n\n\n\n<p><strong>Texto<\/strong> &#8211; Andr\u00e9a Arruda e T\u00e2nia Brand\u00e3o \/ Semsa<\/p>\n\n\n\n<p><strong>Fotos<\/strong> &#8211;\u00a0 Jo\u00e3o Viana\/Semcom e Divulga\u00e7\u00e3o \/ Semsa<\/p>\n\n\n\n<p><strong>Dispon\u00edveis em<\/strong> \u2013 <a href=\"https:\/\/flic.kr\/s\/aHBqjCcHM1\">https:\/\/flic.kr\/s\/aHBqjCcHM1<\/a><\/p>\n","protected":false},"excerpt":{"rendered":"","protected":false},"author":25,"featured_media":223069,"comment_status":"closed","ping_status":"closed","sticky":false,"template":"","format":"standard","meta":{"footnotes":""},"categories":[3],"tags":[3052,3036,3053],"acf":[],"yoast_head":"<!-- This site is optimized with the Yoast SEO plugin v23.0 - https:\/\/yoast.com\/wordpress\/plugins\/seo\/ -->\n<title>Corrida kids e pr\u00e1ticas de sa\u00fade levam grande p\u00fablico e alegria ao mirante L\u00facia Almeida, neste s\u00e1bado<\/title>\n<meta name=\"description\" content=\"Um dia intenso de atividades marcou o encerramento, neste s\u00e1bado, 3\/5, da programa\u00e7\u00e3o de pr\u00e1ticas e servi\u00e7os de sa\u00fade da corrida \u201cManaus em Movimento\u201d\" \/>\n<meta name=\"robots\" content=\"index, follow, max-snippet:-1, max-image-preview:large, max-video-preview:-1\" \/>\n<link rel=\"canonical\" href=\"https:\/\/www.manaus.am.gov.br\/semsa\/corrida-kids-mirante-lucia-almeida\/\" \/>\n<meta property=\"og:locale\" content=\"pt_BR\" \/>\n<meta property=\"og:type\" content=\"article\" \/>\n<meta property=\"og:title\" content=\"Corrida kids e pr\u00e1ticas de sa\u00fade levam grande p\u00fablico e alegria ao mirante L\u00facia Almeida, neste s\u00e1bado\" \/>\n<meta property=\"og:description\" content=\"Um dia intenso de atividades marcou o encerramento, neste s\u00e1bado, 3\/5, da programa\u00e7\u00e3o de pr\u00e1ticas e servi\u00e7os de sa\u00fade da corrida \u201cManaus em Movimento\u201d\" \/>\n<meta property=\"og:url\" content=\"https:\/\/www.manaus.am.gov.br\/semsa\/corrida-kids-mirante-lucia-almeida\/\" \/>\n<meta property=\"og:site_name\" content=\"SEMSA\" \/>\n<meta property=\"article:published_time\" content=\"2025-05-03T23:31:42+00:00\" \/>\n<meta property=\"article:modified_time\" content=\"2025-05-04T12:42:47+00:00\" \/>\n<meta property=\"og:image\" content=\"https:\/\/www.manaus.am.gov.br\/semsa\/wp-content\/uploads\/sites\/8\/2025\/05\/54493633657_c4caf69b62_c.jpg\" \/>\n\t<meta property=\"og:image:width\" content=\"799\" \/>\n\t<meta property=\"og:image:height\" content=\"533\" \/>\n\t<meta property=\"og:image:type\" content=\"image\/jpeg\" \/>\n<meta name=\"author\" content=\"Maur\u00edcio Freire\" \/>\n<meta name=\"twitter:card\" content=\"summary_large_image\" \/>\n<meta name=\"twitter:label1\" content=\"Written by\" \/>\n\t<meta name=\"twitter:data1\" content=\"Maur\u00edcio Freire\" \/>\n\t<meta name=\"twitter:label2\" content=\"Est. reading time\" \/>\n\t<meta name=\"twitter:data2\" content=\"8 minutos\" \/>\n<script type=\"application\/ld+json\" class=\"yoast-schema-graph\">{\"@context\":\"https:\/\/schema.org\",\"@graph\":[{\"@type\":\"WebPage\",\"@id\":\"https:\/\/www.manaus.am.gov.br\/semsa\/corrida-kids-mirante-lucia-almeida\/\",\"url\":\"https:\/\/www.manaus.am.gov.br\/semsa\/corrida-kids-mirante-lucia-almeida\/\",\"name\":\"Corrida kids e pr\u00e1ticas de sa\u00fade levam grande p\u00fablico e alegria ao mirante L\u00facia Almeida, neste s\u00e1bado\",\"isPartOf\":{\"@id\":\"https:\/\/www.manaus.am.gov.br\/semsa\/#website\"},\"primaryImageOfPage\":{\"@id\":\"https:\/\/www.manaus.am.gov.br\/semsa\/corrida-kids-mirante-lucia-almeida\/#primaryimage\"},\"image\":{\"@id\":\"https:\/\/www.manaus.am.gov.br\/semsa\/corrida-kids-mirante-lucia-almeida\/#primaryimage\"},\"thumbnailUrl\":\"https:\/\/www.manaus.am.gov.br\/semsa\/wp-content\/uploads\/sites\/8\/2025\/05\/54493633657_c4caf69b62_c.jpg\",\"datePublished\":\"2025-05-03T23:31:42+00:00\",\"dateModified\":\"2025-05-04T12:42:47+00:00\",\"author\":{\"@id\":\"https:\/\/www.manaus.am.gov.br\/semsa\/#\/schema\/person\/587989a23a463cde5618e6a028977a9a\"},\"description\":\"Um dia intenso de atividades marcou o encerramento, neste s\u00e1bado, 3\/5, da programa\u00e7\u00e3o de pr\u00e1ticas e servi\u00e7os de sa\u00fade da corrida \u201cManaus em Movimento\u201d\",\"inLanguage\":\"pt-BR\",\"potentialAction\":[{\"@type\":\"ReadAction\",\"target\":[\"https:\/\/www.manaus.am.gov.br\/semsa\/corrida-kids-mirante-lucia-almeida\/\"]}]},{\"@type\":\"ImageObject\",\"inLanguage\":\"pt-BR\",\"@id\":\"https:\/\/www.manaus.am.gov.br\/semsa\/corrida-kids-mirante-lucia-almeida\/#primaryimage\",\"url\":\"https:\/\/www.manaus.am.gov.br\/semsa\/wp-content\/uploads\/sites\/8\/2025\/05\/54493633657_c4caf69b62_c.jpg\",\"contentUrl\":\"https:\/\/www.manaus.am.gov.br\/semsa\/wp-content\/uploads\/sites\/8\/2025\/05\/54493633657_c4caf69b62_c.jpg\",\"width\":799,\"height\":533,\"caption\":\"#paratodosverem as crian\u00e7as de at\u00e9 6 anos correram 100 metros na lateral esquerda do mirante\"},{\"@type\":\"WebSite\",\"@id\":\"https:\/\/www.manaus.am.gov.br\/semsa\/#website\",\"url\":\"https:\/\/www.manaus.am.gov.br\/semsa\/\",\"name\":\"SEMSA\",\"description\":\"Secretaria Municipal de Sa\u00fade\",\"alternateName\":\"Secretaria Municipal de Sa\u00fade\",\"potentialAction\":[{\"@type\":\"SearchAction\",\"target\":{\"@type\":\"EntryPoint\",\"urlTemplate\":\"https:\/\/www.manaus.am.gov.br\/semsa\/?s={search_term_string}\"},\"query-input\":\"required name=search_term_string\"}],\"inLanguage\":\"pt-BR\"},{\"@type\":\"Person\",\"@id\":\"https:\/\/www.manaus.am.gov.br\/semsa\/#\/schema\/person\/587989a23a463cde5618e6a028977a9a\",\"name\":\"Maur\u00edcio Freire\",\"image\":{\"@type\":\"ImageObject\",\"inLanguage\":\"pt-BR\",\"@id\":\"https:\/\/www.manaus.am.gov.br\/semsa\/#\/schema\/person\/image\/\",\"url\":\"https:\/\/secure.gravatar.com\/avatar\/dc1481799a1f75c733ac3b2634cd6749?s=96&d=mm&r=g\",\"contentUrl\":\"https:\/\/secure.gravatar.com\/avatar\/dc1481799a1f75c733ac3b2634cd6749?s=96&d=mm&r=g\",\"caption\":\"Maur\u00edcio Freire\"}}]}<\/script>\n<!-- \/ Yoast SEO plugin. -->","yoast_head_json":{"title":"Corrida kids e pr\u00e1ticas de sa\u00fade levam grande p\u00fablico e alegria ao mirante L\u00facia Almeida, neste s\u00e1bado","description":"Um dia intenso de atividades marcou o encerramento, neste s\u00e1bado, 3\/5, da programa\u00e7\u00e3o de pr\u00e1ticas e servi\u00e7os de sa\u00fade da corrida \u201cManaus em Movimento\u201d","robots":{"index":"index","follow":"follow","max-snippet":"max-snippet:-1","max-image-preview":"max-image-preview:large","max-video-preview":"max-video-preview:-1"},"canonical":"https:\/\/www.manaus.am.gov.br\/semsa\/corrida-kids-mirante-lucia-almeida\/","og_locale":"pt_BR","og_type":"article","og_title":"Corrida kids e pr\u00e1ticas de sa\u00fade levam grande p\u00fablico e alegria ao mirante L\u00facia Almeida, neste s\u00e1bado","og_description":"Um dia intenso de atividades marcou o encerramento, neste s\u00e1bado, 3\/5, da programa\u00e7\u00e3o de pr\u00e1ticas e servi\u00e7os de sa\u00fade da corrida \u201cManaus em Movimento\u201d","og_url":"https:\/\/www.manaus.am.gov.br\/semsa\/corrida-kids-mirante-lucia-almeida\/","og_site_name":"SEMSA","article_published_time":"2025-05-03T23:31:42+00:00","article_modified_time":"2025-05-04T12:42:47+00:00","og_image":[{"width":799,"height":533,"url":"https:\/\/www.manaus.am.gov.br\/semsa\/wp-content\/uploads\/sites\/8\/2025\/05\/54493633657_c4caf69b62_c.jpg","type":"image\/jpeg"}],"author":"Maur\u00edcio Freire","twitter_card":"summary_large_image","twitter_misc":{"Written by":"Maur\u00edcio Freire","Est. reading time":"8 minutos"},"schema":{"@context":"https:\/\/schema.org","@graph":[{"@type":"WebPage","@id":"https:\/\/www.manaus.am.gov.br\/semsa\/corrida-kids-mirante-lucia-almeida\/","url":"https:\/\/www.manaus.am.gov.br\/semsa\/corrida-kids-mirante-lucia-almeida\/","name":"Corrida kids e pr\u00e1ticas de sa\u00fade levam grande p\u00fablico e alegria ao mirante L\u00facia Almeida, neste s\u00e1bado","isPartOf":{"@id":"https:\/\/www.manaus.am.gov.br\/semsa\/#website"},"primaryImageOfPage":{"@id":"https:\/\/www.manaus.am.gov.br\/semsa\/corrida-kids-mirante-lucia-almeida\/#primaryimage"},"image":{"@id":"https:\/\/www.manaus.am.gov.br\/semsa\/corrida-kids-mirante-lucia-almeida\/#primaryimage"},"thumbnailUrl":"https:\/\/www.manaus.am.gov.br\/semsa\/wp-content\/uploads\/sites\/8\/2025\/05\/54493633657_c4caf69b62_c.jpg","datePublished":"2025-05-03T23:31:42+00:00","dateModified":"2025-05-04T12:42:47+00:00","author":{"@id":"https:\/\/www.manaus.am.gov.br\/semsa\/#\/schema\/person\/587989a23a463cde5618e6a028977a9a"},"description":"Um dia intenso de atividades marcou o encerramento, neste s\u00e1bado, 3\/5, da programa\u00e7\u00e3o de pr\u00e1ticas e servi\u00e7os de sa\u00fade da corrida \u201cManaus em Movimento\u201d","inLanguage":"pt-BR","potentialAction":[{"@type":"ReadAction","target":["https:\/\/www.manaus.am.gov.br\/semsa\/corrida-kids-mirante-lucia-almeida\/"]}]},{"@type":"ImageObject","inLanguage":"pt-BR","@id":"https:\/\/www.manaus.am.gov.br\/semsa\/corrida-kids-mirante-lucia-almeida\/#primaryimage","url":"https:\/\/www.manaus.am.gov.br\/semsa\/wp-content\/uploads\/sites\/8\/2025\/05\/54493633657_c4caf69b62_c.jpg","contentUrl":"https:\/\/www.manaus.am.gov.br\/semsa\/wp-content\/uploads\/sites\/8\/2025\/05\/54493633657_c4caf69b62_c.jpg","width":799,"height":533,"caption":"#paratodosverem as crian\u00e7as de at\u00e9 6 anos correram 100 metros na lateral esquerda do mirante"},{"@type":"WebSite","@id":"https:\/\/www.manaus.am.gov.br\/semsa\/#website","url":"https:\/\/www.manaus.am.gov.br\/semsa\/","name":"SEMSA","description":"Secretaria Municipal de Sa\u00fade","alternateName":"Secretaria Municipal de Sa\u00fade","potentialAction":[{"@type":"SearchAction","target":{"@type":"EntryPoint","urlTemplate":"https:\/\/www.manaus.am.gov.br\/semsa\/?s={search_term_string}"},"query-input":"required name=search_term_string"}],"inLanguage":"pt-BR"},{"@type":"Person","@id":"https:\/\/www.manaus.am.gov.br\/semsa\/#\/schema\/person\/587989a23a463cde5618e6a028977a9a","name":"Maur\u00edcio Freire","image":{"@type":"ImageObject","inLanguage":"pt-BR","@id":"https:\/\/www.manaus.am.gov.br\/semsa\/#\/schema\/person\/image\/","url":"https:\/\/secure.gravatar.com\/avatar\/dc1481799a1f75c733ac3b2634cd6749?s=96&d=mm&r=g","contentUrl":"https:\/\/secure.gravatar.com\/avatar\/dc1481799a1f75c733ac3b2634cd6749?s=96&d=mm&r=g","caption":"Maur\u00edcio Freire"}}]}},"_links":{"self":[{"href":"https:\/\/www.manaus.am.gov.br\/semsa\/wp-json\/wp\/v2\/posts\/223066"}],"collection":[{"href":"https:\/\/www.manaus.am.gov.br\/semsa\/wp-json\/wp\/v2\/posts"}],"about":[{"href":"https:\/\/www.manaus.am.gov.br\/semsa\/wp-json\/wp\/v2\/types\/post"}],"author":[{"embeddable":true,"href":"https:\/\/www.manaus.am.gov.br\/semsa\/wp-json\/wp\/v2\/users\/25"}],"replies":[{"embeddable":true,"href":"https:\/\/www.manaus.am.gov.br\/semsa\/wp-json\/wp\/v2\/comments?post=223066"}],"version-history":[{"count":3,"href":"https:\/\/www.manaus.am.gov.br\/semsa\/wp-json\/wp\/v2\/posts\/223066\/revisions"}],"predecessor-version":[{"id":223072,"href":"https:\/\/www.manaus.am.gov.br\/semsa\/wp-json\/wp\/v2\/posts\/223066\/revisions\/223072"}],"wp:featuredmedia":[{"embeddable":true,"href":"https:\/\/www.manaus.am.gov.br\/semsa\/wp-json\/wp\/v2\/media\/223069"}],"wp:attachment":[{"href":"https:\/\/www.manaus.am.gov.br\/semsa\/wp-json\/wp\/v2\/media?parent=223066"}],"wp:term":[{"taxonomy":"category","embeddable":true,"href":"https:\/\/www.manaus.am.gov.br\/semsa\/wp-json\/wp\/v2\/categories?post=223066"},{"taxonomy":"post_tag","embeddable":true,"href":"https:\/\/www.manaus.am.gov.br\/semsa\/wp-json\/wp\/v2\/tags?post=223066"}],"curies":[{"name":"wp","href":"https:\/\/api.w.org\/{rel}","templated":true}]}}