{"id":222599,"date":"2025-04-10T21:36:01","date_gmt":"2025-04-11T01:36:01","guid":{"rendered":"https:\/\/www.manaus.am.gov.br\/semsa\/amplia-servicos-assistenciais\/"},"modified":"2025-04-10T21:53:01","modified_gmt":"2025-04-11T01:53:01","slug":"amplia-servicos-assistenciais","status":"publish","type":"post","link":"https:\/\/www.manaus.am.gov.br\/semsa\/amplia-servicos-assistenciais\/","title":{"rendered":"Prefeitura de Manaus amplia servi\u00e7os assistenciais da Semsa aprimorando atendimento voltado \u00e0 popula\u00e7\u00e3o"},"content":{"rendered":"\n<p>A Prefeitura de Manaus comemora os significativos avan\u00e7os alcan\u00e7ados nos 100 primeiros dias de gest\u00e3o do prefeito David Almeida na rede de aten\u00e7\u00e3o prim\u00e1ria \u00e0 sa\u00fade. A entrega de novas unidades, a amplia\u00e7\u00e3o da frota do Servi\u00e7o de Atendimento M\u00f3vel de Urg\u00eancia (Samu) e o investimento em tecnologia para aprimorar a an\u00e1lise dos dados territoriais destacam-se como marcos importantes na expans\u00e3o dos servi\u00e7os assistenciais.<\/p>\n\n\n\n<p>O prefeito David Almeida ressalta que os resultados da Secretaria Municipal de Sa\u00fade (Semsa) evidenciam o compromisso de sua gest\u00e3o com a amplia\u00e7\u00e3o e qualifica\u00e7\u00e3o dos servi\u00e7os de sa\u00fade da aten\u00e7\u00e3o b\u00e1sica, considerada a porta de entrada do Sistema \u00danico de Sa\u00fade (SUS).<\/p>\n\n\n\n<p>\u201cTemos um conjunto de a\u00e7\u00f5es que mostram o quanto a nossa gest\u00e3o \u00e9 comprometida com a melhoria da qualidade de vida da popula\u00e7\u00e3o. Nossos investimentos est\u00e3o voltados para a expans\u00e3o da infraestrutura e qualifica\u00e7\u00e3o da oferta dos servi\u00e7os, o fortalecimento do Samu, para agilizar o atendimento \u00e0s situa\u00e7\u00f5es de emerg\u00eancia, e refor\u00e7o no uso de tecnologias, que permite uma abordagem estrat\u00e9gica das demandas da popula\u00e7\u00e3o\u201d, destaca o chefe do Executivo municipal.<\/p>\n\n\n\n<p><strong>Novas unidades<\/strong><\/p>\n\n\n\n<p>No dia 1\u00ba de janeiro deste ano, a prefeitura inaugurou a nova Unidade de Sa\u00fade da Fam\u00edlia (USF) Dr. Agnaldo Gomes da Costa, no bairro S\u00e3o Jos\u00e9 Oper\u00e1rio, na zona Leste.&nbsp; Com 1.200 metros quadrados de \u00e1rea constru\u00edda e preparada para realizar at\u00e9 20 mil procedimentos por m\u00eas, a USF oferece consultas m\u00e9dicas, odontol\u00f3gicas e de enfermagem, exames laboratoriais, dispensa\u00e7\u00e3o de medicamentos e servi\u00e7os especializados para crian\u00e7as, adolescentes, adultos e idosos.<\/p>\n\n\n\n<p>Os moradores do S\u00e3o Jos\u00e9 tamb\u00e9m t\u00eam acesso a programas essenciais como o de combate \u00e0 tuberculose e hansen\u00edase, exames preventivos do c\u00e2ncer do colo do \u00fatero, teste do pezinho e testes r\u00e1pidos para s\u00edfilis, HIV e hepatites, entre outras a\u00e7\u00f5es de sa\u00fade.<\/p>\n\n\n\n<p><strong>Zona Oeste<\/strong><\/p>\n\n\n\n<p>A zona Oeste tamb\u00e9m foi beneficiada com a inaugura\u00e7\u00e3o, em fevereiro, da USF Silvio Santos, no bairro da Compensa, com capacidade para 30.600 procedimentos mensais. A unidade de sa\u00fade, de porte 4, \u00e9 refer\u00eancia para mais de 30 mil usu\u00e1rios da regi\u00e3o.<\/p>\n\n\n\n<p>A secret\u00e1ria municipal de Sa\u00fade, Sh\u00e1dia Fraxe, assinala que com a entrada em opera\u00e7\u00e3o dessas novas unidades, a Prefeitura de Manaus totaliza dez unidades de grande porte (nove de porte 4 e uma de porte 3) entre os 99 estabelecimentos de sa\u00fade reformados, revitalizados ou constru\u00eddos desde 2021.\u00a0<\/p>\n\n\n\n<figure class=\"wp-block-image size-large\"><img loading=\"lazy\" decoding=\"async\" width=\"1024\" height=\"682\" src=\"https:\/\/www.manaus.am.gov.br\/semsa\/wp-content\/uploads\/sites\/8\/2025\/04\/WhatsApp-Image-2025-04-10-at-21.30.12-1-1024x682.jpeg\" alt=\"\" class=\"wp-image-222601\" srcset=\"https:\/\/www.manaus.am.gov.br\/semsa\/wp-content\/uploads\/sites\/8\/2025\/04\/WhatsApp-Image-2025-04-10-at-21.30.12-1-1024x682.jpeg 1024w, https:\/\/www.manaus.am.gov.br\/semsa\/wp-content\/uploads\/sites\/8\/2025\/04\/WhatsApp-Image-2025-04-10-at-21.30.12-1-300x200.jpeg 300w, https:\/\/www.manaus.am.gov.br\/semsa\/wp-content\/uploads\/sites\/8\/2025\/04\/WhatsApp-Image-2025-04-10-at-21.30.12-1-768x512.jpeg 768w, https:\/\/www.manaus.am.gov.br\/semsa\/wp-content\/uploads\/sites\/8\/2025\/04\/WhatsApp-Image-2025-04-10-at-21.30.12-1-1536x1023.jpeg 1536w, https:\/\/www.manaus.am.gov.br\/semsa\/wp-content\/uploads\/sites\/8\/2025\/04\/WhatsApp-Image-2025-04-10-at-21.30.12-1.jpeg 1600w\" sizes=\"(max-width: 1024px) 100vw, 1024px\" \/><\/figure>\n\n\n\n<p>\u201cN\u00f3s somos a porta de entrada do SUS e o prefeito David Almeida sabe do papel fundamental da Semsa na preven\u00e7\u00e3o de doen\u00e7as, na promo\u00e7\u00e3o da sa\u00fade e na coordena\u00e7\u00e3o do cuidado dentro da rede. Ele tem investido muito para que a cobertura da aten\u00e7\u00e3o b\u00e1sica se amplie e se qualifique ainda mais. Vamos seguir com esse compromisso\u201d, garante a titular da Semsa, adiantando que nas pr\u00f3ximas duas semanas ser\u00e3o entregues mais duas unidades de grande porte \u2013 uma na zona Leste e outra na zona Norte \u2013 e tamb\u00e9m a Farm\u00e1cia Viva, que vai oferecer aos usu\u00e1rios do SUS op\u00e7\u00f5es terap\u00eauticas baseadas nas pr\u00e1ticas populares e tradicionais.<\/p>\n\n\n\n<p><strong>Resposta r\u00e1pida<\/strong><\/p>\n\n\n\n<p>A amplia\u00e7\u00e3o da frota do Samu foi outro ponto destacado pelo prefeito David Almeida. No final de fevereiro, 15 novas ambul\u00e2ncias foram incorporadas ao servi\u00e7o, que ainda recebeu outros quatro ve\u00edculos para refor\u00e7ar o atendimento pr\u00e9-hospitalar, totalizando 19 novas ambul\u00e2ncias para o suporte de urg\u00eancia na cidade de Manaus.<\/p>\n\n\n\n<figure class=\"wp-block-image size-large\"><img loading=\"lazy\" decoding=\"async\" width=\"1024\" height=\"708\" src=\"https:\/\/www.manaus.am.gov.br\/semsa\/wp-content\/uploads\/sites\/8\/2025\/04\/WhatsApp-Image-2025-04-10-at-21.30.12-3-1024x708.jpeg\" alt=\"\" class=\"wp-image-222600\" srcset=\"https:\/\/www.manaus.am.gov.br\/semsa\/wp-content\/uploads\/sites\/8\/2025\/04\/WhatsApp-Image-2025-04-10-at-21.30.12-3-1024x708.jpeg 1024w, https:\/\/www.manaus.am.gov.br\/semsa\/wp-content\/uploads\/sites\/8\/2025\/04\/WhatsApp-Image-2025-04-10-at-21.30.12-3-300x208.jpeg 300w, https:\/\/www.manaus.am.gov.br\/semsa\/wp-content\/uploads\/sites\/8\/2025\/04\/WhatsApp-Image-2025-04-10-at-21.30.12-3-768x531.jpeg 768w, https:\/\/www.manaus.am.gov.br\/semsa\/wp-content\/uploads\/sites\/8\/2025\/04\/WhatsApp-Image-2025-04-10-at-21.30.12-3-1536x1063.jpeg 1536w, https:\/\/www.manaus.am.gov.br\/semsa\/wp-content\/uploads\/sites\/8\/2025\/04\/WhatsApp-Image-2025-04-10-at-21.30.12-3.jpeg 1600w\" sizes=\"(max-width: 1024px) 100vw, 1024px\" \/><\/figure>\n\n\n\n<p>Al\u00e9m da infraestrutura, a gest\u00e3o municipal aproveita os recursos tecnol\u00f3gicos para qualificar a coleta de informa\u00e7\u00f5es dos usu\u00e1rios da rede b\u00e1sica de sa\u00fade. No total, 497 aparelhos celulares, repassados ao munic\u00edpio pelo governo federal, foram entregues aos Agentes Comunit\u00e1rios de Sa\u00fade (ACSs) para facilitar e agilizar a coleta de dados da popula\u00e7\u00e3o em todos os distritos da cidade.<\/p>\n\n\n\n<p>Somente a \u00e1rea rural, que tem os maiores desafios de mobilidade em raz\u00e3o das dist\u00e2ncias e da baixa densidade demogr\u00e1fica, recebeu 101 dispositivos. A ferramenta j\u00e1 est\u00e1 sendo utilizada em campo para a atualiza\u00e7\u00e3o do cadastro dos usu\u00e1rios e registro de dados essenciais para a defini\u00e7\u00e3o de abordagens mais adequadas a cada comunidade, considerando suas particularidades.<\/p>\n\n\n\n<p><strong>&#8212; &#8212; &#8212;<\/strong><br><strong>Texto e fotos &#8211; <\/strong>Divulga\u00e7\u00e3o\/Semsa<\/p>\n","protected":false},"excerpt":{"rendered":"","protected":false},"author":68,"featured_media":222602,"comment_status":"closed","ping_status":"closed","sticky":false,"template":"","format":"standard","meta":{"footnotes":""},"categories":[3003],"tags":[54,3005,28],"acf":[],"yoast_head":"<!-- This site is optimized with the Yoast SEO plugin v23.0 - https:\/\/yoast.com\/wordpress\/plugins\/seo\/ -->\n<title>Prefeitura de Manaus amplia servi\u00e7os assistenciais da Semsa aprimorando atendimento voltado \u00e0 popula\u00e7\u00e3o<\/title>\n<meta name=\"description\" content=\"A Prefeitura de Manaus comemora os significativos avan\u00e7os alcan\u00e7ados nos 100 primeiros dias de gest\u00e3o do prefeito David Almeida na rede de aten\u00e7\u00e3o prim\u00e1ria \u00e0 sa\u00fade. A entrega de novas unidades, a amplia\u00e7\u00e3o da frota do Servi\u00e7o de Atendimento M\u00f3vel de Urg\u00eancia (Samu) e o investimento em tecnologia para aprimorar a an\u00e1lise dos dados territoriais destacam-se como marcos importantes na expans\u00e3o dos servi\u00e7os assistenciais.\" \/>\n<meta name=\"robots\" content=\"index, follow, max-snippet:-1, max-image-preview:large, max-video-preview:-1\" \/>\n<link rel=\"canonical\" href=\"https:\/\/www.manaus.am.gov.br\/semsa\/amplia-servicos-assistenciais\/\" \/>\n<meta property=\"og:locale\" content=\"pt_BR\" \/>\n<meta property=\"og:type\" content=\"article\" \/>\n<meta property=\"og:title\" content=\"Prefeitura de Manaus amplia servi\u00e7os assistenciais da Semsa aprimorando atendimento voltado \u00e0 popula\u00e7\u00e3o\" \/>\n<meta property=\"og:description\" content=\"A Prefeitura de Manaus comemora os significativos avan\u00e7os alcan\u00e7ados nos 100 primeiros dias de gest\u00e3o do prefeito David Almeida na rede de aten\u00e7\u00e3o prim\u00e1ria \u00e0 sa\u00fade. A entrega de novas unidades, a amplia\u00e7\u00e3o da frota do Servi\u00e7o de Atendimento M\u00f3vel de Urg\u00eancia (Samu) e o investimento em tecnologia para aprimorar a an\u00e1lise dos dados territoriais destacam-se como marcos importantes na expans\u00e3o dos servi\u00e7os assistenciais.\" \/>\n<meta property=\"og:url\" content=\"https:\/\/www.manaus.am.gov.br\/semsa\/amplia-servicos-assistenciais\/\" \/>\n<meta property=\"og:site_name\" content=\"SEMSA\" \/>\n<meta property=\"article:published_time\" content=\"2025-04-11T01:36:01+00:00\" \/>\n<meta property=\"article:modified_time\" content=\"2025-04-11T01:53:01+00:00\" \/>\n<meta property=\"og:image\" content=\"https:\/\/www.manaus.am.gov.br\/semsa\/wp-content\/uploads\/sites\/8\/2025\/04\/WhatsApp-Image-2025-04-10-at-21.30.11.jpeg\" \/>\n\t<meta property=\"og:image:width\" content=\"1600\" \/>\n\t<meta property=\"og:image:height\" content=\"1066\" \/>\n\t<meta property=\"og:image:type\" content=\"image\/jpeg\" \/>\n<meta name=\"author\" content=\"bvalente\" \/>\n<meta name=\"twitter:card\" content=\"summary_large_image\" \/>\n<meta name=\"twitter:label1\" content=\"Written by\" \/>\n\t<meta name=\"twitter:data1\" content=\"bvalente\" \/>\n\t<meta name=\"twitter:label2\" content=\"Est. reading time\" \/>\n\t<meta name=\"twitter:data2\" content=\"5 minutos\" \/>\n<script type=\"application\/ld+json\" class=\"yoast-schema-graph\">{\"@context\":\"https:\/\/schema.org\",\"@graph\":[{\"@type\":\"WebPage\",\"@id\":\"https:\/\/www.manaus.am.gov.br\/semsa\/amplia-servicos-assistenciais\/\",\"url\":\"https:\/\/www.manaus.am.gov.br\/semsa\/amplia-servicos-assistenciais\/\",\"name\":\"Prefeitura de Manaus amplia servi\u00e7os assistenciais da Semsa aprimorando atendimento voltado \u00e0 popula\u00e7\u00e3o\",\"isPartOf\":{\"@id\":\"https:\/\/www.manaus.am.gov.br\/semsa\/#website\"},\"primaryImageOfPage\":{\"@id\":\"https:\/\/www.manaus.am.gov.br\/semsa\/amplia-servicos-assistenciais\/#primaryimage\"},\"image\":{\"@id\":\"https:\/\/www.manaus.am.gov.br\/semsa\/amplia-servicos-assistenciais\/#primaryimage\"},\"thumbnailUrl\":\"https:\/\/www.manaus.am.gov.br\/semsa\/wp-content\/uploads\/sites\/8\/2025\/04\/WhatsApp-Image-2025-04-10-at-21.30.11.jpeg\",\"datePublished\":\"2025-04-11T01:36:01+00:00\",\"dateModified\":\"2025-04-11T01:53:01+00:00\",\"author\":{\"@id\":\"https:\/\/www.manaus.am.gov.br\/semsa\/#\/schema\/person\/466a0e03ae4b6062809046bd560ac955\"},\"description\":\"A Prefeitura de Manaus comemora os significativos avan\u00e7os alcan\u00e7ados nos 100 primeiros dias de gest\u00e3o do prefeito David Almeida na rede de aten\u00e7\u00e3o prim\u00e1ria \u00e0 sa\u00fade. A entrega de novas unidades, a amplia\u00e7\u00e3o da frota do Servi\u00e7o de Atendimento M\u00f3vel de Urg\u00eancia (Samu) e o investimento em tecnologia para aprimorar a an\u00e1lise dos dados territoriais destacam-se como marcos importantes na expans\u00e3o dos servi\u00e7os assistenciais.\",\"inLanguage\":\"pt-BR\",\"potentialAction\":[{\"@type\":\"ReadAction\",\"target\":[\"https:\/\/www.manaus.am.gov.br\/semsa\/amplia-servicos-assistenciais\/\"]}]},{\"@type\":\"ImageObject\",\"inLanguage\":\"pt-BR\",\"@id\":\"https:\/\/www.manaus.am.gov.br\/semsa\/amplia-servicos-assistenciais\/#primaryimage\",\"url\":\"https:\/\/www.manaus.am.gov.br\/semsa\/wp-content\/uploads\/sites\/8\/2025\/04\/WhatsApp-Image-2025-04-10-at-21.30.11.jpeg\",\"contentUrl\":\"https:\/\/www.manaus.am.gov.br\/semsa\/wp-content\/uploads\/sites\/8\/2025\/04\/WhatsApp-Image-2025-04-10-at-21.30.11.jpeg\",\"width\":1600,\"height\":1066},{\"@type\":\"WebSite\",\"@id\":\"https:\/\/www.manaus.am.gov.br\/semsa\/#website\",\"url\":\"https:\/\/www.manaus.am.gov.br\/semsa\/\",\"name\":\"SEMSA\",\"description\":\"Secretaria Municipal de Sa\u00fade\",\"alternateName\":\"Secretaria Municipal de Sa\u00fade\",\"potentialAction\":[{\"@type\":\"SearchAction\",\"target\":{\"@type\":\"EntryPoint\",\"urlTemplate\":\"https:\/\/www.manaus.am.gov.br\/semsa\/?s={search_term_string}\"},\"query-input\":\"required name=search_term_string\"}],\"inLanguage\":\"pt-BR\"},{\"@type\":\"Person\",\"@id\":\"https:\/\/www.manaus.am.gov.br\/semsa\/#\/schema\/person\/466a0e03ae4b6062809046bd560ac955\",\"name\":\"bvalente\",\"image\":{\"@type\":\"ImageObject\",\"inLanguage\":\"pt-BR\",\"@id\":\"https:\/\/www.manaus.am.gov.br\/semsa\/#\/schema\/person\/image\/\",\"url\":\"https:\/\/secure.gravatar.com\/avatar\/3e69bc2b014bdad41adfec3a39de07d2?s=96&d=mm&r=g\",\"contentUrl\":\"https:\/\/secure.gravatar.com\/avatar\/3e69bc2b014bdad41adfec3a39de07d2?s=96&d=mm&r=g\",\"caption\":\"bvalente\"}}]}<\/script>\n<!-- \/ Yoast SEO plugin. -->","yoast_head_json":{"title":"Prefeitura de Manaus amplia servi\u00e7os assistenciais da Semsa aprimorando atendimento voltado \u00e0 popula\u00e7\u00e3o","description":"A Prefeitura de Manaus comemora os significativos avan\u00e7os alcan\u00e7ados nos 100 primeiros dias de gest\u00e3o do prefeito David Almeida na rede de aten\u00e7\u00e3o prim\u00e1ria \u00e0 sa\u00fade. A entrega de novas unidades, a amplia\u00e7\u00e3o da frota do Servi\u00e7o de Atendimento M\u00f3vel de Urg\u00eancia (Samu) e o investimento em tecnologia para aprimorar a an\u00e1lise dos dados territoriais destacam-se como marcos importantes na expans\u00e3o dos servi\u00e7os assistenciais.","robots":{"index":"index","follow":"follow","max-snippet":"max-snippet:-1","max-image-preview":"max-image-preview:large","max-video-preview":"max-video-preview:-1"},"canonical":"https:\/\/www.manaus.am.gov.br\/semsa\/amplia-servicos-assistenciais\/","og_locale":"pt_BR","og_type":"article","og_title":"Prefeitura de Manaus amplia servi\u00e7os assistenciais da Semsa aprimorando atendimento voltado \u00e0 popula\u00e7\u00e3o","og_description":"A Prefeitura de Manaus comemora os significativos avan\u00e7os alcan\u00e7ados nos 100 primeiros dias de gest\u00e3o do prefeito David Almeida na rede de aten\u00e7\u00e3o prim\u00e1ria \u00e0 sa\u00fade. A entrega de novas unidades, a amplia\u00e7\u00e3o da frota do Servi\u00e7o de Atendimento M\u00f3vel de Urg\u00eancia (Samu) e o investimento em tecnologia para aprimorar a an\u00e1lise dos dados territoriais destacam-se como marcos importantes na expans\u00e3o dos servi\u00e7os assistenciais.","og_url":"https:\/\/www.manaus.am.gov.br\/semsa\/amplia-servicos-assistenciais\/","og_site_name":"SEMSA","article_published_time":"2025-04-11T01:36:01+00:00","article_modified_time":"2025-04-11T01:53:01+00:00","og_image":[{"width":1600,"height":1066,"url":"https:\/\/www.manaus.am.gov.br\/semsa\/wp-content\/uploads\/sites\/8\/2025\/04\/WhatsApp-Image-2025-04-10-at-21.30.11.jpeg","type":"image\/jpeg"}],"author":"bvalente","twitter_card":"summary_large_image","twitter_misc":{"Written by":"bvalente","Est. reading time":"5 minutos"},"schema":{"@context":"https:\/\/schema.org","@graph":[{"@type":"WebPage","@id":"https:\/\/www.manaus.am.gov.br\/semsa\/amplia-servicos-assistenciais\/","url":"https:\/\/www.manaus.am.gov.br\/semsa\/amplia-servicos-assistenciais\/","name":"Prefeitura de Manaus amplia servi\u00e7os assistenciais da Semsa aprimorando atendimento voltado \u00e0 popula\u00e7\u00e3o","isPartOf":{"@id":"https:\/\/www.manaus.am.gov.br\/semsa\/#website"},"primaryImageOfPage":{"@id":"https:\/\/www.manaus.am.gov.br\/semsa\/amplia-servicos-assistenciais\/#primaryimage"},"image":{"@id":"https:\/\/www.manaus.am.gov.br\/semsa\/amplia-servicos-assistenciais\/#primaryimage"},"thumbnailUrl":"https:\/\/www.manaus.am.gov.br\/semsa\/wp-content\/uploads\/sites\/8\/2025\/04\/WhatsApp-Image-2025-04-10-at-21.30.11.jpeg","datePublished":"2025-04-11T01:36:01+00:00","dateModified":"2025-04-11T01:53:01+00:00","author":{"@id":"https:\/\/www.manaus.am.gov.br\/semsa\/#\/schema\/person\/466a0e03ae4b6062809046bd560ac955"},"description":"A Prefeitura de Manaus comemora os significativos avan\u00e7os alcan\u00e7ados nos 100 primeiros dias de gest\u00e3o do prefeito David Almeida na rede de aten\u00e7\u00e3o prim\u00e1ria \u00e0 sa\u00fade. A entrega de novas unidades, a amplia\u00e7\u00e3o da frota do Servi\u00e7o de Atendimento M\u00f3vel de Urg\u00eancia (Samu) e o investimento em tecnologia para aprimorar a an\u00e1lise dos dados territoriais destacam-se como marcos importantes na expans\u00e3o dos servi\u00e7os assistenciais.","inLanguage":"pt-BR","potentialAction":[{"@type":"ReadAction","target":["https:\/\/www.manaus.am.gov.br\/semsa\/amplia-servicos-assistenciais\/"]}]},{"@type":"ImageObject","inLanguage":"pt-BR","@id":"https:\/\/www.manaus.am.gov.br\/semsa\/amplia-servicos-assistenciais\/#primaryimage","url":"https:\/\/www.manaus.am.gov.br\/semsa\/wp-content\/uploads\/sites\/8\/2025\/04\/WhatsApp-Image-2025-04-10-at-21.30.11.jpeg","contentUrl":"https:\/\/www.manaus.am.gov.br\/semsa\/wp-content\/uploads\/sites\/8\/2025\/04\/WhatsApp-Image-2025-04-10-at-21.30.11.jpeg","width":1600,"height":1066},{"@type":"WebSite","@id":"https:\/\/www.manaus.am.gov.br\/semsa\/#website","url":"https:\/\/www.manaus.am.gov.br\/semsa\/","name":"SEMSA","description":"Secretaria Municipal de Sa\u00fade","alternateName":"Secretaria Municipal de Sa\u00fade","potentialAction":[{"@type":"SearchAction","target":{"@type":"EntryPoint","urlTemplate":"https:\/\/www.manaus.am.gov.br\/semsa\/?s={search_term_string}"},"query-input":"required name=search_term_string"}],"inLanguage":"pt-BR"},{"@type":"Person","@id":"https:\/\/www.manaus.am.gov.br\/semsa\/#\/schema\/person\/466a0e03ae4b6062809046bd560ac955","name":"bvalente","image":{"@type":"ImageObject","inLanguage":"pt-BR","@id":"https:\/\/www.manaus.am.gov.br\/semsa\/#\/schema\/person\/image\/","url":"https:\/\/secure.gravatar.com\/avatar\/3e69bc2b014bdad41adfec3a39de07d2?s=96&d=mm&r=g","contentUrl":"https:\/\/secure.gravatar.com\/avatar\/3e69bc2b014bdad41adfec3a39de07d2?s=96&d=mm&r=g","caption":"bvalente"}}]}},"_links":{"self":[{"href":"https:\/\/www.manaus.am.gov.br\/semsa\/wp-json\/wp\/v2\/posts\/222599"}],"collection":[{"href":"https:\/\/www.manaus.am.gov.br\/semsa\/wp-json\/wp\/v2\/posts"}],"about":[{"href":"https:\/\/www.manaus.am.gov.br\/semsa\/wp-json\/wp\/v2\/types\/post"}],"author":[{"embeddable":true,"href":"https:\/\/www.manaus.am.gov.br\/semsa\/wp-json\/wp\/v2\/users\/68"}],"replies":[{"embeddable":true,"href":"https:\/\/www.manaus.am.gov.br\/semsa\/wp-json\/wp\/v2\/comments?post=222599"}],"version-history":[{"count":3,"href":"https:\/\/www.manaus.am.gov.br\/semsa\/wp-json\/wp\/v2\/posts\/222599\/revisions"}],"predecessor-version":[{"id":222605,"href":"https:\/\/www.manaus.am.gov.br\/semsa\/wp-json\/wp\/v2\/posts\/222599\/revisions\/222605"}],"wp:featuredmedia":[{"embeddable":true,"href":"https:\/\/www.manaus.am.gov.br\/semsa\/wp-json\/wp\/v2\/media\/222602"}],"wp:attachment":[{"href":"https:\/\/www.manaus.am.gov.br\/semsa\/wp-json\/wp\/v2\/media?parent=222599"}],"wp:term":[{"taxonomy":"category","embeddable":true,"href":"https:\/\/www.manaus.am.gov.br\/semsa\/wp-json\/wp\/v2\/categories?post=222599"},{"taxonomy":"post_tag","embeddable":true,"href":"https:\/\/www.manaus.am.gov.br\/semsa\/wp-json\/wp\/v2\/tags?post=222599"}],"curies":[{"name":"wp","href":"https:\/\/api.w.org\/{rel}","templated":true}]}}