{"id":222475,"date":"2025-04-07T16:50:44","date_gmt":"2025-04-07T20:50:44","guid":{"rendered":"https:\/\/www.manaus.am.gov.br\/semsa\/campanha-de-vacinacao-influenza\/"},"modified":"2025-04-07T16:50:46","modified_gmt":"2025-04-07T20:50:46","slug":"campanha-de-vacinacao-influenza","status":"publish","type":"post","link":"https:\/\/www.manaus.am.gov.br\/semsa\/campanha-de-vacinacao-influenza\/","title":{"rendered":"Prefeitura de Manaus d\u00e1 continuidade \u00e0 campanha de vacina\u00e7\u00e3o contra influenza de 2024"},"content":{"rendered":"\n<p><br>A Prefeitura de Manaus informa que a campanha de vacina\u00e7\u00e3o contra a influenza de 2025 est\u00e1 prevista para iniciar no pr\u00f3ximo semestre, na capital e demais cidades da regi\u00e3o Norte. A Secretaria Municipal de Sa\u00fade (Semsa), que coordena a estrat\u00e9gia no munic\u00edpio, prossegue com a campanha de 2024, com a oferta da vacina para todas as pessoas a partir dos 6 meses de idade, em mais de 160 pontos de imuniza\u00e7\u00e3o distribu\u00eddos em todas as zonas geogr\u00e1ficas da capital.<br><br>A secret\u00e1ria municipal de Sa\u00fade, Sh\u00e1dia Fraxe, refor\u00e7a a import\u00e2ncia da vacina\u00e7\u00e3o contra a influenza, em especial para crian\u00e7as menores de 5 anos, gestantes, pu\u00e9rperas (at\u00e9 45 dias ap\u00f3s o parto), idosos e ind\u00edgenas, que constituem os grupos priorit\u00e1rios da estrat\u00e9gia.<br><br>\u201cAs pessoas desses grupos s\u00e3o as mais vulner\u00e1veis \u00e0 gripe e suas complica\u00e7\u00f5es. Ao receber as doses ofertadas nas salas da Semsa, elas estar\u00e3o evitando as s\u00edndromes gripais causadas pelo v\u00edrus influenza, com risco menor de interna\u00e7\u00e3o ou \u00f3bito\u201d, relata a secret\u00e1ria.<br><br>Sh\u00e1dia lembra que a estrat\u00e9gia de imuniza\u00e7\u00e3o contra a influenza nos munic\u00edpios do Norte segue calend\u00e1rio diferenciado das demais regi\u00f5es do pa\u00eds, ocorrendo no segundo semestre do ano. Em 2024, ela pontua, a campanha come\u00e7ou no dia 2 de setembro, sendo depois prorrogada at\u00e9 o final de julho deste ano, com a amplia\u00e7\u00e3o da oferta da vacina para todos os p\u00fablicos, de crian\u00e7as a partir de 6 meses at\u00e9 idosos.<br><br>\u201cCom a amplia\u00e7\u00e3o da campanha, buscamos dar oportunidade a mais pessoas de ter acesso \u00e0 vacina\u00e7\u00e3o contra a influenza. Quem n\u00e3o tomou sua dose no \u00faltimo ano pode ir a qualquer sala da Semsa e receber a vacina para ficar mais protegido at\u00e9 a campanha de 2025\u201d, assinala.<br><br><strong>Aplica\u00e7\u00e3o<\/strong><br><br>A gerente de Imuniza\u00e7\u00e3o da Semsa, Isabel Hernandes, refor\u00e7a que a vacina \u00e9 gratuita, por meio do Sistema \u00danico de Sa\u00fade (SUS), e segue dispon\u00edvel nas unidades da Semsa at\u00e9 o dia 31 de julho ou at\u00e9 o fim dos estoques. \u201cPara receber a vacina, basta ir a uma das mais de 160 salas da rede municipal, munido de documento oficial de identifica\u00e7\u00e3o com foto, CPF ou cart\u00e3o do SUS, e o cart\u00e3o de vacina, se tiver\u201d, orienta.<br><br>Conforme Isabel, os usu\u00e1rios podem consultar os endere\u00e7os e hor\u00e1rios de atendimento das salas no endere\u00e7o: <a href=\"http:\/\/manaus.am.gov.br\/semsa\/wp-content\/uploads\/sites\/8\/2024\/11\/Salas-de-Vacina-contra-Influenza.pdf\">manaus.am.gov.br\/semsa\/wp-content\/uploads\/sites\/8\/2024\/11\/Salas-de-Vacina-contra-Influenza.pdf<\/a>.<br><br>A gerente de Imuniza\u00e7\u00e3o da Semsa refor\u00e7a que a influenza trivalente, utilizada na campanha de imuniza\u00e7\u00e3o, \u00e9 segura, eficaz e pode ser aplicada junto a outras do calend\u00e1rio nacional.<br><br>\u201cA \u00fanica restri\u00e7\u00e3o \u00e9 para pessoas, de qualquer idade, com quadro febril agudo ou com diagn\u00f3stico de Covid-19. Nesse caso, a orienta\u00e7\u00e3o \u00e9 que elas aguardem a melhora antes de receber a dose\u201d, recomenda.<br><strong><br>Doses e cobertura<\/strong><br><br>Manaus contabiliza, de acordo com Isabel, 566.528 doses aplicadas desde o in\u00edcio da campanha atual. A cobertura vacinal \u00e9 de 60,65% da popula\u00e7\u00e3o-alvo, estimada em 709.530 pessoas dos grupos priorit\u00e1rios, dentre crian\u00e7as, gestantes, pu\u00e9rperas, ind\u00edgenas e idosos. Os dados s\u00e3o do Sistema de Informa\u00e7\u00e3o do Programa Nacional de Imuniza\u00e7\u00e3o (SI-PNI), do Minist\u00e9rio da Sa\u00fade, atualizados at\u00e9 o dia 6\/4.<br><br>Al\u00e9m das popula\u00e7\u00f5es priorit\u00e1rias, segundo Isabel, integram o p\u00fablico-alvo da campanha trabalhadores da sa\u00fade; professores dos ensinos b\u00e1sico e superior; pessoas em situa\u00e7\u00e3o de rua; profissionais das for\u00e7as de seguran\u00e7a e de salvamento; quilombolas; profissionais das For\u00e7as Armadas; pessoas com doen\u00e7as cr\u00f4nicas n\u00e3o transmiss\u00edveis e outras condi\u00e7\u00f5es cl\u00ednicas especiais; pessoas com defici\u00eancia permanente; trabalhadores do transporte rodovi\u00e1rio coletivo; trabalhadores portu\u00e1rios; caminhoneiros; funcion\u00e1rios do sistema de priva\u00e7\u00e3o de liberdade; popula\u00e7\u00e3o privada de liberdade; e adolescentes e jovens, de 12 a 21 anos, em cumprimento de medidas socioeducativas.<\/p>\n\n\n\n<p>\u2014 \u2014 \u2014<br><strong>Texto &#8211; <\/strong>Jony Clay Borges \/ Semsa<br><strong>Fotos &#8211; <\/strong>Divulga\u00e7\u00e3o \/ Semsa<\/p>\n","protected":false},"excerpt":{"rendered":"","protected":false},"author":68,"featured_media":222476,"comment_status":"closed","ping_status":"closed","sticky":false,"template":"","format":"standard","meta":{"footnotes":""},"categories":[5],"tags":[54,28],"acf":[],"yoast_head":"<!-- This site is optimized with the Yoast SEO plugin v23.0 - https:\/\/yoast.com\/wordpress\/plugins\/seo\/ -->\n<title>Prefeitura de Manaus d\u00e1 continuidade \u00e0 campanha de vacina\u00e7\u00e3o contra influenza de 2024<\/title>\n<meta name=\"description\" content=\"A Prefeitura de Manaus informa que a campanha de vacina\u00e7\u00e3o contra a influenza de 2025 est\u00e1 prevista para iniciar no pr\u00f3ximo semestre, na capital e demais cidades da regi\u00e3o Norte. A Secretaria Municipal de Sa\u00fade (Semsa), que coordena a estrat\u00e9gia no munic\u00edpio, prossegue com a campanha de 2024, com a oferta da vacina para todas as pessoas a partir dos 6 meses de idade, em mais de 160 pontos de imuniza\u00e7\u00e3o distribu\u00eddos em todas as zonas geogr\u00e1ficas da capital.\" \/>\n<meta name=\"robots\" content=\"index, follow, max-snippet:-1, max-image-preview:large, max-video-preview:-1\" \/>\n<link rel=\"canonical\" href=\"https:\/\/www.manaus.am.gov.br\/semsa\/campanha-de-vacinacao-influenza\/\" \/>\n<meta property=\"og:locale\" content=\"pt_BR\" \/>\n<meta property=\"og:type\" content=\"article\" \/>\n<meta property=\"og:title\" content=\"Prefeitura de Manaus d\u00e1 continuidade \u00e0 campanha de vacina\u00e7\u00e3o contra influenza de 2024\" \/>\n<meta property=\"og:description\" content=\"A Prefeitura de Manaus informa que a campanha de vacina\u00e7\u00e3o contra a influenza de 2025 est\u00e1 prevista para iniciar no pr\u00f3ximo semestre, na capital e demais cidades da regi\u00e3o Norte. A Secretaria Municipal de Sa\u00fade (Semsa), que coordena a estrat\u00e9gia no munic\u00edpio, prossegue com a campanha de 2024, com a oferta da vacina para todas as pessoas a partir dos 6 meses de idade, em mais de 160 pontos de imuniza\u00e7\u00e3o distribu\u00eddos em todas as zonas geogr\u00e1ficas da capital.\" \/>\n<meta property=\"og:url\" content=\"https:\/\/www.manaus.am.gov.br\/semsa\/campanha-de-vacinacao-influenza\/\" \/>\n<meta property=\"og:site_name\" content=\"SEMSA\" \/>\n<meta property=\"article:published_time\" content=\"2025-04-07T20:50:44+00:00\" \/>\n<meta property=\"article:modified_time\" content=\"2025-04-07T20:50:46+00:00\" \/>\n<meta property=\"og:image\" content=\"https:\/\/www.manaus.am.gov.br\/semsa\/wp-content\/uploads\/sites\/8\/2025\/04\/Abril-07_Influenza-3.jpg\" \/>\n\t<meta property=\"og:image:width\" content=\"2094\" \/>\n\t<meta property=\"og:image:height\" content=\"1396\" \/>\n\t<meta property=\"og:image:type\" content=\"image\/jpeg\" \/>\n<meta name=\"author\" content=\"bvalente\" \/>\n<meta name=\"twitter:card\" content=\"summary_large_image\" \/>\n<meta name=\"twitter:label1\" content=\"Written by\" \/>\n\t<meta name=\"twitter:data1\" content=\"bvalente\" \/>\n\t<meta name=\"twitter:label2\" content=\"Est. reading time\" \/>\n\t<meta name=\"twitter:data2\" content=\"4 minutos\" \/>\n<script type=\"application\/ld+json\" class=\"yoast-schema-graph\">{\"@context\":\"https:\/\/schema.org\",\"@graph\":[{\"@type\":\"WebPage\",\"@id\":\"https:\/\/www.manaus.am.gov.br\/semsa\/campanha-de-vacinacao-influenza\/\",\"url\":\"https:\/\/www.manaus.am.gov.br\/semsa\/campanha-de-vacinacao-influenza\/\",\"name\":\"Prefeitura de Manaus d\u00e1 continuidade \u00e0 campanha de vacina\u00e7\u00e3o contra influenza de 2024\",\"isPartOf\":{\"@id\":\"https:\/\/www.manaus.am.gov.br\/semsa\/#website\"},\"primaryImageOfPage\":{\"@id\":\"https:\/\/www.manaus.am.gov.br\/semsa\/campanha-de-vacinacao-influenza\/#primaryimage\"},\"image\":{\"@id\":\"https:\/\/www.manaus.am.gov.br\/semsa\/campanha-de-vacinacao-influenza\/#primaryimage\"},\"thumbnailUrl\":\"https:\/\/www.manaus.am.gov.br\/semsa\/wp-content\/uploads\/sites\/8\/2025\/04\/Abril-07_Influenza-3.jpg\",\"datePublished\":\"2025-04-07T20:50:44+00:00\",\"dateModified\":\"2025-04-07T20:50:46+00:00\",\"author\":{\"@id\":\"https:\/\/www.manaus.am.gov.br\/semsa\/#\/schema\/person\/466a0e03ae4b6062809046bd560ac955\"},\"description\":\"A Prefeitura de Manaus informa que a campanha de vacina\u00e7\u00e3o contra a influenza de 2025 est\u00e1 prevista para iniciar no pr\u00f3ximo semestre, na capital e demais cidades da regi\u00e3o Norte. A Secretaria Municipal de Sa\u00fade (Semsa), que coordena a estrat\u00e9gia no munic\u00edpio, prossegue com a campanha de 2024, com a oferta da vacina para todas as pessoas a partir dos 6 meses de idade, em mais de 160 pontos de imuniza\u00e7\u00e3o distribu\u00eddos em todas as zonas geogr\u00e1ficas da capital.\",\"inLanguage\":\"pt-BR\",\"potentialAction\":[{\"@type\":\"ReadAction\",\"target\":[\"https:\/\/www.manaus.am.gov.br\/semsa\/campanha-de-vacinacao-influenza\/\"]}]},{\"@type\":\"ImageObject\",\"inLanguage\":\"pt-BR\",\"@id\":\"https:\/\/www.manaus.am.gov.br\/semsa\/campanha-de-vacinacao-influenza\/#primaryimage\",\"url\":\"https:\/\/www.manaus.am.gov.br\/semsa\/wp-content\/uploads\/sites\/8\/2025\/04\/Abril-07_Influenza-3.jpg\",\"contentUrl\":\"https:\/\/www.manaus.am.gov.br\/semsa\/wp-content\/uploads\/sites\/8\/2025\/04\/Abril-07_Influenza-3.jpg\",\"width\":2094,\"height\":1396},{\"@type\":\"WebSite\",\"@id\":\"https:\/\/www.manaus.am.gov.br\/semsa\/#website\",\"url\":\"https:\/\/www.manaus.am.gov.br\/semsa\/\",\"name\":\"SEMSA\",\"description\":\"Secretaria Municipal de Sa\u00fade\",\"alternateName\":\"Secretaria Municipal de Sa\u00fade\",\"potentialAction\":[{\"@type\":\"SearchAction\",\"target\":{\"@type\":\"EntryPoint\",\"urlTemplate\":\"https:\/\/www.manaus.am.gov.br\/semsa\/?s={search_term_string}\"},\"query-input\":\"required name=search_term_string\"}],\"inLanguage\":\"pt-BR\"},{\"@type\":\"Person\",\"@id\":\"https:\/\/www.manaus.am.gov.br\/semsa\/#\/schema\/person\/466a0e03ae4b6062809046bd560ac955\",\"name\":\"bvalente\",\"image\":{\"@type\":\"ImageObject\",\"inLanguage\":\"pt-BR\",\"@id\":\"https:\/\/www.manaus.am.gov.br\/semsa\/#\/schema\/person\/image\/\",\"url\":\"https:\/\/secure.gravatar.com\/avatar\/3e69bc2b014bdad41adfec3a39de07d2?s=96&d=mm&r=g\",\"contentUrl\":\"https:\/\/secure.gravatar.com\/avatar\/3e69bc2b014bdad41adfec3a39de07d2?s=96&d=mm&r=g\",\"caption\":\"bvalente\"}}]}<\/script>\n<!-- \/ Yoast SEO plugin. -->","yoast_head_json":{"title":"Prefeitura de Manaus d\u00e1 continuidade \u00e0 campanha de vacina\u00e7\u00e3o contra influenza de 2024","description":"A Prefeitura de Manaus informa que a campanha de vacina\u00e7\u00e3o contra a influenza de 2025 est\u00e1 prevista para iniciar no pr\u00f3ximo semestre, na capital e demais cidades da regi\u00e3o Norte. A Secretaria Municipal de Sa\u00fade (Semsa), que coordena a estrat\u00e9gia no munic\u00edpio, prossegue com a campanha de 2024, com a oferta da vacina para todas as pessoas a partir dos 6 meses de idade, em mais de 160 pontos de imuniza\u00e7\u00e3o distribu\u00eddos em todas as zonas geogr\u00e1ficas da capital.","robots":{"index":"index","follow":"follow","max-snippet":"max-snippet:-1","max-image-preview":"max-image-preview:large","max-video-preview":"max-video-preview:-1"},"canonical":"https:\/\/www.manaus.am.gov.br\/semsa\/campanha-de-vacinacao-influenza\/","og_locale":"pt_BR","og_type":"article","og_title":"Prefeitura de Manaus d\u00e1 continuidade \u00e0 campanha de vacina\u00e7\u00e3o contra influenza de 2024","og_description":"A Prefeitura de Manaus informa que a campanha de vacina\u00e7\u00e3o contra a influenza de 2025 est\u00e1 prevista para iniciar no pr\u00f3ximo semestre, na capital e demais cidades da regi\u00e3o Norte. A Secretaria Municipal de Sa\u00fade (Semsa), que coordena a estrat\u00e9gia no munic\u00edpio, prossegue com a campanha de 2024, com a oferta da vacina para todas as pessoas a partir dos 6 meses de idade, em mais de 160 pontos de imuniza\u00e7\u00e3o distribu\u00eddos em todas as zonas geogr\u00e1ficas da capital.","og_url":"https:\/\/www.manaus.am.gov.br\/semsa\/campanha-de-vacinacao-influenza\/","og_site_name":"SEMSA","article_published_time":"2025-04-07T20:50:44+00:00","article_modified_time":"2025-04-07T20:50:46+00:00","og_image":[{"width":2094,"height":1396,"url":"https:\/\/www.manaus.am.gov.br\/semsa\/wp-content\/uploads\/sites\/8\/2025\/04\/Abril-07_Influenza-3.jpg","type":"image\/jpeg"}],"author":"bvalente","twitter_card":"summary_large_image","twitter_misc":{"Written by":"bvalente","Est. reading time":"4 minutos"},"schema":{"@context":"https:\/\/schema.org","@graph":[{"@type":"WebPage","@id":"https:\/\/www.manaus.am.gov.br\/semsa\/campanha-de-vacinacao-influenza\/","url":"https:\/\/www.manaus.am.gov.br\/semsa\/campanha-de-vacinacao-influenza\/","name":"Prefeitura de Manaus d\u00e1 continuidade \u00e0 campanha de vacina\u00e7\u00e3o contra influenza de 2024","isPartOf":{"@id":"https:\/\/www.manaus.am.gov.br\/semsa\/#website"},"primaryImageOfPage":{"@id":"https:\/\/www.manaus.am.gov.br\/semsa\/campanha-de-vacinacao-influenza\/#primaryimage"},"image":{"@id":"https:\/\/www.manaus.am.gov.br\/semsa\/campanha-de-vacinacao-influenza\/#primaryimage"},"thumbnailUrl":"https:\/\/www.manaus.am.gov.br\/semsa\/wp-content\/uploads\/sites\/8\/2025\/04\/Abril-07_Influenza-3.jpg","datePublished":"2025-04-07T20:50:44+00:00","dateModified":"2025-04-07T20:50:46+00:00","author":{"@id":"https:\/\/www.manaus.am.gov.br\/semsa\/#\/schema\/person\/466a0e03ae4b6062809046bd560ac955"},"description":"A Prefeitura de Manaus informa que a campanha de vacina\u00e7\u00e3o contra a influenza de 2025 est\u00e1 prevista para iniciar no pr\u00f3ximo semestre, na capital e demais cidades da regi\u00e3o Norte. A Secretaria Municipal de Sa\u00fade (Semsa), que coordena a estrat\u00e9gia no munic\u00edpio, prossegue com a campanha de 2024, com a oferta da vacina para todas as pessoas a partir dos 6 meses de idade, em mais de 160 pontos de imuniza\u00e7\u00e3o distribu\u00eddos em todas as zonas geogr\u00e1ficas da capital.","inLanguage":"pt-BR","potentialAction":[{"@type":"ReadAction","target":["https:\/\/www.manaus.am.gov.br\/semsa\/campanha-de-vacinacao-influenza\/"]}]},{"@type":"ImageObject","inLanguage":"pt-BR","@id":"https:\/\/www.manaus.am.gov.br\/semsa\/campanha-de-vacinacao-influenza\/#primaryimage","url":"https:\/\/www.manaus.am.gov.br\/semsa\/wp-content\/uploads\/sites\/8\/2025\/04\/Abril-07_Influenza-3.jpg","contentUrl":"https:\/\/www.manaus.am.gov.br\/semsa\/wp-content\/uploads\/sites\/8\/2025\/04\/Abril-07_Influenza-3.jpg","width":2094,"height":1396},{"@type":"WebSite","@id":"https:\/\/www.manaus.am.gov.br\/semsa\/#website","url":"https:\/\/www.manaus.am.gov.br\/semsa\/","name":"SEMSA","description":"Secretaria Municipal de Sa\u00fade","alternateName":"Secretaria Municipal de Sa\u00fade","potentialAction":[{"@type":"SearchAction","target":{"@type":"EntryPoint","urlTemplate":"https:\/\/www.manaus.am.gov.br\/semsa\/?s={search_term_string}"},"query-input":"required name=search_term_string"}],"inLanguage":"pt-BR"},{"@type":"Person","@id":"https:\/\/www.manaus.am.gov.br\/semsa\/#\/schema\/person\/466a0e03ae4b6062809046bd560ac955","name":"bvalente","image":{"@type":"ImageObject","inLanguage":"pt-BR","@id":"https:\/\/www.manaus.am.gov.br\/semsa\/#\/schema\/person\/image\/","url":"https:\/\/secure.gravatar.com\/avatar\/3e69bc2b014bdad41adfec3a39de07d2?s=96&d=mm&r=g","contentUrl":"https:\/\/secure.gravatar.com\/avatar\/3e69bc2b014bdad41adfec3a39de07d2?s=96&d=mm&r=g","caption":"bvalente"}}]}},"_links":{"self":[{"href":"https:\/\/www.manaus.am.gov.br\/semsa\/wp-json\/wp\/v2\/posts\/222475"}],"collection":[{"href":"https:\/\/www.manaus.am.gov.br\/semsa\/wp-json\/wp\/v2\/posts"}],"about":[{"href":"https:\/\/www.manaus.am.gov.br\/semsa\/wp-json\/wp\/v2\/types\/post"}],"author":[{"embeddable":true,"href":"https:\/\/www.manaus.am.gov.br\/semsa\/wp-json\/wp\/v2\/users\/68"}],"replies":[{"embeddable":true,"href":"https:\/\/www.manaus.am.gov.br\/semsa\/wp-json\/wp\/v2\/comments?post=222475"}],"version-history":[{"count":0,"href":"https:\/\/www.manaus.am.gov.br\/semsa\/wp-json\/wp\/v2\/posts\/222475\/revisions"}],"wp:featuredmedia":[{"embeddable":true,"href":"https:\/\/www.manaus.am.gov.br\/semsa\/wp-json\/wp\/v2\/media\/222476"}],"wp:attachment":[{"href":"https:\/\/www.manaus.am.gov.br\/semsa\/wp-json\/wp\/v2\/media?parent=222475"}],"wp:term":[{"taxonomy":"category","embeddable":true,"href":"https:\/\/www.manaus.am.gov.br\/semsa\/wp-json\/wp\/v2\/categories?post=222475"},{"taxonomy":"post_tag","embeddable":true,"href":"https:\/\/www.manaus.am.gov.br\/semsa\/wp-json\/wp\/v2\/tags?post=222475"}],"curies":[{"name":"wp","href":"https:\/\/api.w.org\/{rel}","templated":true}]}}