{"id":221466,"date":"2025-03-11T14:48:54","date_gmt":"2025-03-11T18:48:54","guid":{"rendered":"https:\/\/www.manaus.am.gov.br\/semsa\/david-almeida-vistoria-obras-zona-oeste\/"},"modified":"2025-03-11T14:48:55","modified_gmt":"2025-03-11T18:48:55","slug":"david-almeida-vistoria-obras-zona-oeste","status":"publish","type":"post","link":"https:\/\/www.manaus.am.gov.br\/semsa\/david-almeida-vistoria-obras-zona-oeste\/","title":{"rendered":"Prefeito David Almeida vistoria obras de sa\u00fade e revitaliza\u00e7\u00e3o na zona Oeste de Manaus"},"content":{"rendered":"\n<p>Na manh\u00e3 desta ter\u00e7a-feira 11\/3, o prefeito de Manaus, David Almeida, realizou uma s\u00e9rie de vistorias em obras da zona Oeste de Manaus, com foco na melhoria da aten\u00e7\u00e3o b\u00e1sica \u00e0 sa\u00fade e na revitaliza\u00e7\u00e3o de espa\u00e7os p\u00fablicos.<\/p>\n\n\n\n<p>No bairro Santo Agostinho, o prefeito visitou as obras da Unidade B\u00e1sica de Sa\u00fade (UBS) Porte 4, que contar\u00e1 com 1.200 metros quadrados de \u00e1rea constru\u00edda e 59 ambientes, proporcionando um espa\u00e7o moderno e adequado para o atendimento da popula\u00e7\u00e3o. A unidade tem previs\u00e3o de entrega para junho deste ano.<\/p>\n\n\n\n<p>\u201cO espa\u00e7o \u00e9 ideal para aprimorarmos o atendimento da aten\u00e7\u00e3o prim\u00e1ria aqui na zona Oeste. A obra est\u00e1 em andamento dentro do cronograma previsto, garantindo que possamos conclui-la e entreg\u00e1-la \u00e0 popula\u00e7\u00e3o no m\u00eas de junho, proporcionando mais qualidade e efici\u00eancia nos servi\u00e7os de sa\u00fade\u201d, destacou David Almeida.<\/p>\n\n\n\n<p>Na sequ\u00eancia, o prefeito seguiu para o bairro da Compensa, onde acompanhou as obras de reforma e amplia\u00e7\u00e3o da UBS Leonor de Freitas. Ele refor\u00e7ou os investimentos municipais na aten\u00e7\u00e3o b\u00e1sica e a import\u00e2ncia da amplia\u00e7\u00e3o da rede de atendimento.<\/p>\n\n\n\n<p>\u201cPara melhor atender a popula\u00e7\u00e3o, este espa\u00e7o contar\u00e1 com a oferta de servi\u00e7os de aten\u00e7\u00e3o prim\u00e1ria para os moradores da zona Oeste de Manaus. Trata-se de um dos grandes investimentos da Prefeitura na \u00e1rea da sa\u00fade, abrangendo a constru\u00e7\u00e3o e a melhoria das unidades de atendimento, al\u00e9m do fortalecimento da estrutura para proporcionar um servi\u00e7o mais eficiente e acess\u00edvel \u00e0 nossa cidade\u201d, afirmou o prefeito.<\/p>\n\n\n\n<p><strong>Novo espa\u00e7o de lazer<\/strong><\/p>\n\n\n\n<p>Al\u00e9m das obras na sa\u00fade, David Almeida tamb\u00e9m vistoriou a revitaliza\u00e7\u00e3o da Lagoa do Bombeamento, no bairro da Compensa. O espa\u00e7o, que antes sofria com degrada\u00e7\u00e3o ambiental, est\u00e1 passando por um processo completo de despolui\u00e7\u00e3o e requalifica\u00e7\u00e3o.<\/p>\n\n\n\n<p>O projeto prev\u00ea a reforma de toda a pra\u00e7a ao redor da lagoa, constru\u00e7\u00e3o de ciclovias, instala\u00e7\u00e3o de uma pra\u00e7a molhada, espa\u00e7o para pedalinhos e uma pra\u00e7a de alimenta\u00e7\u00e3o. A quadra esportiva localizada no entorno tamb\u00e9m ser\u00e1 revitalizada.<\/p>\n\n\n\n<p>\u201cVamos recuperar a quadra de esportes. A\u00e7\u00f5es como essa visam revitalizar a cidade e tornar Manaus um lugar melhor para se viver\u201d, ressaltou o prefeito.<\/p>\n\n\n\n<p>O secret\u00e1rio municipal de Limpeza Urbana (Semulsp), Sab\u00e1 Reis, destacou o avan\u00e7o das obras e a receptividade da popula\u00e7\u00e3o com as melhorias.<\/p>\n\n\n\n<p>\u201cH\u00e1 dois meses, o prefeito David me recomendou que vi\u00e9ssemos at\u00e9 aqui para iniciar a transforma\u00e7\u00e3o deste espa\u00e7o. Hoje, j\u00e1 podemos ver a satisfa\u00e7\u00e3o das pessoas com o progresso das obras. O resultado ser\u00e1 incr\u00edvel, um verdadeiro espet\u00e1culo, porque aqui o trabalho n\u00e3o para, ele s\u00f3 avan\u00e7a\u201d, afirmou Sab\u00e1 Reis.<\/p>\n\n\n\n<p>&#8212; &#8212; &#8212;<\/p>\n\n\n\n<p><strong>Texto &#8211; <\/strong>D\u00e1rio Avelino \/ Semcom<\/p>\n\n\n\n<p><strong>Fotos &#8211; <\/strong>Dhyeizo Lemos \/ Semcom<\/p>\n\n\n\n<p><strong>Dispon\u00edveis em<\/strong> \u2013 <a href=\"https:\/\/flic.kr\/s\/aHBqjC59kq\">https:\/\/flic.kr\/s\/aHBqjC59kq<\/a><\/p>\n","protected":false},"excerpt":{"rendered":"","protected":false},"author":57,"featured_media":221467,"comment_status":"closed","ping_status":"closed","sticky":false,"template":"","format":"standard","meta":{"footnotes":""},"categories":[2537],"tags":[165,2903,54,2904,28,210,337],"acf":[],"yoast_head":"<!-- This site is optimized with the Yoast SEO plugin v23.0 - https:\/\/yoast.com\/wordpress\/plugins\/seo\/ -->\n<title>Prefeito David Almeida vistoria obras na zona Oeste de Manaus<\/title>\n<meta name=\"description\" content=\"O prefeito de Manaus, David Almeida, realizou, nesta ter\u00e7a-feira, uma s\u00e9rie de vistorias em obras da zona Oeste de Manaus.\" \/>\n<meta name=\"robots\" content=\"index, follow, max-snippet:-1, max-image-preview:large, max-video-preview:-1\" \/>\n<link rel=\"canonical\" href=\"https:\/\/www.manaus.am.gov.br\/semsa\/david-almeida-vistoria-obras-zona-oeste\/\" \/>\n<meta property=\"og:locale\" content=\"pt_BR\" \/>\n<meta property=\"og:type\" content=\"article\" \/>\n<meta property=\"og:title\" content=\"Prefeito David Almeida vistoria obras na zona Oeste de Manaus\" \/>\n<meta property=\"og:description\" content=\"O prefeito de Manaus, David Almeida, realizou, nesta ter\u00e7a-feira, uma s\u00e9rie de vistorias em obras da zona Oeste de Manaus.\" \/>\n<meta property=\"og:url\" content=\"https:\/\/www.manaus.am.gov.br\/semsa\/david-almeida-vistoria-obras-zona-oeste\/\" \/>\n<meta property=\"og:site_name\" content=\"SEMSA\" \/>\n<meta property=\"article:published_time\" content=\"2025-03-11T18:48:54+00:00\" \/>\n<meta property=\"article:modified_time\" content=\"2025-03-11T18:48:55+00:00\" \/>\n<meta property=\"og:image\" content=\"https:\/\/www.manaus.am.gov.br\/semsa\/wp-content\/uploads\/sites\/8\/2025\/03\/David-Almeida_vistoria-obras-3.jpeg\" \/>\n\t<meta property=\"og:image:width\" content=\"3908\" \/>\n\t<meta property=\"og:image:height\" content=\"2605\" \/>\n\t<meta property=\"og:image:type\" content=\"image\/jpeg\" \/>\n<meta name=\"author\" content=\"Thiago Fernando\" \/>\n<meta name=\"twitter:card\" content=\"summary_large_image\" \/>\n<meta name=\"twitter:label1\" content=\"Written by\" \/>\n\t<meta name=\"twitter:data1\" content=\"Thiago Fernando\" \/>\n\t<meta name=\"twitter:label2\" content=\"Est. reading time\" \/>\n\t<meta name=\"twitter:data2\" content=\"3 minutos\" \/>\n<script type=\"application\/ld+json\" class=\"yoast-schema-graph\">{\"@context\":\"https:\/\/schema.org\",\"@graph\":[{\"@type\":\"WebPage\",\"@id\":\"https:\/\/www.manaus.am.gov.br\/semsa\/david-almeida-vistoria-obras-zona-oeste\/\",\"url\":\"https:\/\/www.manaus.am.gov.br\/semsa\/david-almeida-vistoria-obras-zona-oeste\/\",\"name\":\"Prefeito David Almeida vistoria obras na zona Oeste de Manaus\",\"isPartOf\":{\"@id\":\"https:\/\/www.manaus.am.gov.br\/semsa\/#website\"},\"primaryImageOfPage\":{\"@id\":\"https:\/\/www.manaus.am.gov.br\/semsa\/david-almeida-vistoria-obras-zona-oeste\/#primaryimage\"},\"image\":{\"@id\":\"https:\/\/www.manaus.am.gov.br\/semsa\/david-almeida-vistoria-obras-zona-oeste\/#primaryimage\"},\"thumbnailUrl\":\"https:\/\/www.manaus.am.gov.br\/semsa\/wp-content\/uploads\/sites\/8\/2025\/03\/David-Almeida_vistoria-obras-3.jpeg\",\"datePublished\":\"2025-03-11T18:48:54+00:00\",\"dateModified\":\"2025-03-11T18:48:55+00:00\",\"author\":{\"@id\":\"https:\/\/www.manaus.am.gov.br\/semsa\/#\/schema\/person\/a5ee5376db6e21af026374b369f30882\"},\"description\":\"O prefeito de Manaus, David Almeida, realizou, nesta ter\u00e7a-feira, uma s\u00e9rie de vistorias em obras da zona Oeste de Manaus.\",\"inLanguage\":\"pt-BR\",\"potentialAction\":[{\"@type\":\"ReadAction\",\"target\":[\"https:\/\/www.manaus.am.gov.br\/semsa\/david-almeida-vistoria-obras-zona-oeste\/\"]}]},{\"@type\":\"ImageObject\",\"inLanguage\":\"pt-BR\",\"@id\":\"https:\/\/www.manaus.am.gov.br\/semsa\/david-almeida-vistoria-obras-zona-oeste\/#primaryimage\",\"url\":\"https:\/\/www.manaus.am.gov.br\/semsa\/wp-content\/uploads\/sites\/8\/2025\/03\/David-Almeida_vistoria-obras-3.jpeg\",\"contentUrl\":\"https:\/\/www.manaus.am.gov.br\/semsa\/wp-content\/uploads\/sites\/8\/2025\/03\/David-Almeida_vistoria-obras-3.jpeg\",\"width\":3908,\"height\":2605,\"caption\":\"David Almeida_vistoria obras (3)\"},{\"@type\":\"WebSite\",\"@id\":\"https:\/\/www.manaus.am.gov.br\/semsa\/#website\",\"url\":\"https:\/\/www.manaus.am.gov.br\/semsa\/\",\"name\":\"SEMSA\",\"description\":\"Secretaria Municipal de Sa\u00fade\",\"alternateName\":\"Secretaria Municipal de Sa\u00fade\",\"potentialAction\":[{\"@type\":\"SearchAction\",\"target\":{\"@type\":\"EntryPoint\",\"urlTemplate\":\"https:\/\/www.manaus.am.gov.br\/semsa\/?s={search_term_string}\"},\"query-input\":\"required name=search_term_string\"}],\"inLanguage\":\"pt-BR\"},{\"@type\":\"Person\",\"@id\":\"https:\/\/www.manaus.am.gov.br\/semsa\/#\/schema\/person\/a5ee5376db6e21af026374b369f30882\",\"name\":\"Thiago Fernando\",\"image\":{\"@type\":\"ImageObject\",\"inLanguage\":\"pt-BR\",\"@id\":\"https:\/\/www.manaus.am.gov.br\/semsa\/#\/schema\/person\/image\/\",\"url\":\"https:\/\/secure.gravatar.com\/avatar\/f5aab8722444041451501c077052ac07?s=96&d=mm&r=g\",\"contentUrl\":\"https:\/\/secure.gravatar.com\/avatar\/f5aab8722444041451501c077052ac07?s=96&d=mm&r=g\",\"caption\":\"Thiago Fernando\"}}]}<\/script>\n<!-- \/ Yoast SEO plugin. -->","yoast_head_json":{"title":"Prefeito David Almeida vistoria obras na zona Oeste de Manaus","description":"O prefeito de Manaus, David Almeida, realizou, nesta ter\u00e7a-feira, uma s\u00e9rie de vistorias em obras da zona Oeste de Manaus.","robots":{"index":"index","follow":"follow","max-snippet":"max-snippet:-1","max-image-preview":"max-image-preview:large","max-video-preview":"max-video-preview:-1"},"canonical":"https:\/\/www.manaus.am.gov.br\/semsa\/david-almeida-vistoria-obras-zona-oeste\/","og_locale":"pt_BR","og_type":"article","og_title":"Prefeito David Almeida vistoria obras na zona Oeste de Manaus","og_description":"O prefeito de Manaus, David Almeida, realizou, nesta ter\u00e7a-feira, uma s\u00e9rie de vistorias em obras da zona Oeste de Manaus.","og_url":"https:\/\/www.manaus.am.gov.br\/semsa\/david-almeida-vistoria-obras-zona-oeste\/","og_site_name":"SEMSA","article_published_time":"2025-03-11T18:48:54+00:00","article_modified_time":"2025-03-11T18:48:55+00:00","og_image":[{"width":3908,"height":2605,"url":"https:\/\/www.manaus.am.gov.br\/semsa\/wp-content\/uploads\/sites\/8\/2025\/03\/David-Almeida_vistoria-obras-3.jpeg","type":"image\/jpeg"}],"author":"Thiago Fernando","twitter_card":"summary_large_image","twitter_misc":{"Written by":"Thiago Fernando","Est. reading time":"3 minutos"},"schema":{"@context":"https:\/\/schema.org","@graph":[{"@type":"WebPage","@id":"https:\/\/www.manaus.am.gov.br\/semsa\/david-almeida-vistoria-obras-zona-oeste\/","url":"https:\/\/www.manaus.am.gov.br\/semsa\/david-almeida-vistoria-obras-zona-oeste\/","name":"Prefeito David Almeida vistoria obras na zona Oeste de Manaus","isPartOf":{"@id":"https:\/\/www.manaus.am.gov.br\/semsa\/#website"},"primaryImageOfPage":{"@id":"https:\/\/www.manaus.am.gov.br\/semsa\/david-almeida-vistoria-obras-zona-oeste\/#primaryimage"},"image":{"@id":"https:\/\/www.manaus.am.gov.br\/semsa\/david-almeida-vistoria-obras-zona-oeste\/#primaryimage"},"thumbnailUrl":"https:\/\/www.manaus.am.gov.br\/semsa\/wp-content\/uploads\/sites\/8\/2025\/03\/David-Almeida_vistoria-obras-3.jpeg","datePublished":"2025-03-11T18:48:54+00:00","dateModified":"2025-03-11T18:48:55+00:00","author":{"@id":"https:\/\/www.manaus.am.gov.br\/semsa\/#\/schema\/person\/a5ee5376db6e21af026374b369f30882"},"description":"O prefeito de Manaus, David Almeida, realizou, nesta ter\u00e7a-feira, uma s\u00e9rie de vistorias em obras da zona Oeste de Manaus.","inLanguage":"pt-BR","potentialAction":[{"@type":"ReadAction","target":["https:\/\/www.manaus.am.gov.br\/semsa\/david-almeida-vistoria-obras-zona-oeste\/"]}]},{"@type":"ImageObject","inLanguage":"pt-BR","@id":"https:\/\/www.manaus.am.gov.br\/semsa\/david-almeida-vistoria-obras-zona-oeste\/#primaryimage","url":"https:\/\/www.manaus.am.gov.br\/semsa\/wp-content\/uploads\/sites\/8\/2025\/03\/David-Almeida_vistoria-obras-3.jpeg","contentUrl":"https:\/\/www.manaus.am.gov.br\/semsa\/wp-content\/uploads\/sites\/8\/2025\/03\/David-Almeida_vistoria-obras-3.jpeg","width":3908,"height":2605,"caption":"David Almeida_vistoria obras (3)"},{"@type":"WebSite","@id":"https:\/\/www.manaus.am.gov.br\/semsa\/#website","url":"https:\/\/www.manaus.am.gov.br\/semsa\/","name":"SEMSA","description":"Secretaria Municipal de Sa\u00fade","alternateName":"Secretaria Municipal de Sa\u00fade","potentialAction":[{"@type":"SearchAction","target":{"@type":"EntryPoint","urlTemplate":"https:\/\/www.manaus.am.gov.br\/semsa\/?s={search_term_string}"},"query-input":"required name=search_term_string"}],"inLanguage":"pt-BR"},{"@type":"Person","@id":"https:\/\/www.manaus.am.gov.br\/semsa\/#\/schema\/person\/a5ee5376db6e21af026374b369f30882","name":"Thiago Fernando","image":{"@type":"ImageObject","inLanguage":"pt-BR","@id":"https:\/\/www.manaus.am.gov.br\/semsa\/#\/schema\/person\/image\/","url":"https:\/\/secure.gravatar.com\/avatar\/f5aab8722444041451501c077052ac07?s=96&d=mm&r=g","contentUrl":"https:\/\/secure.gravatar.com\/avatar\/f5aab8722444041451501c077052ac07?s=96&d=mm&r=g","caption":"Thiago Fernando"}}]}},"_links":{"self":[{"href":"https:\/\/www.manaus.am.gov.br\/semsa\/wp-json\/wp\/v2\/posts\/221466"}],"collection":[{"href":"https:\/\/www.manaus.am.gov.br\/semsa\/wp-json\/wp\/v2\/posts"}],"about":[{"href":"https:\/\/www.manaus.am.gov.br\/semsa\/wp-json\/wp\/v2\/types\/post"}],"author":[{"embeddable":true,"href":"https:\/\/www.manaus.am.gov.br\/semsa\/wp-json\/wp\/v2\/users\/57"}],"replies":[{"embeddable":true,"href":"https:\/\/www.manaus.am.gov.br\/semsa\/wp-json\/wp\/v2\/comments?post=221466"}],"version-history":[{"count":0,"href":"https:\/\/www.manaus.am.gov.br\/semsa\/wp-json\/wp\/v2\/posts\/221466\/revisions"}],"wp:featuredmedia":[{"embeddable":true,"href":"https:\/\/www.manaus.am.gov.br\/semsa\/wp-json\/wp\/v2\/media\/221467"}],"wp:attachment":[{"href":"https:\/\/www.manaus.am.gov.br\/semsa\/wp-json\/wp\/v2\/media?parent=221466"}],"wp:term":[{"taxonomy":"category","embeddable":true,"href":"https:\/\/www.manaus.am.gov.br\/semsa\/wp-json\/wp\/v2\/categories?post=221466"},{"taxonomy":"post_tag","embeddable":true,"href":"https:\/\/www.manaus.am.gov.br\/semsa\/wp-json\/wp\/v2\/tags?post=221466"}],"curies":[{"name":"wp","href":"https:\/\/api.w.org\/{rel}","templated":true}]}}