{"id":221443,"date":"2025-03-10T15:49:39","date_gmt":"2025-03-10T19:49:39","guid":{"rendered":"https:\/\/www.manaus.am.gov.br\/semsa\/combate-a-tuberculose\/"},"modified":"2025-03-11T08:35:52","modified_gmt":"2025-03-11T12:35:52","slug":"combate-a-tuberculose","status":"publish","type":"post","link":"https:\/\/www.manaus.am.gov.br\/semsa\/combate-a-tuberculose\/","title":{"rendered":"Prefeitura de Manaus inicia campanha de combate \u00e0 tuberculose"},"content":{"rendered":"\n<p>A Prefeitura de Manaus, por meio da Secretaria Municipal de Sa\u00fade (Semsa), iniciou, nesta segunda-feira, 10\/3, na Unidade de Sa\u00fade da Fam\u00edlia (USF) Dr. Agnaldo Gomes da Costa, no bairro S\u00e3o Jos\u00e9, zona Leste, a Campanha de Mobiliza\u00e7\u00e3o e Luta contra a Tuberculose 2025. A campanha, que seguir\u00e1 nas unidades de sa\u00fade da rede municipal at\u00e9 dia 31 de mar\u00e7o, ser\u00e1 executada abordando o tema &#8220;Prevenir, Diagnosticar e Tratar: Rumo \u00e0 Elimina\u00e7\u00e3o da Tuberculose em Manaus!&#8221;.<br><br>Na abertura do evento, a secret\u00e1ria municipal de Sa\u00fade, Sh\u00e1dia Fraxe, destacou que o objetivo \u00e9 intensificar a detec\u00e7\u00e3o precoce da doen\u00e7a, refor\u00e7ar a investiga\u00e7\u00e3o de contatos de pacientes infectados e buscar a redu\u00e7\u00e3o do abandono do tratamento, considerados os principais desafios para o controle da tuberculose.<br><br>\u201cEm 2024, houve o registro de mais de tr\u00eas mil casos novos de tuberculose em Manaus. Ainda temos problemas em que \u00e9 necess\u00e1rio avan\u00e7ar. O abandono do tratamento continua a ser um desafio e contribui para a dissemina\u00e7\u00e3o da doen\u00e7a, j\u00e1 que, sem o tratamento, a cadeia de transmiss\u00e3o n\u00e3o \u00e9 interrompida\u201d, alertou a secret\u00e1ria.<br><br>Al\u00e9m da mobiliza\u00e7\u00e3o no in\u00edcio da campanha, Sh\u00e1dia Fraxe explicou que as equipes de sa\u00fade devem refor\u00e7ar a busca ativa de casos suspeitos de tuberculose e alertar a popula\u00e7\u00e3o sobre os sintomas da doen\u00e7a.<br><br>\u201cPessoas com tosse por mais de duas semanas, febre, dificuldade de respirar ou outro sintoma, devem procurar uma unidade b\u00e1sica de sa\u00fade. O mesmo deve ocorrer no caso de pessoas que s\u00e3o contatos dos pacientes com tuberculose, que s\u00e3o as que convivem com o paciente. As equipes de sa\u00fade est\u00e3o preparadas para orientar e as UBSs prontas para a coleta do exame de escarro\u201d, afirmou Sh\u00e1dia Fraxe.<br><br>Em 2025, Manaus j\u00e1 registrou 408 casos de tuberculose. No ano passado, o n\u00famero chegou a 3.122 casos novos, representando um aumento em rela\u00e7\u00e3o ao ano de 2023, quando houve 2.845 casos.<br><br>Entre os casos registrados no ano passado, em 23% dos casos novos de tuberculose pulmonar com confirma\u00e7\u00e3o laboratorial houve abandono do tratamento.<br><br>De acordo com a chefe do N\u00facleo de Controle da Tuberculose da Semsa, enfermeira Eunice J\u00e1come, o abandono n\u00e3o s\u00f3 contribui para manter a cadeia de transmiss\u00e3o, mas tamb\u00e9m para o desenvolvimento da tuberculose resistente.<br><br>\u201cQuando o paciente interrompe o tratamento, h\u00e1 uma grande probabilidade de que passe a ter resist\u00eancia ao esquema padr\u00e3o de medicamentos, o que vai dificultar a cura e exigir esquemas alternativos. E o n\u00famero de casos de tuberculose resistente tem aumentado, inclusive em casos novos, ou seja, quando transmite a doen\u00e7a, j\u00e1 \u00e9 na forma resistente\u201d, explica Eunice J\u00e1come.<br><br><strong>Infec\u00e7\u00e3o Latente<br><br><\/strong>Uma das estrat\u00e9gias utilizadas pela Semsa para o controle da tuberculose em Manaus \u00e9 o foco na investiga\u00e7\u00e3o de contatos, que s\u00e3o as pessoas que convivem de forma pr\u00f3xima e prolongada com pacientes diagnosticados com a tuberculose ativa.<br><br>Com a investiga\u00e7\u00e3o, \u00e9 poss\u00edvel identificar casos novos, iniciando o tratamento de forma precoce, e tamb\u00e9m casos de Infec\u00e7\u00e3o Latente da Tuberculose (ILTB), que ocorre quando uma pessoa foi infectada pelo Mycobacterium tuberculosis, mas ainda n\u00e3o desenvolveu a doen\u00e7a ativa, o que permite iniciar o tratamento preventivo e evitar novos casos.<br><br>Eunice J\u00e1come informa que a Semsa vem ampliando a oferta do diagn\u00f3stico e tratamento da ILTB. Ela explica que, para a realiza\u00e7\u00e3o do tratamento para tuberculose latente, os crit\u00e9rios necess\u00e1rios incluem o exame do PPD (derivado proteico purificado) e o exame de Raio-X.<br><br>Para fortalecer o acesso aos exames, em 2024, o n\u00famero de unidades de sa\u00fade da rede municipal com a oferta do PPD passou de 16 para 50, um aumento de 212%.<br><br>\u201cCom o incremento das informa\u00e7\u00f5es no Sistema iTB, ferramenta desenvolvida pela Semsa para o acompanhamento e gest\u00e3o da tuberculose, foi poss\u00edvel encaminhar mais rapidamente o paciente para a realiza\u00e7\u00e3o do Raio-X. S\u00e3o a\u00e7\u00f5es que permitiram agilizar e facilitar o acesso da popula\u00e7\u00e3o ao tratamento preventivo, reduzindo os riscos de novas infec\u00e7\u00f5es\u201d, apontou Eunice J\u00e1come.<br><br>Em 2024, 42,5% dos contatos identificados buscaram avalia\u00e7\u00e3o nas unidades de sa\u00fade, resultando em 2.259 tratamentos preventivos iniciados.<br><br>Durante a abertura da campanha, o subsecret\u00e1rio de Gest\u00e3o da Sa\u00fade da Semsa, Djalma Coelho, apontou que Manaus alcan\u00e7ou no ano passado o t\u00edtulo de capital brasileira com o maior n\u00famero de tratamentos para ILTB realizados.<br><br>\u201cManaus est\u00e1 de parab\u00e9ns por esse importante avan\u00e7o no controle da tuberculose. Apenas com o diagn\u00f3stico precoce e o tratamento precoce \u00e9 poss\u00edvel quebrar a cadeia de transmiss\u00e3o e assim vencer o desafio de erradicar a tuberculose\u201d, afirmou Djalma Coelho.<br><br><strong>Campanha<br><br><\/strong>As a\u00e7\u00f5es da campanha ter\u00e3o continuidade durante o m\u00eas com uma s\u00e9rie de atividades educativas e l\u00fadicas, caminhada de sensibiliza\u00e7\u00e3o, rodas de conversa e busca ativa de sintom\u00e1ticos respirat\u00f3rios.<br><br>A programa\u00e7\u00e3o tamb\u00e9m vai envolver a realiza\u00e7\u00e3o do curso \u201cTuberculose: Acolhimento na Aten\u00e7\u00e3o Prim\u00e1ria\u201d, direcionado para profissionais de sa\u00fade que atuam na recep\u00e7\u00e3o das UBSs; uma caminhada, no dia 24 de mar\u00e7o, marcando o Dia Mundial de Luta contra a Tuberculose, promovida pelo Comit\u00ea de Controle da Tuberculose no Amazonas, com concentra\u00e7\u00e3o na Pra\u00e7a da Saudade, centro de Manaus; e o lan\u00e7amento, dia 31, do Boletim Epidemiol\u00f3gico &#8211; Tuberculose 2025, que re\u00fane dados como incid\u00eancia, distribui\u00e7\u00e3o de casos e outras informa\u00e7\u00f5es fundamentais para orientar a pol\u00edtica p\u00fablica de sa\u00fade no combate \u00e0 doen\u00e7a no munic\u00edpio.<br><br><strong>Tuberculose<br><br><\/strong>Doen\u00e7a infecciosa e transmiss\u00edvel, a tuberculose \u00e9 causada pela micobact\u00e9ria Mycobacterium tuberculosis ou Bacilo de Koch (BK), que afeta prioritariamente os pulm\u00f5es. O principal sintoma \u00e9 a tosse e por isso a recomenda\u00e7\u00e3o \u00e9 para que pessoas com tosse por duas semanas ou mais sejam examinadas, procurando uma das unidades de sa\u00fade da rede municipal para a realiza\u00e7\u00e3o de exames.<br><br>A transmiss\u00e3o da doen\u00e7a ocorre quando, ao falar, espirrar e, principalmente, ao tossir, as pessoas com tuberculose ativa, ainda sem tratamento, lan\u00e7am no ar part\u00edculas em forma de aeross\u00f3is que cont\u00eam bacilos, podendo transmitir a doen\u00e7a para outras pessoas.<br><br>O tratamento \u00e9 oferecido de forma gratuita nas Unidades B\u00e1sicas de Sa\u00fade (UBSs) e dura no m\u00ednimo seis meses.<\/p>\n\n\n\n<p>\u2014 \u2014 \u2014&nbsp;&nbsp;<\/p>\n\n\n\n<p><strong>Texto &#8211;<\/strong> Euriv\u00e2nia Gal\u00facio\/Semsa<br><strong>Fotos &#8211;<\/strong> Jo\u00e3o Viana \/ Semcom<br><strong>Dispon\u00edveis em &#8211;<\/strong><a href=\"https:\/\/flic.kr\/s\/aHBqjC56QP\">https:\/\/flic.kr\/s\/aHBqjC56QP<\/a><\/p>\n","protected":false},"excerpt":{"rendered":"","protected":false},"author":68,"featured_media":221444,"comment_status":"closed","ping_status":"closed","sticky":false,"template":"","format":"standard","meta":{"footnotes":""},"categories":[3],"tags":[2899,54,28],"acf":[],"yoast_head":"<!-- This site is optimized with the Yoast SEO plugin v23.0 - https:\/\/yoast.com\/wordpress\/plugins\/seo\/ -->\n<title>Prefeitura de Manaus inicia campanha de combate \u00e0 tuberculose<\/title>\n<meta name=\"description\" content=\"A Prefeitura de Manaus, por meio da Secretaria Municipal de Sa\u00fade (Semsa), iniciou, nesta segunda-feira, 10\/3, na Unidade de Sa\u00fade da Fam\u00edlia (USF) Dr. Agnaldo Gomes da Costa, no bairro S\u00e3o Jos\u00e9, zona Leste, a Campanha de Mobiliza\u00e7\u00e3o e Luta contra a Tuberculose 2025.\" \/>\n<meta name=\"robots\" content=\"index, follow, max-snippet:-1, max-image-preview:large, max-video-preview:-1\" \/>\n<link rel=\"canonical\" href=\"https:\/\/www.manaus.am.gov.br\/semsa\/combate-a-tuberculose\/\" \/>\n<meta property=\"og:locale\" content=\"pt_BR\" \/>\n<meta property=\"og:type\" content=\"article\" \/>\n<meta property=\"og:title\" content=\"Prefeitura de Manaus inicia campanha de combate \u00e0 tuberculose\" \/>\n<meta property=\"og:description\" content=\"A Prefeitura de Manaus, por meio da Secretaria Municipal de Sa\u00fade (Semsa), iniciou, nesta segunda-feira, 10\/3, na Unidade de Sa\u00fade da Fam\u00edlia (USF) Dr. Agnaldo Gomes da Costa, no bairro S\u00e3o Jos\u00e9, zona Leste, a Campanha de Mobiliza\u00e7\u00e3o e Luta contra a Tuberculose 2025.\" \/>\n<meta property=\"og:url\" content=\"https:\/\/www.manaus.am.gov.br\/semsa\/combate-a-tuberculose\/\" \/>\n<meta property=\"og:site_name\" content=\"SEMSA\" \/>\n<meta property=\"article:published_time\" content=\"2025-03-10T19:49:39+00:00\" \/>\n<meta property=\"article:modified_time\" content=\"2025-03-11T12:35:52+00:00\" \/>\n<meta property=\"og:image\" content=\"https:\/\/www.manaus.am.gov.br\/semsa\/wp-content\/uploads\/sites\/8\/2025\/03\/54377786601_117da909ca_c.jpg\" \/>\n\t<meta property=\"og:image:width\" content=\"799\" \/>\n\t<meta property=\"og:image:height\" content=\"533\" \/>\n\t<meta property=\"og:image:type\" content=\"image\/jpeg\" \/>\n<meta name=\"author\" content=\"bvalente\" \/>\n<meta name=\"twitter:card\" content=\"summary_large_image\" \/>\n<meta name=\"twitter:label1\" content=\"Written by\" \/>\n\t<meta name=\"twitter:data1\" content=\"bvalente\" \/>\n\t<meta name=\"twitter:label2\" content=\"Est. reading time\" \/>\n\t<meta name=\"twitter:data2\" content=\"6 minutos\" \/>\n<script type=\"application\/ld+json\" class=\"yoast-schema-graph\">{\"@context\":\"https:\/\/schema.org\",\"@graph\":[{\"@type\":\"WebPage\",\"@id\":\"https:\/\/www.manaus.am.gov.br\/semsa\/combate-a-tuberculose\/\",\"url\":\"https:\/\/www.manaus.am.gov.br\/semsa\/combate-a-tuberculose\/\",\"name\":\"Prefeitura de Manaus inicia campanha de combate \u00e0 tuberculose\",\"isPartOf\":{\"@id\":\"https:\/\/www.manaus.am.gov.br\/semsa\/#website\"},\"primaryImageOfPage\":{\"@id\":\"https:\/\/www.manaus.am.gov.br\/semsa\/combate-a-tuberculose\/#primaryimage\"},\"image\":{\"@id\":\"https:\/\/www.manaus.am.gov.br\/semsa\/combate-a-tuberculose\/#primaryimage\"},\"thumbnailUrl\":\"https:\/\/www.manaus.am.gov.br\/semsa\/wp-content\/uploads\/sites\/8\/2025\/03\/54377786601_117da909ca_c.jpg\",\"datePublished\":\"2025-03-10T19:49:39+00:00\",\"dateModified\":\"2025-03-11T12:35:52+00:00\",\"author\":{\"@id\":\"https:\/\/www.manaus.am.gov.br\/semsa\/#\/schema\/person\/466a0e03ae4b6062809046bd560ac955\"},\"description\":\"A Prefeitura de Manaus, por meio da Secretaria Municipal de Sa\u00fade (Semsa), iniciou, nesta segunda-feira, 10\/3, na Unidade de Sa\u00fade da Fam\u00edlia (USF) Dr. Agnaldo Gomes da Costa, no bairro S\u00e3o Jos\u00e9, zona Leste, a Campanha de Mobiliza\u00e7\u00e3o e Luta contra a Tuberculose 2025.\",\"inLanguage\":\"pt-BR\",\"potentialAction\":[{\"@type\":\"ReadAction\",\"target\":[\"https:\/\/www.manaus.am.gov.br\/semsa\/combate-a-tuberculose\/\"]}]},{\"@type\":\"ImageObject\",\"inLanguage\":\"pt-BR\",\"@id\":\"https:\/\/www.manaus.am.gov.br\/semsa\/combate-a-tuberculose\/#primaryimage\",\"url\":\"https:\/\/www.manaus.am.gov.br\/semsa\/wp-content\/uploads\/sites\/8\/2025\/03\/54377786601_117da909ca_c.jpg\",\"contentUrl\":\"https:\/\/www.manaus.am.gov.br\/semsa\/wp-content\/uploads\/sites\/8\/2025\/03\/54377786601_117da909ca_c.jpg\",\"width\":799,\"height\":533},{\"@type\":\"WebSite\",\"@id\":\"https:\/\/www.manaus.am.gov.br\/semsa\/#website\",\"url\":\"https:\/\/www.manaus.am.gov.br\/semsa\/\",\"name\":\"SEMSA\",\"description\":\"Secretaria Municipal de Sa\u00fade\",\"alternateName\":\"Secretaria Municipal de Sa\u00fade\",\"potentialAction\":[{\"@type\":\"SearchAction\",\"target\":{\"@type\":\"EntryPoint\",\"urlTemplate\":\"https:\/\/www.manaus.am.gov.br\/semsa\/?s={search_term_string}\"},\"query-input\":\"required name=search_term_string\"}],\"inLanguage\":\"pt-BR\"},{\"@type\":\"Person\",\"@id\":\"https:\/\/www.manaus.am.gov.br\/semsa\/#\/schema\/person\/466a0e03ae4b6062809046bd560ac955\",\"name\":\"bvalente\",\"image\":{\"@type\":\"ImageObject\",\"inLanguage\":\"pt-BR\",\"@id\":\"https:\/\/www.manaus.am.gov.br\/semsa\/#\/schema\/person\/image\/\",\"url\":\"https:\/\/secure.gravatar.com\/avatar\/3e69bc2b014bdad41adfec3a39de07d2?s=96&d=mm&r=g\",\"contentUrl\":\"https:\/\/secure.gravatar.com\/avatar\/3e69bc2b014bdad41adfec3a39de07d2?s=96&d=mm&r=g\",\"caption\":\"bvalente\"}}]}<\/script>\n<!-- \/ Yoast SEO plugin. -->","yoast_head_json":{"title":"Prefeitura de Manaus inicia campanha de combate \u00e0 tuberculose","description":"A Prefeitura de Manaus, por meio da Secretaria Municipal de Sa\u00fade (Semsa), iniciou, nesta segunda-feira, 10\/3, na Unidade de Sa\u00fade da Fam\u00edlia (USF) Dr. Agnaldo Gomes da Costa, no bairro S\u00e3o Jos\u00e9, zona Leste, a Campanha de Mobiliza\u00e7\u00e3o e Luta contra a Tuberculose 2025.","robots":{"index":"index","follow":"follow","max-snippet":"max-snippet:-1","max-image-preview":"max-image-preview:large","max-video-preview":"max-video-preview:-1"},"canonical":"https:\/\/www.manaus.am.gov.br\/semsa\/combate-a-tuberculose\/","og_locale":"pt_BR","og_type":"article","og_title":"Prefeitura de Manaus inicia campanha de combate \u00e0 tuberculose","og_description":"A Prefeitura de Manaus, por meio da Secretaria Municipal de Sa\u00fade (Semsa), iniciou, nesta segunda-feira, 10\/3, na Unidade de Sa\u00fade da Fam\u00edlia (USF) Dr. Agnaldo Gomes da Costa, no bairro S\u00e3o Jos\u00e9, zona Leste, a Campanha de Mobiliza\u00e7\u00e3o e Luta contra a Tuberculose 2025.","og_url":"https:\/\/www.manaus.am.gov.br\/semsa\/combate-a-tuberculose\/","og_site_name":"SEMSA","article_published_time":"2025-03-10T19:49:39+00:00","article_modified_time":"2025-03-11T12:35:52+00:00","og_image":[{"width":799,"height":533,"url":"https:\/\/www.manaus.am.gov.br\/semsa\/wp-content\/uploads\/sites\/8\/2025\/03\/54377786601_117da909ca_c.jpg","type":"image\/jpeg"}],"author":"bvalente","twitter_card":"summary_large_image","twitter_misc":{"Written by":"bvalente","Est. reading time":"6 minutos"},"schema":{"@context":"https:\/\/schema.org","@graph":[{"@type":"WebPage","@id":"https:\/\/www.manaus.am.gov.br\/semsa\/combate-a-tuberculose\/","url":"https:\/\/www.manaus.am.gov.br\/semsa\/combate-a-tuberculose\/","name":"Prefeitura de Manaus inicia campanha de combate \u00e0 tuberculose","isPartOf":{"@id":"https:\/\/www.manaus.am.gov.br\/semsa\/#website"},"primaryImageOfPage":{"@id":"https:\/\/www.manaus.am.gov.br\/semsa\/combate-a-tuberculose\/#primaryimage"},"image":{"@id":"https:\/\/www.manaus.am.gov.br\/semsa\/combate-a-tuberculose\/#primaryimage"},"thumbnailUrl":"https:\/\/www.manaus.am.gov.br\/semsa\/wp-content\/uploads\/sites\/8\/2025\/03\/54377786601_117da909ca_c.jpg","datePublished":"2025-03-10T19:49:39+00:00","dateModified":"2025-03-11T12:35:52+00:00","author":{"@id":"https:\/\/www.manaus.am.gov.br\/semsa\/#\/schema\/person\/466a0e03ae4b6062809046bd560ac955"},"description":"A Prefeitura de Manaus, por meio da Secretaria Municipal de Sa\u00fade (Semsa), iniciou, nesta segunda-feira, 10\/3, na Unidade de Sa\u00fade da Fam\u00edlia (USF) Dr. Agnaldo Gomes da Costa, no bairro S\u00e3o Jos\u00e9, zona Leste, a Campanha de Mobiliza\u00e7\u00e3o e Luta contra a Tuberculose 2025.","inLanguage":"pt-BR","potentialAction":[{"@type":"ReadAction","target":["https:\/\/www.manaus.am.gov.br\/semsa\/combate-a-tuberculose\/"]}]},{"@type":"ImageObject","inLanguage":"pt-BR","@id":"https:\/\/www.manaus.am.gov.br\/semsa\/combate-a-tuberculose\/#primaryimage","url":"https:\/\/www.manaus.am.gov.br\/semsa\/wp-content\/uploads\/sites\/8\/2025\/03\/54377786601_117da909ca_c.jpg","contentUrl":"https:\/\/www.manaus.am.gov.br\/semsa\/wp-content\/uploads\/sites\/8\/2025\/03\/54377786601_117da909ca_c.jpg","width":799,"height":533},{"@type":"WebSite","@id":"https:\/\/www.manaus.am.gov.br\/semsa\/#website","url":"https:\/\/www.manaus.am.gov.br\/semsa\/","name":"SEMSA","description":"Secretaria Municipal de Sa\u00fade","alternateName":"Secretaria Municipal de Sa\u00fade","potentialAction":[{"@type":"SearchAction","target":{"@type":"EntryPoint","urlTemplate":"https:\/\/www.manaus.am.gov.br\/semsa\/?s={search_term_string}"},"query-input":"required name=search_term_string"}],"inLanguage":"pt-BR"},{"@type":"Person","@id":"https:\/\/www.manaus.am.gov.br\/semsa\/#\/schema\/person\/466a0e03ae4b6062809046bd560ac955","name":"bvalente","image":{"@type":"ImageObject","inLanguage":"pt-BR","@id":"https:\/\/www.manaus.am.gov.br\/semsa\/#\/schema\/person\/image\/","url":"https:\/\/secure.gravatar.com\/avatar\/3e69bc2b014bdad41adfec3a39de07d2?s=96&d=mm&r=g","contentUrl":"https:\/\/secure.gravatar.com\/avatar\/3e69bc2b014bdad41adfec3a39de07d2?s=96&d=mm&r=g","caption":"bvalente"}}]}},"_links":{"self":[{"href":"https:\/\/www.manaus.am.gov.br\/semsa\/wp-json\/wp\/v2\/posts\/221443"}],"collection":[{"href":"https:\/\/www.manaus.am.gov.br\/semsa\/wp-json\/wp\/v2\/posts"}],"about":[{"href":"https:\/\/www.manaus.am.gov.br\/semsa\/wp-json\/wp\/v2\/types\/post"}],"author":[{"embeddable":true,"href":"https:\/\/www.manaus.am.gov.br\/semsa\/wp-json\/wp\/v2\/users\/68"}],"replies":[{"embeddable":true,"href":"https:\/\/www.manaus.am.gov.br\/semsa\/wp-json\/wp\/v2\/comments?post=221443"}],"version-history":[{"count":1,"href":"https:\/\/www.manaus.am.gov.br\/semsa\/wp-json\/wp\/v2\/posts\/221443\/revisions"}],"predecessor-version":[{"id":221448,"href":"https:\/\/www.manaus.am.gov.br\/semsa\/wp-json\/wp\/v2\/posts\/221443\/revisions\/221448"}],"wp:featuredmedia":[{"embeddable":true,"href":"https:\/\/www.manaus.am.gov.br\/semsa\/wp-json\/wp\/v2\/media\/221444"}],"wp:attachment":[{"href":"https:\/\/www.manaus.am.gov.br\/semsa\/wp-json\/wp\/v2\/media?parent=221443"}],"wp:term":[{"taxonomy":"category","embeddable":true,"href":"https:\/\/www.manaus.am.gov.br\/semsa\/wp-json\/wp\/v2\/categories?post=221443"},{"taxonomy":"post_tag","embeddable":true,"href":"https:\/\/www.manaus.am.gov.br\/semsa\/wp-json\/wp\/v2\/tags?post=221443"}],"curies":[{"name":"wp","href":"https:\/\/api.w.org\/{rel}","templated":true}]}}