{"id":221441,"date":"2025-03-10T15:04:19","date_gmt":"2025-03-10T19:04:19","guid":{"rendered":"https:\/\/www.manaus.am.gov.br\/semsa\/prefeitura-visa-fiscaliza-balnearios\/"},"modified":"2025-03-11T08:36:25","modified_gmt":"2025-03-11T12:36:25","slug":"prefeitura-visa-fiscaliza-balnearios","status":"publish","type":"post","link":"https:\/\/www.manaus.am.gov.br\/semsa\/prefeitura-visa-fiscaliza-balnearios\/","title":{"rendered":"Visa Manaus d\u00e1 in\u00edcio \u00e0 nova s\u00e9rie de fiscaliza\u00e7\u00f5es em balne\u00e1rios da cidade"},"content":{"rendered":"\n<p>A Prefeitura de Manaus, por meio da Diretoria de Vigil\u00e2ncia Sanit\u00e1ria (Visa Manaus) da Secretaria Municipal de Sa\u00fade (Semsa), deu in\u00edcio, no s\u00e1bado, 8\/3, a uma nova s\u00e9rie de fiscaliza\u00e7\u00f5es em balne\u00e1rios da cidade. A iniciativa, da Ger\u00eancia de Vigil\u00e2ncia de Servi\u00e7os (Gevser), busca refor\u00e7ar a seguran\u00e7a sanit\u00e1ria do p\u00fablico que frequenta esses estabelecimentos.<\/p>\n\n\n\n<p>Ao todo, os fiscais verificaram tr\u00eas balne\u00e1rios, nas zonas Oeste e Norte da capital amazonense. Em um deles, no bairro Reden\u00e7\u00e3o, foram registradas v\u00e1rias irregularidades: falta de licen\u00e7a sanit\u00e1ria e certificado de controle de pragas, fia\u00e7\u00e3o el\u00e9trica exposta no sal\u00e3o de venda de bebidas, al\u00e9m de banheiros com pia quebrada e vaso sanit\u00e1rio sem tampa.<\/p>\n\n\n\n<p>Outro, no bairro Nova Cidade, tamb\u00e9m estava sem licen\u00e7a sanit\u00e1ria e certificado de controle de pragas. Os dois foram autuados pela equipe da Visa Manaus. O terceiro, no bairro Alfredo Nascimento, encontrava-se fechado no dia da a\u00e7\u00e3o.<\/p>\n\n\n\n<p>Pelas ocorr\u00eancias, os dois balne\u00e1rios autuados ir\u00e3o responder a Processo Administrativo Sanit\u00e1rio (PAS), que pode resultar em multa de 1 a 400 Unidades Fiscais do Munic\u00edpio (UFM), cujo valor unit\u00e1rio atual \u00e9 de R$ 145,37, sem preju\u00edzo de outras san\u00e7\u00f5es.<\/p>\n\n\n\n<p>O diretor da Visa Manaus, Isaac Tayah, explicou que a a\u00e7\u00e3o foi motivada pela grande procura da popula\u00e7\u00e3o por esses estabelecimentos.<\/p>\n\n\n\n<p>\u201cSeguindo a determina\u00e7\u00e3o do prefeito David Almeida, a Visa Manaus se faz presente no maior n\u00famero de atividades que impactam a sa\u00fade e a qualidade de vida dos cidad\u00e3os. Os balne\u00e1rios s\u00e3o locais muito populares, com alta demanda nos fins de semana, e precisamos monitorar a qualidade desse tipo de servi\u00e7o. A seguran\u00e7a e a higiene das instala\u00e7\u00f5es, as pr\u00e1ticas sanit\u00e1rias no preparo e oferta de alimentos e bebidas, o respeito \u00e0 lota\u00e7\u00e3o, as certifica\u00e7\u00f5es requeridas, s\u00e3o todos aspectos que podem afetar a sa\u00fade dos consumidores, e nossos fiscais t\u00eam verificado todos cada um deles de forma minuciosa\u201d, esclareceu.<\/p>\n\n\n\n<p>Servi\u00e7o<\/p>\n\n\n\n<p>A popula\u00e7\u00e3o pode denunciar irregularidades sanit\u00e1rias, por meio da Ouvidoria da Visa Manaus, no n\u00famero (92) 98842-8481 (atendimento de 8h \u00e0s 13h), ou pelo e-mail&nbsp;<a href=\"mailto:visamanaus.ouvidoria@gmail.com\" target=\"_blank\" rel=\"noreferrer noopener\">visamanaus.ouvidoria@gmail.com<\/a>&nbsp;(em qualquer hor\u00e1rio).<\/p>\n\n\n\n<p>&#8212; &#8212; &#8212;<\/p>\n\n\n\n<p><strong>Texto\u00a0<\/strong>&#8211;\u00a0Renildo Rodrigues\/Semsa<\/p>\n\n\n\n<p><strong>Fotos\u00a0<\/strong>&#8211;\u00a0Divulga\u00e7\u00e3o\/Semsa<\/p>\n","protected":false},"excerpt":{"rendered":"","protected":false},"author":23,"featured_media":221442,"comment_status":"closed","ping_status":"closed","sticky":false,"template":"","format":"standard","meta":{"footnotes":""},"categories":[2189],"tags":[2898,2458,54,28,79],"acf":[],"yoast_head":"<!-- This site is optimized with the Yoast SEO plugin v23.0 - https:\/\/yoast.com\/wordpress\/plugins\/seo\/ -->\n<title>Visa Manaus d\u00e1 in\u00edcio \u00e0 nova s\u00e9rie de fiscaliza\u00e7\u00f5es em balne\u00e1rios da cidade<\/title>\n<meta name=\"description\" content=\"A Prefeitura de Manaus, por meio da Diretoria de Vigil\u00e2ncia Sanit\u00e1ria (Visa Manaus) da Secretaria Municipal de Sa\u00fade (Semsa), deu in\u00edcio, no s\u00e1bado, 8\/3, a uma nova s\u00e9rie de fiscaliza\u00e7\u00f5es em balne\u00e1rios da cidade.\" \/>\n<meta name=\"robots\" content=\"index, follow, max-snippet:-1, max-image-preview:large, max-video-preview:-1\" \/>\n<link rel=\"canonical\" href=\"https:\/\/www.manaus.am.gov.br\/semsa\/prefeitura-visa-fiscaliza-balnearios\/\" \/>\n<meta property=\"og:locale\" content=\"pt_BR\" \/>\n<meta property=\"og:type\" content=\"article\" \/>\n<meta property=\"og:title\" content=\"Visa Manaus d\u00e1 in\u00edcio \u00e0 nova s\u00e9rie de fiscaliza\u00e7\u00f5es em balne\u00e1rios da cidade\" \/>\n<meta property=\"og:description\" content=\"A Prefeitura de Manaus, por meio da Diretoria de Vigil\u00e2ncia Sanit\u00e1ria (Visa Manaus) da Secretaria Municipal de Sa\u00fade (Semsa), deu in\u00edcio, no s\u00e1bado, 8\/3, a uma nova s\u00e9rie de fiscaliza\u00e7\u00f5es em balne\u00e1rios da cidade.\" \/>\n<meta property=\"og:url\" content=\"https:\/\/www.manaus.am.gov.br\/semsa\/prefeitura-visa-fiscaliza-balnearios\/\" \/>\n<meta property=\"og:site_name\" content=\"SEMSA\" \/>\n<meta property=\"article:published_time\" content=\"2025-03-10T19:04:19+00:00\" \/>\n<meta property=\"article:modified_time\" content=\"2025-03-11T12:36:25+00:00\" \/>\n<meta property=\"og:image\" content=\"https:\/\/www.manaus.am.gov.br\/semsa\/wp-content\/uploads\/sites\/8\/2025\/03\/Maarco-10_Visa-Balnearios-1.jpeg\" \/>\n\t<meta property=\"og:image:width\" content=\"1083\" \/>\n\t<meta property=\"og:image:height\" content=\"764\" \/>\n\t<meta property=\"og:image:type\" content=\"image\/jpeg\" \/>\n<meta name=\"author\" content=\"Adriana Costa\" \/>\n<meta name=\"twitter:card\" content=\"summary_large_image\" \/>\n<meta name=\"twitter:label1\" content=\"Written by\" \/>\n\t<meta name=\"twitter:data1\" content=\"Adriana Costa\" \/>\n\t<meta name=\"twitter:label2\" content=\"Est. reading time\" \/>\n\t<meta name=\"twitter:data2\" content=\"3 minutos\" \/>\n<script type=\"application\/ld+json\" class=\"yoast-schema-graph\">{\"@context\":\"https:\/\/schema.org\",\"@graph\":[{\"@type\":\"WebPage\",\"@id\":\"https:\/\/www.manaus.am.gov.br\/semsa\/prefeitura-visa-fiscaliza-balnearios\/\",\"url\":\"https:\/\/www.manaus.am.gov.br\/semsa\/prefeitura-visa-fiscaliza-balnearios\/\",\"name\":\"Visa Manaus d\u00e1 in\u00edcio \u00e0 nova s\u00e9rie de fiscaliza\u00e7\u00f5es em balne\u00e1rios da cidade\",\"isPartOf\":{\"@id\":\"https:\/\/www.manaus.am.gov.br\/semsa\/#website\"},\"primaryImageOfPage\":{\"@id\":\"https:\/\/www.manaus.am.gov.br\/semsa\/prefeitura-visa-fiscaliza-balnearios\/#primaryimage\"},\"image\":{\"@id\":\"https:\/\/www.manaus.am.gov.br\/semsa\/prefeitura-visa-fiscaliza-balnearios\/#primaryimage\"},\"thumbnailUrl\":\"https:\/\/www.manaus.am.gov.br\/semsa\/wp-content\/uploads\/sites\/8\/2025\/03\/Maarco-10_Visa-Balnearios-1.jpeg\",\"datePublished\":\"2025-03-10T19:04:19+00:00\",\"dateModified\":\"2025-03-11T12:36:25+00:00\",\"author\":{\"@id\":\"https:\/\/www.manaus.am.gov.br\/semsa\/#\/schema\/person\/4e49f4e267757a06ca072ec61b2b9968\"},\"description\":\"A Prefeitura de Manaus, por meio da Diretoria de Vigil\u00e2ncia Sanit\u00e1ria (Visa Manaus) da Secretaria Municipal de Sa\u00fade (Semsa), deu in\u00edcio, no s\u00e1bado, 8\/3, a uma nova s\u00e9rie de fiscaliza\u00e7\u00f5es em balne\u00e1rios da cidade.\",\"inLanguage\":\"pt-BR\",\"potentialAction\":[{\"@type\":\"ReadAction\",\"target\":[\"https:\/\/www.manaus.am.gov.br\/semsa\/prefeitura-visa-fiscaliza-balnearios\/\"]}]},{\"@type\":\"ImageObject\",\"inLanguage\":\"pt-BR\",\"@id\":\"https:\/\/www.manaus.am.gov.br\/semsa\/prefeitura-visa-fiscaliza-balnearios\/#primaryimage\",\"url\":\"https:\/\/www.manaus.am.gov.br\/semsa\/wp-content\/uploads\/sites\/8\/2025\/03\/Maarco-10_Visa-Balnearios-1.jpeg\",\"contentUrl\":\"https:\/\/www.manaus.am.gov.br\/semsa\/wp-content\/uploads\/sites\/8\/2025\/03\/Maarco-10_Visa-Balnearios-1.jpeg\",\"width\":1083,\"height\":764},{\"@type\":\"WebSite\",\"@id\":\"https:\/\/www.manaus.am.gov.br\/semsa\/#website\",\"url\":\"https:\/\/www.manaus.am.gov.br\/semsa\/\",\"name\":\"SEMSA\",\"description\":\"Secretaria Municipal de Sa\u00fade\",\"alternateName\":\"Secretaria Municipal de Sa\u00fade\",\"potentialAction\":[{\"@type\":\"SearchAction\",\"target\":{\"@type\":\"EntryPoint\",\"urlTemplate\":\"https:\/\/www.manaus.am.gov.br\/semsa\/?s={search_term_string}\"},\"query-input\":\"required name=search_term_string\"}],\"inLanguage\":\"pt-BR\"},{\"@type\":\"Person\",\"@id\":\"https:\/\/www.manaus.am.gov.br\/semsa\/#\/schema\/person\/4e49f4e267757a06ca072ec61b2b9968\",\"name\":\"Adriana Costa\",\"image\":{\"@type\":\"ImageObject\",\"inLanguage\":\"pt-BR\",\"@id\":\"https:\/\/www.manaus.am.gov.br\/semsa\/#\/schema\/person\/image\/\",\"url\":\"https:\/\/secure.gravatar.com\/avatar\/576258617ef7194f718179e766d57bd4?s=96&d=mm&r=g\",\"contentUrl\":\"https:\/\/secure.gravatar.com\/avatar\/576258617ef7194f718179e766d57bd4?s=96&d=mm&r=g\",\"caption\":\"Adriana Costa\"}}]}<\/script>\n<!-- \/ Yoast SEO plugin. -->","yoast_head_json":{"title":"Visa Manaus d\u00e1 in\u00edcio \u00e0 nova s\u00e9rie de fiscaliza\u00e7\u00f5es em balne\u00e1rios da cidade","description":"A Prefeitura de Manaus, por meio da Diretoria de Vigil\u00e2ncia Sanit\u00e1ria (Visa Manaus) da Secretaria Municipal de Sa\u00fade (Semsa), deu in\u00edcio, no s\u00e1bado, 8\/3, a uma nova s\u00e9rie de fiscaliza\u00e7\u00f5es em balne\u00e1rios da cidade.","robots":{"index":"index","follow":"follow","max-snippet":"max-snippet:-1","max-image-preview":"max-image-preview:large","max-video-preview":"max-video-preview:-1"},"canonical":"https:\/\/www.manaus.am.gov.br\/semsa\/prefeitura-visa-fiscaliza-balnearios\/","og_locale":"pt_BR","og_type":"article","og_title":"Visa Manaus d\u00e1 in\u00edcio \u00e0 nova s\u00e9rie de fiscaliza\u00e7\u00f5es em balne\u00e1rios da cidade","og_description":"A Prefeitura de Manaus, por meio da Diretoria de Vigil\u00e2ncia Sanit\u00e1ria (Visa Manaus) da Secretaria Municipal de Sa\u00fade (Semsa), deu in\u00edcio, no s\u00e1bado, 8\/3, a uma nova s\u00e9rie de fiscaliza\u00e7\u00f5es em balne\u00e1rios da cidade.","og_url":"https:\/\/www.manaus.am.gov.br\/semsa\/prefeitura-visa-fiscaliza-balnearios\/","og_site_name":"SEMSA","article_published_time":"2025-03-10T19:04:19+00:00","article_modified_time":"2025-03-11T12:36:25+00:00","og_image":[{"width":1083,"height":764,"url":"https:\/\/www.manaus.am.gov.br\/semsa\/wp-content\/uploads\/sites\/8\/2025\/03\/Maarco-10_Visa-Balnearios-1.jpeg","type":"image\/jpeg"}],"author":"Adriana Costa","twitter_card":"summary_large_image","twitter_misc":{"Written by":"Adriana Costa","Est. reading time":"3 minutos"},"schema":{"@context":"https:\/\/schema.org","@graph":[{"@type":"WebPage","@id":"https:\/\/www.manaus.am.gov.br\/semsa\/prefeitura-visa-fiscaliza-balnearios\/","url":"https:\/\/www.manaus.am.gov.br\/semsa\/prefeitura-visa-fiscaliza-balnearios\/","name":"Visa Manaus d\u00e1 in\u00edcio \u00e0 nova s\u00e9rie de fiscaliza\u00e7\u00f5es em balne\u00e1rios da cidade","isPartOf":{"@id":"https:\/\/www.manaus.am.gov.br\/semsa\/#website"},"primaryImageOfPage":{"@id":"https:\/\/www.manaus.am.gov.br\/semsa\/prefeitura-visa-fiscaliza-balnearios\/#primaryimage"},"image":{"@id":"https:\/\/www.manaus.am.gov.br\/semsa\/prefeitura-visa-fiscaliza-balnearios\/#primaryimage"},"thumbnailUrl":"https:\/\/www.manaus.am.gov.br\/semsa\/wp-content\/uploads\/sites\/8\/2025\/03\/Maarco-10_Visa-Balnearios-1.jpeg","datePublished":"2025-03-10T19:04:19+00:00","dateModified":"2025-03-11T12:36:25+00:00","author":{"@id":"https:\/\/www.manaus.am.gov.br\/semsa\/#\/schema\/person\/4e49f4e267757a06ca072ec61b2b9968"},"description":"A Prefeitura de Manaus, por meio da Diretoria de Vigil\u00e2ncia Sanit\u00e1ria (Visa Manaus) da Secretaria Municipal de Sa\u00fade (Semsa), deu in\u00edcio, no s\u00e1bado, 8\/3, a uma nova s\u00e9rie de fiscaliza\u00e7\u00f5es em balne\u00e1rios da cidade.","inLanguage":"pt-BR","potentialAction":[{"@type":"ReadAction","target":["https:\/\/www.manaus.am.gov.br\/semsa\/prefeitura-visa-fiscaliza-balnearios\/"]}]},{"@type":"ImageObject","inLanguage":"pt-BR","@id":"https:\/\/www.manaus.am.gov.br\/semsa\/prefeitura-visa-fiscaliza-balnearios\/#primaryimage","url":"https:\/\/www.manaus.am.gov.br\/semsa\/wp-content\/uploads\/sites\/8\/2025\/03\/Maarco-10_Visa-Balnearios-1.jpeg","contentUrl":"https:\/\/www.manaus.am.gov.br\/semsa\/wp-content\/uploads\/sites\/8\/2025\/03\/Maarco-10_Visa-Balnearios-1.jpeg","width":1083,"height":764},{"@type":"WebSite","@id":"https:\/\/www.manaus.am.gov.br\/semsa\/#website","url":"https:\/\/www.manaus.am.gov.br\/semsa\/","name":"SEMSA","description":"Secretaria Municipal de Sa\u00fade","alternateName":"Secretaria Municipal de Sa\u00fade","potentialAction":[{"@type":"SearchAction","target":{"@type":"EntryPoint","urlTemplate":"https:\/\/www.manaus.am.gov.br\/semsa\/?s={search_term_string}"},"query-input":"required name=search_term_string"}],"inLanguage":"pt-BR"},{"@type":"Person","@id":"https:\/\/www.manaus.am.gov.br\/semsa\/#\/schema\/person\/4e49f4e267757a06ca072ec61b2b9968","name":"Adriana Costa","image":{"@type":"ImageObject","inLanguage":"pt-BR","@id":"https:\/\/www.manaus.am.gov.br\/semsa\/#\/schema\/person\/image\/","url":"https:\/\/secure.gravatar.com\/avatar\/576258617ef7194f718179e766d57bd4?s=96&d=mm&r=g","contentUrl":"https:\/\/secure.gravatar.com\/avatar\/576258617ef7194f718179e766d57bd4?s=96&d=mm&r=g","caption":"Adriana Costa"}}]}},"_links":{"self":[{"href":"https:\/\/www.manaus.am.gov.br\/semsa\/wp-json\/wp\/v2\/posts\/221441"}],"collection":[{"href":"https:\/\/www.manaus.am.gov.br\/semsa\/wp-json\/wp\/v2\/posts"}],"about":[{"href":"https:\/\/www.manaus.am.gov.br\/semsa\/wp-json\/wp\/v2\/types\/post"}],"author":[{"embeddable":true,"href":"https:\/\/www.manaus.am.gov.br\/semsa\/wp-json\/wp\/v2\/users\/23"}],"replies":[{"embeddable":true,"href":"https:\/\/www.manaus.am.gov.br\/semsa\/wp-json\/wp\/v2\/comments?post=221441"}],"version-history":[{"count":1,"href":"https:\/\/www.manaus.am.gov.br\/semsa\/wp-json\/wp\/v2\/posts\/221441\/revisions"}],"predecessor-version":[{"id":221449,"href":"https:\/\/www.manaus.am.gov.br\/semsa\/wp-json\/wp\/v2\/posts\/221441\/revisions\/221449"}],"wp:featuredmedia":[{"embeddable":true,"href":"https:\/\/www.manaus.am.gov.br\/semsa\/wp-json\/wp\/v2\/media\/221442"}],"wp:attachment":[{"href":"https:\/\/www.manaus.am.gov.br\/semsa\/wp-json\/wp\/v2\/media?parent=221441"}],"wp:term":[{"taxonomy":"category","embeddable":true,"href":"https:\/\/www.manaus.am.gov.br\/semsa\/wp-json\/wp\/v2\/categories?post=221441"},{"taxonomy":"post_tag","embeddable":true,"href":"https:\/\/www.manaus.am.gov.br\/semsa\/wp-json\/wp\/v2\/tags?post=221441"}],"curies":[{"name":"wp","href":"https:\/\/api.w.org\/{rel}","templated":true}]}}