{"id":221241,"date":"2025-02-21T17:32:11","date_gmt":"2025-02-21T21:32:11","guid":{"rendered":"https:\/\/www.manaus.am.gov.br\/semsa\/acao-fiscalizacao-visa-manaus\/"},"modified":"2025-02-24T11:04:40","modified_gmt":"2025-02-24T15:04:40","slug":"acao-fiscalizacao-visa-manaus","status":"publish","type":"post","link":"https:\/\/www.manaus.am.gov.br\/semsa\/acao-fiscalizacao-visa-manaus\/","title":{"rendered":"Visa Manaus d\u00e1 in\u00edcio \u00e0 a\u00e7\u00e3o \u2018Higeia\u2019 para fiscalizar farm\u00e1cias hospitalares"},"content":{"rendered":"\n<p>A Prefeitura de Manaus, por meio da Diretoria de Vigil\u00e2ncia Sanit\u00e1ria (Visa Manaus) da Secretaria Municipal de Sa\u00fade (Semsa), deu in\u00edcio, nesta sexta-feira, 21\/2, \u00e0 a\u00e7\u00e3o \u201cHigeia\u201d, para monitorar o cumprimento das boas pr\u00e1ticas sanit\u00e1rias em farm\u00e1cias hospitalares da capital amazonense. O primeiro estabelecimento fiscalizado foi o Complexo Hospitalar Zona Sul (CHZS), no Pronto-Socorro 28 de Agosto, na avenida M\u00e1rio Ypiranga, Adrian\u00f3polis, zona Centro-Sul de Manaus.<\/p>\n\n\n\n<p>Combinando os esfor\u00e7os da Ger\u00eancia de Vigil\u00e2ncia de Servi\u00e7os (Gevser) e da Ger\u00eancia de Vigil\u00e2ncia de Medicamentos (Gevmed) da Visa Manaus, a a\u00e7\u00e3o \u201cHigeia\u201d tem um cronograma de inspe\u00e7\u00f5es programadas para as 38 farm\u00e1cias hospitalares de Manaus ao longo de 2025. O objetivo \u00e9 identificar e corrigir poss\u00edveis irregularidades, al\u00e9m de educar os profissionais de sa\u00fade sobre a import\u00e2ncia das boas pr\u00e1ticas sanit\u00e1rias.<\/p>\n\n\n\n<p>Neste primeiro dia de inspe\u00e7\u00f5es no CHZS, os fiscais da Visa Manaus encontraram algumas situa\u00e7\u00f5es irregulares, como caixas de medicamentos acondicionadas de forma incorreta e rem\u00e9dios controlados acondicionados em local impr\u00f3prio. Ao fim das inspe\u00e7\u00f5es, a equipe da \u201cHigeia\u201d vai elaborar um relat\u00f3rio com todos os problemas registrados na unidade, e recomenda\u00e7\u00f5es sobre as provid\u00eancias que dever\u00e3o ser adotadas. As orienta\u00e7\u00f5es para os profissionais do local j\u00e1 foram repassadas durante a inspe\u00e7\u00e3o.<\/p>\n\n\n\n<p>\u201cA Higeia \u00e9 fundamental para assegurar que as farm\u00e1cias hospitalares sigam rigorosamente as normas sanit\u00e1rias estabelecidas. O n\u00e3o cumprimento dessas normas pode acarretar s\u00e9rios riscos \u00e0 sa\u00fade dos pacientes, incluindo a possibilidade de contamina\u00e7\u00f5es, erros na administra\u00e7\u00e3o de medicamentos, propaga\u00e7\u00e3o de infec\u00e7\u00f5es, comprometimento da efic\u00e1cia e seguran\u00e7a dos medicamentos por m\u00e1 conserva\u00e7\u00e3o, dentre outros. Por isso, a fiscaliza\u00e7\u00e3o sanit\u00e1ria \u00e9 essencial, para prevenir esses riscos e garantir um ambiente seguro para todos\u201d, acrescenta o diretor da Visa Manaus, Isaac Tayah<\/p>\n\n\n\n<p>Por serem estabelecimentos com estruturas complexas, que atendem a um p\u00fablico bastante amplo, as farm\u00e1cias hospitalares requerem v\u00e1rios dias de inspe\u00e7\u00e3o minuciosa. \u201cAl\u00e9m de verificar fatores como o acondicionamento, manuseio e conserva\u00e7\u00e3o dos produtos, tamb\u00e9m precisamos conhecer os procedimentos utilizados pelas equipes para registrar a movimenta\u00e7\u00e3o desses medicamentos, a fim de prevenir outros tipos de irregularidades, como a apropria\u00e7\u00e3o indevida de rem\u00e9dios por funcion\u00e1rios, ou a perda de validade de estoques inteiros em raz\u00e3o de registros incorretos\u201d, explica o gerente de Vigil\u00e2ncia de Servi\u00e7os da Visa Manaus, Jorge Carneiro.<\/p>\n\n\n\n<p><strong>&nbsp;MP-AM<\/strong><\/p>\n\n\n\n<p>O diretor da Visa Manaus, Isaac Tayah, tamb\u00e9m se reuniu na manh\u00e3 desta sexta-feira, 21, com a promotora Luissandra Menezes, da 58\u00aa Promotoria de Justi\u00e7a de Defesa dos Direitos Humanos \u00e0 Sa\u00fade P\u00fablica (PRODHSP) do Minist\u00e9rio P\u00fablico do Estado do Amazonas (MP-AM).<\/p>\n\n\n\n<p>A reuni\u00e3o teve o objetivo de apresentar ao MP-AM as a\u00e7\u00f5es que a Visa Manaus tem empreendido no monitoramento dos servi\u00e7os de farm\u00e1cia dos hospitais da capital amazonense, entre as quais a rec\u00e9m-lan\u00e7ada \u201cHigeia\u201d.<\/p>\n\n\n\n<p>\u201cAgradecemos a oportunidade deste encontro com o Minist\u00e9rio P\u00fablico, em que pudemos demonstrar o empenho da Prefeitura de Manaus na vigil\u00e2ncia desta \u00e1rea t\u00e3o importante para a estrutura de sa\u00fade da cidade\u201d, afirmou Tayah.<\/p>\n\n\n\n<p>A promotora Luissandra Menezes tamb\u00e9m elogiou a iniciativa da Visa Manaus em procurar o \u00f3rg\u00e3o para detalhar a\u00e7\u00f5es e alinhar objetivos em prol da seguran\u00e7a sanit\u00e1ria da popula\u00e7\u00e3o. \u201cA colabora\u00e7\u00e3o entre os \u00f3rg\u00e3os do poder p\u00fablico s\u00f3 tende a impactar de forma positiva sobre a popula\u00e7\u00e3o manauara. Estaremos acompanhando esse trabalho e oferecendo nosso apoio no que for poss\u00edvel\u201d, concluiu a promotora.<\/p>\n\n\n\n<p>\u2014 \u2014 \u2014<\/p>\n\n\n\n<p><strong>Texto &#8211;<\/strong> Renildo Rodrigues \/ Semsa<br><strong>Fotos &#8211;<\/strong> Divulga\u00e7\u00e3o \/ Semsa<\/p>\n","protected":false},"excerpt":{"rendered":"","protected":false},"author":68,"featured_media":221242,"comment_status":"closed","ping_status":"closed","sticky":false,"template":"","format":"standard","meta":{"footnotes":""},"categories":[172],"tags":[2852,54,28],"acf":[],"yoast_head":"<!-- This site is optimized with the Yoast SEO plugin v23.0 - https:\/\/yoast.com\/wordpress\/plugins\/seo\/ -->\n<title>Visa Manaus d\u00e1 in\u00edcio \u00e0 a\u00e7\u00e3o \u2018Higeia\u2019 para fiscalizar farm\u00e1cias hospitalares<\/title>\n<meta name=\"description\" content=\"A Prefeitura de Manaus, por meio da Diretoria de Vigil\u00e2ncia Sanit\u00e1ria (Visa Manaus) da Secretaria Municipal de Sa\u00fade (Semsa), deu in\u00edcio, nesta sexta-feira, 21\/2, \u00e0 a\u00e7\u00e3o \u201cHigeia\u201d, para monitorar o cumprimento das boas pr\u00e1ticas sanit\u00e1rias em farm\u00e1cias hospitalares da capital amazonense.\" \/>\n<meta name=\"robots\" content=\"index, follow, max-snippet:-1, max-image-preview:large, max-video-preview:-1\" \/>\n<link rel=\"canonical\" href=\"https:\/\/www.manaus.am.gov.br\/semsa\/acao-fiscalizacao-visa-manaus\/\" \/>\n<meta property=\"og:locale\" content=\"pt_BR\" \/>\n<meta property=\"og:type\" content=\"article\" \/>\n<meta property=\"og:title\" content=\"Visa Manaus d\u00e1 in\u00edcio \u00e0 a\u00e7\u00e3o \u2018Higeia\u2019 para fiscalizar farm\u00e1cias hospitalares\" \/>\n<meta property=\"og:description\" content=\"A Prefeitura de Manaus, por meio da Diretoria de Vigil\u00e2ncia Sanit\u00e1ria (Visa Manaus) da Secretaria Municipal de Sa\u00fade (Semsa), deu in\u00edcio, nesta sexta-feira, 21\/2, \u00e0 a\u00e7\u00e3o \u201cHigeia\u201d, para monitorar o cumprimento das boas pr\u00e1ticas sanit\u00e1rias em farm\u00e1cias hospitalares da capital amazonense.\" \/>\n<meta property=\"og:url\" content=\"https:\/\/www.manaus.am.gov.br\/semsa\/acao-fiscalizacao-visa-manaus\/\" \/>\n<meta property=\"og:site_name\" content=\"SEMSA\" \/>\n<meta property=\"article:published_time\" content=\"2025-02-21T21:32:11+00:00\" \/>\n<meta property=\"article:modified_time\" content=\"2025-02-24T15:04:40+00:00\" \/>\n<meta property=\"og:image\" content=\"https:\/\/www.manaus.am.gov.br\/semsa\/wp-content\/uploads\/sites\/8\/2025\/02\/Visa-Manaus-da-inicio-a-acao-\u2018Higeia-para-fiscalizar-farmacias-hospitalares-3.jpeg\" \/>\n\t<meta property=\"og:image:width\" content=\"1600\" \/>\n\t<meta property=\"og:image:height\" content=\"1200\" \/>\n\t<meta property=\"og:image:type\" content=\"image\/jpeg\" \/>\n<meta name=\"author\" content=\"bvalente\" \/>\n<meta name=\"twitter:card\" content=\"summary_large_image\" \/>\n<meta name=\"twitter:label1\" content=\"Written by\" \/>\n\t<meta name=\"twitter:data1\" content=\"bvalente\" \/>\n\t<meta name=\"twitter:label2\" content=\"Est. reading time\" \/>\n\t<meta name=\"twitter:data2\" content=\"4 minutos\" \/>\n<script type=\"application\/ld+json\" class=\"yoast-schema-graph\">{\"@context\":\"https:\/\/schema.org\",\"@graph\":[{\"@type\":\"WebPage\",\"@id\":\"https:\/\/www.manaus.am.gov.br\/semsa\/acao-fiscalizacao-visa-manaus\/\",\"url\":\"https:\/\/www.manaus.am.gov.br\/semsa\/acao-fiscalizacao-visa-manaus\/\",\"name\":\"Visa Manaus d\u00e1 in\u00edcio \u00e0 a\u00e7\u00e3o \u2018Higeia\u2019 para fiscalizar farm\u00e1cias hospitalares\",\"isPartOf\":{\"@id\":\"https:\/\/www.manaus.am.gov.br\/semsa\/#website\"},\"primaryImageOfPage\":{\"@id\":\"https:\/\/www.manaus.am.gov.br\/semsa\/acao-fiscalizacao-visa-manaus\/#primaryimage\"},\"image\":{\"@id\":\"https:\/\/www.manaus.am.gov.br\/semsa\/acao-fiscalizacao-visa-manaus\/#primaryimage\"},\"thumbnailUrl\":\"https:\/\/www.manaus.am.gov.br\/semsa\/wp-content\/uploads\/sites\/8\/2025\/02\/Visa-Manaus-da-inicio-a-acao-\u2018Higeia-para-fiscalizar-farmacias-hospitalares-3.jpeg\",\"datePublished\":\"2025-02-21T21:32:11+00:00\",\"dateModified\":\"2025-02-24T15:04:40+00:00\",\"author\":{\"@id\":\"https:\/\/www.manaus.am.gov.br\/semsa\/#\/schema\/person\/466a0e03ae4b6062809046bd560ac955\"},\"description\":\"A Prefeitura de Manaus, por meio da Diretoria de Vigil\u00e2ncia Sanit\u00e1ria (Visa Manaus) da Secretaria Municipal de Sa\u00fade (Semsa), deu in\u00edcio, nesta sexta-feira, 21\/2, \u00e0 a\u00e7\u00e3o \u201cHigeia\u201d, para monitorar o cumprimento das boas pr\u00e1ticas sanit\u00e1rias em farm\u00e1cias hospitalares da capital amazonense.\",\"inLanguage\":\"pt-BR\",\"potentialAction\":[{\"@type\":\"ReadAction\",\"target\":[\"https:\/\/www.manaus.am.gov.br\/semsa\/acao-fiscalizacao-visa-manaus\/\"]}]},{\"@type\":\"ImageObject\",\"inLanguage\":\"pt-BR\",\"@id\":\"https:\/\/www.manaus.am.gov.br\/semsa\/acao-fiscalizacao-visa-manaus\/#primaryimage\",\"url\":\"https:\/\/www.manaus.am.gov.br\/semsa\/wp-content\/uploads\/sites\/8\/2025\/02\/Visa-Manaus-da-inicio-a-acao-\u2018Higeia-para-fiscalizar-farmacias-hospitalares-3.jpeg\",\"contentUrl\":\"https:\/\/www.manaus.am.gov.br\/semsa\/wp-content\/uploads\/sites\/8\/2025\/02\/Visa-Manaus-da-inicio-a-acao-\u2018Higeia-para-fiscalizar-farmacias-hospitalares-3.jpeg\",\"width\":1600,\"height\":1200},{\"@type\":\"WebSite\",\"@id\":\"https:\/\/www.manaus.am.gov.br\/semsa\/#website\",\"url\":\"https:\/\/www.manaus.am.gov.br\/semsa\/\",\"name\":\"SEMSA\",\"description\":\"Secretaria Municipal de Sa\u00fade\",\"alternateName\":\"Secretaria Municipal de Sa\u00fade\",\"potentialAction\":[{\"@type\":\"SearchAction\",\"target\":{\"@type\":\"EntryPoint\",\"urlTemplate\":\"https:\/\/www.manaus.am.gov.br\/semsa\/?s={search_term_string}\"},\"query-input\":\"required name=search_term_string\"}],\"inLanguage\":\"pt-BR\"},{\"@type\":\"Person\",\"@id\":\"https:\/\/www.manaus.am.gov.br\/semsa\/#\/schema\/person\/466a0e03ae4b6062809046bd560ac955\",\"name\":\"bvalente\",\"image\":{\"@type\":\"ImageObject\",\"inLanguage\":\"pt-BR\",\"@id\":\"https:\/\/www.manaus.am.gov.br\/semsa\/#\/schema\/person\/image\/\",\"url\":\"https:\/\/secure.gravatar.com\/avatar\/3e69bc2b014bdad41adfec3a39de07d2?s=96&d=mm&r=g\",\"contentUrl\":\"https:\/\/secure.gravatar.com\/avatar\/3e69bc2b014bdad41adfec3a39de07d2?s=96&d=mm&r=g\",\"caption\":\"bvalente\"}}]}<\/script>\n<!-- \/ Yoast SEO plugin. -->","yoast_head_json":{"title":"Visa Manaus d\u00e1 in\u00edcio \u00e0 a\u00e7\u00e3o \u2018Higeia\u2019 para fiscalizar farm\u00e1cias hospitalares","description":"A Prefeitura de Manaus, por meio da Diretoria de Vigil\u00e2ncia Sanit\u00e1ria (Visa Manaus) da Secretaria Municipal de Sa\u00fade (Semsa), deu in\u00edcio, nesta sexta-feira, 21\/2, \u00e0 a\u00e7\u00e3o \u201cHigeia\u201d, para monitorar o cumprimento das boas pr\u00e1ticas sanit\u00e1rias em farm\u00e1cias hospitalares da capital amazonense.","robots":{"index":"index","follow":"follow","max-snippet":"max-snippet:-1","max-image-preview":"max-image-preview:large","max-video-preview":"max-video-preview:-1"},"canonical":"https:\/\/www.manaus.am.gov.br\/semsa\/acao-fiscalizacao-visa-manaus\/","og_locale":"pt_BR","og_type":"article","og_title":"Visa Manaus d\u00e1 in\u00edcio \u00e0 a\u00e7\u00e3o \u2018Higeia\u2019 para fiscalizar farm\u00e1cias hospitalares","og_description":"A Prefeitura de Manaus, por meio da Diretoria de Vigil\u00e2ncia Sanit\u00e1ria (Visa Manaus) da Secretaria Municipal de Sa\u00fade (Semsa), deu in\u00edcio, nesta sexta-feira, 21\/2, \u00e0 a\u00e7\u00e3o \u201cHigeia\u201d, para monitorar o cumprimento das boas pr\u00e1ticas sanit\u00e1rias em farm\u00e1cias hospitalares da capital amazonense.","og_url":"https:\/\/www.manaus.am.gov.br\/semsa\/acao-fiscalizacao-visa-manaus\/","og_site_name":"SEMSA","article_published_time":"2025-02-21T21:32:11+00:00","article_modified_time":"2025-02-24T15:04:40+00:00","og_image":[{"width":1600,"height":1200,"url":"https:\/\/www.manaus.am.gov.br\/semsa\/wp-content\/uploads\/sites\/8\/2025\/02\/Visa-Manaus-da-inicio-a-acao-\u2018Higeia-para-fiscalizar-farmacias-hospitalares-3.jpeg","type":"image\/jpeg"}],"author":"bvalente","twitter_card":"summary_large_image","twitter_misc":{"Written by":"bvalente","Est. reading time":"4 minutos"},"schema":{"@context":"https:\/\/schema.org","@graph":[{"@type":"WebPage","@id":"https:\/\/www.manaus.am.gov.br\/semsa\/acao-fiscalizacao-visa-manaus\/","url":"https:\/\/www.manaus.am.gov.br\/semsa\/acao-fiscalizacao-visa-manaus\/","name":"Visa Manaus d\u00e1 in\u00edcio \u00e0 a\u00e7\u00e3o \u2018Higeia\u2019 para fiscalizar farm\u00e1cias hospitalares","isPartOf":{"@id":"https:\/\/www.manaus.am.gov.br\/semsa\/#website"},"primaryImageOfPage":{"@id":"https:\/\/www.manaus.am.gov.br\/semsa\/acao-fiscalizacao-visa-manaus\/#primaryimage"},"image":{"@id":"https:\/\/www.manaus.am.gov.br\/semsa\/acao-fiscalizacao-visa-manaus\/#primaryimage"},"thumbnailUrl":"https:\/\/www.manaus.am.gov.br\/semsa\/wp-content\/uploads\/sites\/8\/2025\/02\/Visa-Manaus-da-inicio-a-acao-\u2018Higeia-para-fiscalizar-farmacias-hospitalares-3.jpeg","datePublished":"2025-02-21T21:32:11+00:00","dateModified":"2025-02-24T15:04:40+00:00","author":{"@id":"https:\/\/www.manaus.am.gov.br\/semsa\/#\/schema\/person\/466a0e03ae4b6062809046bd560ac955"},"description":"A Prefeitura de Manaus, por meio da Diretoria de Vigil\u00e2ncia Sanit\u00e1ria (Visa Manaus) da Secretaria Municipal de Sa\u00fade (Semsa), deu in\u00edcio, nesta sexta-feira, 21\/2, \u00e0 a\u00e7\u00e3o \u201cHigeia\u201d, para monitorar o cumprimento das boas pr\u00e1ticas sanit\u00e1rias em farm\u00e1cias hospitalares da capital amazonense.","inLanguage":"pt-BR","potentialAction":[{"@type":"ReadAction","target":["https:\/\/www.manaus.am.gov.br\/semsa\/acao-fiscalizacao-visa-manaus\/"]}]},{"@type":"ImageObject","inLanguage":"pt-BR","@id":"https:\/\/www.manaus.am.gov.br\/semsa\/acao-fiscalizacao-visa-manaus\/#primaryimage","url":"https:\/\/www.manaus.am.gov.br\/semsa\/wp-content\/uploads\/sites\/8\/2025\/02\/Visa-Manaus-da-inicio-a-acao-\u2018Higeia-para-fiscalizar-farmacias-hospitalares-3.jpeg","contentUrl":"https:\/\/www.manaus.am.gov.br\/semsa\/wp-content\/uploads\/sites\/8\/2025\/02\/Visa-Manaus-da-inicio-a-acao-\u2018Higeia-para-fiscalizar-farmacias-hospitalares-3.jpeg","width":1600,"height":1200},{"@type":"WebSite","@id":"https:\/\/www.manaus.am.gov.br\/semsa\/#website","url":"https:\/\/www.manaus.am.gov.br\/semsa\/","name":"SEMSA","description":"Secretaria Municipal de Sa\u00fade","alternateName":"Secretaria Municipal de Sa\u00fade","potentialAction":[{"@type":"SearchAction","target":{"@type":"EntryPoint","urlTemplate":"https:\/\/www.manaus.am.gov.br\/semsa\/?s={search_term_string}"},"query-input":"required name=search_term_string"}],"inLanguage":"pt-BR"},{"@type":"Person","@id":"https:\/\/www.manaus.am.gov.br\/semsa\/#\/schema\/person\/466a0e03ae4b6062809046bd560ac955","name":"bvalente","image":{"@type":"ImageObject","inLanguage":"pt-BR","@id":"https:\/\/www.manaus.am.gov.br\/semsa\/#\/schema\/person\/image\/","url":"https:\/\/secure.gravatar.com\/avatar\/3e69bc2b014bdad41adfec3a39de07d2?s=96&d=mm&r=g","contentUrl":"https:\/\/secure.gravatar.com\/avatar\/3e69bc2b014bdad41adfec3a39de07d2?s=96&d=mm&r=g","caption":"bvalente"}}]}},"_links":{"self":[{"href":"https:\/\/www.manaus.am.gov.br\/semsa\/wp-json\/wp\/v2\/posts\/221241"}],"collection":[{"href":"https:\/\/www.manaus.am.gov.br\/semsa\/wp-json\/wp\/v2\/posts"}],"about":[{"href":"https:\/\/www.manaus.am.gov.br\/semsa\/wp-json\/wp\/v2\/types\/post"}],"author":[{"embeddable":true,"href":"https:\/\/www.manaus.am.gov.br\/semsa\/wp-json\/wp\/v2\/users\/68"}],"replies":[{"embeddable":true,"href":"https:\/\/www.manaus.am.gov.br\/semsa\/wp-json\/wp\/v2\/comments?post=221241"}],"version-history":[{"count":1,"href":"https:\/\/www.manaus.am.gov.br\/semsa\/wp-json\/wp\/v2\/posts\/221241\/revisions"}],"predecessor-version":[{"id":221250,"href":"https:\/\/www.manaus.am.gov.br\/semsa\/wp-json\/wp\/v2\/posts\/221241\/revisions\/221250"}],"wp:featuredmedia":[{"embeddable":true,"href":"https:\/\/www.manaus.am.gov.br\/semsa\/wp-json\/wp\/v2\/media\/221242"}],"wp:attachment":[{"href":"https:\/\/www.manaus.am.gov.br\/semsa\/wp-json\/wp\/v2\/media?parent=221241"}],"wp:term":[{"taxonomy":"category","embeddable":true,"href":"https:\/\/www.manaus.am.gov.br\/semsa\/wp-json\/wp\/v2\/categories?post=221241"},{"taxonomy":"post_tag","embeddable":true,"href":"https:\/\/www.manaus.am.gov.br\/semsa\/wp-json\/wp\/v2\/tags?post=221241"}],"curies":[{"name":"wp","href":"https:\/\/api.w.org\/{rel}","templated":true}]}}