{"id":221119,"date":"2025-02-18T14:52:01","date_gmt":"2025-02-18T18:52:01","guid":{"rendered":"https:\/\/www.manaus.am.gov.br\/semsa\/novas-usfs-entrega-abril-david-almeida\/"},"modified":"2025-02-18T14:52:02","modified_gmt":"2025-02-18T18:52:02","slug":"novas-usfs-entrega-abril-david-almeida","status":"publish","type":"post","link":"https:\/\/www.manaus.am.gov.br\/semsa\/novas-usfs-entrega-abril-david-almeida\/","title":{"rendered":"Prefeito David Almeida anuncia a entrega de duas novas USFs porte 4 para abril"},"content":{"rendered":"\n<p>O prefeito de <a href=\"https:\/\/www.instagram.com\/prefeiturademanaus\/\">Manaus<\/a>, David Almeida, fiscalizou, nesta ter\u00e7a-feira, 18\/2, as obras de duas novas Unidades de Sa\u00fade da Fam\u00edlia (USFs), uma na zona Oeste e outra na zona Leste, que ir\u00e3o fortalecer a cobertura de aten\u00e7\u00e3o b\u00e1sica de sa\u00fade da capital. De acordo com David, ambas as estruturas de porte 4 devem ser entregues no pr\u00f3ximo m\u00eas de abril.<\/p>\n\n\n\n<p>Acompanhado pelo subsecret\u00e1rio de Gest\u00e3o Administrativa e Planejamento da <a href=\"https:\/\/www.manaus.am.gov.br\/semsa\/\">Secretaria Municipal de Sa\u00fade (Semsa)<\/a>, Nagib Salem, David Almeida vistoriou os trabalhos realizados nas unidades do Parque Mosaico, zona Oeste, e no bairro Jorge Teixeira, zona Leste da cidade.<\/p>\n\n\n\n<p>A USF do Parque Mosaico segue o novo modelo de estrutura de aten\u00e7\u00e3o prim\u00e1ria e ter\u00e1 1.200 metros quadrados de \u00e1rea constru\u00edda e 59 compartimentos.<\/p>\n\n\n\n<p>\u201cMais uma UBS Porte 4, sendo constru\u00edda pela nossa gest\u00e3o, para melhorar o servi\u00e7o ofertado a nossa popula\u00e7\u00e3o. Esse \u00e9 o novo conceito de estrutura de aten\u00e7\u00e3o prim\u00e1ria que estamos implementando em Manaus. Em abril, entregaremos mais essa unidade\u201d, afirmou David Almeida.<\/p>\n\n\n\n<p>No bairro Jorge Teixeira, zona Leste, a UBS Gebes Medeiros se destaca como a maior unidade de sa\u00fade b\u00e1sica da cidade, com 1.504 metros quadrados de \u00e1rea constru\u00edda. Em fase de acabamento, a unidade tamb\u00e9m tem entrega prevista para abril.<\/p>\n\n\n\n<p>\u201cEstamos na fase final da obra. A previs\u00e3o \u00e9 que possamos entregar essa unidade totalmente equipada, modernizada e ampliada em dois meses. Mais uma grande obra que vamos entregar para a cidade de Manaus, dando um grande passo para alcan\u00e7ar a cobertura total na rede de aten\u00e7\u00e3o b\u00e1sica\u201d, concluiu o prefeito.<\/p>\n\n\n\n<p>Vale destacar que desde o in\u00edcio da gest\u00e3o de David Almeida, em 2021, a cobertura de aten\u00e7\u00e3o b\u00e1sica em sa\u00fade em Manaus saltou de 47% para mais de 90%.<\/p>\n\n\n\n<p>Na visita, Nagib Salem salientou a quantidade de servi\u00e7os que ser\u00e3o ofertados&nbsp;nos novos aparelhos p\u00fablicos.<\/p>\n\n\n\n<p>\u201cEles t\u00eam todos&nbsp;os servi\u00e7os da rede de sa\u00fade prim\u00e1ria, de todas as cartas de servi\u00e7os. A gente tem atendimento ambulatorial, sa\u00fade bucal, dispensa\u00e7\u00e3o de medicamentos por meio de farm\u00e1cia, acompanhamento pr\u00e9-natal,&nbsp;curativos&nbsp;de p\u00e9 diab\u00e9tico, salas de observa\u00e7\u00e3o, enfim, toda a gama de servi\u00e7os que a aten\u00e7\u00e3o prim\u00e1ria tem, a gente vai estar ofertando nessas UBS\u201d, concluiu.<\/p>\n\n\n\n<p>&#8212; &#8212; &#8212;<\/p>\n\n\n\n<p><strong>Texto &#8211;<\/strong> D\u00e1rio Avelino \/ Semcom<\/p>\n\n\n\n<p><strong>Foto &#8211;<\/strong> Dhyeizo Lemos \/ Semcom<\/p>\n\n\n\n<p><strong>Dispon\u00edveis em<\/strong> \u2013 &nbsp;<a href=\"https:\/\/flic.kr\/s\/aHBqjC31g2\">https:\/\/flic.kr\/s\/aHBqjC31g2<\/a><\/p>\n","protected":false},"excerpt":{"rendered":"","protected":false},"author":57,"featured_media":221120,"comment_status":"closed","ping_status":"closed","sticky":false,"template":"","format":"standard","meta":{"footnotes":""},"categories":[1128],"tags":[165,2828,54,28],"acf":[],"yoast_head":"<!-- This site is optimized with the Yoast SEO plugin v23.0 - https:\/\/yoast.com\/wordpress\/plugins\/seo\/ -->\n<title>David Almeida anuncia entrega de novas USFs porte 4 para abril<\/title>\n<meta name=\"description\" content=\"O prefeito de Manaus, David Almeida, fiscalizou, nesta ter\u00e7a-feira, 18\/2, as obras de duas novas Unidades de Sa\u00fade da Fam\u00edlia (USFs).\" \/>\n<meta name=\"robots\" content=\"index, follow, max-snippet:-1, max-image-preview:large, max-video-preview:-1\" \/>\n<link rel=\"canonical\" href=\"https:\/\/www.manaus.am.gov.br\/semsa\/novas-usfs-entrega-abril-david-almeida\/\" \/>\n<meta property=\"og:locale\" content=\"pt_BR\" \/>\n<meta property=\"og:type\" content=\"article\" \/>\n<meta property=\"og:title\" content=\"David Almeida anuncia entrega de novas USFs porte 4 para abril\" \/>\n<meta property=\"og:description\" content=\"O prefeito de Manaus, David Almeida, fiscalizou, nesta ter\u00e7a-feira, 18\/2, as obras de duas novas Unidades de Sa\u00fade da Fam\u00edlia (USFs).\" \/>\n<meta property=\"og:url\" content=\"https:\/\/www.manaus.am.gov.br\/semsa\/novas-usfs-entrega-abril-david-almeida\/\" \/>\n<meta property=\"og:site_name\" content=\"SEMSA\" \/>\n<meta property=\"article:published_time\" content=\"2025-02-18T18:52:01+00:00\" \/>\n<meta property=\"article:modified_time\" content=\"2025-02-18T18:52:02+00:00\" \/>\n<meta property=\"og:image\" content=\"https:\/\/www.manaus.am.gov.br\/semsa\/wp-content\/uploads\/sites\/8\/2025\/02\/novas-USFs-1.jpg\" \/>\n\t<meta property=\"og:image:width\" content=\"2048\" \/>\n\t<meta property=\"og:image:height\" content=\"1365\" \/>\n\t<meta property=\"og:image:type\" content=\"image\/jpeg\" \/>\n<meta name=\"author\" content=\"Thiago Fernando\" \/>\n<meta name=\"twitter:card\" content=\"summary_large_image\" \/>\n<meta name=\"twitter:label1\" content=\"Written by\" \/>\n\t<meta name=\"twitter:data1\" content=\"Thiago Fernando\" \/>\n\t<meta name=\"twitter:label2\" content=\"Est. reading time\" \/>\n\t<meta name=\"twitter:data2\" content=\"3 minutos\" \/>\n<script type=\"application\/ld+json\" class=\"yoast-schema-graph\">{\"@context\":\"https:\/\/schema.org\",\"@graph\":[{\"@type\":\"WebPage\",\"@id\":\"https:\/\/www.manaus.am.gov.br\/semsa\/novas-usfs-entrega-abril-david-almeida\/\",\"url\":\"https:\/\/www.manaus.am.gov.br\/semsa\/novas-usfs-entrega-abril-david-almeida\/\",\"name\":\"David Almeida anuncia entrega de novas USFs porte 4 para abril\",\"isPartOf\":{\"@id\":\"https:\/\/www.manaus.am.gov.br\/semsa\/#website\"},\"primaryImageOfPage\":{\"@id\":\"https:\/\/www.manaus.am.gov.br\/semsa\/novas-usfs-entrega-abril-david-almeida\/#primaryimage\"},\"image\":{\"@id\":\"https:\/\/www.manaus.am.gov.br\/semsa\/novas-usfs-entrega-abril-david-almeida\/#primaryimage\"},\"thumbnailUrl\":\"https:\/\/www.manaus.am.gov.br\/semsa\/wp-content\/uploads\/sites\/8\/2025\/02\/novas-USFs-1.jpg\",\"datePublished\":\"2025-02-18T18:52:01+00:00\",\"dateModified\":\"2025-02-18T18:52:02+00:00\",\"author\":{\"@id\":\"https:\/\/www.manaus.am.gov.br\/semsa\/#\/schema\/person\/a5ee5376db6e21af026374b369f30882\"},\"description\":\"O prefeito de Manaus, David Almeida, fiscalizou, nesta ter\u00e7a-feira, 18\/2, as obras de duas novas Unidades de Sa\u00fade da Fam\u00edlia (USFs).\",\"inLanguage\":\"pt-BR\",\"potentialAction\":[{\"@type\":\"ReadAction\",\"target\":[\"https:\/\/www.manaus.am.gov.br\/semsa\/novas-usfs-entrega-abril-david-almeida\/\"]}]},{\"@type\":\"ImageObject\",\"inLanguage\":\"pt-BR\",\"@id\":\"https:\/\/www.manaus.am.gov.br\/semsa\/novas-usfs-entrega-abril-david-almeida\/#primaryimage\",\"url\":\"https:\/\/www.manaus.am.gov.br\/semsa\/wp-content\/uploads\/sites\/8\/2025\/02\/novas-USFs-1.jpg\",\"contentUrl\":\"https:\/\/www.manaus.am.gov.br\/semsa\/wp-content\/uploads\/sites\/8\/2025\/02\/novas-USFs-1.jpg\",\"width\":2048,\"height\":1365,\"caption\":\"#paratodosverem - Prefeito David Almeida\"},{\"@type\":\"WebSite\",\"@id\":\"https:\/\/www.manaus.am.gov.br\/semsa\/#website\",\"url\":\"https:\/\/www.manaus.am.gov.br\/semsa\/\",\"name\":\"SEMSA\",\"description\":\"Secretaria Municipal de Sa\u00fade\",\"alternateName\":\"Secretaria Municipal de Sa\u00fade\",\"potentialAction\":[{\"@type\":\"SearchAction\",\"target\":{\"@type\":\"EntryPoint\",\"urlTemplate\":\"https:\/\/www.manaus.am.gov.br\/semsa\/?s={search_term_string}\"},\"query-input\":\"required name=search_term_string\"}],\"inLanguage\":\"pt-BR\"},{\"@type\":\"Person\",\"@id\":\"https:\/\/www.manaus.am.gov.br\/semsa\/#\/schema\/person\/a5ee5376db6e21af026374b369f30882\",\"name\":\"Thiago Fernando\",\"image\":{\"@type\":\"ImageObject\",\"inLanguage\":\"pt-BR\",\"@id\":\"https:\/\/www.manaus.am.gov.br\/semsa\/#\/schema\/person\/image\/\",\"url\":\"https:\/\/secure.gravatar.com\/avatar\/f5aab8722444041451501c077052ac07?s=96&d=mm&r=g\",\"contentUrl\":\"https:\/\/secure.gravatar.com\/avatar\/f5aab8722444041451501c077052ac07?s=96&d=mm&r=g\",\"caption\":\"Thiago Fernando\"}}]}<\/script>\n<!-- \/ Yoast SEO plugin. -->","yoast_head_json":{"title":"David Almeida anuncia entrega de novas USFs porte 4 para abril","description":"O prefeito de Manaus, David Almeida, fiscalizou, nesta ter\u00e7a-feira, 18\/2, as obras de duas novas Unidades de Sa\u00fade da Fam\u00edlia (USFs).","robots":{"index":"index","follow":"follow","max-snippet":"max-snippet:-1","max-image-preview":"max-image-preview:large","max-video-preview":"max-video-preview:-1"},"canonical":"https:\/\/www.manaus.am.gov.br\/semsa\/novas-usfs-entrega-abril-david-almeida\/","og_locale":"pt_BR","og_type":"article","og_title":"David Almeida anuncia entrega de novas USFs porte 4 para abril","og_description":"O prefeito de Manaus, David Almeida, fiscalizou, nesta ter\u00e7a-feira, 18\/2, as obras de duas novas Unidades de Sa\u00fade da Fam\u00edlia (USFs).","og_url":"https:\/\/www.manaus.am.gov.br\/semsa\/novas-usfs-entrega-abril-david-almeida\/","og_site_name":"SEMSA","article_published_time":"2025-02-18T18:52:01+00:00","article_modified_time":"2025-02-18T18:52:02+00:00","og_image":[{"width":2048,"height":1365,"url":"https:\/\/www.manaus.am.gov.br\/semsa\/wp-content\/uploads\/sites\/8\/2025\/02\/novas-USFs-1.jpg","type":"image\/jpeg"}],"author":"Thiago Fernando","twitter_card":"summary_large_image","twitter_misc":{"Written by":"Thiago Fernando","Est. reading time":"3 minutos"},"schema":{"@context":"https:\/\/schema.org","@graph":[{"@type":"WebPage","@id":"https:\/\/www.manaus.am.gov.br\/semsa\/novas-usfs-entrega-abril-david-almeida\/","url":"https:\/\/www.manaus.am.gov.br\/semsa\/novas-usfs-entrega-abril-david-almeida\/","name":"David Almeida anuncia entrega de novas USFs porte 4 para abril","isPartOf":{"@id":"https:\/\/www.manaus.am.gov.br\/semsa\/#website"},"primaryImageOfPage":{"@id":"https:\/\/www.manaus.am.gov.br\/semsa\/novas-usfs-entrega-abril-david-almeida\/#primaryimage"},"image":{"@id":"https:\/\/www.manaus.am.gov.br\/semsa\/novas-usfs-entrega-abril-david-almeida\/#primaryimage"},"thumbnailUrl":"https:\/\/www.manaus.am.gov.br\/semsa\/wp-content\/uploads\/sites\/8\/2025\/02\/novas-USFs-1.jpg","datePublished":"2025-02-18T18:52:01+00:00","dateModified":"2025-02-18T18:52:02+00:00","author":{"@id":"https:\/\/www.manaus.am.gov.br\/semsa\/#\/schema\/person\/a5ee5376db6e21af026374b369f30882"},"description":"O prefeito de Manaus, David Almeida, fiscalizou, nesta ter\u00e7a-feira, 18\/2, as obras de duas novas Unidades de Sa\u00fade da Fam\u00edlia (USFs).","inLanguage":"pt-BR","potentialAction":[{"@type":"ReadAction","target":["https:\/\/www.manaus.am.gov.br\/semsa\/novas-usfs-entrega-abril-david-almeida\/"]}]},{"@type":"ImageObject","inLanguage":"pt-BR","@id":"https:\/\/www.manaus.am.gov.br\/semsa\/novas-usfs-entrega-abril-david-almeida\/#primaryimage","url":"https:\/\/www.manaus.am.gov.br\/semsa\/wp-content\/uploads\/sites\/8\/2025\/02\/novas-USFs-1.jpg","contentUrl":"https:\/\/www.manaus.am.gov.br\/semsa\/wp-content\/uploads\/sites\/8\/2025\/02\/novas-USFs-1.jpg","width":2048,"height":1365,"caption":"#paratodosverem - Prefeito David Almeida"},{"@type":"WebSite","@id":"https:\/\/www.manaus.am.gov.br\/semsa\/#website","url":"https:\/\/www.manaus.am.gov.br\/semsa\/","name":"SEMSA","description":"Secretaria Municipal de Sa\u00fade","alternateName":"Secretaria Municipal de Sa\u00fade","potentialAction":[{"@type":"SearchAction","target":{"@type":"EntryPoint","urlTemplate":"https:\/\/www.manaus.am.gov.br\/semsa\/?s={search_term_string}"},"query-input":"required name=search_term_string"}],"inLanguage":"pt-BR"},{"@type":"Person","@id":"https:\/\/www.manaus.am.gov.br\/semsa\/#\/schema\/person\/a5ee5376db6e21af026374b369f30882","name":"Thiago Fernando","image":{"@type":"ImageObject","inLanguage":"pt-BR","@id":"https:\/\/www.manaus.am.gov.br\/semsa\/#\/schema\/person\/image\/","url":"https:\/\/secure.gravatar.com\/avatar\/f5aab8722444041451501c077052ac07?s=96&d=mm&r=g","contentUrl":"https:\/\/secure.gravatar.com\/avatar\/f5aab8722444041451501c077052ac07?s=96&d=mm&r=g","caption":"Thiago Fernando"}}]}},"_links":{"self":[{"href":"https:\/\/www.manaus.am.gov.br\/semsa\/wp-json\/wp\/v2\/posts\/221119"}],"collection":[{"href":"https:\/\/www.manaus.am.gov.br\/semsa\/wp-json\/wp\/v2\/posts"}],"about":[{"href":"https:\/\/www.manaus.am.gov.br\/semsa\/wp-json\/wp\/v2\/types\/post"}],"author":[{"embeddable":true,"href":"https:\/\/www.manaus.am.gov.br\/semsa\/wp-json\/wp\/v2\/users\/57"}],"replies":[{"embeddable":true,"href":"https:\/\/www.manaus.am.gov.br\/semsa\/wp-json\/wp\/v2\/comments?post=221119"}],"version-history":[{"count":0,"href":"https:\/\/www.manaus.am.gov.br\/semsa\/wp-json\/wp\/v2\/posts\/221119\/revisions"}],"wp:featuredmedia":[{"embeddable":true,"href":"https:\/\/www.manaus.am.gov.br\/semsa\/wp-json\/wp\/v2\/media\/221120"}],"wp:attachment":[{"href":"https:\/\/www.manaus.am.gov.br\/semsa\/wp-json\/wp\/v2\/media?parent=221119"}],"wp:term":[{"taxonomy":"category","embeddable":true,"href":"https:\/\/www.manaus.am.gov.br\/semsa\/wp-json\/wp\/v2\/categories?post=221119"},{"taxonomy":"post_tag","embeddable":true,"href":"https:\/\/www.manaus.am.gov.br\/semsa\/wp-json\/wp\/v2\/tags?post=221119"}],"curies":[{"name":"wp","href":"https:\/\/api.w.org\/{rel}","templated":true}]}}