{"id":220861,"date":"2025-01-30T12:26:23","date_gmt":"2025-01-30T16:26:23","guid":{"rendered":"https:\/\/www.manaus.am.gov.br\/semsa\/base-samu-nova-ubs\/"},"modified":"2025-01-30T12:26:25","modified_gmt":"2025-01-30T16:26:25","slug":"base-samu-nova-ubs","status":"publish","type":"post","link":"https:\/\/www.manaus.am.gov.br\/semsa\/base-samu-nova-ubs\/","title":{"rendered":"Prefeito David Almeida assina ordens de servi\u00e7o para constru\u00e7\u00e3o de unidade de sa\u00fade e base do Samu"},"content":{"rendered":"\n<p>A Prefeitura de Manaus segue ampliando e modernizando a rede municipal de <a href=\"https:\/\/www.manaus.am.gov.br\/semsa\/\">sa\u00fade<\/a>. Na manh\u00e3 desta quinta-feira 30\/1, o prefeito David Almeida assinou duas ordens de servi\u00e7o que representam um avan\u00e7o significativo para a assist\u00eancia \u00e0 popula\u00e7\u00e3o: a constru\u00e7\u00e3o de uma Unidade de Sa\u00fade da Fam\u00edlia (USF) Porte 4, no conjunto Beija-Flor, bairro Flores, zona Centro-Sul, e a primeira base pr\u00f3pria do Servi\u00e7o de Atendimento M\u00f3vel de Urg\u00eancia (Samu 192) no bairro Aleixo, tamb\u00e9m na zona Centro-Sul.<\/p>\n\n\n\n<p>Os novos empreendimentos fazem parte do compromisso da gest\u00e3o municipal em fortalecer, tanto a aten\u00e7\u00e3o prim\u00e1ria quanto os servi\u00e7os de urg\u00eancia e emerg\u00eancia, garantindo estrutura adequada para atendimento de qualidade aos manauaras.<\/p>\n\n\n\n<p>Com estrutura moderna e equipe multiprofissional, a nova unidade de sa\u00fade atender\u00e1 moradores do conjunto Beija-Flor e comunidades vizinhas, como Parque das Na\u00e7\u00f5es, conjunto Santa Cruz, Parque das Laranjeiras e outros condom\u00ednios da regi\u00e3o.<\/p>\n\n\n\n<p>\u201cEstamos aqui assinando mais uma ordem de servi\u00e7o para a constru\u00e7\u00e3o de uma UBS Porte 4, que vai ampliar a oferta de servi\u00e7os de sa\u00fade b\u00e1sica para essa regi\u00e3o. \u00c9 mais um investimento da prefeitura na Aten\u00e7\u00e3o Prim\u00e1ria, garantindo atendimento pr\u00f3ximo e de qualidade para a popula\u00e7\u00e3o\u201d, destacou o prefeito David Almeida.<\/p>\n\n\n\n<p>A unidade contar\u00e1 com consultas m\u00e9dicas, odontol\u00f3gicas e de enfermagem, vacina\u00e7\u00e3o, exames laboratoriais, dispensa\u00e7\u00e3o de medicamentos e acompanhamento para pacientes com doen\u00e7as cr\u00f4nicas, al\u00e9m de programas de preven\u00e7\u00e3o em sa\u00fade.<\/p>\n\n\n\n<p>O subsecret\u00e1rio de Gest\u00e3o da Sa\u00fade da Semsa, Djalma Coelho, ressaltou que a constru\u00e7\u00e3o dessa UBS representa um avan\u00e7o significativo na amplia\u00e7\u00e3o da rede municipal. \u201cInvestir na aten\u00e7\u00e3o prim\u00e1ria \u00e9 essencial para garantir que a popula\u00e7\u00e3o receba atendimento preventivo e cont\u00ednuo, evitando sobrecarga nos hospitais. Essa UBS ser\u00e1 um ponto fundamental para a sa\u00fade da regi\u00e3o\u201d, afirmou.<\/p>\n\n\n\n<p><strong>Base Samu<\/strong><\/p>\n\n\n\n<p>Outro an\u00fancio importante feito nesta manh\u00e3 foi a assinatura da ordem de servi\u00e7o para a constru\u00e7\u00e3o da primeira base pr\u00f3pria do Samu em Manaus. At\u00e9 hoje, todas as bases do servi\u00e7o na cidade funcionavam em espa\u00e7os alugados ou adaptados. Agora, a nova unidade ser\u00e1 projetada desde o in\u00edcio para atender todas as exig\u00eancias do Minist\u00e9rio da Sa\u00fade, garantindo melhor estrutura para os profissionais e maior efici\u00eancia no atendimento de urg\u00eancia e emerg\u00eancia.<\/p>\n\n\n\n<p>O pr\u00e9dio ser\u00e1 verticalizado, com quatro andares, e contar\u00e1 com um centro de regula\u00e7\u00e3o pr\u00f3prio do Samu, espa\u00e7o administrativo, almoxarifado para insumos, al\u00e9m de um centro de capacita\u00e7\u00e3o e educa\u00e7\u00e3o permanente em urg\u00eancia e emerg\u00eancia.<\/p>\n\n\n\n<p>\u201cEssa ser\u00e1 a primeira base do Samu planejada e constru\u00edda para funcionar de forma otimizada, com m\u00e9dicos reguladores, atendentes, laborat\u00f3rio de capacita\u00e7\u00e3o e um sistema que garante a reposi\u00e7\u00e3o imediata dos insumos necess\u00e1rios para as ambul\u00e2ncias. Tudo ser\u00e1 feito conforme as normas do Minist\u00e9rio da Sa\u00fade\u201d, explicou o prefeito David Almeida.<\/p>\n\n\n\n<p>A expectativa \u00e9 que a constru\u00e7\u00e3o seja conclu\u00edda em at\u00e9 dois anos, tornando-se um marco na reestrutura\u00e7\u00e3o do servi\u00e7o de urg\u00eancia e emerg\u00eancia da cidade.<\/p>\n\n\n\n<p><strong>Compromisso<\/strong><\/p>\n\n\n\n<p>Com essas novas obras, a Prefeitura de Manaus reafirma seu compromisso com a moderniza\u00e7\u00e3o da rede de sa\u00fade, garantindo acesso facilitado aos servi\u00e7os b\u00e1sicos e aprimorando a estrutura de atendimento de urg\u00eancia.<\/p>\n\n\n\n<p>\u201cEstamos investindo para que a popula\u00e7\u00e3o tenha atendimento de qualidade, tanto na aten\u00e7\u00e3o prim\u00e1ria quanto nas situa\u00e7\u00f5es de emerg\u00eancia. Essas novas estruturas fazem parte do nosso plano de transforma\u00e7\u00e3o da sa\u00fade municipal\u201d, concluiu o prefeito.<\/p>\n\n\n\n<p>&#8212; &#8212; &#8212;<\/p>\n\n\n\n<p><strong>Texto &#8211;<\/strong> D\u00e1rio Matos \/ Semcom<\/p>\n\n\n\n<p><strong>Fotos &#8211;<\/strong> Dhyeizo Lemos \/ Semcom<\/p>\n\n\n\n<p><strong>Dispon\u00edveis em &#8211;<\/strong> <a href=\"https:\/\/flic.kr\/s\/aHBqjBZMUV\">https:\/\/flic.kr\/s\/aHBqjBZMUV<\/a><\/p>\n","protected":false},"excerpt":{"rendered":"","protected":false},"author":57,"featured_media":220862,"comment_status":"closed","ping_status":"closed","sticky":false,"template":"","format":"standard","meta":{"footnotes":""},"categories":[3],"tags":[165,54,765,28,66],"acf":[],"yoast_head":"<!-- This site is optimized with the Yoast SEO plugin v23.0 - https:\/\/yoast.com\/wordpress\/plugins\/seo\/ -->\n<title>David assina ordens de servi\u00e7o para nova UBS e base do Samu<\/title>\n<meta name=\"description\" content=\"O prefeito David Almeida assinou duas ordens de servi\u00e7o para constru\u00e7\u00e3o de uma USF Porte 4, bairro Flores, e a primeira base do Samu 192.\" \/>\n<meta name=\"robots\" content=\"index, follow, max-snippet:-1, max-image-preview:large, max-video-preview:-1\" \/>\n<link rel=\"canonical\" href=\"https:\/\/www.manaus.am.gov.br\/semsa\/base-samu-nova-ubs\/\" \/>\n<meta property=\"og:locale\" content=\"pt_BR\" \/>\n<meta property=\"og:type\" content=\"article\" \/>\n<meta property=\"og:title\" content=\"David assina ordens de servi\u00e7o para nova UBS e base do Samu\" \/>\n<meta property=\"og:description\" content=\"O prefeito David Almeida assinou duas ordens de servi\u00e7o para constru\u00e7\u00e3o de uma USF Porte 4, bairro Flores, e a primeira base do Samu 192.\" \/>\n<meta property=\"og:url\" content=\"https:\/\/www.manaus.am.gov.br\/semsa\/base-samu-nova-ubs\/\" \/>\n<meta property=\"og:site_name\" content=\"SEMSA\" \/>\n<meta property=\"article:published_time\" content=\"2025-01-30T16:26:23+00:00\" \/>\n<meta property=\"article:modified_time\" content=\"2025-01-30T16:26:25+00:00\" \/>\n<meta property=\"og:image\" content=\"https:\/\/www.manaus.am.gov.br\/semsa\/wp-content\/uploads\/sites\/8\/2025\/01\/Nova-USF-e-Base-Samu-1.jpeg\" \/>\n\t<meta property=\"og:image:width\" content=\"799\" \/>\n\t<meta property=\"og:image:height\" content=\"533\" \/>\n\t<meta property=\"og:image:type\" content=\"image\/jpeg\" \/>\n<meta name=\"author\" content=\"Thiago Fernando\" \/>\n<meta name=\"twitter:card\" content=\"summary_large_image\" \/>\n<meta name=\"twitter:label1\" content=\"Written by\" \/>\n\t<meta name=\"twitter:data1\" content=\"Thiago Fernando\" \/>\n\t<meta name=\"twitter:label2\" content=\"Est. reading time\" \/>\n\t<meta name=\"twitter:data2\" content=\"4 minutos\" \/>\n<script type=\"application\/ld+json\" class=\"yoast-schema-graph\">{\"@context\":\"https:\/\/schema.org\",\"@graph\":[{\"@type\":\"WebPage\",\"@id\":\"https:\/\/www.manaus.am.gov.br\/semsa\/base-samu-nova-ubs\/\",\"url\":\"https:\/\/www.manaus.am.gov.br\/semsa\/base-samu-nova-ubs\/\",\"name\":\"David assina ordens de servi\u00e7o para nova UBS e base do Samu\",\"isPartOf\":{\"@id\":\"https:\/\/www.manaus.am.gov.br\/semsa\/#website\"},\"primaryImageOfPage\":{\"@id\":\"https:\/\/www.manaus.am.gov.br\/semsa\/base-samu-nova-ubs\/#primaryimage\"},\"image\":{\"@id\":\"https:\/\/www.manaus.am.gov.br\/semsa\/base-samu-nova-ubs\/#primaryimage\"},\"thumbnailUrl\":\"https:\/\/www.manaus.am.gov.br\/semsa\/wp-content\/uploads\/sites\/8\/2025\/01\/Nova-USF-e-Base-Samu-1.jpeg\",\"datePublished\":\"2025-01-30T16:26:23+00:00\",\"dateModified\":\"2025-01-30T16:26:25+00:00\",\"author\":{\"@id\":\"https:\/\/www.manaus.am.gov.br\/semsa\/#\/schema\/person\/a5ee5376db6e21af026374b369f30882\"},\"description\":\"O prefeito David Almeida assinou duas ordens de servi\u00e7o para constru\u00e7\u00e3o de uma USF Porte 4, bairro Flores, e a primeira base do Samu 192.\",\"inLanguage\":\"pt-BR\",\"potentialAction\":[{\"@type\":\"ReadAction\",\"target\":[\"https:\/\/www.manaus.am.gov.br\/semsa\/base-samu-nova-ubs\/\"]}]},{\"@type\":\"ImageObject\",\"inLanguage\":\"pt-BR\",\"@id\":\"https:\/\/www.manaus.am.gov.br\/semsa\/base-samu-nova-ubs\/#primaryimage\",\"url\":\"https:\/\/www.manaus.am.gov.br\/semsa\/wp-content\/uploads\/sites\/8\/2025\/01\/Nova-USF-e-Base-Samu-1.jpeg\",\"contentUrl\":\"https:\/\/www.manaus.am.gov.br\/semsa\/wp-content\/uploads\/sites\/8\/2025\/01\/Nova-USF-e-Base-Samu-1.jpeg\",\"width\":799,\"height\":533,\"caption\":\"#paratodosverem - Prefeito David Almeida assina ordens de servi\u00e7o\"},{\"@type\":\"WebSite\",\"@id\":\"https:\/\/www.manaus.am.gov.br\/semsa\/#website\",\"url\":\"https:\/\/www.manaus.am.gov.br\/semsa\/\",\"name\":\"SEMSA\",\"description\":\"Secretaria Municipal de Sa\u00fade\",\"alternateName\":\"Secretaria Municipal de Sa\u00fade\",\"potentialAction\":[{\"@type\":\"SearchAction\",\"target\":{\"@type\":\"EntryPoint\",\"urlTemplate\":\"https:\/\/www.manaus.am.gov.br\/semsa\/?s={search_term_string}\"},\"query-input\":\"required name=search_term_string\"}],\"inLanguage\":\"pt-BR\"},{\"@type\":\"Person\",\"@id\":\"https:\/\/www.manaus.am.gov.br\/semsa\/#\/schema\/person\/a5ee5376db6e21af026374b369f30882\",\"name\":\"Thiago Fernando\",\"image\":{\"@type\":\"ImageObject\",\"inLanguage\":\"pt-BR\",\"@id\":\"https:\/\/www.manaus.am.gov.br\/semsa\/#\/schema\/person\/image\/\",\"url\":\"https:\/\/secure.gravatar.com\/avatar\/f5aab8722444041451501c077052ac07?s=96&d=mm&r=g\",\"contentUrl\":\"https:\/\/secure.gravatar.com\/avatar\/f5aab8722444041451501c077052ac07?s=96&d=mm&r=g\",\"caption\":\"Thiago Fernando\"}}]}<\/script>\n<!-- \/ Yoast SEO plugin. -->","yoast_head_json":{"title":"David assina ordens de servi\u00e7o para nova UBS e base do Samu","description":"O prefeito David Almeida assinou duas ordens de servi\u00e7o para constru\u00e7\u00e3o de uma USF Porte 4, bairro Flores, e a primeira base do Samu 192.","robots":{"index":"index","follow":"follow","max-snippet":"max-snippet:-1","max-image-preview":"max-image-preview:large","max-video-preview":"max-video-preview:-1"},"canonical":"https:\/\/www.manaus.am.gov.br\/semsa\/base-samu-nova-ubs\/","og_locale":"pt_BR","og_type":"article","og_title":"David assina ordens de servi\u00e7o para nova UBS e base do Samu","og_description":"O prefeito David Almeida assinou duas ordens de servi\u00e7o para constru\u00e7\u00e3o de uma USF Porte 4, bairro Flores, e a primeira base do Samu 192.","og_url":"https:\/\/www.manaus.am.gov.br\/semsa\/base-samu-nova-ubs\/","og_site_name":"SEMSA","article_published_time":"2025-01-30T16:26:23+00:00","article_modified_time":"2025-01-30T16:26:25+00:00","og_image":[{"width":799,"height":533,"url":"https:\/\/www.manaus.am.gov.br\/semsa\/wp-content\/uploads\/sites\/8\/2025\/01\/Nova-USF-e-Base-Samu-1.jpeg","type":"image\/jpeg"}],"author":"Thiago Fernando","twitter_card":"summary_large_image","twitter_misc":{"Written by":"Thiago Fernando","Est. reading time":"4 minutos"},"schema":{"@context":"https:\/\/schema.org","@graph":[{"@type":"WebPage","@id":"https:\/\/www.manaus.am.gov.br\/semsa\/base-samu-nova-ubs\/","url":"https:\/\/www.manaus.am.gov.br\/semsa\/base-samu-nova-ubs\/","name":"David assina ordens de servi\u00e7o para nova UBS e base do Samu","isPartOf":{"@id":"https:\/\/www.manaus.am.gov.br\/semsa\/#website"},"primaryImageOfPage":{"@id":"https:\/\/www.manaus.am.gov.br\/semsa\/base-samu-nova-ubs\/#primaryimage"},"image":{"@id":"https:\/\/www.manaus.am.gov.br\/semsa\/base-samu-nova-ubs\/#primaryimage"},"thumbnailUrl":"https:\/\/www.manaus.am.gov.br\/semsa\/wp-content\/uploads\/sites\/8\/2025\/01\/Nova-USF-e-Base-Samu-1.jpeg","datePublished":"2025-01-30T16:26:23+00:00","dateModified":"2025-01-30T16:26:25+00:00","author":{"@id":"https:\/\/www.manaus.am.gov.br\/semsa\/#\/schema\/person\/a5ee5376db6e21af026374b369f30882"},"description":"O prefeito David Almeida assinou duas ordens de servi\u00e7o para constru\u00e7\u00e3o de uma USF Porte 4, bairro Flores, e a primeira base do Samu 192.","inLanguage":"pt-BR","potentialAction":[{"@type":"ReadAction","target":["https:\/\/www.manaus.am.gov.br\/semsa\/base-samu-nova-ubs\/"]}]},{"@type":"ImageObject","inLanguage":"pt-BR","@id":"https:\/\/www.manaus.am.gov.br\/semsa\/base-samu-nova-ubs\/#primaryimage","url":"https:\/\/www.manaus.am.gov.br\/semsa\/wp-content\/uploads\/sites\/8\/2025\/01\/Nova-USF-e-Base-Samu-1.jpeg","contentUrl":"https:\/\/www.manaus.am.gov.br\/semsa\/wp-content\/uploads\/sites\/8\/2025\/01\/Nova-USF-e-Base-Samu-1.jpeg","width":799,"height":533,"caption":"#paratodosverem - Prefeito David Almeida assina ordens de servi\u00e7o"},{"@type":"WebSite","@id":"https:\/\/www.manaus.am.gov.br\/semsa\/#website","url":"https:\/\/www.manaus.am.gov.br\/semsa\/","name":"SEMSA","description":"Secretaria Municipal de Sa\u00fade","alternateName":"Secretaria Municipal de Sa\u00fade","potentialAction":[{"@type":"SearchAction","target":{"@type":"EntryPoint","urlTemplate":"https:\/\/www.manaus.am.gov.br\/semsa\/?s={search_term_string}"},"query-input":"required name=search_term_string"}],"inLanguage":"pt-BR"},{"@type":"Person","@id":"https:\/\/www.manaus.am.gov.br\/semsa\/#\/schema\/person\/a5ee5376db6e21af026374b369f30882","name":"Thiago Fernando","image":{"@type":"ImageObject","inLanguage":"pt-BR","@id":"https:\/\/www.manaus.am.gov.br\/semsa\/#\/schema\/person\/image\/","url":"https:\/\/secure.gravatar.com\/avatar\/f5aab8722444041451501c077052ac07?s=96&d=mm&r=g","contentUrl":"https:\/\/secure.gravatar.com\/avatar\/f5aab8722444041451501c077052ac07?s=96&d=mm&r=g","caption":"Thiago Fernando"}}]}},"_links":{"self":[{"href":"https:\/\/www.manaus.am.gov.br\/semsa\/wp-json\/wp\/v2\/posts\/220861"}],"collection":[{"href":"https:\/\/www.manaus.am.gov.br\/semsa\/wp-json\/wp\/v2\/posts"}],"about":[{"href":"https:\/\/www.manaus.am.gov.br\/semsa\/wp-json\/wp\/v2\/types\/post"}],"author":[{"embeddable":true,"href":"https:\/\/www.manaus.am.gov.br\/semsa\/wp-json\/wp\/v2\/users\/57"}],"replies":[{"embeddable":true,"href":"https:\/\/www.manaus.am.gov.br\/semsa\/wp-json\/wp\/v2\/comments?post=220861"}],"version-history":[{"count":0,"href":"https:\/\/www.manaus.am.gov.br\/semsa\/wp-json\/wp\/v2\/posts\/220861\/revisions"}],"wp:featuredmedia":[{"embeddable":true,"href":"https:\/\/www.manaus.am.gov.br\/semsa\/wp-json\/wp\/v2\/media\/220862"}],"wp:attachment":[{"href":"https:\/\/www.manaus.am.gov.br\/semsa\/wp-json\/wp\/v2\/media?parent=220861"}],"wp:term":[{"taxonomy":"category","embeddable":true,"href":"https:\/\/www.manaus.am.gov.br\/semsa\/wp-json\/wp\/v2\/categories?post=220861"},{"taxonomy":"post_tag","embeddable":true,"href":"https:\/\/www.manaus.am.gov.br\/semsa\/wp-json\/wp\/v2\/tags?post=220861"}],"curies":[{"name":"wp","href":"https:\/\/api.w.org\/{rel}","templated":true}]}}