{"id":220580,"date":"2025-01-24T17:46:10","date_gmt":"2025-01-24T21:46:10","guid":{"rendered":"https:\/\/www.manaus.am.gov.br\/semsa\/locais-vacinacao-sabado-25\/"},"modified":"2025-01-27T07:49:19","modified_gmt":"2025-01-27T11:49:19","slug":"locais-vacinacao-sabado-25","status":"publish","type":"post","link":"https:\/\/www.manaus.am.gov.br\/semsa\/locais-vacinacao-sabado-25\/","title":{"rendered":"Prefeitura oferta vacinas contra Covid-19, influenza e dengue em nove unidades de sa\u00fade neste s\u00e1bado, 25\/1"},"content":{"rendered":"\n<p>Os usu\u00e1rios eleg\u00edveis para a vacina\u00e7\u00e3o contra dengue, influenza (gripe) e Covid-19 podem se imunizar contra essas doen\u00e7as em nove unidades de sa\u00fade da Prefeitura de Manaus, neste s\u00e1bado, 25\/1. A Secretaria Municipal de Sa\u00fade (Semsa), que conduz as estrat\u00e9gias de imuniza\u00e7\u00e3o na capital, informa que os estabelecimentos est\u00e3o distribu\u00eddos por toda a \u00e1rea urbana da cidade, sendo pelo menos um para cada uma das zonas geogr\u00e1ficas, Norte, Leste, Oeste e Sul.<\/p>\n\n\n\n<p>Os imunizantes contra a dengue, influenza e Covid-19, de acordo com a secret\u00e1ria municipal de Sa\u00fade, Sh\u00e1dia Fraxe, s\u00e3o ofertados de forma gratuita, por meio do Sistema \u00danico de Sa\u00fade (SUS), sendo destinados a diferentes grupos priorit\u00e1rios, definidos pelo Minist\u00e9rio da Sa\u00fade.<\/p>\n\n\n\n<p>\u201cQuem quer se proteger contra a influenza pode aproveitar e levar toda a fam\u00edlia ao posto de sa\u00fade, pois a vacina est\u00e1 dispon\u00edvel para todas as pessoas a partir dos 6 meses de idade. Mas n\u00e3o deixe para depois, porque a campanha contra a doen\u00e7a vai at\u00e9 o pr\u00f3ximo dia 31\u201d, alerta.<\/p>\n\n\n\n<p>No caso da dengue, explica Sh\u00e1dia, a estrat\u00e9gia tem como p\u00fablico-alvo crian\u00e7as e adolescentes de 10 a 14 anos, que devem tomar duas doses, com intervalo de tr\u00eas meses entre aplica\u00e7\u00f5es. \u201cCaso tenha tido dengue recentemente, o jovem deve esperar seis meses para se vacinar. Se a infec\u00e7\u00e3o ocorrer ap\u00f3s a primeira dose, dever\u00e1 aguardar pelo menos 30 dias do in\u00edcio dos sintomas para tomar a segunda\u201d, orienta.<\/p>\n\n\n\n<p>A secret\u00e1ria explica ainda que a Qdenga, utilizada na imuniza\u00e7\u00e3o contra a dengue, deve ser administrada de forma isolada, com intervalo de pelo menos 30 dias das vacinas da febre amarela, varicela e tr\u00edplice viral, e de 24 horas, para as demais vacinas do calend\u00e1rio b\u00e1sico.<\/p>\n\n\n\n<p>J\u00e1 a imuniza\u00e7\u00e3o contra a Covid-19, segundo Sh\u00e1dia, abrange 17 grupos, segundo as atuais diretrizes do Programa Nacional de Imuniza\u00e7\u00e3o. Entre eles est\u00e3o crian\u00e7as de seis meses a menores de 5 anos de idade, que devem ser vacinadas conforme o calend\u00e1rio b\u00e1sico; aquelas que n\u00e3o iniciaram ou completaram o esquema vacinal devem tomar a dose at\u00e9 os 4 anos, 11 meses e 29 dias de idade.<\/p>\n\n\n\n<p>\u201cA vacina \u00e9 indicada ainda para gestantes, que devem tomar uma dose a cada gesta\u00e7\u00e3o, em qualquer fase da gravidez. E idosos, com duas doses anuais\u201d, informa.<\/p>\n\n\n\n<p>Os outros grupos eleg\u00edveis para receber a vacina, segundo Sh\u00e1dia, s\u00e3o pu\u00e9rperas (at\u00e9 45 dias ap\u00f3s o parto), pessoas com comorbidades, pessoas com defici\u00eancia permanente, pessoas vivendo em institui\u00e7\u00f5es de longa perman\u00eancia, ind\u00edgenas aldeados, ind\u00edgenas n\u00e3o aldeados, ribeirinhos, quilombolas, trabalhadores da sa\u00fade, pessoas privadas de liberdade, funcion\u00e1rios do sistema prisional, adolescentes em medidas socioeducativas e pessoas em situa\u00e7\u00e3o de rua, todos com indica\u00e7\u00e3o de uma dose a cada ano; e imunocomprometidos, com duas doses, com seis meses de intervalo.<\/p>\n\n\n\n<p>A secret\u00e1ria refor\u00e7a a import\u00e2ncia da vacina\u00e7\u00e3o para a prote\u00e7\u00e3o contra a dengue, Covid-19 e gripe. \u201cEstamos no per\u00edodo sazonal, de maior risco de infec\u00e7\u00e3o por s\u00edndromes gripais e arboviroses. E a principal forma de preven\u00e7\u00e3o s\u00e3o as vacinas, que ajudam a evitar formas graves dessas doen\u00e7as, capazes de levar a interna\u00e7\u00f5es ou at\u00e9 \u00f3bitos\u201d, enfatiza.<\/p>\n\n\n\n<p><strong>Unidades<\/strong><\/p>\n\n\n\n<p>Para receber a vacina, os usu\u00e1rios dos grupos priorit\u00e1rios devem se encaminhar a uma das unidades da Semsa Manaus e apresentar o documento oficial de identidade, CPF ou cart\u00e3o do Sistema \u00danico de Sa\u00fade (SUS), e, caso tenha, cart\u00e3o de vacina. Crian\u00e7as e adolescentes devem estar acompanhados de um dos pais ou de um respons\u00e1vel.<\/p>\n\n\n\n<p>Sh\u00e1dia informa que todas as oito unidades de hor\u00e1rio ampliado da Semsa, al\u00e9m da cl\u00ednica da fam\u00edlia Carmen Nicolau, situada na zona Norte, ofertam doses contra influenza e Covid-19. \u201cA vacina contra a dengue est\u00e1 dispon\u00edvel em seis dessas unidades, dando oportunidade para os pais e respons\u00e1veis que precisam vacinar os filhos e contam com mais tempo dispon\u00edvel no fim de semana\u201d.<\/p>\n\n\n\n<p>As oito unidades de hor\u00e1rio ampliado da Semsa atendem aos s\u00e1bados, das 8h \u00e0s 12h. J\u00e1 a cl\u00ednica Carmen Nicolau funciona todos os dias, com atendimento nos s\u00e1bados, domingos e feriados, das 8h \u00e0s 17h.<\/p>\n\n\n\n<p>Para consultar endere\u00e7os e hor\u00e1rios de funcionamento das unidades de sa\u00fade que aplicam doses contra dengue, influenza e Covid-19, durante e nos finais de semana, os usu\u00e1rios podem acessar o endere\u00e7o <a href=\"http:\/\/manaus.am.gov.br\/semsa\/unidades\/vacinacao\">manaus.am.gov.br\/semsa\/unidades\/vacinacao<\/a>.&nbsp;<\/p>\n\n\n\n<p><strong>Unidades da Semsa para vacina\u00e7\u00e3o contra Covid-19, influenza e dengue neste s\u00e1bado, 25\/1<\/strong><\/p>\n\n\n\n<p><strong>Zona Norte<\/strong><\/p>\n\n\n\n<p><strong>Cl\u00ednica da Fam\u00edlia Carmen Nicolau<\/strong><\/p>\n\n\n\n<p>Rua Nestor Nascimento, s\/n, Lago Azul<\/p>\n\n\n\n<p>Das 8h \u00e0s 17h<\/p>\n\n\n\n<p>Vacinas dispon\u00edveis: dengue, influenza e Covid-19<\/p>\n\n\n\n<p><strong>USF S\u00e1lvio Belota<\/strong><\/p>\n\n\n\n<p>Rua das Samambaias, 786, Santa Etelvina<\/p>\n\n\n\n<p>Das 8h \u00e0s 12h<\/p>\n\n\n\n<p>Vacinas dispon\u00edveis: dengue, influenza e Covid-19<\/p>\n\n\n\n<p><strong>USF Balbina Mestrinho<\/strong><\/p>\n\n\n\n<p>Rua Major Silv\u00e9rio Nery, s\/n, n\u00facleo 3, Cidade Nova<\/p>\n\n\n\n<p>Das 8h \u00e0s 12h<\/p>\n\n\n\n<p>Vacinas dispon\u00edveis: influenza e Covid-19<\/p>\n\n\n\n<p><strong>Zona Leste<\/strong><\/p>\n\n\n\n<p><strong>USF Dr. Jos\u00e9 Amazonas Palhano<\/strong><\/p>\n\n\n\n<p>Rua Ant\u00f4nio Mathias, s\/n, S\u00e3o Jos\u00e9 Oper\u00e1rio<\/p>\n\n\n\n<p>Das 8h \u00e0s 12h<\/p>\n\n\n\n<p>Vacinas dispon\u00edveis: dengue, influenza e Covid-19<\/p>\n\n\n\n<p><strong>USF Alfredo Campos<\/strong><\/p>\n\n\n\n<p>Alameda Cosme Ferreira, s\/n, Zumbi dos Palmares<\/p>\n\n\n\n<p>Das 8h \u00e0s 12h<\/p>\n\n\n\n<p>Vacinas dispon\u00edveis: dengue, influenza e Covid-19<\/p>\n\n\n\n<p><strong>USF Maria Leonor Brilhante<\/strong><\/p>\n\n\n\n<p>Av. Autaz Mirim, s\/n, Tancredo Neves<\/p>\n\n\n\n<p>Das 8h \u00e0s 12h<\/p>\n\n\n\n<p>Vacinas dispon\u00edveis: influenza e Covid-19<\/p>\n\n\n\n<p><strong>Zona Oeste<\/strong><\/p>\n\n\n\n<p><strong>USF Deodato de Miranda Le\u00e3o<\/strong><\/p>\n\n\n\n<p>Av. Presidente Dutra, s\/n, Gl\u00f3ria<\/p>\n\n\n\n<p>Das 8h \u00e0s 12h<\/p>\n\n\n\n<p>Vacinas dispon\u00edveis: dengue, influenza e Covid-19<\/p>\n\n\n\n<p><strong>Zona Sul<\/strong><\/p>\n\n\n\n<p><strong>USF Dr. Jos\u00e9 Rayol dos Santos<\/strong><\/p>\n\n\n\n<p>Av. Constantino Nery, s\/n, Chapada<\/p>\n\n\n\n<p>Das 8h \u00e0s 12h<\/p>\n\n\n\n<p>Vacinas dispon\u00edveis: dengue, influenza e Covid-19<\/p>\n\n\n\n<p><strong>USF Rosa Pereira de Almeida<\/strong><\/p>\n\n\n\n<p>Rua Dona Mimi (antiga S\u00e3o Benedito), s\/n, Morro da Liberdade<\/p>\n\n\n\n<p>Das 8h \u00e0s 12h<\/p>\n\n\n\n<p>Vacinas dispon\u00edveis: influenza e Covid-19<\/p>\n\n\n\n<p><strong>\u2014 \u2014 \u2014&nbsp;<\/strong><\/p>\n\n\n\n<p><strong>Texto &#8211; <\/strong>Jony Clay Borges \/ Semsa<br><strong>Fotos &#8211; <\/strong>Divulga\u00e7\u00e3o \/ Semsa<\/p>\n","protected":false},"excerpt":{"rendered":"","protected":false},"author":68,"featured_media":220581,"comment_status":"closed","ping_status":"closed","sticky":false,"template":"","format":"standard","meta":{"footnotes":""},"categories":[5],"tags":[49,1928,54,28,2280],"acf":[],"yoast_head":"<!-- This site is optimized with the Yoast SEO plugin v23.0 - https:\/\/yoast.com\/wordpress\/plugins\/seo\/ -->\n<title>Prefeitura oferta vacinas contra Covid-19, influenza e dengue em nove unidades de sa\u00fade neste s\u00e1bado, 25\/1<\/title>\n<meta name=\"description\" content=\"Os usu\u00e1rios eleg\u00edveis para a vacina\u00e7\u00e3o contra dengue, influenza (gripe) e Covid-19 podem se imunizar contra essas doen\u00e7as em nove unidades de sa\u00fade da Prefeitura de Manaus, neste s\u00e1bado, 25\/1.\" \/>\n<meta name=\"robots\" content=\"index, follow, max-snippet:-1, max-image-preview:large, max-video-preview:-1\" \/>\n<link rel=\"canonical\" href=\"https:\/\/www.manaus.am.gov.br\/semsa\/locais-vacinacao-sabado-25\/\" \/>\n<meta property=\"og:locale\" content=\"pt_BR\" \/>\n<meta property=\"og:type\" content=\"article\" \/>\n<meta property=\"og:title\" content=\"Prefeitura oferta vacinas contra Covid-19, influenza e dengue em nove unidades de sa\u00fade neste s\u00e1bado, 25\/1\" \/>\n<meta property=\"og:description\" content=\"Os usu\u00e1rios eleg\u00edveis para a vacina\u00e7\u00e3o contra dengue, influenza (gripe) e Covid-19 podem se imunizar contra essas doen\u00e7as em nove unidades de sa\u00fade da Prefeitura de Manaus, neste s\u00e1bado, 25\/1.\" \/>\n<meta property=\"og:url\" content=\"https:\/\/www.manaus.am.gov.br\/semsa\/locais-vacinacao-sabado-25\/\" \/>\n<meta property=\"og:site_name\" content=\"SEMSA\" \/>\n<meta property=\"article:published_time\" content=\"2025-01-24T21:46:10+00:00\" \/>\n<meta property=\"article:modified_time\" content=\"2025-01-27T11:49:19+00:00\" \/>\n<meta property=\"og:image\" content=\"https:\/\/www.manaus.am.gov.br\/semsa\/wp-content\/uploads\/sites\/8\/2025\/01\/Janeiro-24_Vacinacao-Sabado-2-1.jpg\" \/>\n\t<meta property=\"og:image:width\" content=\"2094\" \/>\n\t<meta property=\"og:image:height\" content=\"1396\" \/>\n\t<meta property=\"og:image:type\" content=\"image\/jpeg\" \/>\n<meta name=\"author\" content=\"bvalente\" \/>\n<meta name=\"twitter:card\" content=\"summary_large_image\" \/>\n<meta name=\"twitter:label1\" content=\"Written by\" \/>\n\t<meta name=\"twitter:data1\" content=\"bvalente\" \/>\n\t<meta name=\"twitter:label2\" content=\"Est. reading time\" \/>\n\t<meta name=\"twitter:data2\" content=\"6 minutos\" \/>\n<script type=\"application\/ld+json\" class=\"yoast-schema-graph\">{\"@context\":\"https:\/\/schema.org\",\"@graph\":[{\"@type\":\"WebPage\",\"@id\":\"https:\/\/www.manaus.am.gov.br\/semsa\/locais-vacinacao-sabado-25\/\",\"url\":\"https:\/\/www.manaus.am.gov.br\/semsa\/locais-vacinacao-sabado-25\/\",\"name\":\"Prefeitura oferta vacinas contra Covid-19, influenza e dengue em nove unidades de sa\u00fade neste s\u00e1bado, 25\/1\",\"isPartOf\":{\"@id\":\"https:\/\/www.manaus.am.gov.br\/semsa\/#website\"},\"primaryImageOfPage\":{\"@id\":\"https:\/\/www.manaus.am.gov.br\/semsa\/locais-vacinacao-sabado-25\/#primaryimage\"},\"image\":{\"@id\":\"https:\/\/www.manaus.am.gov.br\/semsa\/locais-vacinacao-sabado-25\/#primaryimage\"},\"thumbnailUrl\":\"https:\/\/www.manaus.am.gov.br\/semsa\/wp-content\/uploads\/sites\/8\/2025\/01\/Janeiro-24_Vacinacao-Sabado-2-1.jpg\",\"datePublished\":\"2025-01-24T21:46:10+00:00\",\"dateModified\":\"2025-01-27T11:49:19+00:00\",\"author\":{\"@id\":\"https:\/\/www.manaus.am.gov.br\/semsa\/#\/schema\/person\/466a0e03ae4b6062809046bd560ac955\"},\"description\":\"Os usu\u00e1rios eleg\u00edveis para a vacina\u00e7\u00e3o contra dengue, influenza (gripe) e Covid-19 podem se imunizar contra essas doen\u00e7as em nove unidades de sa\u00fade da Prefeitura de Manaus, neste s\u00e1bado, 25\/1.\",\"inLanguage\":\"pt-BR\",\"potentialAction\":[{\"@type\":\"ReadAction\",\"target\":[\"https:\/\/www.manaus.am.gov.br\/semsa\/locais-vacinacao-sabado-25\/\"]}]},{\"@type\":\"ImageObject\",\"inLanguage\":\"pt-BR\",\"@id\":\"https:\/\/www.manaus.am.gov.br\/semsa\/locais-vacinacao-sabado-25\/#primaryimage\",\"url\":\"https:\/\/www.manaus.am.gov.br\/semsa\/wp-content\/uploads\/sites\/8\/2025\/01\/Janeiro-24_Vacinacao-Sabado-2-1.jpg\",\"contentUrl\":\"https:\/\/www.manaus.am.gov.br\/semsa\/wp-content\/uploads\/sites\/8\/2025\/01\/Janeiro-24_Vacinacao-Sabado-2-1.jpg\",\"width\":2094,\"height\":1396},{\"@type\":\"WebSite\",\"@id\":\"https:\/\/www.manaus.am.gov.br\/semsa\/#website\",\"url\":\"https:\/\/www.manaus.am.gov.br\/semsa\/\",\"name\":\"SEMSA\",\"description\":\"Secretaria Municipal de Sa\u00fade\",\"alternateName\":\"Secretaria Municipal de Sa\u00fade\",\"potentialAction\":[{\"@type\":\"SearchAction\",\"target\":{\"@type\":\"EntryPoint\",\"urlTemplate\":\"https:\/\/www.manaus.am.gov.br\/semsa\/?s={search_term_string}\"},\"query-input\":\"required name=search_term_string\"}],\"inLanguage\":\"pt-BR\"},{\"@type\":\"Person\",\"@id\":\"https:\/\/www.manaus.am.gov.br\/semsa\/#\/schema\/person\/466a0e03ae4b6062809046bd560ac955\",\"name\":\"bvalente\",\"image\":{\"@type\":\"ImageObject\",\"inLanguage\":\"pt-BR\",\"@id\":\"https:\/\/www.manaus.am.gov.br\/semsa\/#\/schema\/person\/image\/\",\"url\":\"https:\/\/secure.gravatar.com\/avatar\/3e69bc2b014bdad41adfec3a39de07d2?s=96&d=mm&r=g\",\"contentUrl\":\"https:\/\/secure.gravatar.com\/avatar\/3e69bc2b014bdad41adfec3a39de07d2?s=96&d=mm&r=g\",\"caption\":\"bvalente\"}}]}<\/script>\n<!-- \/ Yoast SEO plugin. -->","yoast_head_json":{"title":"Prefeitura oferta vacinas contra Covid-19, influenza e dengue em nove unidades de sa\u00fade neste s\u00e1bado, 25\/1","description":"Os usu\u00e1rios eleg\u00edveis para a vacina\u00e7\u00e3o contra dengue, influenza (gripe) e Covid-19 podem se imunizar contra essas doen\u00e7as em nove unidades de sa\u00fade da Prefeitura de Manaus, neste s\u00e1bado, 25\/1.","robots":{"index":"index","follow":"follow","max-snippet":"max-snippet:-1","max-image-preview":"max-image-preview:large","max-video-preview":"max-video-preview:-1"},"canonical":"https:\/\/www.manaus.am.gov.br\/semsa\/locais-vacinacao-sabado-25\/","og_locale":"pt_BR","og_type":"article","og_title":"Prefeitura oferta vacinas contra Covid-19, influenza e dengue em nove unidades de sa\u00fade neste s\u00e1bado, 25\/1","og_description":"Os usu\u00e1rios eleg\u00edveis para a vacina\u00e7\u00e3o contra dengue, influenza (gripe) e Covid-19 podem se imunizar contra essas doen\u00e7as em nove unidades de sa\u00fade da Prefeitura de Manaus, neste s\u00e1bado, 25\/1.","og_url":"https:\/\/www.manaus.am.gov.br\/semsa\/locais-vacinacao-sabado-25\/","og_site_name":"SEMSA","article_published_time":"2025-01-24T21:46:10+00:00","article_modified_time":"2025-01-27T11:49:19+00:00","og_image":[{"width":2094,"height":1396,"url":"https:\/\/www.manaus.am.gov.br\/semsa\/wp-content\/uploads\/sites\/8\/2025\/01\/Janeiro-24_Vacinacao-Sabado-2-1.jpg","type":"image\/jpeg"}],"author":"bvalente","twitter_card":"summary_large_image","twitter_misc":{"Written by":"bvalente","Est. reading time":"6 minutos"},"schema":{"@context":"https:\/\/schema.org","@graph":[{"@type":"WebPage","@id":"https:\/\/www.manaus.am.gov.br\/semsa\/locais-vacinacao-sabado-25\/","url":"https:\/\/www.manaus.am.gov.br\/semsa\/locais-vacinacao-sabado-25\/","name":"Prefeitura oferta vacinas contra Covid-19, influenza e dengue em nove unidades de sa\u00fade neste s\u00e1bado, 25\/1","isPartOf":{"@id":"https:\/\/www.manaus.am.gov.br\/semsa\/#website"},"primaryImageOfPage":{"@id":"https:\/\/www.manaus.am.gov.br\/semsa\/locais-vacinacao-sabado-25\/#primaryimage"},"image":{"@id":"https:\/\/www.manaus.am.gov.br\/semsa\/locais-vacinacao-sabado-25\/#primaryimage"},"thumbnailUrl":"https:\/\/www.manaus.am.gov.br\/semsa\/wp-content\/uploads\/sites\/8\/2025\/01\/Janeiro-24_Vacinacao-Sabado-2-1.jpg","datePublished":"2025-01-24T21:46:10+00:00","dateModified":"2025-01-27T11:49:19+00:00","author":{"@id":"https:\/\/www.manaus.am.gov.br\/semsa\/#\/schema\/person\/466a0e03ae4b6062809046bd560ac955"},"description":"Os usu\u00e1rios eleg\u00edveis para a vacina\u00e7\u00e3o contra dengue, influenza (gripe) e Covid-19 podem se imunizar contra essas doen\u00e7as em nove unidades de sa\u00fade da Prefeitura de Manaus, neste s\u00e1bado, 25\/1.","inLanguage":"pt-BR","potentialAction":[{"@type":"ReadAction","target":["https:\/\/www.manaus.am.gov.br\/semsa\/locais-vacinacao-sabado-25\/"]}]},{"@type":"ImageObject","inLanguage":"pt-BR","@id":"https:\/\/www.manaus.am.gov.br\/semsa\/locais-vacinacao-sabado-25\/#primaryimage","url":"https:\/\/www.manaus.am.gov.br\/semsa\/wp-content\/uploads\/sites\/8\/2025\/01\/Janeiro-24_Vacinacao-Sabado-2-1.jpg","contentUrl":"https:\/\/www.manaus.am.gov.br\/semsa\/wp-content\/uploads\/sites\/8\/2025\/01\/Janeiro-24_Vacinacao-Sabado-2-1.jpg","width":2094,"height":1396},{"@type":"WebSite","@id":"https:\/\/www.manaus.am.gov.br\/semsa\/#website","url":"https:\/\/www.manaus.am.gov.br\/semsa\/","name":"SEMSA","description":"Secretaria Municipal de Sa\u00fade","alternateName":"Secretaria Municipal de Sa\u00fade","potentialAction":[{"@type":"SearchAction","target":{"@type":"EntryPoint","urlTemplate":"https:\/\/www.manaus.am.gov.br\/semsa\/?s={search_term_string}"},"query-input":"required name=search_term_string"}],"inLanguage":"pt-BR"},{"@type":"Person","@id":"https:\/\/www.manaus.am.gov.br\/semsa\/#\/schema\/person\/466a0e03ae4b6062809046bd560ac955","name":"bvalente","image":{"@type":"ImageObject","inLanguage":"pt-BR","@id":"https:\/\/www.manaus.am.gov.br\/semsa\/#\/schema\/person\/image\/","url":"https:\/\/secure.gravatar.com\/avatar\/3e69bc2b014bdad41adfec3a39de07d2?s=96&d=mm&r=g","contentUrl":"https:\/\/secure.gravatar.com\/avatar\/3e69bc2b014bdad41adfec3a39de07d2?s=96&d=mm&r=g","caption":"bvalente"}}]}},"_links":{"self":[{"href":"https:\/\/www.manaus.am.gov.br\/semsa\/wp-json\/wp\/v2\/posts\/220580"}],"collection":[{"href":"https:\/\/www.manaus.am.gov.br\/semsa\/wp-json\/wp\/v2\/posts"}],"about":[{"href":"https:\/\/www.manaus.am.gov.br\/semsa\/wp-json\/wp\/v2\/types\/post"}],"author":[{"embeddable":true,"href":"https:\/\/www.manaus.am.gov.br\/semsa\/wp-json\/wp\/v2\/users\/68"}],"replies":[{"embeddable":true,"href":"https:\/\/www.manaus.am.gov.br\/semsa\/wp-json\/wp\/v2\/comments?post=220580"}],"version-history":[{"count":1,"href":"https:\/\/www.manaus.am.gov.br\/semsa\/wp-json\/wp\/v2\/posts\/220580\/revisions"}],"predecessor-version":[{"id":220583,"href":"https:\/\/www.manaus.am.gov.br\/semsa\/wp-json\/wp\/v2\/posts\/220580\/revisions\/220583"}],"wp:featuredmedia":[{"embeddable":true,"href":"https:\/\/www.manaus.am.gov.br\/semsa\/wp-json\/wp\/v2\/media\/220581"}],"wp:attachment":[{"href":"https:\/\/www.manaus.am.gov.br\/semsa\/wp-json\/wp\/v2\/media?parent=220580"}],"wp:term":[{"taxonomy":"category","embeddable":true,"href":"https:\/\/www.manaus.am.gov.br\/semsa\/wp-json\/wp\/v2\/categories?post=220580"},{"taxonomy":"post_tag","embeddable":true,"href":"https:\/\/www.manaus.am.gov.br\/semsa\/wp-json\/wp\/v2\/tags?post=220580"}],"curies":[{"name":"wp","href":"https:\/\/api.w.org\/{rel}","templated":true}]}}