{"id":220293,"date":"2025-01-21T13:27:23","date_gmt":"2025-01-21T17:27:23","guid":{"rendered":"https:\/\/www.manaus.am.gov.br\/semsa\/vacinacao-antirrabica-pontos-fixos\/"},"modified":"2025-01-21T19:50:23","modified_gmt":"2025-01-21T23:50:23","slug":"vacinacao-antirrabica-pontos-fixos","status":"publish","type":"post","link":"https:\/\/www.manaus.am.gov.br\/semsa\/vacinacao-antirrabica-pontos-fixos\/","title":{"rendered":"Prefeitura orienta tutores a vacinar c\u00e3es e gatos em 37 pontos fixos da campanha antirr\u00e1bica"},"content":{"rendered":"\n<p>A Prefeitura de Manaus, por meio da <a href=\"https:\/\/www.manaus.am.gov.br\/semsa\/\">Secretaria Municipal de Sa\u00fade (Semsa)<\/a>, orienta os tutores a imunizarem seus c\u00e3es e gatos contra a raiva em cl\u00ednicas veterin\u00e1rias parceiras e unidades da rede municipal de sa\u00fade, como parte da Campanha de Vacina\u00e7\u00e3o Antirr\u00e1bica Animal do munic\u00edpio. A estrat\u00e9gia, executada pelo <a href=\"https:\/\/www.manaus.am.gov.br\/semsa\/vigilancia\/vigilancia-de-zoonoses\/\">Centro de Controle de Zoonoses (CCZ)<\/a> Dr. Carlos Durand, segue at\u00e9 o dia 31 de janeiro em 37 pontos fixos, distribu\u00eddos em todas as zonas da cidade.<\/p>\n\n\n\n<p>O gerente do CCZ <a href=\"https:\/\/www.instagram.com\/semsamanaus\/\">Manaus<\/a>, Rodrigo Ara\u00fajo, refor\u00e7a que a vacina\u00e7\u00e3o de c\u00e3es e gatos contra a raiva \u00e9 gratuita, por meio do Sistema \u00danico de Sa\u00fade (SUS), sendo anual e obrigat\u00f3ria para animais a partir de tr\u00eas meses.<\/p>\n\n\n\n<p>\u201cA orienta\u00e7\u00e3o aos tutores \u00e9 assegurar que o animal esteja com boa sa\u00fade, sem sinais de doen\u00e7a, como perda de apetite ou mudan\u00e7as no comportamento\u201d, observa.<\/p>\n\n\n\n<p>Conforme Rodrigo, mais de 270 mil animais, sendo 175 mil c\u00e3es e 95 mil gatos, foram vacinados como parte da campanha municipal, de outubro a dezembro de 2024. Nesse per\u00edodo, a a\u00e7\u00e3o promoveu visitas para aplica\u00e7\u00e3o de doses em domic\u00edlio em todos os bairros da capital, al\u00e9m de ofertar a vacina\u00e7\u00e3o em pontos fixos, inclusive na zona rural, e em pontos estrat\u00e9gicos tempor\u00e1rios.<\/p>\n\n\n\n<p>\u201cA meta \u00e9 vacinar 295.077 animais, por isso prorrogamos a campanha e firmamos parcerias para ofertar a vacina em cl\u00ednicas veterin\u00e1rias. Com isso ampliamos o acesso do p\u00fablico, permitindo que mais tutores possam vacinar seus pets sem precisar percorrer grandes dist\u00e2ncias\u201d, afirma.<\/p>\n\n\n\n<p>O gerente orienta aos usu\u00e1rios que atentem para os dias e hor\u00e1rios de atendimento do estabelecimento escolhido antes de sair de casa com seus bichos. A lista com pontos fixos, com endere\u00e7os, dias e hor\u00e1rios dispon\u00edveis, pode ser consultada em&nbsp;<a href=\"http:\/\/bit.ly\/pontosvacinacaoantirrabica\" target=\"_blank\" rel=\"noreferrer noopener\">bit.ly\/pontosvacinacaoantirrabica<\/a>.<\/p>\n\n\n\n<p><strong>Preven\u00e7\u00e3o e controle<\/strong><\/p>\n\n\n\n<p>Rodrigo assinala que a campanha de vacina\u00e7\u00e3o antirr\u00e1bica animal \u00e9 realizada todos os anos pela Semsa Manaus, como parte da estrat\u00e9gia da sa\u00fade p\u00fablica municipal para controle e erradica\u00e7\u00e3o da raiva. Gra\u00e7as a essas a\u00e7\u00f5es, h\u00e1 40 anos n\u00e3o h\u00e1 registros da doen\u00e7a em humanos na capital amazonense.<\/p>\n\n\n\n<p>\u201cMesmo fora da campanha anual, ofertamos a vacina\u00e7\u00e3o durante o ano todo no CCZ Manaus, bem como em a\u00e7\u00f5es estrat\u00e9gicas pela cidade\u201d, relata.<\/p>\n\n\n\n<p>O gerente do CCZ Manaus refor\u00e7a que o v\u00edrus r\u00e1bico pode infectar seres humanos e animais, afetando o sistema nervoso e levando quase sempre \u00e0 morte as v\u00edtimas n\u00e3o vacinadas antes ou ap\u00f3s a exposi\u00e7\u00e3o. O cont\u00e1gio, ele explica, ocorre pelo contato com a saliva de animais infectados, por meio de mordidas, arranh\u00f5es ou lambedura.<\/p>\n\n\n\n<p>\u201cAl\u00e9m de vacinar c\u00e3es e gatos, evitar o contato com animais silvestres \u00e9 outra recomenda\u00e7\u00e3o importante para preven\u00e7\u00e3o da doen\u00e7a\u201d, aponta.<\/p>\n\n\n\n<p>Para mais informa\u00e7\u00f5es ou esclarecimento de d\u00favidas sobre a estrat\u00e9gia de vacina\u00e7\u00e3o contra a raiva animal do munic\u00edpio, a popula\u00e7\u00e3o pode entrar em contato com o CCZ Manaus, por meio do WhatsApp, nos n\u00fameros (92) 98842-8359 ou 98842-8484. O atendimento ocorre de segunda a sexta-feira, das 8h \u00e0s 16h.<\/p>\n\n\n\n<p><strong>Pontos fixos da Campanha Anual de Vacina\u00e7\u00e3o Antirr\u00e1bica Animal da Prefeitura de Manaus<\/strong><\/p>\n\n\n\n<p><strong>Zona Norte<\/strong><\/p>\n\n\n\n<p>&#8211; Cl\u00ednica Veterin\u00e1ria Dogtor<\/p>\n\n\n\n<p>Avenida Noel Nutels, 293, qd. 79, Cidade Nova<\/p>\n\n\n\n<p>Segunda a s\u00e1bado, das 8h \u00e0s 19h<\/p>\n\n\n\n<p>&#8211; Cl\u00ednica Veterin\u00e1ria Recanto dos Animais<\/p>\n\n\n\n<p>Avenida Noel Nutels, 15, Cidade Nova, pr\u00f3x. ao Terminal 3<\/p>\n\n\n\n<p>Ter\u00e7a a quinta, das 9h \u00e0s 13h<\/p>\n\n\n\n<p>&#8211; Dom Pet Consult\u00f3rio Veterin\u00e1rio<\/p>\n\n\n\n<p>Rua 26 de Agosto, 13, comunidade Riacho Doce, Nova Cidade<\/p>\n\n\n\n<p>Segunda a sexta, das 9h \u00e0s 12h<\/p>\n\n\n\n<p>&#8211; Cl\u00ednica Veterin\u00e1ria Imp\u00e9rio Animal<\/p>\n\n\n\n<p>Rua Paulo Eduardo de Lima, 325-C, conjunto Ribeiro J\u00fanior, Cidade Nova<\/p>\n\n\n\n<p>Segunda a s\u00e1bado, das 8h \u00e0s 17h<\/p>\n\n\n\n<p>&#8211; Cl\u00ednica Veterin\u00e1ria Happy Pet<\/p>\n\n\n\n<p>Avenida Marguerita, 2.582, Nova Cidade, pr\u00f3x. ao posto Atem<\/p>\n\n\n\n<p>Segunda a sexta, das 8h \u00e0s 12h<\/p>\n\n\n\n<p>&#8211; Nova Pets Cl\u00ednica Veterin\u00e1ria<\/p>\n\n\n\n<p>Avenida Cura\u00e7ao, 3, qd. 238, Nova Cidade, pr\u00f3x. ao Hiper DB<\/p>\n\n\n\n<p>Segunda a sexta, das 8h \u00e0s 17h<\/p>\n\n\n\n<p>&#8211; Campo Vet Cl\u00ednica Veterin\u00e1ria<\/p>\n\n\n\n<p>Avenida Jos\u00e9 Henrique Bentes Rodrigues, 123, Col\u00f4nia Terra Nova, pr\u00f3x. ao shopping Via Norte<\/p>\n\n\n\n<p>Segunda a sexta, das 8h \u00e0s 19h<\/p>\n\n\n\n<p>&#8211; Tarum\u00e3 Cl\u00ednica Veterin\u00e1ria<\/p>\n\n\n\n<p>Posto Ipiranga, avenida Torquato Tapaj\u00f3s, 8.720, Col\u00f4nia Terra Nova<\/p>\n\n\n\n<p>Segunda a s\u00e1bado, das 8h \u00e0s 20h<\/p>\n\n\n\n<p>&#8211; Dr. Paulo Vet Cl\u00ednica Veterin\u00e1ria<\/p>\n\n\n\n<p>Rua Itaet\u00ea, 161, Novo Aleixo<\/p>\n\n\n\n<p>Segunda a s\u00e1bado, das 8h \u00e0s 12h<\/p>\n\n\n\n<p>&#8211; Cl\u00ednica Veterin\u00e1ria Sa\u00fade Animal<\/p>\n\n\n\n<p>Posto Shell, avenida Torquato Tapaj\u00f3s, 7.033, Novo Israel<\/p>\n\n\n\n<p>Segunda a sexta, das 8h \u00e0s 22h, e s\u00e1bados, das 8h \u00e0s 19h<\/p>\n\n\n\n<p>&#8211; iPets Consult\u00f3rio Veterin\u00e1rio<\/p>\n\n\n\n<p>Rua S\u00e3o Eus\u00e9bio, 100, Monte das Oliveiras<\/p>\n\n\n\n<p>Segunda a s\u00e1bado, das 8h \u00e0s 18h<\/p>\n\n\n\n<p>&#8211; Cl\u00ednica Veterin\u00e1ria Pet Way<\/p>\n\n\n\n<p>Rua Cel. Taborda de Miranda, 24, qd. 123, Cidade Nova<\/p>\n\n\n\n<p>Segunda a s\u00e1bado, das 10h \u00e0s 17h<\/p>\n\n\n\n<p>&#8211; Chacal Consult\u00f3rio Veterin\u00e1rio<\/p>\n\n\n\n<p>Travessa San Marino, 138, Nova Cidade<\/p>\n\n\n\n<p>Segunda a s\u00e1bado, das 9h30 \u00e0s 17h30<\/p>\n\n\n\n<p><strong>Zona Leste<\/strong><\/p>\n\n\n\n<p>&#8211; Distrito de Sa\u00fade Leste \u2013 Semsa<\/p>\n\n\n\n<p>Rua das Rosas, s\/n, Jorge Teixeira<\/p>\n\n\n\n<p>Segunda a sexta, das 8h \u00e0s 12h<\/p>\n\n\n\n<p>&#8211; USF Alfredo Campos<\/p>\n\n\n\n<p>Avenida Cosme Ferreira, s\/n, Zumbi dos Palmares<\/p>\n\n\n\n<p>Segunda a s\u00e1bado, das 8h \u00e0s 12h<\/p>\n\n\n\n<p>&#8211; Cl\u00ednica Veterin\u00e1ria Recanto dos Animais<\/p>\n\n\n\n<p>Avenida Brigadeiro Hil\u00e1rio Gurj\u00e3o, 200, Jorge Teixeira, pr\u00f3x. \u00e0 rotat\u00f3ria do Fuxico<\/p>\n\n\n\n<p>Ter\u00e7a a quinta, das 9h \u00e0s 13h<\/p>\n\n\n\n<p>&#8211; Cl\u00ednica Veterin\u00e1ria Pet Leste<\/p>\n\n\n\n<p>Rua Nova Andaluzia, 72, Tancredo Neves<\/p>\n\n\n\n<p>Segunda a s\u00e1bado, das 8h \u00e0s 18h<\/p>\n\n\n\n<p>&#8211; Cl\u00ednica Veterin\u00e1ria Gang dos Bichos<\/p>\n\n\n\n<p>Rua dos A\u00e7aizeiros, 1.740, comunidade Grande Vit\u00f3ria, Gilberto Mestrinho, pr\u00f3x. ao Barat\u00e3o da Carne<\/p>\n\n\n\n<p>Segunda a sexta-feira, das 8h \u00e0s 15h<\/p>\n\n\n\n<p>&#8211; MC Dog Cl\u00ednica Veterin\u00e1ria<\/p>\n\n\n\n<p>Rua A, 12, conjunto Senador Jo\u00e3o Bosco 2, S\u00e3o Jos\u00e9 Oper\u00e1rio, pr\u00f3x. ao hospital Jo\u00e3o L\u00facio Machado<\/p>\n\n\n\n<p>Segunda a sexta, das 8h \u00e0s 17h, e s\u00e1bados, das 9h \u00e0s 13h<\/p>\n\n\n\n<p>&#8211; Cl\u00ednica Veterin\u00e1ria Bom Doctor<\/p>\n\n\n\n<p>Avenida Iraque, rua Leopoldo Bayma, 1.110, Gilberto Mestrinho<\/p>\n\n\n\n<p>Segunda a sexta, das 9h \u00e0s 19h, e s\u00e1bados, das 9h \u00e0s 15h<\/p>\n\n\n\n<p>&#8211; Agrossara Cl\u00ednica Veterin\u00e1ria<\/p>\n\n\n\n<p>Av. Autaz Mirim, 6.407 &#8211; S\u00e3o Jos\u00e9 Oper\u00e1rio<\/p>\n\n\n\n<p>Segunda a s\u00e1bado, das 8h \u00e0s 18h; domingos e feriados, das 8h \u00e0s 12h<\/p>\n\n\n\n<p><strong>Zona Oeste<\/strong><\/p>\n\n\n\n<p>&#8211; Centro de Controle de Zoonoses (CCZ) Dr. Carlos Durand<\/p>\n\n\n\n<p>Avenida Brasil, s\/n\u00ba, Compensa, ao lado do Caic do bairro<\/p>\n\n\n\n<p>Segunda a sexta, das 8h \u00e0s 16h, e s\u00e1bados, das 8h \u00e0s 12h<\/p>\n\n\n\n<p>&#8211; Patoclinvet Laborat\u00f3rio Veterin\u00e1rio<\/p>\n\n\n\n<p>Rua Prof. Ab\u00edlio Alencar, 119, Alvorada<\/p>\n\n\n\n<p>Segunda a s\u00e1bado, das 8h \u00e0s 20h<\/p>\n\n\n\n<p>&#8211; Selva Pet Consult\u00f3rio Veterin\u00e1rio<\/p>\n\n\n\n<p>Avenida Laguna, 30, L\u00edrio do Vale<\/p>\n\n\n\n<p>Segunda a sexta, das 8h \u00e0s 12h<\/p>\n\n\n\n<p>&#8211; My Pets Cl\u00ednica Veterin\u00e1ria<\/p>\n\n\n\n<p>Rua Praia do Tup\u00e9, 26, Campos Sales, Tarum\u00e3<\/p>\n\n\n\n<p>Segunda a s\u00e1bado, das 8h \u00e0s 18h, e domingos, das 9h \u00e0s 15h<\/p>\n\n\n\n<p>&#8211; Amaz\u00f4nia Pet Cl\u00ednica Veterin\u00e1ria<\/p>\n\n\n\n<p>Rua Peixe-Cavalo, comunidade Uni\u00e3o da Vit\u00f3ria<\/p>\n\n\n\n<p>S\u00e1bados e domingos, das 9h \u00e0s 18h<\/p>\n\n\n\n<p><strong>Zona Sul<\/strong><\/p>\n\n\n\n<p>&#8211; Cl\u00ednica Veterin\u00e1ria Tribo dos Pets<\/p>\n\n\n\n<p>Avenida Presidente Kennedy, 1.637, Morro da Liberdade<\/p>\n\n\n\n<p>Segunda a s\u00e1bado, das 9h \u00e0s 13h<\/p>\n\n\n\n<p>&#8211; Cl\u00ednica Veterin\u00e1ria Dr. Brilhante<\/p>\n\n\n\n<p>Rua Wilson de Castro, n\u00ba 1, pra\u00e7a do Caranguejo, conjunto Eldorado, Parque 10 de Novembro<\/p>\n\n\n\n<p>Segunda a sexta, das 8h \u00e0s 18h<\/p>\n\n\n\n<p>&#8211; Casa Fametro Cl\u00ednica Veterin\u00e1ria<\/p>\n\n\n\n<p>Rua Ingrid Bergman, 49, Chapada<\/p>\n\n\n\n<p>Segunda a sexta, das 9h \u00e0s 20h, e s\u00e1bados, das 8h \u00e0s 13h<\/p>\n\n\n\n<p>&#8211; Inovapet Cl\u00ednica Veterin\u00e1ria<\/p>\n\n\n\n<p>Rua Dona Mimi (antiga S\u00e3o Benedito), 64, Morro da Liberdade<\/p>\n\n\n\n<p>Segunda a sexta, das 13h \u00e0s 18h<\/p>\n\n\n\n<p>&#8211; Amazonvet Cl\u00ednica Veterin\u00e1ria<\/p>\n\n\n\n<p>Rua dos Cris\u00e2ntemos, 214, Aleixo<\/p>\n\n\n\n<p>Segunda a sexta, das 10h \u00e0s 19h; s\u00e1bados, das 10h \u00e0s 18h; e domingos, das 10h \u00e0s 13h<\/p>\n\n\n\n<p>&#8211; Shopping da Natureza<\/p>\n\n\n\n<p>Rua Visconde de Santa Cruz, 49, conjunto Parque das Laranjeiras, Flores<\/p>\n\n\n\n<p>Segunda a sexta, das 9h \u00e0s 16h<\/p>\n\n\n\n<p>&#8211; Pets &amp; Vets<\/p>\n\n\n\n<p>Rua 16, Parque 10 de Novembro<\/p>\n\n\n\n<p>Segunda a sexta, das 9h \u00e0s 12h<\/p>\n\n\n\n<p>&#8211; Aconchego Pet House<\/p>\n\n\n\n<p>Conjunto Residencial Tocantins, 2\u00aa Etapa, Chapada<\/p>\n\n\n\n<p>Segunda a sexta, das 8h \u00e0s 17h, e s\u00e1bados, das 8h \u00e0s 12h<\/p>\n\n\n\n<p>&#8211; Vets 4 Pets Cl\u00ednica Veterin\u00e1ria<\/p>\n\n\n\n<p>Rua Monte Castelo, 166, Japiim<\/p>\n\n\n\n<p>Segunda a sexta, das 13h \u00e0s 18h<\/p>\n\n\n\n<p>&#8211; Pop Vets Cl\u00ednica Veterin\u00e1ria<\/p>\n\n\n\n<p>Rua Hokkaido, n\u00ba 1, Parque 10 de Novembro<\/p>\n\n\n\n<p>Todos os dias, das 8h \u00e0s 21h<\/p>\n\n\n\n<p>&#8211; ONG Anjos de Rua<\/p>\n\n\n\n<p>Travessa Ouroeste, n\u00ba 2, Aleixo<\/p>\n\n\n\n<p>Segunda a s\u00e1bado, das 8h \u00e0s 12h<\/p>\n\n\n\n<p>&#8212; &#8212; &#8212;<\/p>\n\n\n\n<p><strong>Texto &#8211;<\/strong> Jony Clay Borges \/ Semsa<\/p>\n\n\n\n<p><strong>Fotos &#8211;<\/strong> Divulga\u00e7\u00e3o \/ Semsa<\/p>\n","protected":false},"excerpt":{"rendered":"","protected":false},"author":57,"featured_media":220294,"comment_status":"closed","ping_status":"closed","sticky":false,"template":"","format":"standard","meta":{"footnotes":""},"categories":[2],"tags":[378,54,28,381],"acf":[],"yoast_head":"<!-- This site is optimized with the Yoast SEO plugin v23.0 - https:\/\/yoast.com\/wordpress\/plugins\/seo\/ -->\n<title>Prefeitura disponibiliza 37 pontos fixos para vacina\u00e7\u00e3o antirr\u00e1bica<\/title>\n<meta name=\"description\" content=\"A PMM orienta os tutores a imunizarem seus c\u00e3es e gatos em cl\u00ednicas veterin\u00e1rias e unidades como parte da Campanha de Vacina\u00e7\u00e3o Antirr\u00e1bica.\" \/>\n<meta name=\"robots\" content=\"index, follow, max-snippet:-1, max-image-preview:large, max-video-preview:-1\" \/>\n<link rel=\"canonical\" href=\"https:\/\/www.manaus.am.gov.br\/semsa\/vacinacao-antirrabica-pontos-fixos\/\" \/>\n<meta property=\"og:locale\" content=\"pt_BR\" \/>\n<meta property=\"og:type\" content=\"article\" \/>\n<meta property=\"og:title\" content=\"Prefeitura disponibiliza 37 pontos fixos para vacina\u00e7\u00e3o antirr\u00e1bica\" \/>\n<meta property=\"og:description\" content=\"A PMM orienta os tutores a imunizarem seus c\u00e3es e gatos em cl\u00ednicas veterin\u00e1rias e unidades como parte da Campanha de Vacina\u00e7\u00e3o Antirr\u00e1bica.\" \/>\n<meta property=\"og:url\" content=\"https:\/\/www.manaus.am.gov.br\/semsa\/vacinacao-antirrabica-pontos-fixos\/\" \/>\n<meta property=\"og:site_name\" content=\"SEMSA\" \/>\n<meta property=\"article:published_time\" content=\"2025-01-21T17:27:23+00:00\" \/>\n<meta property=\"article:modified_time\" content=\"2025-01-21T23:50:23+00:00\" \/>\n<meta property=\"og:image\" content=\"https:\/\/www.manaus.am.gov.br\/semsa\/wp-content\/uploads\/sites\/8\/2025\/01\/Janeiro-21_Chamada-Vacinacao-Antirrabica-1.jpeg\" \/>\n\t<meta property=\"og:image:width\" content=\"4160\" \/>\n\t<meta property=\"og:image:height\" content=\"2774\" \/>\n\t<meta property=\"og:image:type\" content=\"image\/jpeg\" \/>\n<meta name=\"author\" content=\"Thiago Fernando\" \/>\n<meta name=\"twitter:card\" content=\"summary_large_image\" \/>\n<meta name=\"twitter:label1\" content=\"Written by\" \/>\n\t<meta name=\"twitter:data1\" content=\"Thiago Fernando\" \/>\n\t<meta name=\"twitter:label2\" content=\"Est. reading time\" \/>\n\t<meta name=\"twitter:data2\" content=\"8 minutos\" \/>\n<script type=\"application\/ld+json\" class=\"yoast-schema-graph\">{\"@context\":\"https:\/\/schema.org\",\"@graph\":[{\"@type\":\"WebPage\",\"@id\":\"https:\/\/www.manaus.am.gov.br\/semsa\/vacinacao-antirrabica-pontos-fixos\/\",\"url\":\"https:\/\/www.manaus.am.gov.br\/semsa\/vacinacao-antirrabica-pontos-fixos\/\",\"name\":\"Prefeitura disponibiliza 37 pontos fixos para vacina\u00e7\u00e3o antirr\u00e1bica\",\"isPartOf\":{\"@id\":\"https:\/\/www.manaus.am.gov.br\/semsa\/#website\"},\"primaryImageOfPage\":{\"@id\":\"https:\/\/www.manaus.am.gov.br\/semsa\/vacinacao-antirrabica-pontos-fixos\/#primaryimage\"},\"image\":{\"@id\":\"https:\/\/www.manaus.am.gov.br\/semsa\/vacinacao-antirrabica-pontos-fixos\/#primaryimage\"},\"thumbnailUrl\":\"https:\/\/www.manaus.am.gov.br\/semsa\/wp-content\/uploads\/sites\/8\/2025\/01\/Janeiro-21_Chamada-Vacinacao-Antirrabica-1.jpeg\",\"datePublished\":\"2025-01-21T17:27:23+00:00\",\"dateModified\":\"2025-01-21T23:50:23+00:00\",\"author\":{\"@id\":\"https:\/\/www.manaus.am.gov.br\/semsa\/#\/schema\/person\/a5ee5376db6e21af026374b369f30882\"},\"description\":\"A PMM orienta os tutores a imunizarem seus c\u00e3es e gatos em cl\u00ednicas veterin\u00e1rias e unidades como parte da Campanha de Vacina\u00e7\u00e3o Antirr\u00e1bica.\",\"inLanguage\":\"pt-BR\",\"potentialAction\":[{\"@type\":\"ReadAction\",\"target\":[\"https:\/\/www.manaus.am.gov.br\/semsa\/vacinacao-antirrabica-pontos-fixos\/\"]}]},{\"@type\":\"ImageObject\",\"inLanguage\":\"pt-BR\",\"@id\":\"https:\/\/www.manaus.am.gov.br\/semsa\/vacinacao-antirrabica-pontos-fixos\/#primaryimage\",\"url\":\"https:\/\/www.manaus.am.gov.br\/semsa\/wp-content\/uploads\/sites\/8\/2025\/01\/Janeiro-21_Chamada-Vacinacao-Antirrabica-1.jpeg\",\"contentUrl\":\"https:\/\/www.manaus.am.gov.br\/semsa\/wp-content\/uploads\/sites\/8\/2025\/01\/Janeiro-21_Chamada-Vacinacao-Antirrabica-1.jpeg\",\"width\":4160,\"height\":2774,\"caption\":\"#paratodosverem - Servidor vacinando um cachorro\"},{\"@type\":\"WebSite\",\"@id\":\"https:\/\/www.manaus.am.gov.br\/semsa\/#website\",\"url\":\"https:\/\/www.manaus.am.gov.br\/semsa\/\",\"name\":\"SEMSA\",\"description\":\"Secretaria Municipal de Sa\u00fade\",\"alternateName\":\"Secretaria Municipal de Sa\u00fade\",\"potentialAction\":[{\"@type\":\"SearchAction\",\"target\":{\"@type\":\"EntryPoint\",\"urlTemplate\":\"https:\/\/www.manaus.am.gov.br\/semsa\/?s={search_term_string}\"},\"query-input\":\"required name=search_term_string\"}],\"inLanguage\":\"pt-BR\"},{\"@type\":\"Person\",\"@id\":\"https:\/\/www.manaus.am.gov.br\/semsa\/#\/schema\/person\/a5ee5376db6e21af026374b369f30882\",\"name\":\"Thiago Fernando\",\"image\":{\"@type\":\"ImageObject\",\"inLanguage\":\"pt-BR\",\"@id\":\"https:\/\/www.manaus.am.gov.br\/semsa\/#\/schema\/person\/image\/\",\"url\":\"https:\/\/secure.gravatar.com\/avatar\/f5aab8722444041451501c077052ac07?s=96&d=mm&r=g\",\"contentUrl\":\"https:\/\/secure.gravatar.com\/avatar\/f5aab8722444041451501c077052ac07?s=96&d=mm&r=g\",\"caption\":\"Thiago Fernando\"}}]}<\/script>\n<!-- \/ Yoast SEO plugin. -->","yoast_head_json":{"title":"Prefeitura disponibiliza 37 pontos fixos para vacina\u00e7\u00e3o antirr\u00e1bica","description":"A PMM orienta os tutores a imunizarem seus c\u00e3es e gatos em cl\u00ednicas veterin\u00e1rias e unidades como parte da Campanha de Vacina\u00e7\u00e3o Antirr\u00e1bica.","robots":{"index":"index","follow":"follow","max-snippet":"max-snippet:-1","max-image-preview":"max-image-preview:large","max-video-preview":"max-video-preview:-1"},"canonical":"https:\/\/www.manaus.am.gov.br\/semsa\/vacinacao-antirrabica-pontos-fixos\/","og_locale":"pt_BR","og_type":"article","og_title":"Prefeitura disponibiliza 37 pontos fixos para vacina\u00e7\u00e3o antirr\u00e1bica","og_description":"A PMM orienta os tutores a imunizarem seus c\u00e3es e gatos em cl\u00ednicas veterin\u00e1rias e unidades como parte da Campanha de Vacina\u00e7\u00e3o Antirr\u00e1bica.","og_url":"https:\/\/www.manaus.am.gov.br\/semsa\/vacinacao-antirrabica-pontos-fixos\/","og_site_name":"SEMSA","article_published_time":"2025-01-21T17:27:23+00:00","article_modified_time":"2025-01-21T23:50:23+00:00","og_image":[{"width":4160,"height":2774,"url":"https:\/\/www.manaus.am.gov.br\/semsa\/wp-content\/uploads\/sites\/8\/2025\/01\/Janeiro-21_Chamada-Vacinacao-Antirrabica-1.jpeg","type":"image\/jpeg"}],"author":"Thiago Fernando","twitter_card":"summary_large_image","twitter_misc":{"Written by":"Thiago Fernando","Est. reading time":"8 minutos"},"schema":{"@context":"https:\/\/schema.org","@graph":[{"@type":"WebPage","@id":"https:\/\/www.manaus.am.gov.br\/semsa\/vacinacao-antirrabica-pontos-fixos\/","url":"https:\/\/www.manaus.am.gov.br\/semsa\/vacinacao-antirrabica-pontos-fixos\/","name":"Prefeitura disponibiliza 37 pontos fixos para vacina\u00e7\u00e3o antirr\u00e1bica","isPartOf":{"@id":"https:\/\/www.manaus.am.gov.br\/semsa\/#website"},"primaryImageOfPage":{"@id":"https:\/\/www.manaus.am.gov.br\/semsa\/vacinacao-antirrabica-pontos-fixos\/#primaryimage"},"image":{"@id":"https:\/\/www.manaus.am.gov.br\/semsa\/vacinacao-antirrabica-pontos-fixos\/#primaryimage"},"thumbnailUrl":"https:\/\/www.manaus.am.gov.br\/semsa\/wp-content\/uploads\/sites\/8\/2025\/01\/Janeiro-21_Chamada-Vacinacao-Antirrabica-1.jpeg","datePublished":"2025-01-21T17:27:23+00:00","dateModified":"2025-01-21T23:50:23+00:00","author":{"@id":"https:\/\/www.manaus.am.gov.br\/semsa\/#\/schema\/person\/a5ee5376db6e21af026374b369f30882"},"description":"A PMM orienta os tutores a imunizarem seus c\u00e3es e gatos em cl\u00ednicas veterin\u00e1rias e unidades como parte da Campanha de Vacina\u00e7\u00e3o Antirr\u00e1bica.","inLanguage":"pt-BR","potentialAction":[{"@type":"ReadAction","target":["https:\/\/www.manaus.am.gov.br\/semsa\/vacinacao-antirrabica-pontos-fixos\/"]}]},{"@type":"ImageObject","inLanguage":"pt-BR","@id":"https:\/\/www.manaus.am.gov.br\/semsa\/vacinacao-antirrabica-pontos-fixos\/#primaryimage","url":"https:\/\/www.manaus.am.gov.br\/semsa\/wp-content\/uploads\/sites\/8\/2025\/01\/Janeiro-21_Chamada-Vacinacao-Antirrabica-1.jpeg","contentUrl":"https:\/\/www.manaus.am.gov.br\/semsa\/wp-content\/uploads\/sites\/8\/2025\/01\/Janeiro-21_Chamada-Vacinacao-Antirrabica-1.jpeg","width":4160,"height":2774,"caption":"#paratodosverem - Servidor vacinando um cachorro"},{"@type":"WebSite","@id":"https:\/\/www.manaus.am.gov.br\/semsa\/#website","url":"https:\/\/www.manaus.am.gov.br\/semsa\/","name":"SEMSA","description":"Secretaria Municipal de Sa\u00fade","alternateName":"Secretaria Municipal de Sa\u00fade","potentialAction":[{"@type":"SearchAction","target":{"@type":"EntryPoint","urlTemplate":"https:\/\/www.manaus.am.gov.br\/semsa\/?s={search_term_string}"},"query-input":"required name=search_term_string"}],"inLanguage":"pt-BR"},{"@type":"Person","@id":"https:\/\/www.manaus.am.gov.br\/semsa\/#\/schema\/person\/a5ee5376db6e21af026374b369f30882","name":"Thiago Fernando","image":{"@type":"ImageObject","inLanguage":"pt-BR","@id":"https:\/\/www.manaus.am.gov.br\/semsa\/#\/schema\/person\/image\/","url":"https:\/\/secure.gravatar.com\/avatar\/f5aab8722444041451501c077052ac07?s=96&d=mm&r=g","contentUrl":"https:\/\/secure.gravatar.com\/avatar\/f5aab8722444041451501c077052ac07?s=96&d=mm&r=g","caption":"Thiago Fernando"}}]}},"_links":{"self":[{"href":"https:\/\/www.manaus.am.gov.br\/semsa\/wp-json\/wp\/v2\/posts\/220293"}],"collection":[{"href":"https:\/\/www.manaus.am.gov.br\/semsa\/wp-json\/wp\/v2\/posts"}],"about":[{"href":"https:\/\/www.manaus.am.gov.br\/semsa\/wp-json\/wp\/v2\/types\/post"}],"author":[{"embeddable":true,"href":"https:\/\/www.manaus.am.gov.br\/semsa\/wp-json\/wp\/v2\/users\/57"}],"replies":[{"embeddable":true,"href":"https:\/\/www.manaus.am.gov.br\/semsa\/wp-json\/wp\/v2\/comments?post=220293"}],"version-history":[{"count":1,"href":"https:\/\/www.manaus.am.gov.br\/semsa\/wp-json\/wp\/v2\/posts\/220293\/revisions"}],"predecessor-version":[{"id":220346,"href":"https:\/\/www.manaus.am.gov.br\/semsa\/wp-json\/wp\/v2\/posts\/220293\/revisions\/220346"}],"wp:featuredmedia":[{"embeddable":true,"href":"https:\/\/www.manaus.am.gov.br\/semsa\/wp-json\/wp\/v2\/media\/220294"}],"wp:attachment":[{"href":"https:\/\/www.manaus.am.gov.br\/semsa\/wp-json\/wp\/v2\/media?parent=220293"}],"wp:term":[{"taxonomy":"category","embeddable":true,"href":"https:\/\/www.manaus.am.gov.br\/semsa\/wp-json\/wp\/v2\/categories?post=220293"},{"taxonomy":"post_tag","embeddable":true,"href":"https:\/\/www.manaus.am.gov.br\/semsa\/wp-json\/wp\/v2\/tags?post=220293"}],"curies":[{"name":"wp","href":"https:\/\/api.w.org\/{rel}","templated":true}]}}