{"id":219264,"date":"2024-12-27T09:40:02","date_gmt":"2024-12-27T13:40:02","guid":{"rendered":"https:\/\/www.manaus.am.gov.br\/semsa\/?p=219264"},"modified":"2024-12-27T09:40:03","modified_gmt":"2024-12-27T13:40:03","slug":"prefeito-david-almeida-e-equipe-tecnica-da-saude-discutem-estrategias-para-combate-ao-aedes-aegypti-em-manaus","status":"publish","type":"post","link":"https:\/\/www.manaus.am.gov.br\/semsa\/prefeito-david-almeida-e-equipe-tecnica-da-saude-discutem-estrategias-para-combate-ao-aedes-aegypti-em-manaus\/","title":{"rendered":"Prefeito David Almeida e equipe t\u00e9cnica da sa\u00fade discutem estrat\u00e9gias para combate ao Aedes aegypti em Manaus"},"content":{"rendered":"\n<p>O prefeito de Manaus, David Almeida, recebeu, nesta quinta-feira, 26\/12, uma comitiva da Secretaria Municipal de Sa\u00fade (Semsa), para apresentar o resultado do 2\u00ba Levantamento do \u00cdndice R\u00e1pido do Aedes aegypti (LIRAa) de 2024 e discutir a\u00e7\u00f5es emergenciais no enfrentamento \u00e0s arboviroses transmitidas pelo mosquito, como dengue, zika e chikungunya.<\/p>\n\n\n\n<p>O chefe do Executivo municipal, David Almeida, chama a aten\u00e7\u00e3o da popula\u00e7\u00e3o para somar esfor\u00e7os na a\u00e7\u00e3o integrada de conscientiza\u00e7\u00e3o e combate a prolifera\u00e7\u00e3o do Aedes aegypti. \u201cEstamos reunidos com v\u00e1rias secretarias integradas numa a\u00e7\u00e3o da prefeitura para trabalhar a conscientiza\u00e7\u00e3o da popula\u00e7\u00e3o em rela\u00e7\u00e3o \u00e0 dengue. As chuvas chegaram e n\u00f3s temos essa preocupa\u00e7\u00e3o, queremos contar com a sua contribui\u00e7\u00e3o e colabora\u00e7\u00e3o\u201d, disse.<\/p>\n\n\n\n<p>A secret\u00e1ria municipal de Sa\u00fade, Shadia Fraxe, destacou a gravidade da situa\u00e7\u00e3o, especialmente com a chegada do per\u00edodo chuvoso. \u201cFazemos um alerta para a epidemia de dengue em nossa cidade. \u00c9 muito importante que a popula\u00e7\u00e3o esteja consciente sobre os cuidados b\u00e1sicos, como verificar caixas d\u2019\u00e1gua, vasos de plantas e o descarte correto de pneus e lixos, enquanto o poder p\u00fablico intensifica as fiscaliza\u00e7\u00f5es e a\u00e7\u00f5es preventivas\u201d, refor\u00e7ou.<\/p>\n\n\n\n<p>Os dados apresentados no LIRAa apontam que, dos 63 bairros de Manaus, 11 est\u00e3o classificados como de alta vulnerabilidade, 32 em m\u00e9dia vulnerabilidade e 20 em baixa vulnerabilidade. Os maiores focos de prolifera\u00e7\u00e3o incluem dep\u00f3sitos m\u00f3veis, fixos e naturais, como recipientes com \u00e1gua parada e materiais descartados inadequadamente.<\/p>\n\n\n\n<figure class=\"wp-block-image\"><img decoding=\"async\" src=\"https:\/\/www.manaus.am.gov.br\/wp-content\/uploads\/2024\/12\/resultado-do-2o-Levantamento-de-Indice-Rapido-para-Aedes-aegypti-LIRAa-de-2024-2-1.jpg\" alt=\"\" class=\"wp-image-254231\" \/><\/figure>\n\n\n\n<p>A diretora de Vigil\u00e2ncia Epidemiol\u00f3gica, Ambiental, Zoonoses e de Sa\u00fade do Trabalhador (Dvae), Marin\u00e9lia Ferreira, refor\u00e7ou a import\u00e2ncia do engajamento da popula\u00e7\u00e3o. \u201cO mosquito est\u00e1 adaptado \u00e0 \u00e1rea urbana e convive conosco, dentro de nossas casas. Uma medida simples, como o checklist de 10 minutos, feito semanalmente, pode evitar focos e proteger as fam\u00edlias. Essa a\u00e7\u00e3o \u00e9 essencial n\u00e3o apenas nas resid\u00eancias, mas tamb\u00e9m em condom\u00ednios, onde brigadas podem ser formadas para vistoriar \u00e1reas comuns e prevenir a prolifera\u00e7\u00e3o.\u201d<\/p>\n\n\n\n<p>Durante a reuni\u00e3o, foram discutidas medidas como campanhas educativas, intensifica\u00e7\u00e3o das visitas domiciliares pelos agentes de sa\u00fade e a import\u00e2ncia da colabora\u00e7\u00e3o entre governo e comunidade para reduzir os \u00edndices de infesta\u00e7\u00e3o e evitar \u00f3bitos. O prefeito David Almeida refor\u00e7ou o compromisso da gest\u00e3o em promover um ambiente mais seguro para a popula\u00e7\u00e3o, afirmando que a\u00e7\u00f5es conjuntas s\u00e3o a chave para vencer essa luta.<\/p>\n\n\n\n<p>A Prefeitura de Manaus pede \u00e0 popula\u00e7\u00e3o que colabore, adotando medidas preventivas em suas resid\u00eancias e alertando as autoridades sobre poss\u00edveis focos do mosquito. O combate ao Aedes aegypti depende de todos n\u00f3s.<\/p>\n\n\n\n<p><\/p>\n\n\n\n<p><strong>Texto \u2013<\/strong>\u00a0Emanuelle Baires \/ Semcom<br><strong>Fotos \u2013\u00a0\u00a0<\/strong>Dhyeizo Lemos \/ Semcom<br><strong>Dispon\u00edveis em<\/strong>\u00a0\u2013\u00a0<a href=\"https:\/\/flic.kr\/s\/aHBqjBWaP4\">https:\/\/flic.kr\/s\/aHBqjBWaP4<\/a>\u00a0<\/p>\n\n\n\n\n","protected":false},"excerpt":{"rendered":"","protected":false},"author":65,"featured_media":219265,"comment_status":"closed","ping_status":"closed","sticky":false,"template":"","format":"standard","meta":{"footnotes":""},"categories":[56],"tags":[],"acf":[],"yoast_head":"<!-- This site is optimized with the Yoast SEO plugin v23.0 - https:\/\/yoast.com\/wordpress\/plugins\/seo\/ -->\n<title>Prefeito David Almeida e equipe t\u00e9cnica da sa\u00fade discutem estrat\u00e9gias para combate ao Aedes aegypti em Manaus - SEMSA<\/title>\n<meta name=\"robots\" content=\"index, follow, max-snippet:-1, max-image-preview:large, max-video-preview:-1\" \/>\n<link rel=\"canonical\" href=\"https:\/\/www.manaus.am.gov.br\/semsa\/prefeito-david-almeida-e-equipe-tecnica-da-saude-discutem-estrategias-para-combate-ao-aedes-aegypti-em-manaus\/\" \/>\n<meta property=\"og:locale\" content=\"pt_BR\" \/>\n<meta property=\"og:type\" content=\"article\" \/>\n<meta property=\"og:title\" content=\"Prefeito David Almeida e equipe t\u00e9cnica da sa\u00fade discutem estrat\u00e9gias para combate ao Aedes aegypti em Manaus - SEMSA\" \/>\n<meta property=\"og:url\" content=\"https:\/\/www.manaus.am.gov.br\/semsa\/prefeito-david-almeida-e-equipe-tecnica-da-saude-discutem-estrategias-para-combate-ao-aedes-aegypti-em-manaus\/\" \/>\n<meta property=\"og:site_name\" content=\"SEMSA\" \/>\n<meta property=\"article:published_time\" content=\"2024-12-27T13:40:02+00:00\" \/>\n<meta property=\"article:modified_time\" content=\"2024-12-27T13:40:03+00:00\" \/>\n<meta property=\"og:image\" content=\"https:\/\/www.manaus.am.gov.br\/semsa\/wp-content\/uploads\/sites\/8\/2024\/12\/resultado-do-2o-Levantamento-de-Indice-Rapido-para-Aedes-aegypti-LIRAa-de-2024-3.jpg\" \/>\n\t<meta property=\"og:image:width\" content=\"800\" \/>\n\t<meta property=\"og:image:height\" content=\"533\" \/>\n\t<meta property=\"og:image:type\" content=\"image\/jpeg\" \/>\n<meta name=\"author\" content=\"Luana Abecassis\" \/>\n<meta name=\"twitter:card\" content=\"summary_large_image\" \/>\n<meta name=\"twitter:label1\" content=\"Written by\" \/>\n\t<meta name=\"twitter:data1\" content=\"Luana Abecassis\" \/>\n\t<meta name=\"twitter:label2\" content=\"Est. reading time\" \/>\n\t<meta name=\"twitter:data2\" content=\"4 minutos\" \/>\n<script type=\"application\/ld+json\" class=\"yoast-schema-graph\">{\"@context\":\"https:\/\/schema.org\",\"@graph\":[{\"@type\":\"WebPage\",\"@id\":\"https:\/\/www.manaus.am.gov.br\/semsa\/prefeito-david-almeida-e-equipe-tecnica-da-saude-discutem-estrategias-para-combate-ao-aedes-aegypti-em-manaus\/\",\"url\":\"https:\/\/www.manaus.am.gov.br\/semsa\/prefeito-david-almeida-e-equipe-tecnica-da-saude-discutem-estrategias-para-combate-ao-aedes-aegypti-em-manaus\/\",\"name\":\"Prefeito David Almeida e equipe t\u00e9cnica da sa\u00fade discutem estrat\u00e9gias para combate ao Aedes aegypti em Manaus - SEMSA\",\"isPartOf\":{\"@id\":\"https:\/\/www.manaus.am.gov.br\/semsa\/#website\"},\"primaryImageOfPage\":{\"@id\":\"https:\/\/www.manaus.am.gov.br\/semsa\/prefeito-david-almeida-e-equipe-tecnica-da-saude-discutem-estrategias-para-combate-ao-aedes-aegypti-em-manaus\/#primaryimage\"},\"image\":{\"@id\":\"https:\/\/www.manaus.am.gov.br\/semsa\/prefeito-david-almeida-e-equipe-tecnica-da-saude-discutem-estrategias-para-combate-ao-aedes-aegypti-em-manaus\/#primaryimage\"},\"thumbnailUrl\":\"https:\/\/www.manaus.am.gov.br\/semsa\/wp-content\/uploads\/sites\/8\/2024\/12\/resultado-do-2o-Levantamento-de-Indice-Rapido-para-Aedes-aegypti-LIRAa-de-2024-3.jpg\",\"datePublished\":\"2024-12-27T13:40:02+00:00\",\"dateModified\":\"2024-12-27T13:40:03+00:00\",\"author\":{\"@id\":\"https:\/\/www.manaus.am.gov.br\/semsa\/#\/schema\/person\/c6a949869c569fa922046ae33645bd1b\"},\"inLanguage\":\"pt-BR\",\"potentialAction\":[{\"@type\":\"ReadAction\",\"target\":[\"https:\/\/www.manaus.am.gov.br\/semsa\/prefeito-david-almeida-e-equipe-tecnica-da-saude-discutem-estrategias-para-combate-ao-aedes-aegypti-em-manaus\/\"]}]},{\"@type\":\"ImageObject\",\"inLanguage\":\"pt-BR\",\"@id\":\"https:\/\/www.manaus.am.gov.br\/semsa\/prefeito-david-almeida-e-equipe-tecnica-da-saude-discutem-estrategias-para-combate-ao-aedes-aegypti-em-manaus\/#primaryimage\",\"url\":\"https:\/\/www.manaus.am.gov.br\/semsa\/wp-content\/uploads\/sites\/8\/2024\/12\/resultado-do-2o-Levantamento-de-Indice-Rapido-para-Aedes-aegypti-LIRAa-de-2024-3.jpg\",\"contentUrl\":\"https:\/\/www.manaus.am.gov.br\/semsa\/wp-content\/uploads\/sites\/8\/2024\/12\/resultado-do-2o-Levantamento-de-Indice-Rapido-para-Aedes-aegypti-LIRAa-de-2024-3.jpg\",\"width\":800,\"height\":533},{\"@type\":\"WebSite\",\"@id\":\"https:\/\/www.manaus.am.gov.br\/semsa\/#website\",\"url\":\"https:\/\/www.manaus.am.gov.br\/semsa\/\",\"name\":\"SEMSA\",\"description\":\"Secretaria Municipal de Sa\u00fade\",\"alternateName\":\"Secretaria Municipal de Sa\u00fade\",\"potentialAction\":[{\"@type\":\"SearchAction\",\"target\":{\"@type\":\"EntryPoint\",\"urlTemplate\":\"https:\/\/www.manaus.am.gov.br\/semsa\/?s={search_term_string}\"},\"query-input\":\"required name=search_term_string\"}],\"inLanguage\":\"pt-BR\"},{\"@type\":\"Person\",\"@id\":\"https:\/\/www.manaus.am.gov.br\/semsa\/#\/schema\/person\/c6a949869c569fa922046ae33645bd1b\",\"name\":\"Luana Abecassis\",\"image\":{\"@type\":\"ImageObject\",\"inLanguage\":\"pt-BR\",\"@id\":\"https:\/\/www.manaus.am.gov.br\/semsa\/#\/schema\/person\/image\/\",\"url\":\"https:\/\/secure.gravatar.com\/avatar\/49f5bfb42a36a0ec57a2a2b4adad3180?s=96&d=mm&r=g\",\"contentUrl\":\"https:\/\/secure.gravatar.com\/avatar\/49f5bfb42a36a0ec57a2a2b4adad3180?s=96&d=mm&r=g\",\"caption\":\"Luana Abecassis\"}}]}<\/script>\n<!-- \/ Yoast SEO plugin. -->","yoast_head_json":{"title":"Prefeito David Almeida e equipe t\u00e9cnica da sa\u00fade discutem estrat\u00e9gias para combate ao Aedes aegypti em Manaus - SEMSA","robots":{"index":"index","follow":"follow","max-snippet":"max-snippet:-1","max-image-preview":"max-image-preview:large","max-video-preview":"max-video-preview:-1"},"canonical":"https:\/\/www.manaus.am.gov.br\/semsa\/prefeito-david-almeida-e-equipe-tecnica-da-saude-discutem-estrategias-para-combate-ao-aedes-aegypti-em-manaus\/","og_locale":"pt_BR","og_type":"article","og_title":"Prefeito David Almeida e equipe t\u00e9cnica da sa\u00fade discutem estrat\u00e9gias para combate ao Aedes aegypti em Manaus - SEMSA","og_url":"https:\/\/www.manaus.am.gov.br\/semsa\/prefeito-david-almeida-e-equipe-tecnica-da-saude-discutem-estrategias-para-combate-ao-aedes-aegypti-em-manaus\/","og_site_name":"SEMSA","article_published_time":"2024-12-27T13:40:02+00:00","article_modified_time":"2024-12-27T13:40:03+00:00","og_image":[{"width":800,"height":533,"url":"https:\/\/www.manaus.am.gov.br\/semsa\/wp-content\/uploads\/sites\/8\/2024\/12\/resultado-do-2o-Levantamento-de-Indice-Rapido-para-Aedes-aegypti-LIRAa-de-2024-3.jpg","type":"image\/jpeg"}],"author":"Luana Abecassis","twitter_card":"summary_large_image","twitter_misc":{"Written by":"Luana Abecassis","Est. reading time":"4 minutos"},"schema":{"@context":"https:\/\/schema.org","@graph":[{"@type":"WebPage","@id":"https:\/\/www.manaus.am.gov.br\/semsa\/prefeito-david-almeida-e-equipe-tecnica-da-saude-discutem-estrategias-para-combate-ao-aedes-aegypti-em-manaus\/","url":"https:\/\/www.manaus.am.gov.br\/semsa\/prefeito-david-almeida-e-equipe-tecnica-da-saude-discutem-estrategias-para-combate-ao-aedes-aegypti-em-manaus\/","name":"Prefeito David Almeida e equipe t\u00e9cnica da sa\u00fade discutem estrat\u00e9gias para combate ao Aedes aegypti em Manaus - SEMSA","isPartOf":{"@id":"https:\/\/www.manaus.am.gov.br\/semsa\/#website"},"primaryImageOfPage":{"@id":"https:\/\/www.manaus.am.gov.br\/semsa\/prefeito-david-almeida-e-equipe-tecnica-da-saude-discutem-estrategias-para-combate-ao-aedes-aegypti-em-manaus\/#primaryimage"},"image":{"@id":"https:\/\/www.manaus.am.gov.br\/semsa\/prefeito-david-almeida-e-equipe-tecnica-da-saude-discutem-estrategias-para-combate-ao-aedes-aegypti-em-manaus\/#primaryimage"},"thumbnailUrl":"https:\/\/www.manaus.am.gov.br\/semsa\/wp-content\/uploads\/sites\/8\/2024\/12\/resultado-do-2o-Levantamento-de-Indice-Rapido-para-Aedes-aegypti-LIRAa-de-2024-3.jpg","datePublished":"2024-12-27T13:40:02+00:00","dateModified":"2024-12-27T13:40:03+00:00","author":{"@id":"https:\/\/www.manaus.am.gov.br\/semsa\/#\/schema\/person\/c6a949869c569fa922046ae33645bd1b"},"inLanguage":"pt-BR","potentialAction":[{"@type":"ReadAction","target":["https:\/\/www.manaus.am.gov.br\/semsa\/prefeito-david-almeida-e-equipe-tecnica-da-saude-discutem-estrategias-para-combate-ao-aedes-aegypti-em-manaus\/"]}]},{"@type":"ImageObject","inLanguage":"pt-BR","@id":"https:\/\/www.manaus.am.gov.br\/semsa\/prefeito-david-almeida-e-equipe-tecnica-da-saude-discutem-estrategias-para-combate-ao-aedes-aegypti-em-manaus\/#primaryimage","url":"https:\/\/www.manaus.am.gov.br\/semsa\/wp-content\/uploads\/sites\/8\/2024\/12\/resultado-do-2o-Levantamento-de-Indice-Rapido-para-Aedes-aegypti-LIRAa-de-2024-3.jpg","contentUrl":"https:\/\/www.manaus.am.gov.br\/semsa\/wp-content\/uploads\/sites\/8\/2024\/12\/resultado-do-2o-Levantamento-de-Indice-Rapido-para-Aedes-aegypti-LIRAa-de-2024-3.jpg","width":800,"height":533},{"@type":"WebSite","@id":"https:\/\/www.manaus.am.gov.br\/semsa\/#website","url":"https:\/\/www.manaus.am.gov.br\/semsa\/","name":"SEMSA","description":"Secretaria Municipal de Sa\u00fade","alternateName":"Secretaria Municipal de Sa\u00fade","potentialAction":[{"@type":"SearchAction","target":{"@type":"EntryPoint","urlTemplate":"https:\/\/www.manaus.am.gov.br\/semsa\/?s={search_term_string}"},"query-input":"required name=search_term_string"}],"inLanguage":"pt-BR"},{"@type":"Person","@id":"https:\/\/www.manaus.am.gov.br\/semsa\/#\/schema\/person\/c6a949869c569fa922046ae33645bd1b","name":"Luana Abecassis","image":{"@type":"ImageObject","inLanguage":"pt-BR","@id":"https:\/\/www.manaus.am.gov.br\/semsa\/#\/schema\/person\/image\/","url":"https:\/\/secure.gravatar.com\/avatar\/49f5bfb42a36a0ec57a2a2b4adad3180?s=96&d=mm&r=g","contentUrl":"https:\/\/secure.gravatar.com\/avatar\/49f5bfb42a36a0ec57a2a2b4adad3180?s=96&d=mm&r=g","caption":"Luana Abecassis"}}]}},"_links":{"self":[{"href":"https:\/\/www.manaus.am.gov.br\/semsa\/wp-json\/wp\/v2\/posts\/219264"}],"collection":[{"href":"https:\/\/www.manaus.am.gov.br\/semsa\/wp-json\/wp\/v2\/posts"}],"about":[{"href":"https:\/\/www.manaus.am.gov.br\/semsa\/wp-json\/wp\/v2\/types\/post"}],"author":[{"embeddable":true,"href":"https:\/\/www.manaus.am.gov.br\/semsa\/wp-json\/wp\/v2\/users\/65"}],"replies":[{"embeddable":true,"href":"https:\/\/www.manaus.am.gov.br\/semsa\/wp-json\/wp\/v2\/comments?post=219264"}],"version-history":[{"count":1,"href":"https:\/\/www.manaus.am.gov.br\/semsa\/wp-json\/wp\/v2\/posts\/219264\/revisions"}],"predecessor-version":[{"id":219266,"href":"https:\/\/www.manaus.am.gov.br\/semsa\/wp-json\/wp\/v2\/posts\/219264\/revisions\/219266"}],"wp:featuredmedia":[{"embeddable":true,"href":"https:\/\/www.manaus.am.gov.br\/semsa\/wp-json\/wp\/v2\/media\/219265"}],"wp:attachment":[{"href":"https:\/\/www.manaus.am.gov.br\/semsa\/wp-json\/wp\/v2\/media?parent=219264"}],"wp:term":[{"taxonomy":"category","embeddable":true,"href":"https:\/\/www.manaus.am.gov.br\/semsa\/wp-json\/wp\/v2\/categories?post=219264"},{"taxonomy":"post_tag","embeddable":true,"href":"https:\/\/www.manaus.am.gov.br\/semsa\/wp-json\/wp\/v2\/tags?post=219264"}],"curies":[{"name":"wp","href":"https:\/\/api.w.org\/{rel}","templated":true}]}}