{"id":219025,"date":"2024-12-12T17:45:26","date_gmt":"2024-12-12T21:45:26","guid":{"rendered":"https:\/\/www.manaus.am.gov.br\/semsa\/vacinacao-antirrabica-manaus-2\/"},"modified":"2024-12-13T09:56:51","modified_gmt":"2024-12-13T13:56:51","slug":"vacinacao-antirrabica-manaus-2","status":"publish","type":"post","link":"https:\/\/www.manaus.am.gov.br\/semsa\/vacinacao-antirrabica-manaus-2\/","title":{"rendered":"Prefeitura de Manaus retoma oferta de vacina antirr\u00e1bica em 10 supermercados na capital"},"content":{"rendered":"\n<p>Em continuidade ao esfor\u00e7o para ampliar o acesso \u00e0 vacina antirr\u00e1bica, a Prefeitura de Manaus retoma, nesta sexta-feira e s\u00e1bado, 13 e 14\/12, a oferta do imunizante em 10 pontos fixos da rede de supermercados Nova Era na capital. A partir das 8h, equipes de vacinadores estar\u00e3o aguardando os tutores para vacinar c\u00e3es e gatos para proteg\u00ea-los do v\u00edrus da raiva. As esta\u00e7\u00f5es de vacina\u00e7\u00e3o encerram os trabalhos \u00e0s 12h.<\/p>\n\n\n\n<p>O gerente do Centro de Controle de Zoonoses (CCZ), vinculado \u00e0 Secretaria Municipal de Sa\u00fade (Semsa), Rodrigo Ara\u00fajo, explica que a retomada da oferta do imunobiol\u00f3gico nos supermercados foi um pedido da popula\u00e7\u00e3o, que aprovou as primeiras a\u00e7\u00f5es.&nbsp;<\/p>\n\n\n\n<p>\u201cFicamos muito felizes porque houve uma mobiliza\u00e7\u00e3o muito grande. Os tutores ficaram sabendo pelas redes sociais da Semsa e atuaram como agentes multiplicadores de informa\u00e7\u00e3o, comunicando parentes e amigos sobre os pontos de imuniza\u00e7\u00e3o nos supermercados Nova Era\u201d, disse.&nbsp;<\/p>\n\n\n\n<p>Para ser vacinado, o animal precisa estar em boas condi\u00e7\u00f5es de sa\u00fade e ter acima de tr\u00eas meses de idade.<\/p>\n\n\n\n<p><strong>Plaquinhas do orgulho<\/strong><\/p>\n\n\n\n<p>Para incentivar a vacina antirr\u00e1bica em caninos e felinos, a Semsa produziu plaquinhas do \u201corgulho\u201d a partir de memes divertidos que refor\u00e7am a import\u00e2ncia da vacina. A inten\u00e7\u00e3o \u00e9 que os tutores registrem o momento e estimulem a ades\u00e3o \u00e0 campanha antirr\u00e1bica.<\/p>\n\n\n\n<p>A prote\u00e7\u00e3o vacinal contra a raiva \u00e9 anual, obrigat\u00f3ria e \u00e9 a forma de preven\u00e7\u00e3o mais efetiva frente a uma doen\u00e7a infecciosa que n\u00e3o tem cura. Ao imunizar os animais, a prefeitura consegue reduzir as possibilidades de estes transmitirem a infec\u00e7\u00e3o para os humanos.<\/p>\n\n\n\n<p>A instala\u00e7\u00e3o de esta\u00e7\u00f5es nos supermercados \u00e9 uma iniciativa complementar da campanha, que engloba a atua\u00e7\u00e3o de vacinadores que realizam a vacina\u00e7\u00e3o nos domic\u00edlios, \u00e0 oferta do imunizante no Centro de Controle de Zoonoses (CCZ), na Compensa, e no Centro de Conviv\u00eancia Prefeito Jos\u00e9 Fernandes, no bairro S\u00e3o Jos\u00e9, na zona Leste de Manaus.<\/p>\n\n\n\n<p>Na sede do CCZ, a oferta do imunizante acontece de segunda-feira a sexta-feira, das 8h \u00e0s 16h e aos s\u00e1bados das 8h \u00e0s 12h. J\u00e1 no Centro de Conviv\u00eancia Prefeito Jos\u00e9 Fernandes, os tutores podem vacinar seus animais de segunda-feira a s\u00e1bado, das 8h \u00e0s 12h.<\/p>\n\n\n\n<p>\u2014 \u2014 \u2014<br><strong>Texto &#8211; <\/strong>T\u00e2nia Brand\u00e3o\/Semsa<br><strong>Fotos &#8211; <\/strong>&nbsp;Divulga\u00e7\u00e3o\/Semsa&nbsp;<\/p>\n","protected":false},"excerpt":{"rendered":"","protected":false},"author":68,"featured_media":219026,"comment_status":"closed","ping_status":"closed","sticky":false,"template":"","format":"standard","meta":{"footnotes":""},"categories":[743],"tags":[1817,2692,54,28,2739],"acf":[],"yoast_head":"<!-- This site is optimized with the Yoast SEO plugin v23.0 - https:\/\/yoast.com\/wordpress\/plugins\/seo\/ -->\n<title>Prefeitura retoma oferta de vacina antirr\u00e1bica em 10 supermercados na capital<\/title>\n<meta name=\"description\" content=\"Em continuidade ao esfor\u00e7o para ampliar o acesso \u00e0 vacina antirr\u00e1bica, a Prefeitura de Manaus retoma, nesta sexta-feira e s\u00e1bado, 13 e 14\/12, a oferta do imunizante em 10 pontos fixos da rede de supermercados Nova Era na capital.\" \/>\n<meta name=\"robots\" content=\"index, follow, max-snippet:-1, max-image-preview:large, max-video-preview:-1\" \/>\n<link rel=\"canonical\" href=\"https:\/\/www.manaus.am.gov.br\/semsa\/vacinacao-antirrabica-manaus-2\/\" \/>\n<meta property=\"og:locale\" content=\"pt_BR\" \/>\n<meta property=\"og:type\" content=\"article\" \/>\n<meta property=\"og:title\" content=\"Prefeitura retoma oferta de vacina antirr\u00e1bica em 10 supermercados na capital\" \/>\n<meta property=\"og:description\" content=\"Em continuidade ao esfor\u00e7o para ampliar o acesso \u00e0 vacina antirr\u00e1bica, a Prefeitura de Manaus retoma, nesta sexta-feira e s\u00e1bado, 13 e 14\/12, a oferta do imunizante em 10 pontos fixos da rede de supermercados Nova Era na capital.\" \/>\n<meta property=\"og:url\" content=\"https:\/\/www.manaus.am.gov.br\/semsa\/vacinacao-antirrabica-manaus-2\/\" \/>\n<meta property=\"og:site_name\" content=\"SEMSA\" \/>\n<meta property=\"article:published_time\" content=\"2024-12-12T21:45:26+00:00\" \/>\n<meta property=\"article:modified_time\" content=\"2024-12-13T13:56:51+00:00\" \/>\n<meta property=\"og:image\" content=\"https:\/\/www.manaus.am.gov.br\/semsa\/wp-content\/uploads\/sites\/8\/2024\/12\/Dezembro-12_Vacinacao-CCZ-supermercados-1.jpg\" \/>\n\t<meta property=\"og:image:width\" content=\"800\" \/>\n\t<meta property=\"og:image:height\" content=\"533\" \/>\n\t<meta property=\"og:image:type\" content=\"image\/jpeg\" \/>\n<meta name=\"author\" content=\"bvalente\" \/>\n<meta name=\"twitter:card\" content=\"summary_large_image\" \/>\n<meta name=\"twitter:label1\" content=\"Written by\" \/>\n\t<meta name=\"twitter:data1\" content=\"bvalente\" \/>\n\t<meta name=\"twitter:label2\" content=\"Est. reading time\" \/>\n\t<meta name=\"twitter:data2\" content=\"3 minutos\" \/>\n<script type=\"application\/ld+json\" class=\"yoast-schema-graph\">{\"@context\":\"https:\/\/schema.org\",\"@graph\":[{\"@type\":\"WebPage\",\"@id\":\"https:\/\/www.manaus.am.gov.br\/semsa\/vacinacao-antirrabica-manaus-2\/\",\"url\":\"https:\/\/www.manaus.am.gov.br\/semsa\/vacinacao-antirrabica-manaus-2\/\",\"name\":\"Prefeitura retoma oferta de vacina antirr\u00e1bica em 10 supermercados na capital\",\"isPartOf\":{\"@id\":\"https:\/\/www.manaus.am.gov.br\/semsa\/#website\"},\"primaryImageOfPage\":{\"@id\":\"https:\/\/www.manaus.am.gov.br\/semsa\/vacinacao-antirrabica-manaus-2\/#primaryimage\"},\"image\":{\"@id\":\"https:\/\/www.manaus.am.gov.br\/semsa\/vacinacao-antirrabica-manaus-2\/#primaryimage\"},\"thumbnailUrl\":\"https:\/\/www.manaus.am.gov.br\/semsa\/wp-content\/uploads\/sites\/8\/2024\/12\/Dezembro-12_Vacinacao-CCZ-supermercados-1.jpg\",\"datePublished\":\"2024-12-12T21:45:26+00:00\",\"dateModified\":\"2024-12-13T13:56:51+00:00\",\"author\":{\"@id\":\"https:\/\/www.manaus.am.gov.br\/semsa\/#\/schema\/person\/466a0e03ae4b6062809046bd560ac955\"},\"description\":\"Em continuidade ao esfor\u00e7o para ampliar o acesso \u00e0 vacina antirr\u00e1bica, a Prefeitura de Manaus retoma, nesta sexta-feira e s\u00e1bado, 13 e 14\/12, a oferta do imunizante em 10 pontos fixos da rede de supermercados Nova Era na capital.\",\"inLanguage\":\"pt-BR\",\"potentialAction\":[{\"@type\":\"ReadAction\",\"target\":[\"https:\/\/www.manaus.am.gov.br\/semsa\/vacinacao-antirrabica-manaus-2\/\"]}]},{\"@type\":\"ImageObject\",\"inLanguage\":\"pt-BR\",\"@id\":\"https:\/\/www.manaus.am.gov.br\/semsa\/vacinacao-antirrabica-manaus-2\/#primaryimage\",\"url\":\"https:\/\/www.manaus.am.gov.br\/semsa\/wp-content\/uploads\/sites\/8\/2024\/12\/Dezembro-12_Vacinacao-CCZ-supermercados-1.jpg\",\"contentUrl\":\"https:\/\/www.manaus.am.gov.br\/semsa\/wp-content\/uploads\/sites\/8\/2024\/12\/Dezembro-12_Vacinacao-CCZ-supermercados-1.jpg\",\"width\":800,\"height\":533},{\"@type\":\"WebSite\",\"@id\":\"https:\/\/www.manaus.am.gov.br\/semsa\/#website\",\"url\":\"https:\/\/www.manaus.am.gov.br\/semsa\/\",\"name\":\"SEMSA\",\"description\":\"Secretaria Municipal de Sa\u00fade\",\"alternateName\":\"Secretaria Municipal de Sa\u00fade\",\"potentialAction\":[{\"@type\":\"SearchAction\",\"target\":{\"@type\":\"EntryPoint\",\"urlTemplate\":\"https:\/\/www.manaus.am.gov.br\/semsa\/?s={search_term_string}\"},\"query-input\":\"required name=search_term_string\"}],\"inLanguage\":\"pt-BR\"},{\"@type\":\"Person\",\"@id\":\"https:\/\/www.manaus.am.gov.br\/semsa\/#\/schema\/person\/466a0e03ae4b6062809046bd560ac955\",\"name\":\"bvalente\",\"image\":{\"@type\":\"ImageObject\",\"inLanguage\":\"pt-BR\",\"@id\":\"https:\/\/www.manaus.am.gov.br\/semsa\/#\/schema\/person\/image\/\",\"url\":\"https:\/\/secure.gravatar.com\/avatar\/3e69bc2b014bdad41adfec3a39de07d2?s=96&d=mm&r=g\",\"contentUrl\":\"https:\/\/secure.gravatar.com\/avatar\/3e69bc2b014bdad41adfec3a39de07d2?s=96&d=mm&r=g\",\"caption\":\"bvalente\"}}]}<\/script>\n<!-- \/ Yoast SEO plugin. -->","yoast_head_json":{"title":"Prefeitura retoma oferta de vacina antirr\u00e1bica em 10 supermercados na capital","description":"Em continuidade ao esfor\u00e7o para ampliar o acesso \u00e0 vacina antirr\u00e1bica, a Prefeitura de Manaus retoma, nesta sexta-feira e s\u00e1bado, 13 e 14\/12, a oferta do imunizante em 10 pontos fixos da rede de supermercados Nova Era na capital.","robots":{"index":"index","follow":"follow","max-snippet":"max-snippet:-1","max-image-preview":"max-image-preview:large","max-video-preview":"max-video-preview:-1"},"canonical":"https:\/\/www.manaus.am.gov.br\/semsa\/vacinacao-antirrabica-manaus-2\/","og_locale":"pt_BR","og_type":"article","og_title":"Prefeitura retoma oferta de vacina antirr\u00e1bica em 10 supermercados na capital","og_description":"Em continuidade ao esfor\u00e7o para ampliar o acesso \u00e0 vacina antirr\u00e1bica, a Prefeitura de Manaus retoma, nesta sexta-feira e s\u00e1bado, 13 e 14\/12, a oferta do imunizante em 10 pontos fixos da rede de supermercados Nova Era na capital.","og_url":"https:\/\/www.manaus.am.gov.br\/semsa\/vacinacao-antirrabica-manaus-2\/","og_site_name":"SEMSA","article_published_time":"2024-12-12T21:45:26+00:00","article_modified_time":"2024-12-13T13:56:51+00:00","og_image":[{"width":800,"height":533,"url":"https:\/\/www.manaus.am.gov.br\/semsa\/wp-content\/uploads\/sites\/8\/2024\/12\/Dezembro-12_Vacinacao-CCZ-supermercados-1.jpg","type":"image\/jpeg"}],"author":"bvalente","twitter_card":"summary_large_image","twitter_misc":{"Written by":"bvalente","Est. reading time":"3 minutos"},"schema":{"@context":"https:\/\/schema.org","@graph":[{"@type":"WebPage","@id":"https:\/\/www.manaus.am.gov.br\/semsa\/vacinacao-antirrabica-manaus-2\/","url":"https:\/\/www.manaus.am.gov.br\/semsa\/vacinacao-antirrabica-manaus-2\/","name":"Prefeitura retoma oferta de vacina antirr\u00e1bica em 10 supermercados na capital","isPartOf":{"@id":"https:\/\/www.manaus.am.gov.br\/semsa\/#website"},"primaryImageOfPage":{"@id":"https:\/\/www.manaus.am.gov.br\/semsa\/vacinacao-antirrabica-manaus-2\/#primaryimage"},"image":{"@id":"https:\/\/www.manaus.am.gov.br\/semsa\/vacinacao-antirrabica-manaus-2\/#primaryimage"},"thumbnailUrl":"https:\/\/www.manaus.am.gov.br\/semsa\/wp-content\/uploads\/sites\/8\/2024\/12\/Dezembro-12_Vacinacao-CCZ-supermercados-1.jpg","datePublished":"2024-12-12T21:45:26+00:00","dateModified":"2024-12-13T13:56:51+00:00","author":{"@id":"https:\/\/www.manaus.am.gov.br\/semsa\/#\/schema\/person\/466a0e03ae4b6062809046bd560ac955"},"description":"Em continuidade ao esfor\u00e7o para ampliar o acesso \u00e0 vacina antirr\u00e1bica, a Prefeitura de Manaus retoma, nesta sexta-feira e s\u00e1bado, 13 e 14\/12, a oferta do imunizante em 10 pontos fixos da rede de supermercados Nova Era na capital.","inLanguage":"pt-BR","potentialAction":[{"@type":"ReadAction","target":["https:\/\/www.manaus.am.gov.br\/semsa\/vacinacao-antirrabica-manaus-2\/"]}]},{"@type":"ImageObject","inLanguage":"pt-BR","@id":"https:\/\/www.manaus.am.gov.br\/semsa\/vacinacao-antirrabica-manaus-2\/#primaryimage","url":"https:\/\/www.manaus.am.gov.br\/semsa\/wp-content\/uploads\/sites\/8\/2024\/12\/Dezembro-12_Vacinacao-CCZ-supermercados-1.jpg","contentUrl":"https:\/\/www.manaus.am.gov.br\/semsa\/wp-content\/uploads\/sites\/8\/2024\/12\/Dezembro-12_Vacinacao-CCZ-supermercados-1.jpg","width":800,"height":533},{"@type":"WebSite","@id":"https:\/\/www.manaus.am.gov.br\/semsa\/#website","url":"https:\/\/www.manaus.am.gov.br\/semsa\/","name":"SEMSA","description":"Secretaria Municipal de Sa\u00fade","alternateName":"Secretaria Municipal de Sa\u00fade","potentialAction":[{"@type":"SearchAction","target":{"@type":"EntryPoint","urlTemplate":"https:\/\/www.manaus.am.gov.br\/semsa\/?s={search_term_string}"},"query-input":"required name=search_term_string"}],"inLanguage":"pt-BR"},{"@type":"Person","@id":"https:\/\/www.manaus.am.gov.br\/semsa\/#\/schema\/person\/466a0e03ae4b6062809046bd560ac955","name":"bvalente","image":{"@type":"ImageObject","inLanguage":"pt-BR","@id":"https:\/\/www.manaus.am.gov.br\/semsa\/#\/schema\/person\/image\/","url":"https:\/\/secure.gravatar.com\/avatar\/3e69bc2b014bdad41adfec3a39de07d2?s=96&d=mm&r=g","contentUrl":"https:\/\/secure.gravatar.com\/avatar\/3e69bc2b014bdad41adfec3a39de07d2?s=96&d=mm&r=g","caption":"bvalente"}}]}},"_links":{"self":[{"href":"https:\/\/www.manaus.am.gov.br\/semsa\/wp-json\/wp\/v2\/posts\/219025"}],"collection":[{"href":"https:\/\/www.manaus.am.gov.br\/semsa\/wp-json\/wp\/v2\/posts"}],"about":[{"href":"https:\/\/www.manaus.am.gov.br\/semsa\/wp-json\/wp\/v2\/types\/post"}],"author":[{"embeddable":true,"href":"https:\/\/www.manaus.am.gov.br\/semsa\/wp-json\/wp\/v2\/users\/68"}],"replies":[{"embeddable":true,"href":"https:\/\/www.manaus.am.gov.br\/semsa\/wp-json\/wp\/v2\/comments?post=219025"}],"version-history":[{"count":1,"href":"https:\/\/www.manaus.am.gov.br\/semsa\/wp-json\/wp\/v2\/posts\/219025\/revisions"}],"predecessor-version":[{"id":219032,"href":"https:\/\/www.manaus.am.gov.br\/semsa\/wp-json\/wp\/v2\/posts\/219025\/revisions\/219032"}],"wp:featuredmedia":[{"embeddable":true,"href":"https:\/\/www.manaus.am.gov.br\/semsa\/wp-json\/wp\/v2\/media\/219026"}],"wp:attachment":[{"href":"https:\/\/www.manaus.am.gov.br\/semsa\/wp-json\/wp\/v2\/media?parent=219025"}],"wp:term":[{"taxonomy":"category","embeddable":true,"href":"https:\/\/www.manaus.am.gov.br\/semsa\/wp-json\/wp\/v2\/categories?post=219025"},{"taxonomy":"post_tag","embeddable":true,"href":"https:\/\/www.manaus.am.gov.br\/semsa\/wp-json\/wp\/v2\/tags?post=219025"}],"curies":[{"name":"wp","href":"https:\/\/api.w.org\/{rel}","templated":true}]}}