{"id":219018,"date":"2024-12-12T15:46:26","date_gmt":"2024-12-12T19:46:26","guid":{"rendered":"https:\/\/www.manaus.am.gov.br\/semsa\/mobilizacao-bairros-aedes\/"},"modified":"2024-12-13T10:09:13","modified_gmt":"2024-12-13T14:09:13","slug":"mobilizacao-bairros-aedes","status":"publish","type":"post","link":"https:\/\/www.manaus.am.gov.br\/semsa\/mobilizacao-bairros-aedes\/","title":{"rendered":"Prefeitura de Manaus promove mobiliza\u00e7\u00e3o e divulga bairros mais vulner\u00e1veis ao Aedes aegypti"},"content":{"rendered":"\n<p>A Prefeitura de Manaus promoveu, na manh\u00e3 desta quinta-feira, 12\/12, na Igreja Santa Teresinha, bairro Alvorada 2, zona Oeste, uma mobiliza\u00e7\u00e3o contra as arboviroses. A programa\u00e7\u00e3o foi organizada pela Secretaria Municipal de Sa\u00fade (Semsa) e marcou a Semana de Combate ao Aedes aegypti, institu\u00edda por lei estadual para ser comemorada na primeira semana de dezembro de cada ano.<\/p>\n\n\n\n<p>O chefe do N\u00facleo de Controle de Agravos Transmitidos pelo Aedes (Nucata\/Semsa), Edvaldo Raimundo Rocha, explicou que o evento \u00e9 mais uma estrat\u00e9gia para sensibilizar a popula\u00e7\u00e3o na execu\u00e7\u00e3o de a\u00e7\u00f5es de preven\u00e7\u00e3o e no fortalecimento do trabalho de controle do mosquito transmissor da dengue, zika e chikungunya.<\/p>\n\n\n\n<p>\u201cEsse \u00e9 mais um movimento que a Semsa fez para refor\u00e7ar o alerta junto \u00e0 popula\u00e7\u00e3o, j\u00e1 que o per\u00edodo de chuvas em Manaus come\u00e7ou, o que aumenta o risco de prolifera\u00e7\u00e3o do Aedes aegypti. Foram realizadas a\u00e7\u00f5es de educa\u00e7\u00e3o em sa\u00fade com distribui\u00e7\u00e3o de folderes e cartazes informativos\u201d, informa Edvaldo Rocha.<\/p>\n\n\n<div class=\"wp-block-image\">\n<figure class=\"aligncenter size-full\"><img loading=\"lazy\" decoding=\"async\" width=\"799\" height=\"533\" src=\"https:\/\/www.manaus.am.gov.br\/semsa\/wp-content\/uploads\/sites\/8\/2024\/12\/Semsa-Mobilizacao-Aedes-4.jpg\" alt=\"\" class=\"wp-image-219021\" srcset=\"https:\/\/www.manaus.am.gov.br\/semsa\/wp-content\/uploads\/sites\/8\/2024\/12\/Semsa-Mobilizacao-Aedes-4.jpg 799w, https:\/\/www.manaus.am.gov.br\/semsa\/wp-content\/uploads\/sites\/8\/2024\/12\/Semsa-Mobilizacao-Aedes-4-300x200.jpg 300w, https:\/\/www.manaus.am.gov.br\/semsa\/wp-content\/uploads\/sites\/8\/2024\/12\/Semsa-Mobilizacao-Aedes-4-768x512.jpg 768w\" sizes=\"(max-width: 799px) 100vw, 799px\" \/><\/figure><\/div>\n\n\n<p>As equipes da Semsa tamb\u00e9m organizaram a exposi\u00e7\u00e3o do ciclo biol\u00f3gico do Aedes aegypti, maquetes com poss\u00edveis cen\u00e1rios mostrando criadouros predominantes do Aedes no munic\u00edpio de Manaus e um stand com exposi\u00e7\u00e3o de equipamentos utilizados no combate ao mosquito.<\/p>\n\n\n\n<p>Dados da Semsa mostram que o munic\u00edpio de Manaus registrou neste ano o total de 10.339 casos notificados de dengue (casos suspeitos), e 2.606 casos confirmados da doen\u00e7a. Tamb\u00e9m houve o registro de 41 notifica\u00e7\u00f5es de zika e 27 casos confirmados. Em rela\u00e7\u00e3o \u00e0 chikungunya, foram 303 casos notificados e 20 casos confirmados da doen\u00e7a.<\/p>\n\n\n\n<p>De acordo com Edvaldo Rocha, o per\u00edodo de novembro a maio \u00e9 considerado epid\u00eamico para as doen\u00e7as transmitidas pelo Aedes aegypti, devido ao calor e \u00e0s chuvas, que criam condi\u00e7\u00f5es ideais para a prolifera\u00e7\u00e3o do mosquito.<\/p>\n\n\n\n<p>\u201c\u00c9 importante que os servi\u00e7os de sa\u00fade fiquem mais alertas para identificar casos suspeitos. A popula\u00e7\u00e3o tamb\u00e9m deve refor\u00e7ar os cuidados com a pr\u00f3pria casa e terreno. A orienta\u00e7\u00e3o \u00e9 a aplica\u00e7\u00e3o do Check List 10 Minutos Contra Aedes, em que a popula\u00e7\u00e3o pode usar 10 minutos por semana para eliminar poss\u00edveis criadouros do mosquito. O ciclo reprodutivo do Aedes aegypti, do ovo ao mosquito adulto, leva de 7 a 10 dias. Ent\u00e3o, a limpeza semanal dos criadouros \u00e9 capaz de evitar a prolifera\u00e7\u00e3o do vetor\u201d, explicou Rocha.<\/p>\n\n\n<div class=\"wp-block-image\">\n<figure class=\"aligncenter size-full\"><img loading=\"lazy\" decoding=\"async\" width=\"799\" height=\"533\" src=\"https:\/\/www.manaus.am.gov.br\/semsa\/wp-content\/uploads\/sites\/8\/2024\/12\/Semsa-Mobilizacao-Aedes-2.jpg\" alt=\"\" class=\"wp-image-219020\" srcset=\"https:\/\/www.manaus.am.gov.br\/semsa\/wp-content\/uploads\/sites\/8\/2024\/12\/Semsa-Mobilizacao-Aedes-2.jpg 799w, https:\/\/www.manaus.am.gov.br\/semsa\/wp-content\/uploads\/sites\/8\/2024\/12\/Semsa-Mobilizacao-Aedes-2-300x200.jpg 300w, https:\/\/www.manaus.am.gov.br\/semsa\/wp-content\/uploads\/sites\/8\/2024\/12\/Semsa-Mobilizacao-Aedes-2-768x512.jpg 768w\" sizes=\"(max-width: 799px) 100vw, 799px\" \/><\/figure><\/div>\n\n\n<p>Para a comerciante Maria L\u00facia Almeida de Souza, moradora do bairro Alvorada, a a\u00e7\u00e3o educativa \u00e9 importante para alertar os moradores do bairro sobre os cuidados que devem ser mantidos diariamente.<\/p>\n\n\n\n<p>\u201cProcuro manter todos os cuidados diariamente, n\u00e3o deixo \u00e1gua parada, cuido das plantas, fa\u00e7o a vistoria na caixa d\u2019\u00e1gua e mando lavar todos os meses. O problema \u00e9 que nem todo mundo tem esses h\u00e1bitos. Mas \u00e9 importante que os outros colaborem, que coloquem o lixo no lugar certo e no hor\u00e1rio da coleta para n\u00e3o deixar espalhar na rua\u201d, orientou a comerciante.<\/p>\n\n\n\n<p><strong>LIRAa<\/strong><\/p>\n\n\n\n<p>Na programa\u00e7\u00e3o no bairro Alvorada, a Semsa divulgou o resultado do 2\u00ba Levantamento do \u00cdndice R\u00e1pido do Aedes aegypti (LIRAa) do ano de 2024, que foi realizado entre 11 e 23 de novembro, com o apoio de 261 profissionais na vistoria em 26.698 im\u00f3veis selecionados por amostragem nos 63 bairros de Manaus.<\/p>\n\n\n\n<p>Durante as visitas, os agentes de sa\u00fade tinham como meta obter informa\u00e7\u00f5es sobre o \u00edndice atual de infesta\u00e7\u00e3o do mosquito, identificar e coletar as formas imaturas (larvas), bem como eliminar ou tratar os potenciais criadouros, al\u00e9m de orientar a popula\u00e7\u00e3o sobre os sintomas das doen\u00e7as.<\/p>\n\n\n<div class=\"wp-block-image\">\n<figure class=\"aligncenter size-full\"><img loading=\"lazy\" decoding=\"async\" width=\"799\" height=\"533\" src=\"https:\/\/www.manaus.am.gov.br\/semsa\/wp-content\/uploads\/sites\/8\/2024\/12\/Semsa-Mobilizacao-Aedes-1.jpg\" alt=\"\" class=\"wp-image-219022\" srcset=\"https:\/\/www.manaus.am.gov.br\/semsa\/wp-content\/uploads\/sites\/8\/2024\/12\/Semsa-Mobilizacao-Aedes-1.jpg 799w, https:\/\/www.manaus.am.gov.br\/semsa\/wp-content\/uploads\/sites\/8\/2024\/12\/Semsa-Mobilizacao-Aedes-1-300x200.jpg 300w, https:\/\/www.manaus.am.gov.br\/semsa\/wp-content\/uploads\/sites\/8\/2024\/12\/Semsa-Mobilizacao-Aedes-1-768x512.jpg 768w\" sizes=\"(max-width: 799px) 100vw, 799px\" \/><\/figure><\/div>\n\n\n<p>O resultado do LIRAa apontou que Manaus apresenta um \u00edndice de Infesta\u00e7\u00e3o Predial de 1,8%, o que representa m\u00e9dio risco para as doen\u00e7as transmitidas pelo Aedes (m\u00e9dio risco compreende valores entre 1,0 e 3,9). Desde 2012, Manaus vem mantendo o \u00edndice de infesta\u00e7\u00e3o na categoria de m\u00e9dio risco.<\/p>\n\n\n\n<p>O levantamento tamb\u00e9m identificou que os tipos de dep\u00f3sitos que mais contribuem para a prolifera\u00e7\u00e3o do mosquito Aedes aegypti s\u00e3o os dep\u00f3sitos m\u00f3veis, como vasos, frascos com \u00e1gua, pratos, pingadeiras e bebedouros, que representaram 35,3% dos dep\u00f3sitos encontrados nas vistorias.<\/p>\n\n\n\n<p>Em seguida, os dep\u00f3sitos de armazenamento de \u00e1gua para consumo em n\u00edvel de solo, como tambores, ton\u00e9is ou cambur\u00f5es, barris e tinas, representaram 27,5% do total. J\u00e1 os dep\u00f3sitos tipo lixo, recipientes, garrafas, latas e ferro velho, apresentaram resultado de 23,8%.<\/p>\n\n\n\n<p><strong>Mapa de Vulnerabilidade<\/strong><\/p>\n\n\n\n<p>A partir do resultado do LIRAa (indicadores de \u00edndice de infesta\u00e7\u00e3o e dep\u00f3sitos predominantes), agregando informa\u00e7\u00f5es sobre a ocorr\u00eancia de casos notificados das doen\u00e7as transmitidas pelo Aedes aegypti, a Semsa elaborou um Mapa de Vulnerabilidade que permite identificar as zonas e bairros com maior risco para as doen\u00e7as.<\/p>\n\n\n\n<p>Na an\u00e1lise de dados, foram identificados 11 bairros priorit\u00e1rios e classificados em Alta Vulnerabilidade, 32 bairros classificados em M\u00e9dia Vulnerabilidade e 20 bairros em Baixa Vulnerabilidade.<\/p>\n\n\n\n<p>O resultado do diagn\u00f3stico aponta que o Distrito de Sa\u00fade (Disa) Oeste \u00e9 a \u00e1rea com maior n\u00famero de localidades de alta vulnerabilidade (sete bairros). O Disa Leste apresenta quatro bairros em alta vulnerabilidade. Os Disas Norte e Sul apresentaram apenas bairros em m\u00e9dia e baixa vulnerabilidade.<\/p>\n\n\n\n<p>O chefe da Divis\u00e3o de Controle de Doen\u00e7as Transmitidas por Vetores da Semsa, Alciles Comape, explicou que a partir do resultado do LIRAa e com as informa\u00e7\u00f5es do Mapa de Vulnerabilidade foi poss\u00edvel planejar uma s\u00e9rie de a\u00e7\u00f5es priorizando as \u00e1reas de maior risco para evitar que Manaus registre surtos ou epidemias.<\/p>\n\n\n<div class=\"wp-block-image\">\n<figure class=\"aligncenter size-full\"><img loading=\"lazy\" decoding=\"async\" width=\"799\" height=\"533\" src=\"https:\/\/www.manaus.am.gov.br\/semsa\/wp-content\/uploads\/sites\/8\/2024\/12\/Semsa-Mobilizacao-Aedes-5.jpg\" alt=\"\" class=\"wp-image-219023\" srcset=\"https:\/\/www.manaus.am.gov.br\/semsa\/wp-content\/uploads\/sites\/8\/2024\/12\/Semsa-Mobilizacao-Aedes-5.jpg 799w, https:\/\/www.manaus.am.gov.br\/semsa\/wp-content\/uploads\/sites\/8\/2024\/12\/Semsa-Mobilizacao-Aedes-5-300x200.jpg 300w, https:\/\/www.manaus.am.gov.br\/semsa\/wp-content\/uploads\/sites\/8\/2024\/12\/Semsa-Mobilizacao-Aedes-5-768x512.jpg 768w\" sizes=\"(max-width: 799px) 100vw, 799px\" \/><\/figure><\/div>\n\n\n<p>\u201cAs equipes j\u00e1 est\u00e3o atuando com visita domiciliar para conscientizar moradores sobre medidas de preven\u00e7\u00e3o, e eliminando ou tratando criadouros com larvicidas. Cada pessoa pode colaborar fazendo uma varredura no domic\u00edlio, eliminando dep\u00f3sitos de \u00e1gua, tampando os dep\u00f3sitos que n\u00e3o podem ser eliminados e dando destina\u00e7\u00e3o adequada ao lixo. S\u00e3o medidas simples, mas que fazem uma diferen\u00e7a muito grande no controle da infesta\u00e7\u00e3o do mosquito e da dissemina\u00e7\u00e3o das doen\u00e7as\u201d, afirmou Alciles.<\/p>\n\n\n\n<p>Os 11 bairros em Alta Vulnerabilidade s\u00e3o: Tarum\u00e3-A\u00e7\u00fa, Tarum\u00e3, Reden\u00e7\u00e3o, Alvorada, S\u00e3o Jorge, Compensa e Santo Ant\u00f4nio (zona Oeste); e Armando Mendes, S\u00e3o Jos\u00e9, Tancredo Neves e Jorge Teixeira (zona Leste).<\/p>\n\n\n\n<p>Os bairros de m\u00e9dia vulnerabilidade s\u00e3o: Distrito Industrial 1, Japiim, Vila Buriti, Parque 10, Bet\u00e2nia, Centro, Flores, Petr\u00f3polis, Aleixo e S\u00e3o L\u00e1zaro (zona Sul); Ponta Negra, Santo Agostinho, L\u00edrio do Vale, Planalto, Bairro da Paz, Dom Pedro, Gl\u00f3ria e S\u00e3o Raimundo (zona Oeste); Cidade de Deus, Novo Aleixo, Cidade Nova, Col\u00f4nia Santo Ant\u00f4nio, Novo Israel, Col\u00f4nia Terra Nova, Monte das Oliveiras, Santa Etelvina e Lago Azul (zona Norte); Col\u00f4nia Ant\u00f4nio Aleixo, Puraquequara, Coroado, Zumbi e Gilberto Mestrinho (zona Leste).<\/p>\n\n\n\n<p>J\u00e1 os bairros de baixa vulnerabilidade s\u00e3o: Morro Liberdade, Nossa Senhora de Aparecida, Pra\u00e7a 14, Chapada, Cachoeirinha, Presidente Vargas, Adrian\u00f3polis, Nossa Senhora das Gra\u00e7as, Educandos, Col\u00f4nia Oliveira Machado, Raiz, S\u00e3o Francisco, Crespo Santa Luzia e S\u00e3o Geraldo (zona Sul); Nova Esperan\u00e7a e Vila da Prata (zona Oeste); Nova Cidade (zona Norte); e Mauazinho e Distrito Industrial 2 (zona Leste).<\/p>\n\n\n\n<p>&#8212; &#8212; &#8212;<\/p>\n\n\n\n<p><a><\/a><strong>Texto &#8211;&nbsp;<\/strong>Euriv\u00e2nia Gal\u00facio \/Semsa<\/p>\n\n\n\n<p><strong>Fotos \u2013 <\/strong>Ant\u00f4nio Pereira \/Semcom&nbsp;<\/p>\n\n\n\n<p><strong>Dispon\u00edveis em<\/strong> &#8211; <a href=\"https:\/\/www.flickr.com\/gp\/prefeiturademanaus\/K6Ds04d2qQ\">https:\/\/www.flickr.com\/gp\/prefeiturademanaus\/K6Ds04d2qQ<\/a><\/p>\n","protected":false},"excerpt":{"rendered":"","protected":false},"author":61,"featured_media":219019,"comment_status":"closed","ping_status":"closed","sticky":false,"template":"","format":"standard","meta":{"footnotes":""},"categories":[3],"tags":[2022,2023,134,563,2151,54,28,136],"acf":[],"yoast_head":"<!-- This site is optimized with the Yoast SEO plugin v23.0 - https:\/\/yoast.com\/wordpress\/plugins\/seo\/ -->\n<title>Prefeitura de Manaus promove mobiliza\u00e7\u00e3o e divulga bairros mais vulner\u00e1veis ao Aedes aegypti<\/title>\n<meta name=\"description\" content=\"A Prefeitura de Manaus promoveu, na manh\u00e3 desta quinta-feira, 12\/12, na Igreja Santa Teresinha, bairro Alvorada 2, zona Oeste, uma mobiliza\u00e7\u00e3o contra as arboviroses.\" \/>\n<meta name=\"robots\" content=\"index, follow, max-snippet:-1, max-image-preview:large, max-video-preview:-1\" \/>\n<link rel=\"canonical\" href=\"https:\/\/www.manaus.am.gov.br\/semsa\/mobilizacao-bairros-aedes\/\" \/>\n<meta property=\"og:locale\" content=\"pt_BR\" \/>\n<meta property=\"og:type\" content=\"article\" \/>\n<meta property=\"og:title\" content=\"Prefeitura de Manaus promove mobiliza\u00e7\u00e3o e divulga bairros mais vulner\u00e1veis ao Aedes aegypti\" \/>\n<meta property=\"og:description\" content=\"A Prefeitura de Manaus promoveu, na manh\u00e3 desta quinta-feira, 12\/12, na Igreja Santa Teresinha, bairro Alvorada 2, zona Oeste, uma mobiliza\u00e7\u00e3o contra as arboviroses.\" \/>\n<meta property=\"og:url\" content=\"https:\/\/www.manaus.am.gov.br\/semsa\/mobilizacao-bairros-aedes\/\" \/>\n<meta property=\"og:site_name\" content=\"SEMSA\" \/>\n<meta property=\"article:published_time\" content=\"2024-12-12T19:46:26+00:00\" \/>\n<meta property=\"article:modified_time\" content=\"2024-12-13T14:09:13+00:00\" \/>\n<meta property=\"og:image\" content=\"https:\/\/www.manaus.am.gov.br\/semsa\/wp-content\/uploads\/sites\/8\/2024\/12\/Semsa-Mobilizacao-Aedes-3.jpg\" \/>\n\t<meta property=\"og:image:width\" content=\"799\" \/>\n\t<meta property=\"og:image:height\" content=\"533\" \/>\n\t<meta property=\"og:image:type\" content=\"image\/jpeg\" \/>\n<meta name=\"author\" content=\"smonteiro\" \/>\n<meta name=\"twitter:card\" content=\"summary_large_image\" \/>\n<meta name=\"twitter:label1\" content=\"Written by\" \/>\n\t<meta name=\"twitter:data1\" content=\"smonteiro\" \/>\n\t<meta name=\"twitter:label2\" content=\"Est. reading time\" \/>\n\t<meta name=\"twitter:data2\" content=\"8 minutos\" \/>\n<script type=\"application\/ld+json\" class=\"yoast-schema-graph\">{\"@context\":\"https:\/\/schema.org\",\"@graph\":[{\"@type\":\"WebPage\",\"@id\":\"https:\/\/www.manaus.am.gov.br\/semsa\/mobilizacao-bairros-aedes\/\",\"url\":\"https:\/\/www.manaus.am.gov.br\/semsa\/mobilizacao-bairros-aedes\/\",\"name\":\"Prefeitura de Manaus promove mobiliza\u00e7\u00e3o e divulga bairros mais vulner\u00e1veis ao Aedes aegypti\",\"isPartOf\":{\"@id\":\"https:\/\/www.manaus.am.gov.br\/semsa\/#website\"},\"primaryImageOfPage\":{\"@id\":\"https:\/\/www.manaus.am.gov.br\/semsa\/mobilizacao-bairros-aedes\/#primaryimage\"},\"image\":{\"@id\":\"https:\/\/www.manaus.am.gov.br\/semsa\/mobilizacao-bairros-aedes\/#primaryimage\"},\"thumbnailUrl\":\"https:\/\/www.manaus.am.gov.br\/semsa\/wp-content\/uploads\/sites\/8\/2024\/12\/Semsa-Mobilizacao-Aedes-3.jpg\",\"datePublished\":\"2024-12-12T19:46:26+00:00\",\"dateModified\":\"2024-12-13T14:09:13+00:00\",\"author\":{\"@id\":\"https:\/\/www.manaus.am.gov.br\/semsa\/#\/schema\/person\/ab4dcf766a54dff74e8d267f5c591961\"},\"description\":\"A Prefeitura de Manaus promoveu, na manh\u00e3 desta quinta-feira, 12\/12, na Igreja Santa Teresinha, bairro Alvorada 2, zona Oeste, uma mobiliza\u00e7\u00e3o contra as arboviroses.\",\"inLanguage\":\"pt-BR\",\"potentialAction\":[{\"@type\":\"ReadAction\",\"target\":[\"https:\/\/www.manaus.am.gov.br\/semsa\/mobilizacao-bairros-aedes\/\"]}]},{\"@type\":\"ImageObject\",\"inLanguage\":\"pt-BR\",\"@id\":\"https:\/\/www.manaus.am.gov.br\/semsa\/mobilizacao-bairros-aedes\/#primaryimage\",\"url\":\"https:\/\/www.manaus.am.gov.br\/semsa\/wp-content\/uploads\/sites\/8\/2024\/12\/Semsa-Mobilizacao-Aedes-3.jpg\",\"contentUrl\":\"https:\/\/www.manaus.am.gov.br\/semsa\/wp-content\/uploads\/sites\/8\/2024\/12\/Semsa-Mobilizacao-Aedes-3.jpg\",\"width\":799,\"height\":533,\"caption\":\"#paratodosverem - agende de endemias entrega folder para motorista\"},{\"@type\":\"WebSite\",\"@id\":\"https:\/\/www.manaus.am.gov.br\/semsa\/#website\",\"url\":\"https:\/\/www.manaus.am.gov.br\/semsa\/\",\"name\":\"SEMSA\",\"description\":\"Secretaria Municipal de Sa\u00fade\",\"alternateName\":\"Secretaria Municipal de Sa\u00fade\",\"potentialAction\":[{\"@type\":\"SearchAction\",\"target\":{\"@type\":\"EntryPoint\",\"urlTemplate\":\"https:\/\/www.manaus.am.gov.br\/semsa\/?s={search_term_string}\"},\"query-input\":\"required name=search_term_string\"}],\"inLanguage\":\"pt-BR\"},{\"@type\":\"Person\",\"@id\":\"https:\/\/www.manaus.am.gov.br\/semsa\/#\/schema\/person\/ab4dcf766a54dff74e8d267f5c591961\",\"name\":\"smonteiro\",\"image\":{\"@type\":\"ImageObject\",\"inLanguage\":\"pt-BR\",\"@id\":\"https:\/\/www.manaus.am.gov.br\/semsa\/#\/schema\/person\/image\/\",\"url\":\"https:\/\/secure.gravatar.com\/avatar\/21c8776ef61d9272c73322052e042d77?s=96&d=mm&r=g\",\"contentUrl\":\"https:\/\/secure.gravatar.com\/avatar\/21c8776ef61d9272c73322052e042d77?s=96&d=mm&r=g\",\"caption\":\"smonteiro\"}}]}<\/script>\n<!-- \/ Yoast SEO plugin. -->","yoast_head_json":{"title":"Prefeitura de Manaus promove mobiliza\u00e7\u00e3o e divulga bairros mais vulner\u00e1veis ao Aedes aegypti","description":"A Prefeitura de Manaus promoveu, na manh\u00e3 desta quinta-feira, 12\/12, na Igreja Santa Teresinha, bairro Alvorada 2, zona Oeste, uma mobiliza\u00e7\u00e3o contra as arboviroses.","robots":{"index":"index","follow":"follow","max-snippet":"max-snippet:-1","max-image-preview":"max-image-preview:large","max-video-preview":"max-video-preview:-1"},"canonical":"https:\/\/www.manaus.am.gov.br\/semsa\/mobilizacao-bairros-aedes\/","og_locale":"pt_BR","og_type":"article","og_title":"Prefeitura de Manaus promove mobiliza\u00e7\u00e3o e divulga bairros mais vulner\u00e1veis ao Aedes aegypti","og_description":"A Prefeitura de Manaus promoveu, na manh\u00e3 desta quinta-feira, 12\/12, na Igreja Santa Teresinha, bairro Alvorada 2, zona Oeste, uma mobiliza\u00e7\u00e3o contra as arboviroses.","og_url":"https:\/\/www.manaus.am.gov.br\/semsa\/mobilizacao-bairros-aedes\/","og_site_name":"SEMSA","article_published_time":"2024-12-12T19:46:26+00:00","article_modified_time":"2024-12-13T14:09:13+00:00","og_image":[{"width":799,"height":533,"url":"https:\/\/www.manaus.am.gov.br\/semsa\/wp-content\/uploads\/sites\/8\/2024\/12\/Semsa-Mobilizacao-Aedes-3.jpg","type":"image\/jpeg"}],"author":"smonteiro","twitter_card":"summary_large_image","twitter_misc":{"Written by":"smonteiro","Est. reading time":"8 minutos"},"schema":{"@context":"https:\/\/schema.org","@graph":[{"@type":"WebPage","@id":"https:\/\/www.manaus.am.gov.br\/semsa\/mobilizacao-bairros-aedes\/","url":"https:\/\/www.manaus.am.gov.br\/semsa\/mobilizacao-bairros-aedes\/","name":"Prefeitura de Manaus promove mobiliza\u00e7\u00e3o e divulga bairros mais vulner\u00e1veis ao Aedes aegypti","isPartOf":{"@id":"https:\/\/www.manaus.am.gov.br\/semsa\/#website"},"primaryImageOfPage":{"@id":"https:\/\/www.manaus.am.gov.br\/semsa\/mobilizacao-bairros-aedes\/#primaryimage"},"image":{"@id":"https:\/\/www.manaus.am.gov.br\/semsa\/mobilizacao-bairros-aedes\/#primaryimage"},"thumbnailUrl":"https:\/\/www.manaus.am.gov.br\/semsa\/wp-content\/uploads\/sites\/8\/2024\/12\/Semsa-Mobilizacao-Aedes-3.jpg","datePublished":"2024-12-12T19:46:26+00:00","dateModified":"2024-12-13T14:09:13+00:00","author":{"@id":"https:\/\/www.manaus.am.gov.br\/semsa\/#\/schema\/person\/ab4dcf766a54dff74e8d267f5c591961"},"description":"A Prefeitura de Manaus promoveu, na manh\u00e3 desta quinta-feira, 12\/12, na Igreja Santa Teresinha, bairro Alvorada 2, zona Oeste, uma mobiliza\u00e7\u00e3o contra as arboviroses.","inLanguage":"pt-BR","potentialAction":[{"@type":"ReadAction","target":["https:\/\/www.manaus.am.gov.br\/semsa\/mobilizacao-bairros-aedes\/"]}]},{"@type":"ImageObject","inLanguage":"pt-BR","@id":"https:\/\/www.manaus.am.gov.br\/semsa\/mobilizacao-bairros-aedes\/#primaryimage","url":"https:\/\/www.manaus.am.gov.br\/semsa\/wp-content\/uploads\/sites\/8\/2024\/12\/Semsa-Mobilizacao-Aedes-3.jpg","contentUrl":"https:\/\/www.manaus.am.gov.br\/semsa\/wp-content\/uploads\/sites\/8\/2024\/12\/Semsa-Mobilizacao-Aedes-3.jpg","width":799,"height":533,"caption":"#paratodosverem - agende de endemias entrega folder para motorista"},{"@type":"WebSite","@id":"https:\/\/www.manaus.am.gov.br\/semsa\/#website","url":"https:\/\/www.manaus.am.gov.br\/semsa\/","name":"SEMSA","description":"Secretaria Municipal de Sa\u00fade","alternateName":"Secretaria Municipal de Sa\u00fade","potentialAction":[{"@type":"SearchAction","target":{"@type":"EntryPoint","urlTemplate":"https:\/\/www.manaus.am.gov.br\/semsa\/?s={search_term_string}"},"query-input":"required name=search_term_string"}],"inLanguage":"pt-BR"},{"@type":"Person","@id":"https:\/\/www.manaus.am.gov.br\/semsa\/#\/schema\/person\/ab4dcf766a54dff74e8d267f5c591961","name":"smonteiro","image":{"@type":"ImageObject","inLanguage":"pt-BR","@id":"https:\/\/www.manaus.am.gov.br\/semsa\/#\/schema\/person\/image\/","url":"https:\/\/secure.gravatar.com\/avatar\/21c8776ef61d9272c73322052e042d77?s=96&d=mm&r=g","contentUrl":"https:\/\/secure.gravatar.com\/avatar\/21c8776ef61d9272c73322052e042d77?s=96&d=mm&r=g","caption":"smonteiro"}}]}},"_links":{"self":[{"href":"https:\/\/www.manaus.am.gov.br\/semsa\/wp-json\/wp\/v2\/posts\/219018"}],"collection":[{"href":"https:\/\/www.manaus.am.gov.br\/semsa\/wp-json\/wp\/v2\/posts"}],"about":[{"href":"https:\/\/www.manaus.am.gov.br\/semsa\/wp-json\/wp\/v2\/types\/post"}],"author":[{"embeddable":true,"href":"https:\/\/www.manaus.am.gov.br\/semsa\/wp-json\/wp\/v2\/users\/61"}],"replies":[{"embeddable":true,"href":"https:\/\/www.manaus.am.gov.br\/semsa\/wp-json\/wp\/v2\/comments?post=219018"}],"version-history":[{"count":1,"href":"https:\/\/www.manaus.am.gov.br\/semsa\/wp-json\/wp\/v2\/posts\/219018\/revisions"}],"predecessor-version":[{"id":219024,"href":"https:\/\/www.manaus.am.gov.br\/semsa\/wp-json\/wp\/v2\/posts\/219018\/revisions\/219024"}],"wp:featuredmedia":[{"embeddable":true,"href":"https:\/\/www.manaus.am.gov.br\/semsa\/wp-json\/wp\/v2\/media\/219019"}],"wp:attachment":[{"href":"https:\/\/www.manaus.am.gov.br\/semsa\/wp-json\/wp\/v2\/media?parent=219018"}],"wp:term":[{"taxonomy":"category","embeddable":true,"href":"https:\/\/www.manaus.am.gov.br\/semsa\/wp-json\/wp\/v2\/categories?post=219018"},{"taxonomy":"post_tag","embeddable":true,"href":"https:\/\/www.manaus.am.gov.br\/semsa\/wp-json\/wp\/v2\/tags?post=219018"}],"curies":[{"name":"wp","href":"https:\/\/api.w.org\/{rel}","templated":true}]}}