{"id":219010,"date":"2024-12-11T19:31:29","date_gmt":"2024-12-11T23:31:29","guid":{"rendered":"https:\/\/www.manaus.am.gov.br\/semsa\/saude-acoes-semsa\/"},"modified":"2024-12-12T08:50:24","modified_gmt":"2024-12-12T12:50:24","slug":"saude-acoes-semsa","status":"publish","type":"post","link":"https:\/\/www.manaus.am.gov.br\/semsa\/saude-acoes-semsa\/","title":{"rendered":"Representantes da OMS conhecem a\u00e7\u00f5es de preven\u00e7\u00e3o e controle da hansen\u00edase da Prefeitura de Manaus"},"content":{"rendered":"\n<p>Os fluxos de atendimento e as a\u00e7\u00f5es de diagn\u00f3stico precoce e tratamento da hansen\u00edase desenvolvidas pela Prefeitura de Manaus, na rede de aten\u00e7\u00e3o prim\u00e1ria \u00e0 sa\u00fade foram apresentadas a representantes da Organiza\u00e7\u00e3o Mundial de Sa\u00fade (OMS), que desde a segunda-feira, 9\/12, est\u00e3o cumprindo uma agenda na capital.<\/p>\n\n\n\n<p>Na ter\u00e7a-feira, 10\/12, a Unidade de Sa\u00fade da Fam\u00edlia (USF) do Lago do Aleixo, na zona Leste, foi visitada pela comitiva formada pelo l\u00edder da equipe do Programa Global de Hansen\u00edase da OMS, Vivek Lal, acompanhado pela assessora Regional da Organiza\u00e7\u00e3o Pan Americana da Sa\u00fade\/OMS, Ana Luciane, e pelo Consultor Nacional em Tuberculose e Hansen\u00edase da Opas\/OMS, Kleydson Andrade.<\/p>\n\n\n\n<p>O coordenador Geral de Vigil\u00e2ncia da Hansen\u00edase e Doen\u00e7as em Elimina\u00e7\u00e3o do Minist\u00e9rio da Sa\u00fade, Ciro Martins, e a coordenadora Geral Substituta de Vigil\u00e2ncia da Hansen\u00edase e Doen\u00e7as em Elimina\u00e7\u00e3o do Minist\u00e9rio da Sa\u00fade, Jurema Brand\u00e3o, tamb\u00e9m integraram o grupo, que conheceu outras iniciativas de enfrentamento articuladas pela Secretaria Municipal de Sa\u00fade (Semsa), em parceria com a Secretaria de Estado de Sa\u00fade (SES-AM), por meio da Funda\u00e7\u00e3o Alfredo da Matta.<\/p>\n\n\n\n<p>Na USF do Lago do Aleixo, os visitantes puderam verificar a rotina de atendimento e acompanhamento dos usu\u00e1rios e as estrat\u00e9gias utilizadas para o diagn\u00f3stico precoce da doen\u00e7a, uma medida fundamental para evitar les\u00f5es que se n\u00e3o tratadas, podem comprometer a qualidade de vida dos pacientes.<\/p>\n\n\n\n<p>A diretora de Vigil\u00e2ncia Epidemiol\u00f3gica, Ambiental, Zoonoses e da Sa\u00fade do Trabalhador da Semsa, Marin\u00e9lia Ferreira, informou que a visita teve o objetivo de, a partir da troca de conhecimentos com as equipes que atuam na ponta do sistema de sa\u00fade, fortalecer as pol\u00edticas de enfrentamento da doen\u00e7a.<\/p>\n\n\n\n<p>\u201cCom essa visita, os representantes da OMS querem criar as bases para um planejamento de a\u00e7\u00f5es de controle da hansen\u00edase a partir do conhecimento da realidade vivenciada pelos profissionais de sa\u00fade. A visita na unidade de sa\u00fade foi uma experi\u00eancia muito boa porque conseguimos estabelecer um di\u00e1logo mais produtivo que pode resultar em a\u00e7\u00f5es mais objetivas para o enfrentamento da doen\u00e7a\u201d, resumiu Marin\u00e9lia Ferreira.<\/p>\n\n\n\n<p>A comitiva tamb\u00e9m visitou as instala\u00e7\u00f5es da Funda\u00e7\u00e3o Alfredo da Matta e recebeu informa\u00e7\u00f5es sobre o cen\u00e1rio da hansen\u00edase no Estado do Amazonas. Ao mesmo tempo, apresentaram programas em n\u00edvel global, regional e nacional que contam com o apoio da OMS e da Organiza\u00e7\u00e3o Panamericana de Medicina (Opas) e que podem fortalecer o controle da doen\u00e7a no Brasil.<\/p>\n\n\n\n<p>\u2014 \u2014 \u2014<br><strong>Texto &#8211;<\/strong> Divulga\u00e7\u00e3o \/ Semsa\u00a0<br><strong>Foto &#8211; <\/strong>Divulga\u00e7\u00e3o \/ Semsa\u00a0<\/p>\n","protected":false},"excerpt":{"rendered":"","protected":false},"author":68,"featured_media":219011,"comment_status":"closed","ping_status":"closed","sticky":false,"template":"","format":"standard","meta":{"footnotes":""},"categories":[23],"tags":[2738,54,28,1349],"acf":[],"yoast_head":"<!-- This site is optimized with the Yoast SEO plugin v23.0 - https:\/\/yoast.com\/wordpress\/plugins\/seo\/ -->\n<title>Representantes da OMS conhecem a\u00e7\u00f5es de preven\u00e7\u00e3o e controle da hansen\u00edase da Prefeitura de Manaus<\/title>\n<meta name=\"description\" content=\"Os fluxos de atendimento e as a\u00e7\u00f5es de diagn\u00f3stico precoce e tratamento da hansen\u00edase desenvolvidas pela Prefeitura de Manaus, na rede de aten\u00e7\u00e3o prim\u00e1ria \u00e0 sa\u00fade foram apresentadas a representantes da Organiza\u00e7\u00e3o Mundial de Sa\u00fade (OMS), que desde a segunda-feira, 9\/12, est\u00e3o cumprindo uma agenda na capital.\" \/>\n<meta name=\"robots\" content=\"index, follow, max-snippet:-1, max-image-preview:large, max-video-preview:-1\" \/>\n<link rel=\"canonical\" href=\"https:\/\/www.manaus.am.gov.br\/semsa\/saude-acoes-semsa\/\" \/>\n<meta property=\"og:locale\" content=\"pt_BR\" \/>\n<meta property=\"og:type\" content=\"article\" \/>\n<meta property=\"og:title\" content=\"Representantes da OMS conhecem a\u00e7\u00f5es de preven\u00e7\u00e3o e controle da hansen\u00edase da Prefeitura de Manaus\" \/>\n<meta property=\"og:description\" content=\"Os fluxos de atendimento e as a\u00e7\u00f5es de diagn\u00f3stico precoce e tratamento da hansen\u00edase desenvolvidas pela Prefeitura de Manaus, na rede de aten\u00e7\u00e3o prim\u00e1ria \u00e0 sa\u00fade foram apresentadas a representantes da Organiza\u00e7\u00e3o Mundial de Sa\u00fade (OMS), que desde a segunda-feira, 9\/12, est\u00e3o cumprindo uma agenda na capital.\" \/>\n<meta property=\"og:url\" content=\"https:\/\/www.manaus.am.gov.br\/semsa\/saude-acoes-semsa\/\" \/>\n<meta property=\"og:site_name\" content=\"SEMSA\" \/>\n<meta property=\"article:published_time\" content=\"2024-12-11T23:31:29+00:00\" \/>\n<meta property=\"article:modified_time\" content=\"2024-12-12T12:50:24+00:00\" \/>\n<meta property=\"og:image\" content=\"https:\/\/www.manaus.am.gov.br\/semsa\/wp-content\/uploads\/sites\/8\/2024\/12\/Dezembro-11_Visita-OMS-Semsa-hanseniase-.jpeg\" \/>\n\t<meta property=\"og:image:width\" content=\"1280\" \/>\n\t<meta property=\"og:image:height\" content=\"999\" \/>\n\t<meta property=\"og:image:type\" content=\"image\/jpeg\" \/>\n<meta name=\"author\" content=\"bvalente\" \/>\n<meta name=\"twitter:card\" content=\"summary_large_image\" \/>\n<meta name=\"twitter:label1\" content=\"Written by\" \/>\n\t<meta name=\"twitter:data1\" content=\"bvalente\" \/>\n\t<meta name=\"twitter:label2\" content=\"Est. reading time\" \/>\n\t<meta name=\"twitter:data2\" content=\"3 minutos\" \/>\n<script type=\"application\/ld+json\" class=\"yoast-schema-graph\">{\"@context\":\"https:\/\/schema.org\",\"@graph\":[{\"@type\":\"WebPage\",\"@id\":\"https:\/\/www.manaus.am.gov.br\/semsa\/saude-acoes-semsa\/\",\"url\":\"https:\/\/www.manaus.am.gov.br\/semsa\/saude-acoes-semsa\/\",\"name\":\"Representantes da OMS conhecem a\u00e7\u00f5es de preven\u00e7\u00e3o e controle da hansen\u00edase da Prefeitura de Manaus\",\"isPartOf\":{\"@id\":\"https:\/\/www.manaus.am.gov.br\/semsa\/#website\"},\"primaryImageOfPage\":{\"@id\":\"https:\/\/www.manaus.am.gov.br\/semsa\/saude-acoes-semsa\/#primaryimage\"},\"image\":{\"@id\":\"https:\/\/www.manaus.am.gov.br\/semsa\/saude-acoes-semsa\/#primaryimage\"},\"thumbnailUrl\":\"https:\/\/www.manaus.am.gov.br\/semsa\/wp-content\/uploads\/sites\/8\/2024\/12\/Dezembro-11_Visita-OMS-Semsa-hanseniase-.jpeg\",\"datePublished\":\"2024-12-11T23:31:29+00:00\",\"dateModified\":\"2024-12-12T12:50:24+00:00\",\"author\":{\"@id\":\"https:\/\/www.manaus.am.gov.br\/semsa\/#\/schema\/person\/466a0e03ae4b6062809046bd560ac955\"},\"description\":\"Os fluxos de atendimento e as a\u00e7\u00f5es de diagn\u00f3stico precoce e tratamento da hansen\u00edase desenvolvidas pela Prefeitura de Manaus, na rede de aten\u00e7\u00e3o prim\u00e1ria \u00e0 sa\u00fade foram apresentadas a representantes da Organiza\u00e7\u00e3o Mundial de Sa\u00fade (OMS), que desde a segunda-feira, 9\/12, est\u00e3o cumprindo uma agenda na capital.\",\"inLanguage\":\"pt-BR\",\"potentialAction\":[{\"@type\":\"ReadAction\",\"target\":[\"https:\/\/www.manaus.am.gov.br\/semsa\/saude-acoes-semsa\/\"]}]},{\"@type\":\"ImageObject\",\"inLanguage\":\"pt-BR\",\"@id\":\"https:\/\/www.manaus.am.gov.br\/semsa\/saude-acoes-semsa\/#primaryimage\",\"url\":\"https:\/\/www.manaus.am.gov.br\/semsa\/wp-content\/uploads\/sites\/8\/2024\/12\/Dezembro-11_Visita-OMS-Semsa-hanseniase-.jpeg\",\"contentUrl\":\"https:\/\/www.manaus.am.gov.br\/semsa\/wp-content\/uploads\/sites\/8\/2024\/12\/Dezembro-11_Visita-OMS-Semsa-hanseniase-.jpeg\",\"width\":1280,\"height\":999},{\"@type\":\"WebSite\",\"@id\":\"https:\/\/www.manaus.am.gov.br\/semsa\/#website\",\"url\":\"https:\/\/www.manaus.am.gov.br\/semsa\/\",\"name\":\"SEMSA\",\"description\":\"Secretaria Municipal de Sa\u00fade\",\"alternateName\":\"Secretaria Municipal de Sa\u00fade\",\"potentialAction\":[{\"@type\":\"SearchAction\",\"target\":{\"@type\":\"EntryPoint\",\"urlTemplate\":\"https:\/\/www.manaus.am.gov.br\/semsa\/?s={search_term_string}\"},\"query-input\":\"required name=search_term_string\"}],\"inLanguage\":\"pt-BR\"},{\"@type\":\"Person\",\"@id\":\"https:\/\/www.manaus.am.gov.br\/semsa\/#\/schema\/person\/466a0e03ae4b6062809046bd560ac955\",\"name\":\"bvalente\",\"image\":{\"@type\":\"ImageObject\",\"inLanguage\":\"pt-BR\",\"@id\":\"https:\/\/www.manaus.am.gov.br\/semsa\/#\/schema\/person\/image\/\",\"url\":\"https:\/\/secure.gravatar.com\/avatar\/3e69bc2b014bdad41adfec3a39de07d2?s=96&d=mm&r=g\",\"contentUrl\":\"https:\/\/secure.gravatar.com\/avatar\/3e69bc2b014bdad41adfec3a39de07d2?s=96&d=mm&r=g\",\"caption\":\"bvalente\"}}]}<\/script>\n<!-- \/ Yoast SEO plugin. -->","yoast_head_json":{"title":"Representantes da OMS conhecem a\u00e7\u00f5es de preven\u00e7\u00e3o e controle da hansen\u00edase da Prefeitura de Manaus","description":"Os fluxos de atendimento e as a\u00e7\u00f5es de diagn\u00f3stico precoce e tratamento da hansen\u00edase desenvolvidas pela Prefeitura de Manaus, na rede de aten\u00e7\u00e3o prim\u00e1ria \u00e0 sa\u00fade foram apresentadas a representantes da Organiza\u00e7\u00e3o Mundial de Sa\u00fade (OMS), que desde a segunda-feira, 9\/12, est\u00e3o cumprindo uma agenda na capital.","robots":{"index":"index","follow":"follow","max-snippet":"max-snippet:-1","max-image-preview":"max-image-preview:large","max-video-preview":"max-video-preview:-1"},"canonical":"https:\/\/www.manaus.am.gov.br\/semsa\/saude-acoes-semsa\/","og_locale":"pt_BR","og_type":"article","og_title":"Representantes da OMS conhecem a\u00e7\u00f5es de preven\u00e7\u00e3o e controle da hansen\u00edase da Prefeitura de Manaus","og_description":"Os fluxos de atendimento e as a\u00e7\u00f5es de diagn\u00f3stico precoce e tratamento da hansen\u00edase desenvolvidas pela Prefeitura de Manaus, na rede de aten\u00e7\u00e3o prim\u00e1ria \u00e0 sa\u00fade foram apresentadas a representantes da Organiza\u00e7\u00e3o Mundial de Sa\u00fade (OMS), que desde a segunda-feira, 9\/12, est\u00e3o cumprindo uma agenda na capital.","og_url":"https:\/\/www.manaus.am.gov.br\/semsa\/saude-acoes-semsa\/","og_site_name":"SEMSA","article_published_time":"2024-12-11T23:31:29+00:00","article_modified_time":"2024-12-12T12:50:24+00:00","og_image":[{"width":1280,"height":999,"url":"https:\/\/www.manaus.am.gov.br\/semsa\/wp-content\/uploads\/sites\/8\/2024\/12\/Dezembro-11_Visita-OMS-Semsa-hanseniase-.jpeg","type":"image\/jpeg"}],"author":"bvalente","twitter_card":"summary_large_image","twitter_misc":{"Written by":"bvalente","Est. reading time":"3 minutos"},"schema":{"@context":"https:\/\/schema.org","@graph":[{"@type":"WebPage","@id":"https:\/\/www.manaus.am.gov.br\/semsa\/saude-acoes-semsa\/","url":"https:\/\/www.manaus.am.gov.br\/semsa\/saude-acoes-semsa\/","name":"Representantes da OMS conhecem a\u00e7\u00f5es de preven\u00e7\u00e3o e controle da hansen\u00edase da Prefeitura de Manaus","isPartOf":{"@id":"https:\/\/www.manaus.am.gov.br\/semsa\/#website"},"primaryImageOfPage":{"@id":"https:\/\/www.manaus.am.gov.br\/semsa\/saude-acoes-semsa\/#primaryimage"},"image":{"@id":"https:\/\/www.manaus.am.gov.br\/semsa\/saude-acoes-semsa\/#primaryimage"},"thumbnailUrl":"https:\/\/www.manaus.am.gov.br\/semsa\/wp-content\/uploads\/sites\/8\/2024\/12\/Dezembro-11_Visita-OMS-Semsa-hanseniase-.jpeg","datePublished":"2024-12-11T23:31:29+00:00","dateModified":"2024-12-12T12:50:24+00:00","author":{"@id":"https:\/\/www.manaus.am.gov.br\/semsa\/#\/schema\/person\/466a0e03ae4b6062809046bd560ac955"},"description":"Os fluxos de atendimento e as a\u00e7\u00f5es de diagn\u00f3stico precoce e tratamento da hansen\u00edase desenvolvidas pela Prefeitura de Manaus, na rede de aten\u00e7\u00e3o prim\u00e1ria \u00e0 sa\u00fade foram apresentadas a representantes da Organiza\u00e7\u00e3o Mundial de Sa\u00fade (OMS), que desde a segunda-feira, 9\/12, est\u00e3o cumprindo uma agenda na capital.","inLanguage":"pt-BR","potentialAction":[{"@type":"ReadAction","target":["https:\/\/www.manaus.am.gov.br\/semsa\/saude-acoes-semsa\/"]}]},{"@type":"ImageObject","inLanguage":"pt-BR","@id":"https:\/\/www.manaus.am.gov.br\/semsa\/saude-acoes-semsa\/#primaryimage","url":"https:\/\/www.manaus.am.gov.br\/semsa\/wp-content\/uploads\/sites\/8\/2024\/12\/Dezembro-11_Visita-OMS-Semsa-hanseniase-.jpeg","contentUrl":"https:\/\/www.manaus.am.gov.br\/semsa\/wp-content\/uploads\/sites\/8\/2024\/12\/Dezembro-11_Visita-OMS-Semsa-hanseniase-.jpeg","width":1280,"height":999},{"@type":"WebSite","@id":"https:\/\/www.manaus.am.gov.br\/semsa\/#website","url":"https:\/\/www.manaus.am.gov.br\/semsa\/","name":"SEMSA","description":"Secretaria Municipal de Sa\u00fade","alternateName":"Secretaria Municipal de Sa\u00fade","potentialAction":[{"@type":"SearchAction","target":{"@type":"EntryPoint","urlTemplate":"https:\/\/www.manaus.am.gov.br\/semsa\/?s={search_term_string}"},"query-input":"required name=search_term_string"}],"inLanguage":"pt-BR"},{"@type":"Person","@id":"https:\/\/www.manaus.am.gov.br\/semsa\/#\/schema\/person\/466a0e03ae4b6062809046bd560ac955","name":"bvalente","image":{"@type":"ImageObject","inLanguage":"pt-BR","@id":"https:\/\/www.manaus.am.gov.br\/semsa\/#\/schema\/person\/image\/","url":"https:\/\/secure.gravatar.com\/avatar\/3e69bc2b014bdad41adfec3a39de07d2?s=96&d=mm&r=g","contentUrl":"https:\/\/secure.gravatar.com\/avatar\/3e69bc2b014bdad41adfec3a39de07d2?s=96&d=mm&r=g","caption":"bvalente"}}]}},"_links":{"self":[{"href":"https:\/\/www.manaus.am.gov.br\/semsa\/wp-json\/wp\/v2\/posts\/219010"}],"collection":[{"href":"https:\/\/www.manaus.am.gov.br\/semsa\/wp-json\/wp\/v2\/posts"}],"about":[{"href":"https:\/\/www.manaus.am.gov.br\/semsa\/wp-json\/wp\/v2\/types\/post"}],"author":[{"embeddable":true,"href":"https:\/\/www.manaus.am.gov.br\/semsa\/wp-json\/wp\/v2\/users\/68"}],"replies":[{"embeddable":true,"href":"https:\/\/www.manaus.am.gov.br\/semsa\/wp-json\/wp\/v2\/comments?post=219010"}],"version-history":[{"count":1,"href":"https:\/\/www.manaus.am.gov.br\/semsa\/wp-json\/wp\/v2\/posts\/219010\/revisions"}],"predecessor-version":[{"id":219014,"href":"https:\/\/www.manaus.am.gov.br\/semsa\/wp-json\/wp\/v2\/posts\/219010\/revisions\/219014"}],"wp:featuredmedia":[{"embeddable":true,"href":"https:\/\/www.manaus.am.gov.br\/semsa\/wp-json\/wp\/v2\/media\/219011"}],"wp:attachment":[{"href":"https:\/\/www.manaus.am.gov.br\/semsa\/wp-json\/wp\/v2\/media?parent=219010"}],"wp:term":[{"taxonomy":"category","embeddable":true,"href":"https:\/\/www.manaus.am.gov.br\/semsa\/wp-json\/wp\/v2\/categories?post=219010"},{"taxonomy":"post_tag","embeddable":true,"href":"https:\/\/www.manaus.am.gov.br\/semsa\/wp-json\/wp\/v2\/tags?post=219010"}],"curies":[{"name":"wp","href":"https:\/\/api.w.org\/{rel}","templated":true}]}}