{"id":218997,"date":"2024-12-10T17:50:45","date_gmt":"2024-12-10T21:50:45","guid":{"rendered":"https:\/\/www.manaus.am.gov.br\/semsa\/praticas-semsa-saude\/"},"modified":"2024-12-10T17:50:46","modified_gmt":"2024-12-10T21:50:46","slug":"praticas-semsa-saude","status":"publish","type":"post","link":"https:\/\/www.manaus.am.gov.br\/semsa\/praticas-semsa-saude\/","title":{"rendered":"Profissionais de sa\u00fade da prefeitura participam de curso de medita\u00e7\u00e3o como abordagem terap\u00eautica"},"content":{"rendered":"\n<p>Visando refor\u00e7ar a oferta das Pr\u00e1ticas Integrativas e Complementares em Sa\u00fade (Pics) nos atendimentos aos usu\u00e1rios do Sistema \u00danico de Sa\u00fade (SUS), a Prefeitura de Manaus est\u00e1 promovendo um curso de medita\u00e7\u00e3o para profissionais da rede municipal de assist\u00eancia. A atividade \u00e9 coordenada pela Secretaria Municipal de Sa\u00fade (Semsa) e conta com a participa\u00e7\u00e3o de 40 servidores da Aten\u00e7\u00e3o Prim\u00e1ria (APS) e da Aten\u00e7\u00e3o Especializada \u00e0 Sa\u00fade (AES) do munic\u00edpio.<\/p>\n\n\n\n<p>Conduzido pelo N\u00facleo de Preven\u00e7\u00e3o de Riscos \u00e0 Sa\u00fade por Causas Externas e Fatores de Risco da Semsa, o curso promove, nesta semana, atividades pr\u00e1ticas de medita\u00e7\u00e3o, no parque municipal do Mindu, na zona Centro-Sul da capital. As atividades acontecem em duas turmas, com 20 participantes cada, nesta ter\u00e7a-feira, 10\/12, e na quinta-feira, 12\/12, em hor\u00e1rio integral.<\/p>\n\n\n\n<p>Conforme a chefe do N\u00facleo de Preven\u00e7\u00e3o de Riscos \u00e0 Sa\u00fade, Carla Azevedo, a capacita\u00e7\u00e3o das equipes da Semsa em medita\u00e7\u00e3o visa ampliar a oferta da pr\u00e1tica integrativa em atendimentos nas unidades b\u00e1sicas e centros de aten\u00e7\u00e3o psicossocial (Caps) do munic\u00edpio. Ela enfatiza que as Pics s\u00e3o recursos terap\u00eauticos eficazes e seguros, sendo uma ferramenta a mais para as a\u00e7\u00f5es de preven\u00e7\u00e3o e promo\u00e7\u00e3o da sa\u00fade conduzidas nas unidades de sa\u00fade.<\/p>\n\n\n\n<p>\u201cTemos profissionais que usam a medita\u00e7\u00e3o para controle de ansiedade de usu\u00e1rios das unidades b\u00e1sicas, outros que usam a auriculoterapia nos ambulat\u00f3rios de tratamento de fumantes, e outros que ofertam a yoga para a melhoria de dores corporais\u201d, relata.<\/p>\n\n\n\n<p>Carla informa que as Pics foram incorporadas ao SUS por meio da Pol\u00edtica Nacional das Pr\u00e1ticas Integrativas Complementares (PNPIC), em 2006, sendo hoje ofertados 29 procedimentos \u00e0 popula\u00e7\u00e3o, de forma integral e gratuita. As pr\u00e1ticas, ela aponta, buscam estimular mecanismos naturais de preven\u00e7\u00e3o e promo\u00e7\u00e3o da sa\u00fade, contribuindo para a melhoria de sintomas e condi\u00e7\u00f5es como ansiedade, hipertens\u00e3o arterial, dor cr\u00f4nica, uso de tabaco, entre outros.<\/p>\n\n\n\n<p>\u201cE o mais importante, elas ajudam a reduzir o uso de medicamentos entre esses usu\u00e1rios. Quem faz auriculoterapia tem menor necessidade de rem\u00e9dio para ansiedade, quem faz yoga usa menos analg\u00e9sico, por exemplo\u201d, pontua a servidora.<\/p>\n\n\n\n<p><strong>Capacita\u00e7\u00e3o<\/strong><\/p>\n\n\n\n<p>O curso de medita\u00e7\u00e3o para profissionais da Semsa ocorre em formato h\u00edbrido, on-line e presencial, em duas fases. A primeira delas ocorreu em novembro passado, abrangendo conte\u00fados de hist\u00f3ria, teoria e t\u00e9cnicas de medita\u00e7\u00e3o, por meio de aulas on-line.<\/p>\n\n\n\n<p>Nesta segunda e \u00faltima etapa, em formato presencial, no parque do Mindu, os participantes do curso vivenciam a medita\u00e7\u00e3o na pr\u00e1tica, sob a orienta\u00e7\u00e3o da m\u00e9dica da Semsa, Marina Mota, da Unidade de Sa\u00fade da Fam\u00edlia (USF) Dr. Jos\u00e9 Rayol dos Santos. A carga hor\u00e1ria total da forma\u00e7\u00e3o \u00e9 de 50 horas, das quais 40 na modalidade on-line e 10 na presencial.<\/p>\n\n\n\n<p>A Semsa promoveu, ainda neste ano, outras tr\u00eas a\u00e7\u00f5es de educa\u00e7\u00e3o permanente em sa\u00fade com foco nas Pics para os profissionais de sa\u00fade da rede municipal. Neste segundo semestre, aproximadamente 30 profissionais dos cinco Distritos de Sa\u00fade da Semsa participaram de um curso de reiki, pr\u00e1tica de origem oriental baseada na imposi\u00e7\u00e3o de m\u00e3os para canaliza\u00e7\u00e3o e transmiss\u00e3o de energia.<\/p>\n\n\n\n<p>No primeiro semestre, foram ofertadas capacita\u00e7\u00f5es em medita\u00e7\u00e3o e em auriculoterapia, sendo esta uma t\u00e9cnica baseada na aplica\u00e7\u00e3o de press\u00e3o em pontos espec\u00edficos das orelhas para aux\u00edlio no tratamento de problemas de sa\u00fade.<\/p>\n\n\n\n<p>&#8212; &#8212; &#8212;<strong>\u00a0<\/strong><br><strong>Texto &#8211; <\/strong>Jony Clay Borges \/ Semsa<br><strong>Fotos &#8211; <\/strong>Divulga\u00e7\u00e3o \/ Semsa<\/p>\n","protected":false},"excerpt":{"rendered":"","protected":false},"author":68,"featured_media":218998,"comment_status":"closed","ping_status":"closed","sticky":false,"template":"","format":"standard","meta":{"footnotes":""},"categories":[2732,3],"tags":[2733,2734,2735,54,28],"acf":[],"yoast_head":"<!-- This site is optimized with the Yoast SEO plugin v23.0 - https:\/\/yoast.com\/wordpress\/plugins\/seo\/ -->\n<title>Profissionais de sa\u00fade da prefeitura participam de curso de medita\u00e7\u00e3o como abordagem terap\u00eautica<\/title>\n<meta name=\"description\" content=\"Visando refor\u00e7ar a oferta das Pr\u00e1ticas Integrativas e Complementares em Sa\u00fade (Pics) nos atendimentos aos usu\u00e1rios do Sistema \u00danico de Sa\u00fade (SUS), a Prefeitura de Manaus est\u00e1 promovendo um curso de medita\u00e7\u00e3o para profissionais da rede municipal de assist\u00eancia.\" \/>\n<meta name=\"robots\" content=\"index, follow, max-snippet:-1, max-image-preview:large, max-video-preview:-1\" \/>\n<link rel=\"canonical\" href=\"https:\/\/www.manaus.am.gov.br\/semsa\/praticas-semsa-saude\/\" \/>\n<meta property=\"og:locale\" content=\"pt_BR\" \/>\n<meta property=\"og:type\" content=\"article\" \/>\n<meta property=\"og:title\" content=\"Profissionais de sa\u00fade da prefeitura participam de curso de medita\u00e7\u00e3o como abordagem terap\u00eautica\" \/>\n<meta property=\"og:description\" content=\"Visando refor\u00e7ar a oferta das Pr\u00e1ticas Integrativas e Complementares em Sa\u00fade (Pics) nos atendimentos aos usu\u00e1rios do Sistema \u00danico de Sa\u00fade (SUS), a Prefeitura de Manaus est\u00e1 promovendo um curso de medita\u00e7\u00e3o para profissionais da rede municipal de assist\u00eancia.\" \/>\n<meta property=\"og:url\" content=\"https:\/\/www.manaus.am.gov.br\/semsa\/praticas-semsa-saude\/\" \/>\n<meta property=\"og:site_name\" content=\"SEMSA\" \/>\n<meta property=\"article:published_time\" content=\"2024-12-10T21:50:45+00:00\" \/>\n<meta property=\"article:modified_time\" content=\"2024-12-10T21:50:46+00:00\" \/>\n<meta property=\"og:image\" content=\"https:\/\/www.manaus.am.gov.br\/semsa\/wp-content\/uploads\/sites\/8\/2024\/12\/Dezembro-10_Curso-Meditacao-PICS-2.jpg\" \/>\n\t<meta property=\"og:image:width\" content=\"800\" \/>\n\t<meta property=\"og:image:height\" content=\"493\" \/>\n\t<meta property=\"og:image:type\" content=\"image\/jpeg\" \/>\n<meta name=\"author\" content=\"bvalente\" \/>\n<meta name=\"twitter:card\" content=\"summary_large_image\" \/>\n<meta name=\"twitter:label1\" content=\"Written by\" \/>\n\t<meta name=\"twitter:data1\" content=\"bvalente\" \/>\n\t<meta name=\"twitter:label2\" content=\"Est. reading time\" \/>\n\t<meta name=\"twitter:data2\" content=\"4 minutos\" \/>\n<script type=\"application\/ld+json\" class=\"yoast-schema-graph\">{\"@context\":\"https:\/\/schema.org\",\"@graph\":[{\"@type\":\"WebPage\",\"@id\":\"https:\/\/www.manaus.am.gov.br\/semsa\/praticas-semsa-saude\/\",\"url\":\"https:\/\/www.manaus.am.gov.br\/semsa\/praticas-semsa-saude\/\",\"name\":\"Profissionais de sa\u00fade da prefeitura participam de curso de medita\u00e7\u00e3o como abordagem terap\u00eautica\",\"isPartOf\":{\"@id\":\"https:\/\/www.manaus.am.gov.br\/semsa\/#website\"},\"primaryImageOfPage\":{\"@id\":\"https:\/\/www.manaus.am.gov.br\/semsa\/praticas-semsa-saude\/#primaryimage\"},\"image\":{\"@id\":\"https:\/\/www.manaus.am.gov.br\/semsa\/praticas-semsa-saude\/#primaryimage\"},\"thumbnailUrl\":\"https:\/\/www.manaus.am.gov.br\/semsa\/wp-content\/uploads\/sites\/8\/2024\/12\/Dezembro-10_Curso-Meditacao-PICS-2.jpg\",\"datePublished\":\"2024-12-10T21:50:45+00:00\",\"dateModified\":\"2024-12-10T21:50:46+00:00\",\"author\":{\"@id\":\"https:\/\/www.manaus.am.gov.br\/semsa\/#\/schema\/person\/466a0e03ae4b6062809046bd560ac955\"},\"description\":\"Visando refor\u00e7ar a oferta das Pr\u00e1ticas Integrativas e Complementares em Sa\u00fade (Pics) nos atendimentos aos usu\u00e1rios do Sistema \u00danico de Sa\u00fade (SUS), a Prefeitura de Manaus est\u00e1 promovendo um curso de medita\u00e7\u00e3o para profissionais da rede municipal de assist\u00eancia.\",\"inLanguage\":\"pt-BR\",\"potentialAction\":[{\"@type\":\"ReadAction\",\"target\":[\"https:\/\/www.manaus.am.gov.br\/semsa\/praticas-semsa-saude\/\"]}]},{\"@type\":\"ImageObject\",\"inLanguage\":\"pt-BR\",\"@id\":\"https:\/\/www.manaus.am.gov.br\/semsa\/praticas-semsa-saude\/#primaryimage\",\"url\":\"https:\/\/www.manaus.am.gov.br\/semsa\/wp-content\/uploads\/sites\/8\/2024\/12\/Dezembro-10_Curso-Meditacao-PICS-2.jpg\",\"contentUrl\":\"https:\/\/www.manaus.am.gov.br\/semsa\/wp-content\/uploads\/sites\/8\/2024\/12\/Dezembro-10_Curso-Meditacao-PICS-2.jpg\",\"width\":800,\"height\":493},{\"@type\":\"WebSite\",\"@id\":\"https:\/\/www.manaus.am.gov.br\/semsa\/#website\",\"url\":\"https:\/\/www.manaus.am.gov.br\/semsa\/\",\"name\":\"SEMSA\",\"description\":\"Secretaria Municipal de Sa\u00fade\",\"alternateName\":\"Secretaria Municipal de Sa\u00fade\",\"potentialAction\":[{\"@type\":\"SearchAction\",\"target\":{\"@type\":\"EntryPoint\",\"urlTemplate\":\"https:\/\/www.manaus.am.gov.br\/semsa\/?s={search_term_string}\"},\"query-input\":\"required name=search_term_string\"}],\"inLanguage\":\"pt-BR\"},{\"@type\":\"Person\",\"@id\":\"https:\/\/www.manaus.am.gov.br\/semsa\/#\/schema\/person\/466a0e03ae4b6062809046bd560ac955\",\"name\":\"bvalente\",\"image\":{\"@type\":\"ImageObject\",\"inLanguage\":\"pt-BR\",\"@id\":\"https:\/\/www.manaus.am.gov.br\/semsa\/#\/schema\/person\/image\/\",\"url\":\"https:\/\/secure.gravatar.com\/avatar\/3e69bc2b014bdad41adfec3a39de07d2?s=96&d=mm&r=g\",\"contentUrl\":\"https:\/\/secure.gravatar.com\/avatar\/3e69bc2b014bdad41adfec3a39de07d2?s=96&d=mm&r=g\",\"caption\":\"bvalente\"}}]}<\/script>\n<!-- \/ Yoast SEO plugin. -->","yoast_head_json":{"title":"Profissionais de sa\u00fade da prefeitura participam de curso de medita\u00e7\u00e3o como abordagem terap\u00eautica","description":"Visando refor\u00e7ar a oferta das Pr\u00e1ticas Integrativas e Complementares em Sa\u00fade (Pics) nos atendimentos aos usu\u00e1rios do Sistema \u00danico de Sa\u00fade (SUS), a Prefeitura de Manaus est\u00e1 promovendo um curso de medita\u00e7\u00e3o para profissionais da rede municipal de assist\u00eancia.","robots":{"index":"index","follow":"follow","max-snippet":"max-snippet:-1","max-image-preview":"max-image-preview:large","max-video-preview":"max-video-preview:-1"},"canonical":"https:\/\/www.manaus.am.gov.br\/semsa\/praticas-semsa-saude\/","og_locale":"pt_BR","og_type":"article","og_title":"Profissionais de sa\u00fade da prefeitura participam de curso de medita\u00e7\u00e3o como abordagem terap\u00eautica","og_description":"Visando refor\u00e7ar a oferta das Pr\u00e1ticas Integrativas e Complementares em Sa\u00fade (Pics) nos atendimentos aos usu\u00e1rios do Sistema \u00danico de Sa\u00fade (SUS), a Prefeitura de Manaus est\u00e1 promovendo um curso de medita\u00e7\u00e3o para profissionais da rede municipal de assist\u00eancia.","og_url":"https:\/\/www.manaus.am.gov.br\/semsa\/praticas-semsa-saude\/","og_site_name":"SEMSA","article_published_time":"2024-12-10T21:50:45+00:00","article_modified_time":"2024-12-10T21:50:46+00:00","og_image":[{"width":800,"height":493,"url":"https:\/\/www.manaus.am.gov.br\/semsa\/wp-content\/uploads\/sites\/8\/2024\/12\/Dezembro-10_Curso-Meditacao-PICS-2.jpg","type":"image\/jpeg"}],"author":"bvalente","twitter_card":"summary_large_image","twitter_misc":{"Written by":"bvalente","Est. reading time":"4 minutos"},"schema":{"@context":"https:\/\/schema.org","@graph":[{"@type":"WebPage","@id":"https:\/\/www.manaus.am.gov.br\/semsa\/praticas-semsa-saude\/","url":"https:\/\/www.manaus.am.gov.br\/semsa\/praticas-semsa-saude\/","name":"Profissionais de sa\u00fade da prefeitura participam de curso de medita\u00e7\u00e3o como abordagem terap\u00eautica","isPartOf":{"@id":"https:\/\/www.manaus.am.gov.br\/semsa\/#website"},"primaryImageOfPage":{"@id":"https:\/\/www.manaus.am.gov.br\/semsa\/praticas-semsa-saude\/#primaryimage"},"image":{"@id":"https:\/\/www.manaus.am.gov.br\/semsa\/praticas-semsa-saude\/#primaryimage"},"thumbnailUrl":"https:\/\/www.manaus.am.gov.br\/semsa\/wp-content\/uploads\/sites\/8\/2024\/12\/Dezembro-10_Curso-Meditacao-PICS-2.jpg","datePublished":"2024-12-10T21:50:45+00:00","dateModified":"2024-12-10T21:50:46+00:00","author":{"@id":"https:\/\/www.manaus.am.gov.br\/semsa\/#\/schema\/person\/466a0e03ae4b6062809046bd560ac955"},"description":"Visando refor\u00e7ar a oferta das Pr\u00e1ticas Integrativas e Complementares em Sa\u00fade (Pics) nos atendimentos aos usu\u00e1rios do Sistema \u00danico de Sa\u00fade (SUS), a Prefeitura de Manaus est\u00e1 promovendo um curso de medita\u00e7\u00e3o para profissionais da rede municipal de assist\u00eancia.","inLanguage":"pt-BR","potentialAction":[{"@type":"ReadAction","target":["https:\/\/www.manaus.am.gov.br\/semsa\/praticas-semsa-saude\/"]}]},{"@type":"ImageObject","inLanguage":"pt-BR","@id":"https:\/\/www.manaus.am.gov.br\/semsa\/praticas-semsa-saude\/#primaryimage","url":"https:\/\/www.manaus.am.gov.br\/semsa\/wp-content\/uploads\/sites\/8\/2024\/12\/Dezembro-10_Curso-Meditacao-PICS-2.jpg","contentUrl":"https:\/\/www.manaus.am.gov.br\/semsa\/wp-content\/uploads\/sites\/8\/2024\/12\/Dezembro-10_Curso-Meditacao-PICS-2.jpg","width":800,"height":493},{"@type":"WebSite","@id":"https:\/\/www.manaus.am.gov.br\/semsa\/#website","url":"https:\/\/www.manaus.am.gov.br\/semsa\/","name":"SEMSA","description":"Secretaria Municipal de Sa\u00fade","alternateName":"Secretaria Municipal de Sa\u00fade","potentialAction":[{"@type":"SearchAction","target":{"@type":"EntryPoint","urlTemplate":"https:\/\/www.manaus.am.gov.br\/semsa\/?s={search_term_string}"},"query-input":"required name=search_term_string"}],"inLanguage":"pt-BR"},{"@type":"Person","@id":"https:\/\/www.manaus.am.gov.br\/semsa\/#\/schema\/person\/466a0e03ae4b6062809046bd560ac955","name":"bvalente","image":{"@type":"ImageObject","inLanguage":"pt-BR","@id":"https:\/\/www.manaus.am.gov.br\/semsa\/#\/schema\/person\/image\/","url":"https:\/\/secure.gravatar.com\/avatar\/3e69bc2b014bdad41adfec3a39de07d2?s=96&d=mm&r=g","contentUrl":"https:\/\/secure.gravatar.com\/avatar\/3e69bc2b014bdad41adfec3a39de07d2?s=96&d=mm&r=g","caption":"bvalente"}}]}},"_links":{"self":[{"href":"https:\/\/www.manaus.am.gov.br\/semsa\/wp-json\/wp\/v2\/posts\/218997"}],"collection":[{"href":"https:\/\/www.manaus.am.gov.br\/semsa\/wp-json\/wp\/v2\/posts"}],"about":[{"href":"https:\/\/www.manaus.am.gov.br\/semsa\/wp-json\/wp\/v2\/types\/post"}],"author":[{"embeddable":true,"href":"https:\/\/www.manaus.am.gov.br\/semsa\/wp-json\/wp\/v2\/users\/68"}],"replies":[{"embeddable":true,"href":"https:\/\/www.manaus.am.gov.br\/semsa\/wp-json\/wp\/v2\/comments?post=218997"}],"version-history":[{"count":0,"href":"https:\/\/www.manaus.am.gov.br\/semsa\/wp-json\/wp\/v2\/posts\/218997\/revisions"}],"wp:featuredmedia":[{"embeddable":true,"href":"https:\/\/www.manaus.am.gov.br\/semsa\/wp-json\/wp\/v2\/media\/218998"}],"wp:attachment":[{"href":"https:\/\/www.manaus.am.gov.br\/semsa\/wp-json\/wp\/v2\/media?parent=218997"}],"wp:term":[{"taxonomy":"category","embeddable":true,"href":"https:\/\/www.manaus.am.gov.br\/semsa\/wp-json\/wp\/v2\/categories?post=218997"},{"taxonomy":"post_tag","embeddable":true,"href":"https:\/\/www.manaus.am.gov.br\/semsa\/wp-json\/wp\/v2\/tags?post=218997"}],"curies":[{"name":"wp","href":"https:\/\/api.w.org\/{rel}","templated":true}]}}