{"id":218984,"date":"2024-12-09T17:26:12","date_gmt":"2024-12-09T21:26:12","guid":{"rendered":"https:\/\/www.manaus.am.gov.br\/semsa\/?p=218984"},"modified":"2024-12-10T15:51:51","modified_gmt":"2024-12-10T19:51:51","slug":"projeto-com-participacao-da-visa-manaus-e-vencedor-do-premio-anvisa-2024","status":"publish","type":"post","link":"https:\/\/www.manaus.am.gov.br\/semsa\/projeto-com-participacao-da-visa-manaus-e-vencedor-do-premio-anvisa-2024\/","title":{"rendered":"Projeto com participa\u00e7\u00e3o da Visa Manaus \u00e9 vencedor do Pr\u00eamio Anvisa 2024"},"content":{"rendered":"\n<p>Um projeto com a participa\u00e7\u00e3o da Diretoria de Vigil\u00e2ncia Sanit\u00e1ria (Visa Manaus), da Secretaria Municipal de Sa\u00fade (Semsa), \u00e9 um dos vencedores do Pr\u00eamio Anvisa 2024. O an\u00fancio foi feito em uma cerim\u00f4nia especial realizada nesta quinta-feira, 5\/12, em Bras\u00edlia (DF). A premia\u00e7\u00e3o faz parte da programa\u00e7\u00e3o especial de comemora\u00e7\u00f5es pelos 25 anos da cria\u00e7\u00e3o da Ag\u00eancia Nacional de Vigil\u00e2ncia Sanit\u00e1ria (Anvisa).<\/p>\n\n\n\n<p>O projeto, intitulado \u201cAvan\u00e7os e desafios no monitoramento dos servi\u00e7os de hemoterapia no maior estado da regi\u00e3o amaz\u00f4nica brasileira, o Amazonas\u201d, foi o escolhido entre os tr\u00eas finalistas da etapa final da premia\u00e7\u00e3o. Trata-se de um trabalho conjunto realizado pela Visa Manaus em parceria com o Departamento de Vigil\u00e2ncia Sanit\u00e1ria Estadual (Devisa\/FVS-RCP) e a Anvisa, o qual vem monitorando a implementa\u00e7\u00e3o das boas pr\u00e1ticas sanit\u00e1rias nos servi\u00e7os de hemoterapia \u2013 como s\u00e3o chamados os servi\u00e7os de sa\u00fade que envolvem atividades desde a coleta e a transfus\u00e3o de sangue \u2013 no tri\u00eanio 2023-2025.<\/p>\n\n\n\n<p>At\u00e9 o in\u00edcio deste ano, o monitoramento j\u00e1 havia sido realizado em 29 estabelecimentos da capital, al\u00e9m de outros 26 em munic\u00edpios do interior, o que corresponde a 100% dos servi\u00e7os de Manaus, e 62% dos estabelecimentos em todo o estado. Antes dessa iniciativa, a cobertura dos servi\u00e7os de hemoterapia no estado nunca havia superado os 30% do total de estabelecimentos.<\/p>\n\n\n\n<p>\u201cA Prefeitura de Manaus s\u00f3 tem a agradecer por este reconhecimento t\u00e3o importante. O Pr\u00eamio Anvisa acolheu iniciativas extraordin\u00e1rias de vigil\u00e2ncia sanit\u00e1ria em todo o pa\u00eds e saber que o nosso esfor\u00e7o conjunto foi celebrado na premia\u00e7\u00e3o de hoje \u00e9 um grande incentivo para ampliarmos ainda mais nossos esfor\u00e7os em levar mais seguran\u00e7a aos servi\u00e7os de sa\u00fade oferecidos em nosso estado\u201d, explica o diretor da Visa Manaus, Ewerton Wanderley.<\/p>\n\n\n\n<p><strong>Semana do Regulado<\/strong><\/p>\n\n\n\n<p>Al\u00e9m do projeto dos servi\u00e7os de hemoterapia, a Visa Manaus tamb\u00e9m levou ao Pr\u00eamio Anvisa 2024 a Semana do Regulado, evento anual da Visa Manaus que re\u00fane representantes de v\u00e1rios segmentos de com\u00e9rcio e servi\u00e7os da capital amazonense, para orienta\u00e7\u00f5es e esclarecimentos sobre as boas pr\u00e1ticas sanit\u00e1rias.<\/p>\n\n\n\n<p>\u201cA import\u00e2ncia da Semana do Regulado Visa Manaus\u201d foi um dos projetos classificados nas seletivas de todo o pa\u00eds. Embora n\u00e3o tenha ficado entre os tr\u00eas finalistas, foi selecionada para a semifinal da premia\u00e7\u00e3o.<\/p>\n\n\n\n<p>A Semana do Regulado tamb\u00e9m atesta o esfor\u00e7o da Prefeitura de Manaus em levar as a\u00e7\u00f5es de vigil\u00e2ncia sanit\u00e1ria para al\u00e9m das rotinas de trabalho, nesse caso, estabelecendo um grande di\u00e1logo junto a setores da atividade econ\u00f4mica do munic\u00edpio, para que eles possam aprimorar suas medidas de seguran\u00e7a, reduzindo riscos e, consequentemente, promovendo mais sa\u00fade junto \u00e0 popula\u00e7\u00e3o.<\/p>\n\n\n\n<p><strong>Texto: <\/strong>Renildo\/Semsa<\/p>\n\n\n\n<p><strong>Fotos:<\/strong> Divulga\u00e7\u00e3o\/Semsa<\/p>\n","protected":false},"excerpt":{"rendered":"","protected":false},"author":65,"featured_media":218985,"comment_status":"closed","ping_status":"closed","sticky":false,"template":"","format":"standard","meta":{"footnotes":""},"categories":[1],"tags":[],"acf":[],"yoast_head":"<!-- This site is optimized with the Yoast SEO plugin v23.0 - https:\/\/yoast.com\/wordpress\/plugins\/seo\/ -->\n<title>Projeto com participa\u00e7\u00e3o da Visa Manaus \u00e9 vencedor do Pr\u00eamio Anvisa 2024 - SEMSA<\/title>\n<meta name=\"robots\" content=\"index, follow, max-snippet:-1, max-image-preview:large, max-video-preview:-1\" \/>\n<link rel=\"canonical\" href=\"https:\/\/www.manaus.am.gov.br\/semsa\/projeto-com-participacao-da-visa-manaus-e-vencedor-do-premio-anvisa-2024\/\" \/>\n<meta property=\"og:locale\" content=\"pt_BR\" \/>\n<meta property=\"og:type\" content=\"article\" \/>\n<meta property=\"og:title\" content=\"Projeto com participa\u00e7\u00e3o da Visa Manaus \u00e9 vencedor do Pr\u00eamio Anvisa 2024 - SEMSA\" \/>\n<meta property=\"og:url\" content=\"https:\/\/www.manaus.am.gov.br\/semsa\/projeto-com-participacao-da-visa-manaus-e-vencedor-do-premio-anvisa-2024\/\" \/>\n<meta property=\"og:site_name\" content=\"SEMSA\" \/>\n<meta property=\"article:published_time\" content=\"2024-12-09T21:26:12+00:00\" \/>\n<meta property=\"article:modified_time\" content=\"2024-12-10T19:51:51+00:00\" \/>\n<meta property=\"og:image\" content=\"https:\/\/www.manaus.am.gov.br\/semsa\/wp-content\/uploads\/sites\/8\/2024\/12\/Dezembro-09_Premio-Visa-.jpeg\" \/>\n\t<meta property=\"og:image:width\" content=\"1514\" \/>\n\t<meta property=\"og:image:height\" content=\"1046\" \/>\n\t<meta property=\"og:image:type\" content=\"image\/jpeg\" \/>\n<meta name=\"author\" content=\"Luana Abecassis\" \/>\n<meta name=\"twitter:card\" content=\"summary_large_image\" \/>\n<meta name=\"twitter:label1\" content=\"Written by\" \/>\n\t<meta name=\"twitter:data1\" content=\"Luana Abecassis\" \/>\n\t<meta name=\"twitter:label2\" content=\"Est. reading time\" \/>\n\t<meta name=\"twitter:data2\" content=\"3 minutos\" \/>\n<script type=\"application\/ld+json\" class=\"yoast-schema-graph\">{\"@context\":\"https:\/\/schema.org\",\"@graph\":[{\"@type\":\"WebPage\",\"@id\":\"https:\/\/www.manaus.am.gov.br\/semsa\/projeto-com-participacao-da-visa-manaus-e-vencedor-do-premio-anvisa-2024\/\",\"url\":\"https:\/\/www.manaus.am.gov.br\/semsa\/projeto-com-participacao-da-visa-manaus-e-vencedor-do-premio-anvisa-2024\/\",\"name\":\"Projeto com participa\u00e7\u00e3o da Visa Manaus \u00e9 vencedor do Pr\u00eamio Anvisa 2024 - SEMSA\",\"isPartOf\":{\"@id\":\"https:\/\/www.manaus.am.gov.br\/semsa\/#website\"},\"primaryImageOfPage\":{\"@id\":\"https:\/\/www.manaus.am.gov.br\/semsa\/projeto-com-participacao-da-visa-manaus-e-vencedor-do-premio-anvisa-2024\/#primaryimage\"},\"image\":{\"@id\":\"https:\/\/www.manaus.am.gov.br\/semsa\/projeto-com-participacao-da-visa-manaus-e-vencedor-do-premio-anvisa-2024\/#primaryimage\"},\"thumbnailUrl\":\"https:\/\/www.manaus.am.gov.br\/semsa\/wp-content\/uploads\/sites\/8\/2024\/12\/Dezembro-09_Premio-Visa-.jpeg\",\"datePublished\":\"2024-12-09T21:26:12+00:00\",\"dateModified\":\"2024-12-10T19:51:51+00:00\",\"author\":{\"@id\":\"https:\/\/www.manaus.am.gov.br\/semsa\/#\/schema\/person\/c6a949869c569fa922046ae33645bd1b\"},\"inLanguage\":\"pt-BR\",\"potentialAction\":[{\"@type\":\"ReadAction\",\"target\":[\"https:\/\/www.manaus.am.gov.br\/semsa\/projeto-com-participacao-da-visa-manaus-e-vencedor-do-premio-anvisa-2024\/\"]}]},{\"@type\":\"ImageObject\",\"inLanguage\":\"pt-BR\",\"@id\":\"https:\/\/www.manaus.am.gov.br\/semsa\/projeto-com-participacao-da-visa-manaus-e-vencedor-do-premio-anvisa-2024\/#primaryimage\",\"url\":\"https:\/\/www.manaus.am.gov.br\/semsa\/wp-content\/uploads\/sites\/8\/2024\/12\/Dezembro-09_Premio-Visa-.jpeg\",\"contentUrl\":\"https:\/\/www.manaus.am.gov.br\/semsa\/wp-content\/uploads\/sites\/8\/2024\/12\/Dezembro-09_Premio-Visa-.jpeg\",\"width\":1514,\"height\":1046},{\"@type\":\"WebSite\",\"@id\":\"https:\/\/www.manaus.am.gov.br\/semsa\/#website\",\"url\":\"https:\/\/www.manaus.am.gov.br\/semsa\/\",\"name\":\"SEMSA\",\"description\":\"Secretaria Municipal de Sa\u00fade\",\"alternateName\":\"Secretaria Municipal de Sa\u00fade\",\"potentialAction\":[{\"@type\":\"SearchAction\",\"target\":{\"@type\":\"EntryPoint\",\"urlTemplate\":\"https:\/\/www.manaus.am.gov.br\/semsa\/?s={search_term_string}\"},\"query-input\":\"required name=search_term_string\"}],\"inLanguage\":\"pt-BR\"},{\"@type\":\"Person\",\"@id\":\"https:\/\/www.manaus.am.gov.br\/semsa\/#\/schema\/person\/c6a949869c569fa922046ae33645bd1b\",\"name\":\"Luana Abecassis\",\"image\":{\"@type\":\"ImageObject\",\"inLanguage\":\"pt-BR\",\"@id\":\"https:\/\/www.manaus.am.gov.br\/semsa\/#\/schema\/person\/image\/\",\"url\":\"https:\/\/secure.gravatar.com\/avatar\/49f5bfb42a36a0ec57a2a2b4adad3180?s=96&d=mm&r=g\",\"contentUrl\":\"https:\/\/secure.gravatar.com\/avatar\/49f5bfb42a36a0ec57a2a2b4adad3180?s=96&d=mm&r=g\",\"caption\":\"Luana Abecassis\"}}]}<\/script>\n<!-- \/ Yoast SEO plugin. -->","yoast_head_json":{"title":"Projeto com participa\u00e7\u00e3o da Visa Manaus \u00e9 vencedor do Pr\u00eamio Anvisa 2024 - SEMSA","robots":{"index":"index","follow":"follow","max-snippet":"max-snippet:-1","max-image-preview":"max-image-preview:large","max-video-preview":"max-video-preview:-1"},"canonical":"https:\/\/www.manaus.am.gov.br\/semsa\/projeto-com-participacao-da-visa-manaus-e-vencedor-do-premio-anvisa-2024\/","og_locale":"pt_BR","og_type":"article","og_title":"Projeto com participa\u00e7\u00e3o da Visa Manaus \u00e9 vencedor do Pr\u00eamio Anvisa 2024 - SEMSA","og_url":"https:\/\/www.manaus.am.gov.br\/semsa\/projeto-com-participacao-da-visa-manaus-e-vencedor-do-premio-anvisa-2024\/","og_site_name":"SEMSA","article_published_time":"2024-12-09T21:26:12+00:00","article_modified_time":"2024-12-10T19:51:51+00:00","og_image":[{"width":1514,"height":1046,"url":"https:\/\/www.manaus.am.gov.br\/semsa\/wp-content\/uploads\/sites\/8\/2024\/12\/Dezembro-09_Premio-Visa-.jpeg","type":"image\/jpeg"}],"author":"Luana Abecassis","twitter_card":"summary_large_image","twitter_misc":{"Written by":"Luana Abecassis","Est. reading time":"3 minutos"},"schema":{"@context":"https:\/\/schema.org","@graph":[{"@type":"WebPage","@id":"https:\/\/www.manaus.am.gov.br\/semsa\/projeto-com-participacao-da-visa-manaus-e-vencedor-do-premio-anvisa-2024\/","url":"https:\/\/www.manaus.am.gov.br\/semsa\/projeto-com-participacao-da-visa-manaus-e-vencedor-do-premio-anvisa-2024\/","name":"Projeto com participa\u00e7\u00e3o da Visa Manaus \u00e9 vencedor do Pr\u00eamio Anvisa 2024 - SEMSA","isPartOf":{"@id":"https:\/\/www.manaus.am.gov.br\/semsa\/#website"},"primaryImageOfPage":{"@id":"https:\/\/www.manaus.am.gov.br\/semsa\/projeto-com-participacao-da-visa-manaus-e-vencedor-do-premio-anvisa-2024\/#primaryimage"},"image":{"@id":"https:\/\/www.manaus.am.gov.br\/semsa\/projeto-com-participacao-da-visa-manaus-e-vencedor-do-premio-anvisa-2024\/#primaryimage"},"thumbnailUrl":"https:\/\/www.manaus.am.gov.br\/semsa\/wp-content\/uploads\/sites\/8\/2024\/12\/Dezembro-09_Premio-Visa-.jpeg","datePublished":"2024-12-09T21:26:12+00:00","dateModified":"2024-12-10T19:51:51+00:00","author":{"@id":"https:\/\/www.manaus.am.gov.br\/semsa\/#\/schema\/person\/c6a949869c569fa922046ae33645bd1b"},"inLanguage":"pt-BR","potentialAction":[{"@type":"ReadAction","target":["https:\/\/www.manaus.am.gov.br\/semsa\/projeto-com-participacao-da-visa-manaus-e-vencedor-do-premio-anvisa-2024\/"]}]},{"@type":"ImageObject","inLanguage":"pt-BR","@id":"https:\/\/www.manaus.am.gov.br\/semsa\/projeto-com-participacao-da-visa-manaus-e-vencedor-do-premio-anvisa-2024\/#primaryimage","url":"https:\/\/www.manaus.am.gov.br\/semsa\/wp-content\/uploads\/sites\/8\/2024\/12\/Dezembro-09_Premio-Visa-.jpeg","contentUrl":"https:\/\/www.manaus.am.gov.br\/semsa\/wp-content\/uploads\/sites\/8\/2024\/12\/Dezembro-09_Premio-Visa-.jpeg","width":1514,"height":1046},{"@type":"WebSite","@id":"https:\/\/www.manaus.am.gov.br\/semsa\/#website","url":"https:\/\/www.manaus.am.gov.br\/semsa\/","name":"SEMSA","description":"Secretaria Municipal de Sa\u00fade","alternateName":"Secretaria Municipal de Sa\u00fade","potentialAction":[{"@type":"SearchAction","target":{"@type":"EntryPoint","urlTemplate":"https:\/\/www.manaus.am.gov.br\/semsa\/?s={search_term_string}"},"query-input":"required name=search_term_string"}],"inLanguage":"pt-BR"},{"@type":"Person","@id":"https:\/\/www.manaus.am.gov.br\/semsa\/#\/schema\/person\/c6a949869c569fa922046ae33645bd1b","name":"Luana Abecassis","image":{"@type":"ImageObject","inLanguage":"pt-BR","@id":"https:\/\/www.manaus.am.gov.br\/semsa\/#\/schema\/person\/image\/","url":"https:\/\/secure.gravatar.com\/avatar\/49f5bfb42a36a0ec57a2a2b4adad3180?s=96&d=mm&r=g","contentUrl":"https:\/\/secure.gravatar.com\/avatar\/49f5bfb42a36a0ec57a2a2b4adad3180?s=96&d=mm&r=g","caption":"Luana Abecassis"}}]}},"_links":{"self":[{"href":"https:\/\/www.manaus.am.gov.br\/semsa\/wp-json\/wp\/v2\/posts\/218984"}],"collection":[{"href":"https:\/\/www.manaus.am.gov.br\/semsa\/wp-json\/wp\/v2\/posts"}],"about":[{"href":"https:\/\/www.manaus.am.gov.br\/semsa\/wp-json\/wp\/v2\/types\/post"}],"author":[{"embeddable":true,"href":"https:\/\/www.manaus.am.gov.br\/semsa\/wp-json\/wp\/v2\/users\/65"}],"replies":[{"embeddable":true,"href":"https:\/\/www.manaus.am.gov.br\/semsa\/wp-json\/wp\/v2\/comments?post=218984"}],"version-history":[{"count":1,"href":"https:\/\/www.manaus.am.gov.br\/semsa\/wp-json\/wp\/v2\/posts\/218984\/revisions"}],"predecessor-version":[{"id":218986,"href":"https:\/\/www.manaus.am.gov.br\/semsa\/wp-json\/wp\/v2\/posts\/218984\/revisions\/218986"}],"wp:featuredmedia":[{"embeddable":true,"href":"https:\/\/www.manaus.am.gov.br\/semsa\/wp-json\/wp\/v2\/media\/218985"}],"wp:attachment":[{"href":"https:\/\/www.manaus.am.gov.br\/semsa\/wp-json\/wp\/v2\/media?parent=218984"}],"wp:term":[{"taxonomy":"category","embeddable":true,"href":"https:\/\/www.manaus.am.gov.br\/semsa\/wp-json\/wp\/v2\/categories?post=218984"},{"taxonomy":"post_tag","embeddable":true,"href":"https:\/\/www.manaus.am.gov.br\/semsa\/wp-json\/wp\/v2\/tags?post=218984"}],"curies":[{"name":"wp","href":"https:\/\/api.w.org\/{rel}","templated":true}]}}