{"id":218901,"date":"2024-12-06T19:37:18","date_gmt":"2024-12-06T23:37:18","guid":{"rendered":"https:\/\/www.manaus.am.gov.br\/semsa\/permanencia-secretarios\/"},"modified":"2024-12-06T20:17:57","modified_gmt":"2024-12-07T00:17:57","slug":"permanencia-secretarios","status":"publish","type":"post","link":"https:\/\/www.manaus.am.gov.br\/semsa\/permanencia-secretarios\/","title":{"rendered":"Prefeito David Almeida anuncia perman\u00eancia de mais dois secret\u00e1rios para seu pr\u00f3ximo mandato"},"content":{"rendered":"\n<p>O prefeito de Manaus, David Almeida, anunciou, nesta sexta-feira, 6\/12, a perman\u00eancia de mais dois secret\u00e1rios para sua pr\u00f3xima gest\u00e3o, que inicia em 1\u00b0 de janeiro de 2025: Victor Cipriano e Sh\u00e1dia Fraxe. A declara\u00e7\u00e3o ocorreu durante o balan\u00e7o das atividades das duas secretarias que comp\u00f5em a administra\u00e7\u00e3o direta: a Comiss\u00e3o Municipal de Licita\u00e7\u00e3o (CML) e a Secretaria Municipal de Sa\u00fade (Semsa).<\/p>\n\n\n\n<p>Em sua avalia\u00e7\u00e3o, o chefe do Executivo municipal informou que para a perman\u00eancia dos secret\u00e1rios \u00e0 frente das pastas, ele considerou n\u00e3o apenas os n\u00fameros positivos, mas, tamb\u00e9m, crit\u00e9rios t\u00e9cnicos, pol\u00edticos e administrativos.<\/p>\n\n\n<div class=\"wp-block-image\">\n<figure class=\"aligncenter size-large\"><img loading=\"lazy\" decoding=\"async\" width=\"768\" height=\"1024\" src=\"https:\/\/www.manaus.am.gov.br\/semsa\/wp-content\/uploads\/sites\/8\/2024\/12\/Prefeito-David-Almeida-com-o-presidente-da-CML-Victor-Cipriano-e-a-vice-presidente-da-Comissao-Rozalia-Figueiredo-768x1024.jpeg\" alt=\"\" class=\"wp-image-218906\" srcset=\"https:\/\/www.manaus.am.gov.br\/semsa\/wp-content\/uploads\/sites\/8\/2024\/12\/Prefeito-David-Almeida-com-o-presidente-da-CML-Victor-Cipriano-e-a-vice-presidente-da-Comissao-Rozalia-Figueiredo-768x1024.jpeg 768w, https:\/\/www.manaus.am.gov.br\/semsa\/wp-content\/uploads\/sites\/8\/2024\/12\/Prefeito-David-Almeida-com-o-presidente-da-CML-Victor-Cipriano-e-a-vice-presidente-da-Comissao-Rozalia-Figueiredo-225x300.jpeg 225w, https:\/\/www.manaus.am.gov.br\/semsa\/wp-content\/uploads\/sites\/8\/2024\/12\/Prefeito-David-Almeida-com-o-presidente-da-CML-Victor-Cipriano-e-a-vice-presidente-da-Comissao-Rozalia-Figueiredo-1152x1536.jpeg 1152w, https:\/\/www.manaus.am.gov.br\/semsa\/wp-content\/uploads\/sites\/8\/2024\/12\/Prefeito-David-Almeida-com-o-presidente-da-CML-Victor-Cipriano-e-a-vice-presidente-da-Comissao-Rozalia-Figueiredo-1536x2048.jpeg 1536w\" sizes=\"(max-width: 768px) 100vw, 768px\" \/><figcaption class=\"wp-element-caption\">Prefeito David Almeida com o presidente da CML, Victor Cipriano, e a vice-presidente da Comiss\u00e3o, Roz\u00e1lia Figueiredo<\/figcaption><\/figure><\/div>\n\n\n<p>\u201cNossa gest\u00e3o \u00e9 pautada pelo trabalho eficiente e transpar\u00eancia. Tanto a Sh\u00e1dia, quanto o Victor Cipriano, s\u00e3o secret\u00e1rios que alcan\u00e7aram, em nossa gest\u00e3o, equil\u00edbrio entre a capacidade t\u00e9cnica, a articula\u00e7\u00e3o pol\u00edtica e a minha confian\u00e7a. Trouxeram excelentes resultados, juntamente com suas equipes, e por essa raz\u00e3o, eles v\u00e3o continuar comigo no meu pr\u00f3ximo mandato\u201d, informou David Almeida, prefeito de Manaus.<\/p>\n\n\n\n<p>O prefeito reeleito tamb\u00e9m informou que at\u00e9 sua diploma\u00e7\u00e3o, no dia 17 de dezembro, e\/ou posse oficial, que acontecer\u00e1 no dia 1\u00ba de janeiro de 2025, far\u00e1 novos an\u00fancios. Nesse per\u00edodo, ele seguir\u00e1 avaliando o desempenho dos secret\u00e1rios, considerando os termos de apoio pol\u00edtico ou continuidade de projetos.<\/p>\n\n\n\n<p>Na Semsa, permanecem, tamb\u00e9m, os subsecret\u00e1rios Djalma Pinheiro Coelho e Nagib Salem, e na CML como vice-presidente, permanece Roz\u00e1lia N\u00f3brega de Figueiredo.<\/p>\n\n\n\n<p><strong>CML<\/strong><\/p>\n\n\n\n<p>Victor Cipriano \u00e9 procurador do Estado do Amazonas desde dezembro de 2006 e desde 2021 encontra-se \u00e0 disposi\u00e7\u00e3o da Prefeitura de Manaus, exercendo o cargo de Presidente da Comiss\u00e3o Municipal de Licita\u00e7\u00e3o \u2013 CML, sendo respons\u00e1vel pelos certames das grandes realiza\u00e7\u00f5es do primeiro mandato do Prefeito David Almeida, tais como: programa \u201cAsfalta Manaus\u201d, constru\u00e7\u00f5es de UBS porte 4, Mirante \u201cL\u00facia Almeida\u201d e Pier Manaus 355, Mirante \u201cRosa Almeida\u201d, Parque dos Gigantes da Floresta, Parque Linear \u201cAmazonino Mendes\u201d, Complexos Vi\u00e1rios da Bar\u00e3o do Rio Branco (Viaduto Jos\u00e9 Fernandes), Grande Circular (Viaduto Rei Pel\u00e9) e Interliga\u00e7\u00e3o da Avenida das Torres (Viaduto M\u00e1rcio Souza), dentre outras licita\u00e7\u00f5es que proporcionaram o bom funcionamento da m\u00e1quina p\u00fablica municipal.<\/p>\n\n\n\n<p>A vice-presidente, Roz\u00e1lia N\u00f3brega de Figueiredo, \u00e9 advogada, formada pela Uninorte, e p\u00f3s-graduanda em Licita\u00e7\u00f5es e Contratos pelo Instituto de P\u00f3s-Gradua\u00e7\u00e3o e Gradua\u00e7\u00e3o (IPOG).<\/p>\n\n\n\n<p><strong>Semsa<\/strong><\/p>\n\n\n\n<p>Sh\u00e1dia Fraxe \u00e9 bacharel em Economia e M\u00e9dica, com especializa\u00e7\u00e3o em Medicina de Fam\u00edlia e Comunidade. Atuou na rede hospitalar do estado do Amazonas como m\u00e9dica urgencista. Em janeiro de 2021, assumiu a gest\u00e3o da Secretaria Municipal de Sa\u00fade, sendo a primeira mulher a assumir esse cargo. Reassumiu a gest\u00e3o da Secretaria Municipal de Sa\u00fade em agosto de 2022.<\/p>\n\n\n\n<p>O subsecret\u00e1rio de Gest\u00e3o da Sa\u00fade, Djalma Pinheiro Pessoa Coelho \u00e9 m\u00e9dico, formado pela Universidade Federal do Amazonas (UFAM) e p\u00f3s-graduado em Terapia Intensiva Pedi\u00e1trica e Neonatal pela Faculdade Redentor (RJ), sendo servidor de carreira das Secretarias Municipal de Sa\u00fade (Semsa) e de Estado da Sa\u00fade (Ses-AM). De mar\u00e7o a agosto de 2022 assumiu o comando da pasta durante a sa\u00edda tempor\u00e1ria de Sh\u00e1dia Fraxe.<\/p>\n\n\n\n<p>Nagib Salem Neto \u00e9 formado em administra\u00e7\u00e3o de empresas pela Universidade Federal do Amazonas (UFAM), p\u00f3s-graduado em Business Administration Team Management, pela Funda\u00e7\u00e3o Get\u00falio Vargas (FGV-RJ), Gest\u00e3o de Lideran\u00e7a em Log\u00edstica, pela Universidade Corporativa Transportes Bertolini, e Governan\u00e7a P\u00fablica e Gest\u00e3o Administrativa, pela Faculdade Educacional da Lapa (FAEL). Na secretaria municipal de Sa\u00fade, ocupa, pela segunda vez, o cargo de subsecret\u00e1rio de Gest\u00e3o Administrativa e Planejamento.<\/p>\n\n\n\n<p>&#8212; &#8212; &#8212;<\/p>\n\n\n\n<p><strong>Texto<\/strong> &#8211; Emanuelle Baires\/Semcom<\/p>\n\n\n\n<p><strong>Fotos<\/strong> &#8211; Dhyeizo Lemos\/Semcom<\/p>\n","protected":false},"excerpt":{"rendered":"","protected":false},"author":61,"featured_media":218903,"comment_status":"closed","ping_status":"closed","sticky":false,"template":"","format":"standard","meta":{"footnotes":""},"categories":[1746],"tags":[2728,2729,2730,54,2731,28],"acf":[],"yoast_head":"<!-- This site is optimized with the Yoast SEO plugin v23.0 - https:\/\/yoast.com\/wordpress\/plugins\/seo\/ -->\n<title>Prefeito David Almeida anuncia perman\u00eancia de mais dois secret\u00e1rios para seu pr\u00f3ximo mandato<\/title>\n<meta name=\"description\" content=\"O prefeito de Manaus, David Almeida, anunciou, nesta sexta-feira, 6\/12, a perman\u00eancia de mais dois secret\u00e1rios para sua pr\u00f3xima gest\u00e3o, que inicia em 1\u00b0 de janeiro de 2025: Victor Cipriano e Sh\u00e1dia Fraxe.\" \/>\n<meta name=\"robots\" content=\"index, follow, max-snippet:-1, max-image-preview:large, max-video-preview:-1\" \/>\n<link rel=\"canonical\" href=\"https:\/\/www.manaus.am.gov.br\/semsa\/permanencia-secretarios\/\" \/>\n<meta property=\"og:locale\" content=\"pt_BR\" \/>\n<meta property=\"og:type\" content=\"article\" \/>\n<meta property=\"og:title\" content=\"Prefeito David Almeida anuncia perman\u00eancia de mais dois secret\u00e1rios para seu pr\u00f3ximo mandato\" \/>\n<meta property=\"og:description\" content=\"O prefeito de Manaus, David Almeida, anunciou, nesta sexta-feira, 6\/12, a perman\u00eancia de mais dois secret\u00e1rios para sua pr\u00f3xima gest\u00e3o, que inicia em 1\u00b0 de janeiro de 2025: Victor Cipriano e Sh\u00e1dia Fraxe.\" \/>\n<meta property=\"og:url\" content=\"https:\/\/www.manaus.am.gov.br\/semsa\/permanencia-secretarios\/\" \/>\n<meta property=\"og:site_name\" content=\"SEMSA\" \/>\n<meta property=\"article:published_time\" content=\"2024-12-06T23:37:18+00:00\" \/>\n<meta property=\"article:modified_time\" content=\"2024-12-07T00:17:57+00:00\" \/>\n<meta property=\"og:image\" content=\"https:\/\/www.manaus.am.gov.br\/semsa\/wp-content\/uploads\/sites\/8\/2024\/12\/Prefeito-anuncia-permanencia-1.jpeg\" \/>\n\t<meta property=\"og:image:width\" content=\"4160\" \/>\n\t<meta property=\"og:image:height\" content=\"2773\" \/>\n\t<meta property=\"og:image:type\" content=\"image\/jpeg\" \/>\n<meta name=\"author\" content=\"smonteiro\" \/>\n<meta name=\"twitter:card\" content=\"summary_large_image\" \/>\n<meta name=\"twitter:label1\" content=\"Written by\" \/>\n\t<meta name=\"twitter:data1\" content=\"smonteiro\" \/>\n\t<meta name=\"twitter:label2\" content=\"Est. reading time\" \/>\n\t<meta name=\"twitter:data2\" content=\"4 minutos\" \/>\n<script type=\"application\/ld+json\" class=\"yoast-schema-graph\">{\"@context\":\"https:\/\/schema.org\",\"@graph\":[{\"@type\":\"WebPage\",\"@id\":\"https:\/\/www.manaus.am.gov.br\/semsa\/permanencia-secretarios\/\",\"url\":\"https:\/\/www.manaus.am.gov.br\/semsa\/permanencia-secretarios\/\",\"name\":\"Prefeito David Almeida anuncia perman\u00eancia de mais dois secret\u00e1rios para seu pr\u00f3ximo mandato\",\"isPartOf\":{\"@id\":\"https:\/\/www.manaus.am.gov.br\/semsa\/#website\"},\"primaryImageOfPage\":{\"@id\":\"https:\/\/www.manaus.am.gov.br\/semsa\/permanencia-secretarios\/#primaryimage\"},\"image\":{\"@id\":\"https:\/\/www.manaus.am.gov.br\/semsa\/permanencia-secretarios\/#primaryimage\"},\"thumbnailUrl\":\"https:\/\/www.manaus.am.gov.br\/semsa\/wp-content\/uploads\/sites\/8\/2024\/12\/Prefeito-anuncia-permanencia-1.jpeg\",\"datePublished\":\"2024-12-06T23:37:18+00:00\",\"dateModified\":\"2024-12-07T00:17:57+00:00\",\"author\":{\"@id\":\"https:\/\/www.manaus.am.gov.br\/semsa\/#\/schema\/person\/ab4dcf766a54dff74e8d267f5c591961\"},\"description\":\"O prefeito de Manaus, David Almeida, anunciou, nesta sexta-feira, 6\/12, a perman\u00eancia de mais dois secret\u00e1rios para sua pr\u00f3xima gest\u00e3o, que inicia em 1\u00b0 de janeiro de 2025: Victor Cipriano e Sh\u00e1dia Fraxe.\",\"inLanguage\":\"pt-BR\",\"potentialAction\":[{\"@type\":\"ReadAction\",\"target\":[\"https:\/\/www.manaus.am.gov.br\/semsa\/permanencia-secretarios\/\"]}]},{\"@type\":\"ImageObject\",\"inLanguage\":\"pt-BR\",\"@id\":\"https:\/\/www.manaus.am.gov.br\/semsa\/permanencia-secretarios\/#primaryimage\",\"url\":\"https:\/\/www.manaus.am.gov.br\/semsa\/wp-content\/uploads\/sites\/8\/2024\/12\/Prefeito-anuncia-permanencia-1.jpeg\",\"contentUrl\":\"https:\/\/www.manaus.am.gov.br\/semsa\/wp-content\/uploads\/sites\/8\/2024\/12\/Prefeito-anuncia-permanencia-1.jpeg\",\"width\":4160,\"height\":2773,\"caption\":\"#paratodosverem - prefeito de Manaus, David Almeida, juntamente com a Secret\u00e1ria da Semsa, Sh\u00e1dia Fraxe, e os subsecret\u00e1rios Djalma Coelho e Nagib Salem.\"},{\"@type\":\"WebSite\",\"@id\":\"https:\/\/www.manaus.am.gov.br\/semsa\/#website\",\"url\":\"https:\/\/www.manaus.am.gov.br\/semsa\/\",\"name\":\"SEMSA\",\"description\":\"Secretaria Municipal de Sa\u00fade\",\"alternateName\":\"Secretaria Municipal de Sa\u00fade\",\"potentialAction\":[{\"@type\":\"SearchAction\",\"target\":{\"@type\":\"EntryPoint\",\"urlTemplate\":\"https:\/\/www.manaus.am.gov.br\/semsa\/?s={search_term_string}\"},\"query-input\":\"required name=search_term_string\"}],\"inLanguage\":\"pt-BR\"},{\"@type\":\"Person\",\"@id\":\"https:\/\/www.manaus.am.gov.br\/semsa\/#\/schema\/person\/ab4dcf766a54dff74e8d267f5c591961\",\"name\":\"smonteiro\",\"image\":{\"@type\":\"ImageObject\",\"inLanguage\":\"pt-BR\",\"@id\":\"https:\/\/www.manaus.am.gov.br\/semsa\/#\/schema\/person\/image\/\",\"url\":\"https:\/\/secure.gravatar.com\/avatar\/21c8776ef61d9272c73322052e042d77?s=96&d=mm&r=g\",\"contentUrl\":\"https:\/\/secure.gravatar.com\/avatar\/21c8776ef61d9272c73322052e042d77?s=96&d=mm&r=g\",\"caption\":\"smonteiro\"}}]}<\/script>\n<!-- \/ Yoast SEO plugin. -->","yoast_head_json":{"title":"Prefeito David Almeida anuncia perman\u00eancia de mais dois secret\u00e1rios para seu pr\u00f3ximo mandato","description":"O prefeito de Manaus, David Almeida, anunciou, nesta sexta-feira, 6\/12, a perman\u00eancia de mais dois secret\u00e1rios para sua pr\u00f3xima gest\u00e3o, que inicia em 1\u00b0 de janeiro de 2025: Victor Cipriano e Sh\u00e1dia Fraxe.","robots":{"index":"index","follow":"follow","max-snippet":"max-snippet:-1","max-image-preview":"max-image-preview:large","max-video-preview":"max-video-preview:-1"},"canonical":"https:\/\/www.manaus.am.gov.br\/semsa\/permanencia-secretarios\/","og_locale":"pt_BR","og_type":"article","og_title":"Prefeito David Almeida anuncia perman\u00eancia de mais dois secret\u00e1rios para seu pr\u00f3ximo mandato","og_description":"O prefeito de Manaus, David Almeida, anunciou, nesta sexta-feira, 6\/12, a perman\u00eancia de mais dois secret\u00e1rios para sua pr\u00f3xima gest\u00e3o, que inicia em 1\u00b0 de janeiro de 2025: Victor Cipriano e Sh\u00e1dia Fraxe.","og_url":"https:\/\/www.manaus.am.gov.br\/semsa\/permanencia-secretarios\/","og_site_name":"SEMSA","article_published_time":"2024-12-06T23:37:18+00:00","article_modified_time":"2024-12-07T00:17:57+00:00","og_image":[{"width":4160,"height":2773,"url":"https:\/\/www.manaus.am.gov.br\/semsa\/wp-content\/uploads\/sites\/8\/2024\/12\/Prefeito-anuncia-permanencia-1.jpeg","type":"image\/jpeg"}],"author":"smonteiro","twitter_card":"summary_large_image","twitter_misc":{"Written by":"smonteiro","Est. reading time":"4 minutos"},"schema":{"@context":"https:\/\/schema.org","@graph":[{"@type":"WebPage","@id":"https:\/\/www.manaus.am.gov.br\/semsa\/permanencia-secretarios\/","url":"https:\/\/www.manaus.am.gov.br\/semsa\/permanencia-secretarios\/","name":"Prefeito David Almeida anuncia perman\u00eancia de mais dois secret\u00e1rios para seu pr\u00f3ximo mandato","isPartOf":{"@id":"https:\/\/www.manaus.am.gov.br\/semsa\/#website"},"primaryImageOfPage":{"@id":"https:\/\/www.manaus.am.gov.br\/semsa\/permanencia-secretarios\/#primaryimage"},"image":{"@id":"https:\/\/www.manaus.am.gov.br\/semsa\/permanencia-secretarios\/#primaryimage"},"thumbnailUrl":"https:\/\/www.manaus.am.gov.br\/semsa\/wp-content\/uploads\/sites\/8\/2024\/12\/Prefeito-anuncia-permanencia-1.jpeg","datePublished":"2024-12-06T23:37:18+00:00","dateModified":"2024-12-07T00:17:57+00:00","author":{"@id":"https:\/\/www.manaus.am.gov.br\/semsa\/#\/schema\/person\/ab4dcf766a54dff74e8d267f5c591961"},"description":"O prefeito de Manaus, David Almeida, anunciou, nesta sexta-feira, 6\/12, a perman\u00eancia de mais dois secret\u00e1rios para sua pr\u00f3xima gest\u00e3o, que inicia em 1\u00b0 de janeiro de 2025: Victor Cipriano e Sh\u00e1dia Fraxe.","inLanguage":"pt-BR","potentialAction":[{"@type":"ReadAction","target":["https:\/\/www.manaus.am.gov.br\/semsa\/permanencia-secretarios\/"]}]},{"@type":"ImageObject","inLanguage":"pt-BR","@id":"https:\/\/www.manaus.am.gov.br\/semsa\/permanencia-secretarios\/#primaryimage","url":"https:\/\/www.manaus.am.gov.br\/semsa\/wp-content\/uploads\/sites\/8\/2024\/12\/Prefeito-anuncia-permanencia-1.jpeg","contentUrl":"https:\/\/www.manaus.am.gov.br\/semsa\/wp-content\/uploads\/sites\/8\/2024\/12\/Prefeito-anuncia-permanencia-1.jpeg","width":4160,"height":2773,"caption":"#paratodosverem - prefeito de Manaus, David Almeida, juntamente com a Secret\u00e1ria da Semsa, Sh\u00e1dia Fraxe, e os subsecret\u00e1rios Djalma Coelho e Nagib Salem."},{"@type":"WebSite","@id":"https:\/\/www.manaus.am.gov.br\/semsa\/#website","url":"https:\/\/www.manaus.am.gov.br\/semsa\/","name":"SEMSA","description":"Secretaria Municipal de Sa\u00fade","alternateName":"Secretaria Municipal de Sa\u00fade","potentialAction":[{"@type":"SearchAction","target":{"@type":"EntryPoint","urlTemplate":"https:\/\/www.manaus.am.gov.br\/semsa\/?s={search_term_string}"},"query-input":"required name=search_term_string"}],"inLanguage":"pt-BR"},{"@type":"Person","@id":"https:\/\/www.manaus.am.gov.br\/semsa\/#\/schema\/person\/ab4dcf766a54dff74e8d267f5c591961","name":"smonteiro","image":{"@type":"ImageObject","inLanguage":"pt-BR","@id":"https:\/\/www.manaus.am.gov.br\/semsa\/#\/schema\/person\/image\/","url":"https:\/\/secure.gravatar.com\/avatar\/21c8776ef61d9272c73322052e042d77?s=96&d=mm&r=g","contentUrl":"https:\/\/secure.gravatar.com\/avatar\/21c8776ef61d9272c73322052e042d77?s=96&d=mm&r=g","caption":"smonteiro"}}]}},"_links":{"self":[{"href":"https:\/\/www.manaus.am.gov.br\/semsa\/wp-json\/wp\/v2\/posts\/218901"}],"collection":[{"href":"https:\/\/www.manaus.am.gov.br\/semsa\/wp-json\/wp\/v2\/posts"}],"about":[{"href":"https:\/\/www.manaus.am.gov.br\/semsa\/wp-json\/wp\/v2\/types\/post"}],"author":[{"embeddable":true,"href":"https:\/\/www.manaus.am.gov.br\/semsa\/wp-json\/wp\/v2\/users\/61"}],"replies":[{"embeddable":true,"href":"https:\/\/www.manaus.am.gov.br\/semsa\/wp-json\/wp\/v2\/comments?post=218901"}],"version-history":[{"count":3,"href":"https:\/\/www.manaus.am.gov.br\/semsa\/wp-json\/wp\/v2\/posts\/218901\/revisions"}],"predecessor-version":[{"id":218907,"href":"https:\/\/www.manaus.am.gov.br\/semsa\/wp-json\/wp\/v2\/posts\/218901\/revisions\/218907"}],"wp:featuredmedia":[{"embeddable":true,"href":"https:\/\/www.manaus.am.gov.br\/semsa\/wp-json\/wp\/v2\/media\/218903"}],"wp:attachment":[{"href":"https:\/\/www.manaus.am.gov.br\/semsa\/wp-json\/wp\/v2\/media?parent=218901"}],"wp:term":[{"taxonomy":"category","embeddable":true,"href":"https:\/\/www.manaus.am.gov.br\/semsa\/wp-json\/wp\/v2\/categories?post=218901"},{"taxonomy":"post_tag","embeddable":true,"href":"https:\/\/www.manaus.am.gov.br\/semsa\/wp-json\/wp\/v2\/tags?post=218901"}],"curies":[{"name":"wp","href":"https:\/\/api.w.org\/{rel}","templated":true}]}}