{"id":218896,"date":"2024-12-06T16:18:17","date_gmt":"2024-12-06T20:18:17","guid":{"rendered":"https:\/\/www.manaus.am.gov.br\/semsa\/prefeito-vistoria-nova-usf-que-vai-atender-zona-leste\/"},"modified":"2024-12-06T16:18:17","modified_gmt":"2024-12-06T20:18:17","slug":"prefeito-vistoria-nova-usf-que-vai-atender-zona-leste","status":"publish","type":"post","link":"https:\/\/www.manaus.am.gov.br\/semsa\/prefeito-vistoria-nova-usf-que-vai-atender-zona-leste\/","title":{"rendered":"Prefeito David Almeida vistoria nova Unidade de Sa\u00fade da Fam\u00edlia que vai atender 114 mil moradores na zona Leste de Manaus"},"content":{"rendered":"\n<p>O prefeito de Manaus, David Almeida, inspecionou, nesta sexta-feira, 6\/12, a Unidade de Sa\u00fade da Fam\u00edlia (USF) Agnaldo Gomes da Costa, localizada na rua Rio Piracut\u00fa, no conjunto S\u00e3o Jos\u00e9 dos Campos, no bairro Novo Aleixo, zona Leste da cidade. A estrutura foi constru\u00edda do zero pela Secretaria Municipal de Sa\u00fade (Semsa), por meio do modelo de Parceria P\u00fablico Privada (PPP), que divide os custos entre o Minist\u00e9rio da Sa\u00fade, munic\u00edpio e empresas privadas.<\/p>\n\n\n\n<p>De acordo com o prefeito, a unidade ser\u00e1 entregue como presente de natal para o bairro da zona Leste, que re\u00fane mais de 114 mil moradores, fortalecendo a infraestrutura da rede b\u00e1sica na localidade.<\/p>\n\n\n\n<p>\u201cEstamos aqui no S\u00e3o Jos\u00e9 dos Campos, onde n\u00f3s estamos acompanhando a fase final da entrega dessa nova UBS porte 4, em homenagem ao doutor Agnaldo Gomes da Costa, ex-secret\u00e1rio de sa\u00fade do Estado do Amazonas, e que vai ser homenageado com essa grande obra aqui no bairro Novo Aleixo\u201d, afirmou o chefe do Executivo municipal.<\/p>\n\n\n\n<p>Com uma estrutura moderna e completa, a USF Agnaldo Gomes da Costa est\u00e1 com 100% da obra conclu\u00edda, encontrando-se na fase de instala\u00e7\u00e3o de mobili\u00e1rio e equipamentos. A unidade tem 1,2 mil metros quadrados de \u00e1rea constru\u00edda e 3 mil metros quadrados de \u00e1rea total. A previs\u00e3o de conclus\u00e3o \u00e9 para o dia 20\/12.<\/p>\n\n\n\n<figure class=\"wp-block-image size-large\"><img loading=\"lazy\" decoding=\"async\" width=\"1024\" height=\"683\" src=\"https:\/\/www.manaus.am.gov.br\/semsa\/wp-content\/uploads\/sites\/8\/2024\/12\/Vistoria-na-USF-Agnaldo-Gomes-da-Costa-7-1024x683.jpeg\" alt=\"\" class=\"wp-image-218897\" srcset=\"https:\/\/www.manaus.am.gov.br\/semsa\/wp-content\/uploads\/sites\/8\/2024\/12\/Vistoria-na-USF-Agnaldo-Gomes-da-Costa-7-1024x683.jpeg 1024w, https:\/\/www.manaus.am.gov.br\/semsa\/wp-content\/uploads\/sites\/8\/2024\/12\/Vistoria-na-USF-Agnaldo-Gomes-da-Costa-7-300x200.jpeg 300w, https:\/\/www.manaus.am.gov.br\/semsa\/wp-content\/uploads\/sites\/8\/2024\/12\/Vistoria-na-USF-Agnaldo-Gomes-da-Costa-7-768x512.jpeg 768w, https:\/\/www.manaus.am.gov.br\/semsa\/wp-content\/uploads\/sites\/8\/2024\/12\/Vistoria-na-USF-Agnaldo-Gomes-da-Costa-7-1536x1024.jpeg 1536w, https:\/\/www.manaus.am.gov.br\/semsa\/wp-content\/uploads\/sites\/8\/2024\/12\/Vistoria-na-USF-Agnaldo-Gomes-da-Costa-7-2048x1366.jpeg 2048w\" sizes=\"(max-width: 1024px) 100vw, 1024px\" \/><\/figure>\n\n\n\n<p><strong>Fiscaliza\u00e7\u00e3o<\/strong><\/p>\n\n\n\n<p>Seguindo a agenda de fiscaliza\u00e7\u00e3o e acompanhamento de obras, o prefeito David Almeida tamb\u00e9m vistoriou as obras da Unidade B\u00e1sica de Sa\u00fade (UBS), de porte 4, no bairro Aleixo, zona Centro-Sul da capital.<\/p>\n\n\n\n<p>\u201cMais uma grande unidade. Essa, porte 4, fica aqui no bairro Aleixo, ao lado do campo do Vicent\u00e3o. \u00c9 mais uma das \u00e1reas que n\u00f3s temos para ampliar a nossa abrang\u00eancia de cobertura da aten\u00e7\u00e3o prim\u00e1ria da sa\u00fade b\u00e1sica na cidade de Manaus\u201d, concluiu.<\/p>\n\n\n\n<p>At\u00e9 o momento j\u00e1 foram entregues 97 unidades de sa\u00fade, sendo sete USFs, de porte 4.<\/p>\n\n\n\n<p>&#8212; &#8212; &#8212;<\/p>\n\n\n\n<p><strong>Texto &#8211;<\/strong> Emanuelle Baires\/Semcom<\/p>\n\n\n\n<p><strong>Fotos<\/strong> &#8211; Dhyeizo Lemos\/Semcom<\/p>\n","protected":false},"excerpt":{"rendered":"","protected":false},"author":39,"featured_media":218898,"comment_status":"closed","ping_status":"closed","sticky":false,"template":"","format":"standard","meta":{"footnotes":""},"categories":[526],"tags":[2725,165,2726,2197,54,28,2727,514],"acf":[],"yoast_head":"<!-- This site is optimized with the Yoast SEO plugin v23.0 - https:\/\/yoast.com\/wordpress\/plugins\/seo\/ -->\n<title>Prefeito vistoria nova USF que vai atender zona Leste<\/title>\n<meta name=\"description\" content=\"Prefeito David Almeida vistoria nova Unidade de Sa\u00fade da Fam\u00edlia que vai atender 114 mil moradores na zona Leste de Manaus.\" \/>\n<meta name=\"robots\" content=\"index, follow, max-snippet:-1, max-image-preview:large, max-video-preview:-1\" \/>\n<link rel=\"canonical\" href=\"https:\/\/www.manaus.am.gov.br\/semsa\/prefeito-vistoria-nova-usf-que-vai-atender-zona-leste\/\" \/>\n<meta property=\"og:locale\" content=\"pt_BR\" \/>\n<meta property=\"og:type\" content=\"article\" \/>\n<meta property=\"og:title\" content=\"Prefeito vistoria nova USF que vai atender zona Leste\" \/>\n<meta property=\"og:description\" content=\"Prefeito David Almeida vistoria nova Unidade de Sa\u00fade da Fam\u00edlia que vai atender 114 mil moradores na zona Leste de Manaus.\" \/>\n<meta property=\"og:url\" content=\"https:\/\/www.manaus.am.gov.br\/semsa\/prefeito-vistoria-nova-usf-que-vai-atender-zona-leste\/\" \/>\n<meta property=\"og:site_name\" content=\"SEMSA\" \/>\n<meta property=\"article:published_time\" content=\"2024-12-06T20:18:17+00:00\" \/>\n<meta property=\"og:image\" content=\"https:\/\/www.manaus.am.gov.br\/semsa\/wp-content\/uploads\/sites\/8\/2024\/12\/Vistoria-na-USF-Agnaldo-Gomes-da-Costa-19.jpeg\" \/>\n\t<meta property=\"og:image:width\" content=\"4160\" \/>\n\t<meta property=\"og:image:height\" content=\"2774\" \/>\n\t<meta property=\"og:image:type\" content=\"image\/jpeg\" \/>\n<meta name=\"author\" content=\"Bruna Greco\" \/>\n<meta name=\"twitter:card\" content=\"summary_large_image\" \/>\n<meta name=\"twitter:label1\" content=\"Written by\" \/>\n\t<meta name=\"twitter:data1\" content=\"Bruna Greco\" \/>\n\t<meta name=\"twitter:label2\" content=\"Est. reading time\" \/>\n\t<meta name=\"twitter:data2\" content=\"3 minutos\" \/>\n<script type=\"application\/ld+json\" class=\"yoast-schema-graph\">{\"@context\":\"https:\/\/schema.org\",\"@graph\":[{\"@type\":\"WebPage\",\"@id\":\"https:\/\/www.manaus.am.gov.br\/semsa\/prefeito-vistoria-nova-usf-que-vai-atender-zona-leste\/\",\"url\":\"https:\/\/www.manaus.am.gov.br\/semsa\/prefeito-vistoria-nova-usf-que-vai-atender-zona-leste\/\",\"name\":\"Prefeito vistoria nova USF que vai atender zona Leste\",\"isPartOf\":{\"@id\":\"https:\/\/www.manaus.am.gov.br\/semsa\/#website\"},\"primaryImageOfPage\":{\"@id\":\"https:\/\/www.manaus.am.gov.br\/semsa\/prefeito-vistoria-nova-usf-que-vai-atender-zona-leste\/#primaryimage\"},\"image\":{\"@id\":\"https:\/\/www.manaus.am.gov.br\/semsa\/prefeito-vistoria-nova-usf-que-vai-atender-zona-leste\/#primaryimage\"},\"thumbnailUrl\":\"https:\/\/www.manaus.am.gov.br\/semsa\/wp-content\/uploads\/sites\/8\/2024\/12\/Vistoria-na-USF-Agnaldo-Gomes-da-Costa-19.jpeg\",\"datePublished\":\"2024-12-06T20:18:17+00:00\",\"dateModified\":\"2024-12-06T20:18:17+00:00\",\"author\":{\"@id\":\"https:\/\/www.manaus.am.gov.br\/semsa\/#\/schema\/person\/05d223aea2bf115f9883a6ff3683d81b\"},\"description\":\"Prefeito David Almeida vistoria nova Unidade de Sa\u00fade da Fam\u00edlia que vai atender 114 mil moradores na zona Leste de Manaus.\",\"inLanguage\":\"pt-BR\",\"potentialAction\":[{\"@type\":\"ReadAction\",\"target\":[\"https:\/\/www.manaus.am.gov.br\/semsa\/prefeito-vistoria-nova-usf-que-vai-atender-zona-leste\/\"]}]},{\"@type\":\"ImageObject\",\"inLanguage\":\"pt-BR\",\"@id\":\"https:\/\/www.manaus.am.gov.br\/semsa\/prefeito-vistoria-nova-usf-que-vai-atender-zona-leste\/#primaryimage\",\"url\":\"https:\/\/www.manaus.am.gov.br\/semsa\/wp-content\/uploads\/sites\/8\/2024\/12\/Vistoria-na-USF-Agnaldo-Gomes-da-Costa-19.jpeg\",\"contentUrl\":\"https:\/\/www.manaus.am.gov.br\/semsa\/wp-content\/uploads\/sites\/8\/2024\/12\/Vistoria-na-USF-Agnaldo-Gomes-da-Costa-19.jpeg\",\"width\":4160,\"height\":2774,\"caption\":\"#paratodosverem - Prefeito de Manaus, David Almeida, vistoriando as obras em fase final da USF Agnaldo Gomes da Costa\"},{\"@type\":\"WebSite\",\"@id\":\"https:\/\/www.manaus.am.gov.br\/semsa\/#website\",\"url\":\"https:\/\/www.manaus.am.gov.br\/semsa\/\",\"name\":\"SEMSA\",\"description\":\"Secretaria Municipal de Sa\u00fade\",\"alternateName\":\"Secretaria Municipal de Sa\u00fade\",\"potentialAction\":[{\"@type\":\"SearchAction\",\"target\":{\"@type\":\"EntryPoint\",\"urlTemplate\":\"https:\/\/www.manaus.am.gov.br\/semsa\/?s={search_term_string}\"},\"query-input\":\"required name=search_term_string\"}],\"inLanguage\":\"pt-BR\"},{\"@type\":\"Person\",\"@id\":\"https:\/\/www.manaus.am.gov.br\/semsa\/#\/schema\/person\/05d223aea2bf115f9883a6ff3683d81b\",\"name\":\"Bruna Greco\",\"image\":{\"@type\":\"ImageObject\",\"inLanguage\":\"pt-BR\",\"@id\":\"https:\/\/www.manaus.am.gov.br\/semsa\/#\/schema\/person\/image\/\",\"url\":\"https:\/\/secure.gravatar.com\/avatar\/9c877d1a6adc2a055330e5c09a8653ce?s=96&d=mm&r=g\",\"contentUrl\":\"https:\/\/secure.gravatar.com\/avatar\/9c877d1a6adc2a055330e5c09a8653ce?s=96&d=mm&r=g\",\"caption\":\"Bruna Greco\"}}]}<\/script>\n<!-- \/ Yoast SEO plugin. -->","yoast_head_json":{"title":"Prefeito vistoria nova USF que vai atender zona Leste","description":"Prefeito David Almeida vistoria nova Unidade de Sa\u00fade da Fam\u00edlia que vai atender 114 mil moradores na zona Leste de Manaus.","robots":{"index":"index","follow":"follow","max-snippet":"max-snippet:-1","max-image-preview":"max-image-preview:large","max-video-preview":"max-video-preview:-1"},"canonical":"https:\/\/www.manaus.am.gov.br\/semsa\/prefeito-vistoria-nova-usf-que-vai-atender-zona-leste\/","og_locale":"pt_BR","og_type":"article","og_title":"Prefeito vistoria nova USF que vai atender zona Leste","og_description":"Prefeito David Almeida vistoria nova Unidade de Sa\u00fade da Fam\u00edlia que vai atender 114 mil moradores na zona Leste de Manaus.","og_url":"https:\/\/www.manaus.am.gov.br\/semsa\/prefeito-vistoria-nova-usf-que-vai-atender-zona-leste\/","og_site_name":"SEMSA","article_published_time":"2024-12-06T20:18:17+00:00","og_image":[{"width":4160,"height":2774,"url":"https:\/\/www.manaus.am.gov.br\/semsa\/wp-content\/uploads\/sites\/8\/2024\/12\/Vistoria-na-USF-Agnaldo-Gomes-da-Costa-19.jpeg","type":"image\/jpeg"}],"author":"Bruna Greco","twitter_card":"summary_large_image","twitter_misc":{"Written by":"Bruna Greco","Est. reading time":"3 minutos"},"schema":{"@context":"https:\/\/schema.org","@graph":[{"@type":"WebPage","@id":"https:\/\/www.manaus.am.gov.br\/semsa\/prefeito-vistoria-nova-usf-que-vai-atender-zona-leste\/","url":"https:\/\/www.manaus.am.gov.br\/semsa\/prefeito-vistoria-nova-usf-que-vai-atender-zona-leste\/","name":"Prefeito vistoria nova USF que vai atender zona Leste","isPartOf":{"@id":"https:\/\/www.manaus.am.gov.br\/semsa\/#website"},"primaryImageOfPage":{"@id":"https:\/\/www.manaus.am.gov.br\/semsa\/prefeito-vistoria-nova-usf-que-vai-atender-zona-leste\/#primaryimage"},"image":{"@id":"https:\/\/www.manaus.am.gov.br\/semsa\/prefeito-vistoria-nova-usf-que-vai-atender-zona-leste\/#primaryimage"},"thumbnailUrl":"https:\/\/www.manaus.am.gov.br\/semsa\/wp-content\/uploads\/sites\/8\/2024\/12\/Vistoria-na-USF-Agnaldo-Gomes-da-Costa-19.jpeg","datePublished":"2024-12-06T20:18:17+00:00","dateModified":"2024-12-06T20:18:17+00:00","author":{"@id":"https:\/\/www.manaus.am.gov.br\/semsa\/#\/schema\/person\/05d223aea2bf115f9883a6ff3683d81b"},"description":"Prefeito David Almeida vistoria nova Unidade de Sa\u00fade da Fam\u00edlia que vai atender 114 mil moradores na zona Leste de Manaus.","inLanguage":"pt-BR","potentialAction":[{"@type":"ReadAction","target":["https:\/\/www.manaus.am.gov.br\/semsa\/prefeito-vistoria-nova-usf-que-vai-atender-zona-leste\/"]}]},{"@type":"ImageObject","inLanguage":"pt-BR","@id":"https:\/\/www.manaus.am.gov.br\/semsa\/prefeito-vistoria-nova-usf-que-vai-atender-zona-leste\/#primaryimage","url":"https:\/\/www.manaus.am.gov.br\/semsa\/wp-content\/uploads\/sites\/8\/2024\/12\/Vistoria-na-USF-Agnaldo-Gomes-da-Costa-19.jpeg","contentUrl":"https:\/\/www.manaus.am.gov.br\/semsa\/wp-content\/uploads\/sites\/8\/2024\/12\/Vistoria-na-USF-Agnaldo-Gomes-da-Costa-19.jpeg","width":4160,"height":2774,"caption":"#paratodosverem - Prefeito de Manaus, David Almeida, vistoriando as obras em fase final da USF Agnaldo Gomes da Costa"},{"@type":"WebSite","@id":"https:\/\/www.manaus.am.gov.br\/semsa\/#website","url":"https:\/\/www.manaus.am.gov.br\/semsa\/","name":"SEMSA","description":"Secretaria Municipal de Sa\u00fade","alternateName":"Secretaria Municipal de Sa\u00fade","potentialAction":[{"@type":"SearchAction","target":{"@type":"EntryPoint","urlTemplate":"https:\/\/www.manaus.am.gov.br\/semsa\/?s={search_term_string}"},"query-input":"required name=search_term_string"}],"inLanguage":"pt-BR"},{"@type":"Person","@id":"https:\/\/www.manaus.am.gov.br\/semsa\/#\/schema\/person\/05d223aea2bf115f9883a6ff3683d81b","name":"Bruna Greco","image":{"@type":"ImageObject","inLanguage":"pt-BR","@id":"https:\/\/www.manaus.am.gov.br\/semsa\/#\/schema\/person\/image\/","url":"https:\/\/secure.gravatar.com\/avatar\/9c877d1a6adc2a055330e5c09a8653ce?s=96&d=mm&r=g","contentUrl":"https:\/\/secure.gravatar.com\/avatar\/9c877d1a6adc2a055330e5c09a8653ce?s=96&d=mm&r=g","caption":"Bruna Greco"}}]}},"_links":{"self":[{"href":"https:\/\/www.manaus.am.gov.br\/semsa\/wp-json\/wp\/v2\/posts\/218896"}],"collection":[{"href":"https:\/\/www.manaus.am.gov.br\/semsa\/wp-json\/wp\/v2\/posts"}],"about":[{"href":"https:\/\/www.manaus.am.gov.br\/semsa\/wp-json\/wp\/v2\/types\/post"}],"author":[{"embeddable":true,"href":"https:\/\/www.manaus.am.gov.br\/semsa\/wp-json\/wp\/v2\/users\/39"}],"replies":[{"embeddable":true,"href":"https:\/\/www.manaus.am.gov.br\/semsa\/wp-json\/wp\/v2\/comments?post=218896"}],"version-history":[{"count":1,"href":"https:\/\/www.manaus.am.gov.br\/semsa\/wp-json\/wp\/v2\/posts\/218896\/revisions"}],"predecessor-version":[{"id":218899,"href":"https:\/\/www.manaus.am.gov.br\/semsa\/wp-json\/wp\/v2\/posts\/218896\/revisions\/218899"}],"wp:featuredmedia":[{"embeddable":true,"href":"https:\/\/www.manaus.am.gov.br\/semsa\/wp-json\/wp\/v2\/media\/218898"}],"wp:attachment":[{"href":"https:\/\/www.manaus.am.gov.br\/semsa\/wp-json\/wp\/v2\/media?parent=218896"}],"wp:term":[{"taxonomy":"category","embeddable":true,"href":"https:\/\/www.manaus.am.gov.br\/semsa\/wp-json\/wp\/v2\/categories?post=218896"},{"taxonomy":"post_tag","embeddable":true,"href":"https:\/\/www.manaus.am.gov.br\/semsa\/wp-json\/wp\/v2\/tags?post=218896"}],"curies":[{"name":"wp","href":"https:\/\/api.w.org\/{rel}","templated":true}]}}