{"id":218890,"date":"2024-12-06T15:20:25","date_gmt":"2024-12-06T19:20:25","guid":{"rendered":"https:\/\/www.manaus.am.gov.br\/semsa\/acao-dezembro-vermelho-escola-samba-a-grande-familia\/"},"modified":"2024-12-06T15:25:12","modified_gmt":"2024-12-06T19:25:12","slug":"acao-dezembro-vermelho-escola-samba-a-grande-familia","status":"publish","type":"post","link":"https:\/\/www.manaus.am.gov.br\/semsa\/acao-dezembro-vermelho-escola-samba-a-grande-familia\/","title":{"rendered":"Prefeitura prepara a\u00e7\u00e3o do \u2018Dezembro Vermelho\u2019 na escola de samba A Grande Fam\u00edlia"},"content":{"rendered":"\n<p>A Prefeitura de Manaus, por meio da Secretaria Municipal de Sa\u00fade (Semsa), promove, neste domingo, 8\/12, das 18h \u00e0s 21h, mais uma a\u00e7\u00e3o do \u201cDezembro Vermelho\u201d, campanha de luta contra o v\u00edrus HIV, Aids e outras Infec\u00e7\u00f5es Sexualmente Transmiss\u00edveis (ISTs), no Gr\u00eamio Recreativo Cultural Escola de Samba (GRCES) A Grande Fam\u00edlia, localizada na rua Careiro, no bairro S\u00e3o Jos\u00e9 1, zona Leste da cidade.<\/p>\n\n\n\n<p>Durante a programa\u00e7\u00e3o, haver\u00e1 distribui\u00e7\u00e3o de autotestes de HIV, de gel lubrificante, de preservativos masculinos (externos) e femininos (internos) e de material educativo, e orienta\u00e7\u00f5es sobre formas de preven\u00e7\u00e3o e os servi\u00e7os dispon\u00edveis na rede municipal de sa\u00fade.<\/p>\n\n\n\n<p>A chefe do N\u00facleo de Controle de HIV\/Aids, ISTs e Hepatites Virais da Semsa, assistente social Thayn\u00e1 Saraiva, explica que a campanha foi iniciada no \u00faltimo domingo, 1\u00ba\/12, data em que \u00e9 celebrado o Dia Mundial de Luta Contra a Aids, com uma a\u00e7\u00e3o no Gr\u00eamio Recreativo Escola de Samba (Gres) Mocidade Independente de Aparecida, na zona Sul, quando houve a distribui\u00e7\u00e3o de 5.040 preservativos masculinos e 400 femininos, e mais 74 autotestes de HIV e 400 folders educativos.<\/p>\n\n\n\n<p>\u201cA Semsa desenvolve a\u00e7\u00f5es de preven\u00e7\u00e3o e controle do HIV\/Aids na rotina de servi\u00e7o durante todo o ano. O Dezembro Vermelho \u00e9 um momento de intensificar essas a\u00e7\u00f5es, ampliando as formas de acesso da popula\u00e7\u00e3o aos servi\u00e7os\u201d, destacou Thayn\u00e1 Saraiva.<\/p>\n\n\n\n<p>A assistente social refor\u00e7a ainda que o \u201cDezembro Vermelho\u201d \u00e9 mais uma oportunidade de sensibilizar a popula\u00e7\u00e3o sobre a import\u00e2ncia da preven\u00e7\u00e3o e controle da doen\u00e7a.<\/p>\n\n\n\n<p>\u201cA informa\u00e7\u00e3o e o conhecimento s\u00e3o um primeiro passo, o primeiro incentivo, para que as pessoas procurem uma unidade de sa\u00fade, onde a popula\u00e7\u00e3o tem acesso, de forma gratuita, aos preservativos e ao teste r\u00e1pido para o diagn\u00f3stico, e tamb\u00e9m a um tratamento adequado, o que vai permitir que o paciente possa ter uma boa qualidade de vida\u201d, afirmou Thayn\u00e1.<\/p>\n\n\n\n<p>A Semsa oferece ainda os servi\u00e7os de Profilaxia Pr\u00e9-Exposi\u00e7\u00e3o ao HIV (PrEP), que previne a infec\u00e7\u00e3o pelo HIV antes da exposi\u00e7\u00e3o sexual com o uso de antirretrovirais; e Profilaxia P\u00f3s-Exposi\u00e7\u00e3o (PEP), que previne a infec\u00e7\u00e3o pelo HIV ap\u00f3s a exposi\u00e7\u00e3o sexual (indicada at\u00e9 72 horas ap\u00f3s a exposi\u00e7\u00e3o sexual).<\/p>\n\n\n\n<p>Neste ano, as unidades de sa\u00fade com oferta de Profilaxia Pr\u00e9-Exposi\u00e7\u00e3o na rede municipal realizaram 4.250 atendimentos, tendo 2.218 usu\u00e1rios ativos no servi\u00e7o. Em rela\u00e7\u00e3o \u00e0 Profilaxia P\u00f3s-Exposi\u00e7\u00e3o, implantada este ano na rede municipal em quatro unidades de sa\u00fade, houve o registro de 489 pessoas atendidas.<\/p>\n\n\n\n<figure class=\"wp-block-image size-large\"><img loading=\"lazy\" decoding=\"async\" width=\"1024\" height=\"683\" src=\"https:\/\/www.manaus.am.gov.br\/semsa\/wp-content\/uploads\/sites\/8\/2024\/12\/54177584318_9d84792cd0_k-1024x683.jpg\" alt=\"\" class=\"wp-image-218891\" srcset=\"https:\/\/www.manaus.am.gov.br\/semsa\/wp-content\/uploads\/sites\/8\/2024\/12\/54177584318_9d84792cd0_k-1024x683.jpg 1024w, https:\/\/www.manaus.am.gov.br\/semsa\/wp-content\/uploads\/sites\/8\/2024\/12\/54177584318_9d84792cd0_k-300x200.jpg 300w, https:\/\/www.manaus.am.gov.br\/semsa\/wp-content\/uploads\/sites\/8\/2024\/12\/54177584318_9d84792cd0_k-768x512.jpg 768w, https:\/\/www.manaus.am.gov.br\/semsa\/wp-content\/uploads\/sites\/8\/2024\/12\/54177584318_9d84792cd0_k-1536x1024.jpg 1536w, https:\/\/www.manaus.am.gov.br\/semsa\/wp-content\/uploads\/sites\/8\/2024\/12\/54177584318_9d84792cd0_k.jpg 2048w\" sizes=\"(max-width: 1024px) 100vw, 1024px\" \/><\/figure>\n\n\n\n<p><strong>Infec\u00e7\u00e3o<\/strong><\/p>\n\n\n\n<p>A Aids \u00e9 uma doen\u00e7a causada pelo V\u00edrus da Imunodefici\u00eancia Humana (HIV \u00e9 a sigla em ingl\u00eas), que ataca o sistema imunol\u00f3gico e prejudica a capacidade de defesa do organismo contra doen\u00e7as. O v\u00edrus HIV \u00e9 transmitido, principalmente, por meio do contato sexual (oral, vaginal e anal), sem o uso de preservativo. Tamb\u00e9m pode ocorrer transmiss\u00e3o da m\u00e3e para a crian\u00e7a durante a gesta\u00e7\u00e3o, o parto ou a amamenta\u00e7\u00e3o.<\/p>\n\n\n\n<p>No per\u00edodo de janeiro a novembro deste ano, Manaus registrou 1.294 novos casos de HIV em adultos residentes na cidade. O sexo masculino apresenta maior n\u00famero de casos, em uma raz\u00e3o de 3,4 casos homens para cada caso em mulheres.<\/p>\n\n\n\n<p>O maior n\u00famero de casos est\u00e1 concentrado na popula\u00e7\u00e3o jovem com vida sexual\/reprodutiva ativa, na faixa et\u00e1ria entre 10 a 39 anos com 78,9% dos casos.<\/p>\n\n\n\n<p>Em rela\u00e7\u00e3o aos casos novos de Aids registrados para o mesmo per\u00edodo, foram identificados 346, com predomin\u00e2ncia no sexo de nascimento masculino e na faixa et\u00e1ria de 20 a 39 anos em 57,9% dos casos.<\/p>\n\n\n\n<p>&#8212; &#8212; &#8212;<\/p>\n\n\n\n<p><strong>Texto <\/strong>\u2013 Euriv\u00e2nia Gal\u00facio\/Semsa<\/p>\n\n\n\n<p><strong>Fotos &#8211;<\/strong> Valdo Le\u00e3o\/Arquivo Semcom<\/p>\n\n\n\n<p><strong>Dispon\u00edveis em \u2013 <\/strong><a href=\"https:\/\/flic.kr\/s\/aHBqjBTze1\">https:\/\/flic.kr\/s\/aHBqjBTze1<\/a><\/p>\n","protected":false},"excerpt":{"rendered":"","protected":false},"author":39,"featured_media":218892,"comment_status":"closed","ping_status":"closed","sticky":false,"template":"","format":"standard","meta":{"footnotes":""},"categories":[16],"tags":[2722,2695,2723,2724,54,28],"acf":[],"yoast_head":"<!-- This site is optimized with the Yoast SEO plugin v23.0 - https:\/\/yoast.com\/wordpress\/plugins\/seo\/ -->\n<title>A\u00e7\u00e3o &#039;Dezembro Vermelho&#039; na escola de samba A Grande Fam\u00edlia<\/title>\n<meta name=\"description\" content=\"Prefeitura de Manaus, por meio da Semsa, prepara a\u00e7\u00e3o do \u2018Dezembro Vermelho\u2019 na escola de samba A Grande Fam\u00edlia.\" \/>\n<meta name=\"robots\" content=\"index, follow, max-snippet:-1, max-image-preview:large, max-video-preview:-1\" \/>\n<link rel=\"canonical\" href=\"https:\/\/www.manaus.am.gov.br\/semsa\/acao-dezembro-vermelho-escola-samba-a-grande-familia\/\" \/>\n<meta property=\"og:locale\" content=\"pt_BR\" \/>\n<meta property=\"og:type\" content=\"article\" \/>\n<meta property=\"og:title\" content=\"A\u00e7\u00e3o &#039;Dezembro Vermelho&#039; na escola de samba A Grande Fam\u00edlia\" \/>\n<meta property=\"og:description\" content=\"Prefeitura de Manaus, por meio da Semsa, prepara a\u00e7\u00e3o do \u2018Dezembro Vermelho\u2019 na escola de samba A Grande Fam\u00edlia.\" \/>\n<meta property=\"og:url\" content=\"https:\/\/www.manaus.am.gov.br\/semsa\/acao-dezembro-vermelho-escola-samba-a-grande-familia\/\" \/>\n<meta property=\"og:site_name\" content=\"SEMSA\" \/>\n<meta property=\"article:published_time\" content=\"2024-12-06T19:20:25+00:00\" \/>\n<meta property=\"article:modified_time\" content=\"2024-12-06T19:25:12+00:00\" \/>\n<meta property=\"og:image\" content=\"https:\/\/www.manaus.am.gov.br\/semsa\/wp-content\/uploads\/sites\/8\/2024\/12\/54177584148_e860be5b88_k.jpg\" \/>\n\t<meta property=\"og:image:width\" content=\"2048\" \/>\n\t<meta property=\"og:image:height\" content=\"1365\" \/>\n\t<meta property=\"og:image:type\" content=\"image\/jpeg\" \/>\n<meta name=\"author\" content=\"Bruna Greco\" \/>\n<meta name=\"twitter:card\" content=\"summary_large_image\" \/>\n<meta name=\"twitter:label1\" content=\"Written by\" \/>\n\t<meta name=\"twitter:data1\" content=\"Bruna Greco\" \/>\n\t<meta name=\"twitter:label2\" content=\"Est. reading time\" \/>\n\t<meta name=\"twitter:data2\" content=\"4 minutos\" \/>\n<script type=\"application\/ld+json\" class=\"yoast-schema-graph\">{\"@context\":\"https:\/\/schema.org\",\"@graph\":[{\"@type\":\"WebPage\",\"@id\":\"https:\/\/www.manaus.am.gov.br\/semsa\/acao-dezembro-vermelho-escola-samba-a-grande-familia\/\",\"url\":\"https:\/\/www.manaus.am.gov.br\/semsa\/acao-dezembro-vermelho-escola-samba-a-grande-familia\/\",\"name\":\"A\u00e7\u00e3o 'Dezembro Vermelho' na escola de samba A Grande Fam\u00edlia\",\"isPartOf\":{\"@id\":\"https:\/\/www.manaus.am.gov.br\/semsa\/#website\"},\"primaryImageOfPage\":{\"@id\":\"https:\/\/www.manaus.am.gov.br\/semsa\/acao-dezembro-vermelho-escola-samba-a-grande-familia\/#primaryimage\"},\"image\":{\"@id\":\"https:\/\/www.manaus.am.gov.br\/semsa\/acao-dezembro-vermelho-escola-samba-a-grande-familia\/#primaryimage\"},\"thumbnailUrl\":\"https:\/\/www.manaus.am.gov.br\/semsa\/wp-content\/uploads\/sites\/8\/2024\/12\/54177584148_e860be5b88_k.jpg\",\"datePublished\":\"2024-12-06T19:20:25+00:00\",\"dateModified\":\"2024-12-06T19:25:12+00:00\",\"author\":{\"@id\":\"https:\/\/www.manaus.am.gov.br\/semsa\/#\/schema\/person\/05d223aea2bf115f9883a6ff3683d81b\"},\"description\":\"Prefeitura de Manaus, por meio da Semsa, prepara a\u00e7\u00e3o do \u2018Dezembro Vermelho\u2019 na escola de samba A Grande Fam\u00edlia.\",\"inLanguage\":\"pt-BR\",\"potentialAction\":[{\"@type\":\"ReadAction\",\"target\":[\"https:\/\/www.manaus.am.gov.br\/semsa\/acao-dezembro-vermelho-escola-samba-a-grande-familia\/\"]}]},{\"@type\":\"ImageObject\",\"inLanguage\":\"pt-BR\",\"@id\":\"https:\/\/www.manaus.am.gov.br\/semsa\/acao-dezembro-vermelho-escola-samba-a-grande-familia\/#primaryimage\",\"url\":\"https:\/\/www.manaus.am.gov.br\/semsa\/wp-content\/uploads\/sites\/8\/2024\/12\/54177584148_e860be5b88_k.jpg\",\"contentUrl\":\"https:\/\/www.manaus.am.gov.br\/semsa\/wp-content\/uploads\/sites\/8\/2024\/12\/54177584148_e860be5b88_k.jpg\",\"width\":2048,\"height\":1365,\"caption\":\"#paratodosverem - Equipe da Semsa entregando autoteste de HVI para homem\"},{\"@type\":\"WebSite\",\"@id\":\"https:\/\/www.manaus.am.gov.br\/semsa\/#website\",\"url\":\"https:\/\/www.manaus.am.gov.br\/semsa\/\",\"name\":\"SEMSA\",\"description\":\"Secretaria Municipal de Sa\u00fade\",\"alternateName\":\"Secretaria Municipal de Sa\u00fade\",\"potentialAction\":[{\"@type\":\"SearchAction\",\"target\":{\"@type\":\"EntryPoint\",\"urlTemplate\":\"https:\/\/www.manaus.am.gov.br\/semsa\/?s={search_term_string}\"},\"query-input\":\"required name=search_term_string\"}],\"inLanguage\":\"pt-BR\"},{\"@type\":\"Person\",\"@id\":\"https:\/\/www.manaus.am.gov.br\/semsa\/#\/schema\/person\/05d223aea2bf115f9883a6ff3683d81b\",\"name\":\"Bruna Greco\",\"image\":{\"@type\":\"ImageObject\",\"inLanguage\":\"pt-BR\",\"@id\":\"https:\/\/www.manaus.am.gov.br\/semsa\/#\/schema\/person\/image\/\",\"url\":\"https:\/\/secure.gravatar.com\/avatar\/9c877d1a6adc2a055330e5c09a8653ce?s=96&d=mm&r=g\",\"contentUrl\":\"https:\/\/secure.gravatar.com\/avatar\/9c877d1a6adc2a055330e5c09a8653ce?s=96&d=mm&r=g\",\"caption\":\"Bruna Greco\"}}]}<\/script>\n<!-- \/ Yoast SEO plugin. -->","yoast_head_json":{"title":"A\u00e7\u00e3o 'Dezembro Vermelho' na escola de samba A Grande Fam\u00edlia","description":"Prefeitura de Manaus, por meio da Semsa, prepara a\u00e7\u00e3o do \u2018Dezembro Vermelho\u2019 na escola de samba A Grande Fam\u00edlia.","robots":{"index":"index","follow":"follow","max-snippet":"max-snippet:-1","max-image-preview":"max-image-preview:large","max-video-preview":"max-video-preview:-1"},"canonical":"https:\/\/www.manaus.am.gov.br\/semsa\/acao-dezembro-vermelho-escola-samba-a-grande-familia\/","og_locale":"pt_BR","og_type":"article","og_title":"A\u00e7\u00e3o 'Dezembro Vermelho' na escola de samba A Grande Fam\u00edlia","og_description":"Prefeitura de Manaus, por meio da Semsa, prepara a\u00e7\u00e3o do \u2018Dezembro Vermelho\u2019 na escola de samba A Grande Fam\u00edlia.","og_url":"https:\/\/www.manaus.am.gov.br\/semsa\/acao-dezembro-vermelho-escola-samba-a-grande-familia\/","og_site_name":"SEMSA","article_published_time":"2024-12-06T19:20:25+00:00","article_modified_time":"2024-12-06T19:25:12+00:00","og_image":[{"width":2048,"height":1365,"url":"https:\/\/www.manaus.am.gov.br\/semsa\/wp-content\/uploads\/sites\/8\/2024\/12\/54177584148_e860be5b88_k.jpg","type":"image\/jpeg"}],"author":"Bruna Greco","twitter_card":"summary_large_image","twitter_misc":{"Written by":"Bruna Greco","Est. reading time":"4 minutos"},"schema":{"@context":"https:\/\/schema.org","@graph":[{"@type":"WebPage","@id":"https:\/\/www.manaus.am.gov.br\/semsa\/acao-dezembro-vermelho-escola-samba-a-grande-familia\/","url":"https:\/\/www.manaus.am.gov.br\/semsa\/acao-dezembro-vermelho-escola-samba-a-grande-familia\/","name":"A\u00e7\u00e3o 'Dezembro Vermelho' na escola de samba A Grande Fam\u00edlia","isPartOf":{"@id":"https:\/\/www.manaus.am.gov.br\/semsa\/#website"},"primaryImageOfPage":{"@id":"https:\/\/www.manaus.am.gov.br\/semsa\/acao-dezembro-vermelho-escola-samba-a-grande-familia\/#primaryimage"},"image":{"@id":"https:\/\/www.manaus.am.gov.br\/semsa\/acao-dezembro-vermelho-escola-samba-a-grande-familia\/#primaryimage"},"thumbnailUrl":"https:\/\/www.manaus.am.gov.br\/semsa\/wp-content\/uploads\/sites\/8\/2024\/12\/54177584148_e860be5b88_k.jpg","datePublished":"2024-12-06T19:20:25+00:00","dateModified":"2024-12-06T19:25:12+00:00","author":{"@id":"https:\/\/www.manaus.am.gov.br\/semsa\/#\/schema\/person\/05d223aea2bf115f9883a6ff3683d81b"},"description":"Prefeitura de Manaus, por meio da Semsa, prepara a\u00e7\u00e3o do \u2018Dezembro Vermelho\u2019 na escola de samba A Grande Fam\u00edlia.","inLanguage":"pt-BR","potentialAction":[{"@type":"ReadAction","target":["https:\/\/www.manaus.am.gov.br\/semsa\/acao-dezembro-vermelho-escola-samba-a-grande-familia\/"]}]},{"@type":"ImageObject","inLanguage":"pt-BR","@id":"https:\/\/www.manaus.am.gov.br\/semsa\/acao-dezembro-vermelho-escola-samba-a-grande-familia\/#primaryimage","url":"https:\/\/www.manaus.am.gov.br\/semsa\/wp-content\/uploads\/sites\/8\/2024\/12\/54177584148_e860be5b88_k.jpg","contentUrl":"https:\/\/www.manaus.am.gov.br\/semsa\/wp-content\/uploads\/sites\/8\/2024\/12\/54177584148_e860be5b88_k.jpg","width":2048,"height":1365,"caption":"#paratodosverem - Equipe da Semsa entregando autoteste de HVI para homem"},{"@type":"WebSite","@id":"https:\/\/www.manaus.am.gov.br\/semsa\/#website","url":"https:\/\/www.manaus.am.gov.br\/semsa\/","name":"SEMSA","description":"Secretaria Municipal de Sa\u00fade","alternateName":"Secretaria Municipal de Sa\u00fade","potentialAction":[{"@type":"SearchAction","target":{"@type":"EntryPoint","urlTemplate":"https:\/\/www.manaus.am.gov.br\/semsa\/?s={search_term_string}"},"query-input":"required name=search_term_string"}],"inLanguage":"pt-BR"},{"@type":"Person","@id":"https:\/\/www.manaus.am.gov.br\/semsa\/#\/schema\/person\/05d223aea2bf115f9883a6ff3683d81b","name":"Bruna Greco","image":{"@type":"ImageObject","inLanguage":"pt-BR","@id":"https:\/\/www.manaus.am.gov.br\/semsa\/#\/schema\/person\/image\/","url":"https:\/\/secure.gravatar.com\/avatar\/9c877d1a6adc2a055330e5c09a8653ce?s=96&d=mm&r=g","contentUrl":"https:\/\/secure.gravatar.com\/avatar\/9c877d1a6adc2a055330e5c09a8653ce?s=96&d=mm&r=g","caption":"Bruna Greco"}}]}},"_links":{"self":[{"href":"https:\/\/www.manaus.am.gov.br\/semsa\/wp-json\/wp\/v2\/posts\/218890"}],"collection":[{"href":"https:\/\/www.manaus.am.gov.br\/semsa\/wp-json\/wp\/v2\/posts"}],"about":[{"href":"https:\/\/www.manaus.am.gov.br\/semsa\/wp-json\/wp\/v2\/types\/post"}],"author":[{"embeddable":true,"href":"https:\/\/www.manaus.am.gov.br\/semsa\/wp-json\/wp\/v2\/users\/39"}],"replies":[{"embeddable":true,"href":"https:\/\/www.manaus.am.gov.br\/semsa\/wp-json\/wp\/v2\/comments?post=218890"}],"version-history":[{"count":3,"href":"https:\/\/www.manaus.am.gov.br\/semsa\/wp-json\/wp\/v2\/posts\/218890\/revisions"}],"predecessor-version":[{"id":218895,"href":"https:\/\/www.manaus.am.gov.br\/semsa\/wp-json\/wp\/v2\/posts\/218890\/revisions\/218895"}],"wp:featuredmedia":[{"embeddable":true,"href":"https:\/\/www.manaus.am.gov.br\/semsa\/wp-json\/wp\/v2\/media\/218892"}],"wp:attachment":[{"href":"https:\/\/www.manaus.am.gov.br\/semsa\/wp-json\/wp\/v2\/media?parent=218890"}],"wp:term":[{"taxonomy":"category","embeddable":true,"href":"https:\/\/www.manaus.am.gov.br\/semsa\/wp-json\/wp\/v2\/categories?post=218890"},{"taxonomy":"post_tag","embeddable":true,"href":"https:\/\/www.manaus.am.gov.br\/semsa\/wp-json\/wp\/v2\/tags?post=218890"}],"curies":[{"name":"wp","href":"https:\/\/api.w.org\/{rel}","templated":true}]}}