{"id":218757,"date":"2024-11-28T12:37:31","date_gmt":"2024-11-28T16:37:31","guid":{"rendered":"https:\/\/www.manaus.am.gov.br\/semsa\/prefeito-vistoria-ubss-oeste\/"},"modified":"2024-11-28T12:37:33","modified_gmt":"2024-11-28T16:37:33","slug":"prefeito-vistoria-ubss-oeste","status":"publish","type":"post","link":"https:\/\/www.manaus.am.gov.br\/semsa\/prefeito-vistoria-ubss-oeste\/","title":{"rendered":"Prefeito David Almeida vistoria obras de UBSs na zona Oeste de Manaus"},"content":{"rendered":"\n<p>O prefeito de Manaus, David Almeida, vistoriou, na manh\u00e3 desta quinta-feira, 28\/11, o andamento das obras de tr\u00eas Unidades B\u00e1sicas de Sa\u00fade (UBSs), sendo duas localizadas no bairro Compensa e uma no Santo Agostinho, na zona Oeste da capital. A estimativa \u00e9 que as estruturas sejam entregues \u00e0 popula\u00e7\u00e3o a partir de dezembro deste ano.<\/p>\n\n\n\n<p>De acordo com o chefe do Executivo municipal, para 2025, o planejamento da Prefeitura de Manaus \u00e9 fortalecer e ampliar ainda mais a aten\u00e7\u00e3o prim\u00e1ria da rede b\u00e1sica de sa\u00fade na cidade.<\/p>\n\n\n\n<p>\u201cAqui no bairro Compensa, vamos entregar mais uma grande obra de constru\u00e7\u00e3o de uma UBS, de porte 4, que \u00e9 a mudan\u00e7a total na transforma\u00e7\u00e3o das estruturas da prefeitura em rela\u00e7\u00e3o \u00e0 sa\u00fade b\u00e1sica. N\u00f3s j\u00e1 estamos na fase de conclus\u00e3o da obra. Esta \u00e9 uma obra que vamos entregar como presente de Natal, j\u00e1 no pr\u00f3ximo m\u00eas de dezembro, para a zona Oeste de Manaus\u201d, informou.<\/p>\n\n\n\n<p>David Almeida fiscalizou, ainda, as obras da Unidade de Sa\u00fade da Fam\u00edlia (USF) Leonor de Freitas, no bairro Compensa, e da UBS Dom Milton, tamb\u00e9m de porte 4, no Santo Agostinho. Ambas t\u00eam previs\u00e3o de entrega para o primeiro semestre de 2025.<\/p>\n\n\n\n<p>As USFs s\u00e3o unidades de sa\u00fade que oferecem assist\u00eancia integral, cont\u00ednua e de qualidade, desenvolvida por uma equipe multiprofissional, oferecendo a carteira completa de servi\u00e7os de aten\u00e7\u00e3o b\u00e1sica, o que inclui consultas m\u00e9dicas em cl\u00ednica geral e pediatria, consultas de enfermagem e odontol\u00f3gicas, planejamento reprodutivo, pr\u00e9-natal, imuniza\u00e7\u00e3o, controle e acompanhamento de hipertens\u00e3o e diabetes, exames laboratoriais e exames espec\u00edficos, como o preventivo do c\u00e2ncer do colo do \u00fatero, teste do pezinho e testes r\u00e1pidos para s\u00edfilis, HIV e hepatites virais.<\/p>\n\n\n\n<p>Al\u00e9m da oferta de atendimento m\u00e9dico, odontol\u00f3gico e de enfermagem, entre outras especialidades, a UBS, de porte 4, est\u00e1 projetada para atender at\u00e9 1.200 pessoas diariamente, al\u00e9m de visitas domiciliares e acompanhamento de programas sociais.<\/p>\n\n\n\n<p><strong>Salto de qualidade<\/strong><\/p>\n\n\n\n<p>A Prefeitura de Manaus est\u00e1 ampliando a oferta de sa\u00fade b\u00e1sica em toda a cidade. As novas unidades seguem um novo padr\u00e3o estabelecido para a rede de assist\u00eancia \u00e0 sa\u00fade, com capacidade para incorporar, em sua estrutura, os servi\u00e7os das chamadas \u201ccasinhas de sa\u00fade\u201d, de 32 metros quadrados, consideradas inadequadas na atualidade e que deixar\u00e3o de existir \u00e0 medida em que forem inauguradas as unidades de porte 4 nas diferentes regi\u00f5es geogr\u00e1ficas da capital.<\/p>\n\n\n\n<p>At\u00e9 o momento j\u00e1 foram entregues 97 unidades de sa\u00fade, sendo sete USFs, de porte 4.<\/p>\n\n\n\n<p>&#8212; &#8212; &#8212;<\/p>\n\n\n\n<p><strong>Texto\u00a0<\/strong>&#8211; Emanuelle Baires\/Semcom<\/p>\n\n\n\n<p><strong>Fotos\u00a0<\/strong>&#8211; Dhyeizo Lemos\/Semcom<\/p>\n\n\n\n<p><strong>Dispon\u00edveis em<\/strong> &#8211; <a href=\"https:\/\/flic.kr\/s\/aHBqjBTeku\">https:\/\/flic.kr\/s\/aHBqjBTeku<\/a><\/p>\n","protected":false},"excerpt":{"rendered":"","protected":false},"author":23,"featured_media":218758,"comment_status":"closed","ping_status":"closed","sticky":false,"template":"","format":"standard","meta":{"footnotes":""},"categories":[526],"tags":[2197,558,54,1181,1069,843],"acf":[],"yoast_head":"<!-- This site is optimized with the Yoast SEO plugin v23.0 - https:\/\/yoast.com\/wordpress\/plugins\/seo\/ -->\n<title>Prefeito David Almeida vistoria obras de UBSs na zona Oeste de Manaus<\/title>\n<meta name=\"description\" content=\"O prefeito de Manaus, David Almeida, vistoriou, na manh\u00e3 desta quinta-feira, 28\/11, o andamento das obras de tr\u00eas Unidades B\u00e1sicas de Sa\u00fade (UBSs), sendo duas localizadas no bairro Compensa e uma no Santo Agostinho, na zona Oeste da capital.\" \/>\n<meta name=\"robots\" content=\"index, follow, max-snippet:-1, max-image-preview:large, max-video-preview:-1\" \/>\n<link rel=\"canonical\" href=\"https:\/\/www.manaus.am.gov.br\/semsa\/prefeito-vistoria-ubss-oeste\/\" \/>\n<meta property=\"og:locale\" content=\"pt_BR\" \/>\n<meta property=\"og:type\" content=\"article\" \/>\n<meta property=\"og:title\" content=\"Prefeito David Almeida vistoria obras de UBSs na zona Oeste de Manaus\" \/>\n<meta property=\"og:description\" content=\"O prefeito de Manaus, David Almeida, vistoriou, na manh\u00e3 desta quinta-feira, 28\/11, o andamento das obras de tr\u00eas Unidades B\u00e1sicas de Sa\u00fade (UBSs), sendo duas localizadas no bairro Compensa e uma no Santo Agostinho, na zona Oeste da capital.\" \/>\n<meta property=\"og:url\" content=\"https:\/\/www.manaus.am.gov.br\/semsa\/prefeito-vistoria-ubss-oeste\/\" \/>\n<meta property=\"og:site_name\" content=\"SEMSA\" \/>\n<meta property=\"article:published_time\" content=\"2024-11-28T16:37:31+00:00\" \/>\n<meta property=\"article:modified_time\" content=\"2024-11-28T16:37:33+00:00\" \/>\n<meta property=\"og:image\" content=\"https:\/\/www.manaus.am.gov.br\/semsa\/wp-content\/uploads\/sites\/8\/2024\/11\/54170478249_34d6b50ec5_c.jpg\" \/>\n\t<meta property=\"og:image:width\" content=\"799\" \/>\n\t<meta property=\"og:image:height\" content=\"533\" \/>\n\t<meta property=\"og:image:type\" content=\"image\/jpeg\" \/>\n<meta name=\"author\" content=\"Adriana Costa\" \/>\n<meta name=\"twitter:card\" content=\"summary_large_image\" \/>\n<meta name=\"twitter:label1\" content=\"Written by\" \/>\n\t<meta name=\"twitter:data1\" content=\"Adriana Costa\" \/>\n\t<meta name=\"twitter:label2\" content=\"Est. reading time\" \/>\n\t<meta name=\"twitter:data2\" content=\"3 minutos\" \/>\n<script type=\"application\/ld+json\" class=\"yoast-schema-graph\">{\"@context\":\"https:\/\/schema.org\",\"@graph\":[{\"@type\":\"WebPage\",\"@id\":\"https:\/\/www.manaus.am.gov.br\/semsa\/prefeito-vistoria-ubss-oeste\/\",\"url\":\"https:\/\/www.manaus.am.gov.br\/semsa\/prefeito-vistoria-ubss-oeste\/\",\"name\":\"Prefeito David Almeida vistoria obras de UBSs na zona Oeste de Manaus\",\"isPartOf\":{\"@id\":\"https:\/\/www.manaus.am.gov.br\/semsa\/#website\"},\"primaryImageOfPage\":{\"@id\":\"https:\/\/www.manaus.am.gov.br\/semsa\/prefeito-vistoria-ubss-oeste\/#primaryimage\"},\"image\":{\"@id\":\"https:\/\/www.manaus.am.gov.br\/semsa\/prefeito-vistoria-ubss-oeste\/#primaryimage\"},\"thumbnailUrl\":\"https:\/\/www.manaus.am.gov.br\/semsa\/wp-content\/uploads\/sites\/8\/2024\/11\/54170478249_34d6b50ec5_c.jpg\",\"datePublished\":\"2024-11-28T16:37:31+00:00\",\"dateModified\":\"2024-11-28T16:37:33+00:00\",\"author\":{\"@id\":\"https:\/\/www.manaus.am.gov.br\/semsa\/#\/schema\/person\/4e49f4e267757a06ca072ec61b2b9968\"},\"description\":\"O prefeito de Manaus, David Almeida, vistoriou, na manh\u00e3 desta quinta-feira, 28\/11, o andamento das obras de tr\u00eas Unidades B\u00e1sicas de Sa\u00fade (UBSs), sendo duas localizadas no bairro Compensa e uma no Santo Agostinho, na zona Oeste da capital.\",\"inLanguage\":\"pt-BR\",\"potentialAction\":[{\"@type\":\"ReadAction\",\"target\":[\"https:\/\/www.manaus.am.gov.br\/semsa\/prefeito-vistoria-ubss-oeste\/\"]}]},{\"@type\":\"ImageObject\",\"inLanguage\":\"pt-BR\",\"@id\":\"https:\/\/www.manaus.am.gov.br\/semsa\/prefeito-vistoria-ubss-oeste\/#primaryimage\",\"url\":\"https:\/\/www.manaus.am.gov.br\/semsa\/wp-content\/uploads\/sites\/8\/2024\/11\/54170478249_34d6b50ec5_c.jpg\",\"contentUrl\":\"https:\/\/www.manaus.am.gov.br\/semsa\/wp-content\/uploads\/sites\/8\/2024\/11\/54170478249_34d6b50ec5_c.jpg\",\"width\":799,\"height\":533},{\"@type\":\"WebSite\",\"@id\":\"https:\/\/www.manaus.am.gov.br\/semsa\/#website\",\"url\":\"https:\/\/www.manaus.am.gov.br\/semsa\/\",\"name\":\"SEMSA\",\"description\":\"Secretaria Municipal de Sa\u00fade\",\"alternateName\":\"Secretaria Municipal de Sa\u00fade\",\"potentialAction\":[{\"@type\":\"SearchAction\",\"target\":{\"@type\":\"EntryPoint\",\"urlTemplate\":\"https:\/\/www.manaus.am.gov.br\/semsa\/?s={search_term_string}\"},\"query-input\":\"required name=search_term_string\"}],\"inLanguage\":\"pt-BR\"},{\"@type\":\"Person\",\"@id\":\"https:\/\/www.manaus.am.gov.br\/semsa\/#\/schema\/person\/4e49f4e267757a06ca072ec61b2b9968\",\"name\":\"Adriana Costa\",\"image\":{\"@type\":\"ImageObject\",\"inLanguage\":\"pt-BR\",\"@id\":\"https:\/\/www.manaus.am.gov.br\/semsa\/#\/schema\/person\/image\/\",\"url\":\"https:\/\/secure.gravatar.com\/avatar\/576258617ef7194f718179e766d57bd4?s=96&d=mm&r=g\",\"contentUrl\":\"https:\/\/secure.gravatar.com\/avatar\/576258617ef7194f718179e766d57bd4?s=96&d=mm&r=g\",\"caption\":\"Adriana Costa\"}}]}<\/script>\n<!-- \/ Yoast SEO plugin. -->","yoast_head_json":{"title":"Prefeito David Almeida vistoria obras de UBSs na zona Oeste de Manaus","description":"O prefeito de Manaus, David Almeida, vistoriou, na manh\u00e3 desta quinta-feira, 28\/11, o andamento das obras de tr\u00eas Unidades B\u00e1sicas de Sa\u00fade (UBSs), sendo duas localizadas no bairro Compensa e uma no Santo Agostinho, na zona Oeste da capital.","robots":{"index":"index","follow":"follow","max-snippet":"max-snippet:-1","max-image-preview":"max-image-preview:large","max-video-preview":"max-video-preview:-1"},"canonical":"https:\/\/www.manaus.am.gov.br\/semsa\/prefeito-vistoria-ubss-oeste\/","og_locale":"pt_BR","og_type":"article","og_title":"Prefeito David Almeida vistoria obras de UBSs na zona Oeste de Manaus","og_description":"O prefeito de Manaus, David Almeida, vistoriou, na manh\u00e3 desta quinta-feira, 28\/11, o andamento das obras de tr\u00eas Unidades B\u00e1sicas de Sa\u00fade (UBSs), sendo duas localizadas no bairro Compensa e uma no Santo Agostinho, na zona Oeste da capital.","og_url":"https:\/\/www.manaus.am.gov.br\/semsa\/prefeito-vistoria-ubss-oeste\/","og_site_name":"SEMSA","article_published_time":"2024-11-28T16:37:31+00:00","article_modified_time":"2024-11-28T16:37:33+00:00","og_image":[{"width":799,"height":533,"url":"https:\/\/www.manaus.am.gov.br\/semsa\/wp-content\/uploads\/sites\/8\/2024\/11\/54170478249_34d6b50ec5_c.jpg","type":"image\/jpeg"}],"author":"Adriana Costa","twitter_card":"summary_large_image","twitter_misc":{"Written by":"Adriana Costa","Est. reading time":"3 minutos"},"schema":{"@context":"https:\/\/schema.org","@graph":[{"@type":"WebPage","@id":"https:\/\/www.manaus.am.gov.br\/semsa\/prefeito-vistoria-ubss-oeste\/","url":"https:\/\/www.manaus.am.gov.br\/semsa\/prefeito-vistoria-ubss-oeste\/","name":"Prefeito David Almeida vistoria obras de UBSs na zona Oeste de Manaus","isPartOf":{"@id":"https:\/\/www.manaus.am.gov.br\/semsa\/#website"},"primaryImageOfPage":{"@id":"https:\/\/www.manaus.am.gov.br\/semsa\/prefeito-vistoria-ubss-oeste\/#primaryimage"},"image":{"@id":"https:\/\/www.manaus.am.gov.br\/semsa\/prefeito-vistoria-ubss-oeste\/#primaryimage"},"thumbnailUrl":"https:\/\/www.manaus.am.gov.br\/semsa\/wp-content\/uploads\/sites\/8\/2024\/11\/54170478249_34d6b50ec5_c.jpg","datePublished":"2024-11-28T16:37:31+00:00","dateModified":"2024-11-28T16:37:33+00:00","author":{"@id":"https:\/\/www.manaus.am.gov.br\/semsa\/#\/schema\/person\/4e49f4e267757a06ca072ec61b2b9968"},"description":"O prefeito de Manaus, David Almeida, vistoriou, na manh\u00e3 desta quinta-feira, 28\/11, o andamento das obras de tr\u00eas Unidades B\u00e1sicas de Sa\u00fade (UBSs), sendo duas localizadas no bairro Compensa e uma no Santo Agostinho, na zona Oeste da capital.","inLanguage":"pt-BR","potentialAction":[{"@type":"ReadAction","target":["https:\/\/www.manaus.am.gov.br\/semsa\/prefeito-vistoria-ubss-oeste\/"]}]},{"@type":"ImageObject","inLanguage":"pt-BR","@id":"https:\/\/www.manaus.am.gov.br\/semsa\/prefeito-vistoria-ubss-oeste\/#primaryimage","url":"https:\/\/www.manaus.am.gov.br\/semsa\/wp-content\/uploads\/sites\/8\/2024\/11\/54170478249_34d6b50ec5_c.jpg","contentUrl":"https:\/\/www.manaus.am.gov.br\/semsa\/wp-content\/uploads\/sites\/8\/2024\/11\/54170478249_34d6b50ec5_c.jpg","width":799,"height":533},{"@type":"WebSite","@id":"https:\/\/www.manaus.am.gov.br\/semsa\/#website","url":"https:\/\/www.manaus.am.gov.br\/semsa\/","name":"SEMSA","description":"Secretaria Municipal de Sa\u00fade","alternateName":"Secretaria Municipal de Sa\u00fade","potentialAction":[{"@type":"SearchAction","target":{"@type":"EntryPoint","urlTemplate":"https:\/\/www.manaus.am.gov.br\/semsa\/?s={search_term_string}"},"query-input":"required name=search_term_string"}],"inLanguage":"pt-BR"},{"@type":"Person","@id":"https:\/\/www.manaus.am.gov.br\/semsa\/#\/schema\/person\/4e49f4e267757a06ca072ec61b2b9968","name":"Adriana Costa","image":{"@type":"ImageObject","inLanguage":"pt-BR","@id":"https:\/\/www.manaus.am.gov.br\/semsa\/#\/schema\/person\/image\/","url":"https:\/\/secure.gravatar.com\/avatar\/576258617ef7194f718179e766d57bd4?s=96&d=mm&r=g","contentUrl":"https:\/\/secure.gravatar.com\/avatar\/576258617ef7194f718179e766d57bd4?s=96&d=mm&r=g","caption":"Adriana Costa"}}]}},"_links":{"self":[{"href":"https:\/\/www.manaus.am.gov.br\/semsa\/wp-json\/wp\/v2\/posts\/218757"}],"collection":[{"href":"https:\/\/www.manaus.am.gov.br\/semsa\/wp-json\/wp\/v2\/posts"}],"about":[{"href":"https:\/\/www.manaus.am.gov.br\/semsa\/wp-json\/wp\/v2\/types\/post"}],"author":[{"embeddable":true,"href":"https:\/\/www.manaus.am.gov.br\/semsa\/wp-json\/wp\/v2\/users\/23"}],"replies":[{"embeddable":true,"href":"https:\/\/www.manaus.am.gov.br\/semsa\/wp-json\/wp\/v2\/comments?post=218757"}],"version-history":[{"count":0,"href":"https:\/\/www.manaus.am.gov.br\/semsa\/wp-json\/wp\/v2\/posts\/218757\/revisions"}],"wp:featuredmedia":[{"embeddable":true,"href":"https:\/\/www.manaus.am.gov.br\/semsa\/wp-json\/wp\/v2\/media\/218758"}],"wp:attachment":[{"href":"https:\/\/www.manaus.am.gov.br\/semsa\/wp-json\/wp\/v2\/media?parent=218757"}],"wp:term":[{"taxonomy":"category","embeddable":true,"href":"https:\/\/www.manaus.am.gov.br\/semsa\/wp-json\/wp\/v2\/categories?post=218757"},{"taxonomy":"post_tag","embeddable":true,"href":"https:\/\/www.manaus.am.gov.br\/semsa\/wp-json\/wp\/v2\/tags?post=218757"}],"curies":[{"name":"wp","href":"https:\/\/api.w.org\/{rel}","templated":true}]}}