{"id":218610,"date":"2024-11-21T13:00:12","date_gmt":"2024-11-21T17:00:12","guid":{"rendered":"https:\/\/www.manaus.am.gov.br\/semsa\/prefeitura-semsa-lesoesdiabeticas\/"},"modified":"2024-11-21T17:34:48","modified_gmt":"2024-11-21T21:34:48","slug":"prefeitura-semsa-lesoesdiabeticas","status":"publish","type":"post","link":"https:\/\/www.manaus.am.gov.br\/semsa\/prefeitura-semsa-lesoesdiabeticas\/","title":{"rendered":"Equipes da prefeitura exp\u00f5em experi\u00eancias exitosas no tratamento de les\u00f5es diab\u00e9ticas em encontro"},"content":{"rendered":"\n<p>A Prefeitura de Manaus realiza, nesta sexta-feira, 22\/11, o 2\u00ba Encontro de Experi\u00eancias Exitosas no Cuidado da Les\u00e3o Diab\u00e9tica na Aten\u00e7\u00e3o Prim\u00e1ria \u00e0 Sa\u00fade (APS). Promovido pela Secretaria Municipal de Sa\u00fade (Semsa), o evento visa capacitar profissionais de sa\u00fade no tratamento de feridas, por meio de palestras com especialistas e da troca de experi\u00eancias bem sucedidas e desenvolvidas nas unidades de refer\u00eancia na aten\u00e7\u00e3o \u00e0 les\u00e3o diab\u00e9tica da rede municipal.<\/p>\n\n\n\n<p>O evento \u00e9 voltado a profissionais m\u00e9dicos, enfermeiros, t\u00e9cnicos de enfermagem, gestores e acad\u00eamicos da \u00e1rea da Sa\u00fade, e acontecer\u00e1 no audit\u00f3rio da faculdade Martha Falc\u00e3o \u2013 Wyden, situada na rua Natal, n\u00ba 300, bairro Adrian\u00f3polis, zona Centro-Sul. A programa\u00e7\u00e3o abrange palestras e apresenta\u00e7\u00f5es de casos de sucesso, no hor\u00e1rio das 8h \u00e0s 17h, com intervalo para almo\u00e7o, das 12h \u00e0s 14h.<\/p>\n\n\n\n<p>Para a chefe do N\u00facleo de Aten\u00e7\u00e3o \u00e0 Sa\u00fade das Pessoas com Doen\u00e7as Circulat\u00f3rias e Diabetes, enfermeira Phamela Costa, o evento constitui uma oportunidade para os profissionais de sa\u00fade de conhecer mais a fundo sobre o manejo das les\u00f5es diab\u00e9ticas, uma das complica\u00e7\u00f5es mais frequentes entre pessoas com&nbsp;<em>diabetes mellitus<\/em>.<\/p>\n\n\n\n<p>\u201cO encontro vai apresentar aos participantes um panorama das les\u00f5es diab\u00e9ticas, enfocando esse agravo e seu impacto na aten\u00e7\u00e3o prim\u00e1ria, \u00e0 avalia\u00e7\u00e3o e cuidado de usu\u00e1rios, e destacando tratamentos de sucesso conduzidos pelas equipes da Semsa\u201d, assinala a gestora.<\/p>\n\n\n\n<p>A programa\u00e7\u00e3o inicia com uma palestra sobre \u201cEpidemiologia e impacto das les\u00f5es diab\u00e9ticas\u201d, feita por Phamela Costa. Logo ap\u00f3s, o professor da Universidade do Estado do Amazonas (UEA) e especialista em estomatoterapia, feridas, estomias e incontin\u00eancias, Nilson Bezerra, realiza apresenta\u00e7\u00e3o com o tema \u201cFisiopatologia das les\u00f5es diab\u00e9ticas e avalia\u00e7\u00e3o inicial do paciente\u201d.<\/p>\n\n\n\n<p>Ainda no hor\u00e1rio matutino, o enfermeiro da Unidade de Sa\u00fade da Fam\u00edlia (USF) Franco de S\u00e1, \u00cdtalo Dias, apresenta palestra com foco nas \u201cPr\u00e1ticas cl\u00ednicas e uso de tecnologia em tratamentos de les\u00f5es diab\u00e9ticas\u201d. Ap\u00f3s o intervalo, as atividades seguem \u00e0 tarde com apresenta\u00e7\u00f5es de casos de sucesso no cuidado de les\u00f5es diab\u00e9ticas, feitas por enfermeiros das unidades de refer\u00eancia da Semsa.<\/p>\n\n\n\n<p>O 2\u00ba Encontro de Experi\u00eancias Exitosas no Cuidado da Les\u00e3o Diab\u00e9tica na APS integra as a\u00e7\u00f5es da Semsa pelo Dia Mundial do Diabetes (14 de novembro). Ao longo deste m\u00eas, a secretaria vem intensificando a oferta de servi\u00e7os, exames e atividades de educa\u00e7\u00e3o em sa\u00fade nas unidades da rede municipal, com foco na preven\u00e7\u00e3o e no cuidado com a doen\u00e7a.<\/p>\n\n\n\n<p>Agravo e aten\u00e7\u00e3o<\/p>\n\n\n\n<p>As les\u00f5es diab\u00e9ticas, conforme Phamela Costa, s\u00e3o uma complica\u00e7\u00e3o do diabetes marcada por feridas ou \u00falceras nos membros inferiores, agravadas pela condi\u00e7\u00e3o.<\/p>\n\n\n\n<p>\u201cPessoas diab\u00e9ticas costumam apresentar problemas de circula\u00e7\u00e3o e perda de sensibilidade nas pernas e p\u00e9s em raz\u00e3o da doen\u00e7a e, nessa condi\u00e7\u00e3o, uma ferida pode demorar mais a cicatrizar e ficar mais propensa a infec\u00e7\u00f5es\u201d, explica.<\/p>\n\n\n\n<p>A gestora ressalta que, por conta da sensibilidade reduzida, uma ferida p\u00e9s ou pernas pode evoluir sem ser notada, trazendo com isso um risco maior de perda do membro.<\/p>\n\n\n\n<p>\u201cEm raz\u00e3o disso, enfatizamos o cuidado com os p\u00e9s e o autocuidado entre usu\u00e1rios com diabetes, evitando que venham a ter les\u00f5es graves, mais dif\u00edceis de tratar e capazes de levar \u00e0 amputa\u00e7\u00e3o, uma medida extrema e de severo impacto f\u00edsico, psicol\u00f3gico e social\u201d, aponta.<\/p>\n\n\n\n<p>Phamela informa que o atendimento a usu\u00e1rios com les\u00f5es diab\u00e9ticas \u00e9 ofertado em todas as unidades da rede municipal, dentre as quais 27 s\u00e3o refer\u00eancia no tratamento do agravo. \u201cEstamos realizando cursos de qualifica\u00e7\u00e3o com profissionais de outras oito unidades, e com isso chegaremos a 35 unidades de refer\u00eancia at\u00e9 o fim deste ano\u201d.<\/p>\n\n\n\n<p>A Semsa, acrescenta a servidora, tamb\u00e9m realiza, regularmente, cursos informais de autocuidado para usu\u00e1rios hipertensos e diab\u00e9ticos, em unidades dos cinco Distritos de Sa\u00fade (Disas) da secretaria, Norte, Leste, Oeste, Sul e rural.<\/p>\n\n\n\n<p>Condi\u00e7\u00e3o cr\u00f4nica<\/p>\n\n\n\n<p>O&nbsp;<em>diabetes mellitus<\/em>&nbsp;\u00e9 uma condi\u00e7\u00e3o cr\u00f4nica caracterizada pelo aumento do a\u00e7\u00facar no sangue, em raz\u00e3o da falta ou da m\u00e1 absor\u00e7\u00e3o da insulina. H\u00e1bitos alimentares inadequados, sobrepeso, obesidade, sedentarismo e hereditariedade est\u00e3o entre os fatores de risco associados \u00e0 doen\u00e7a, que \u00e9 mais frequente em adultos, mas tamb\u00e9m pode se manifestar em crian\u00e7as e adolescentes.<\/p>\n\n\n\n<p>Em pessoas diab\u00e9ticas sem tratamento ou controle da condi\u00e7\u00e3o, o excesso de a\u00e7\u00facar com o tempo pode levar a complica\u00e7\u00f5es diversas, como doen\u00e7as cardiovasculares e renais, problemas de vis\u00e3o, perda da fun\u00e7\u00e3o cognitiva, les\u00f5es diab\u00e9ticas, amputa\u00e7\u00e3o, entre outras.<\/p>\n\n\n\n<p>O equil\u00edbrio na alimenta\u00e7\u00e3o e a pr\u00e1tica de atividade f\u00edsica s\u00e3o algumas das medidas para controle do diabetes, al\u00e9m de acompanhamento m\u00e9dico regular e realiza\u00e7\u00e3o de exames para aferi\u00e7\u00e3o dos n\u00edveis de glicose. Quando necess\u00e1rio, o tratamento da condi\u00e7\u00e3o pode incluir ainda o uso de medicamentos e de insulina.<\/p>\n\n\n\n<p>&#8212; &#8212; &#8212; &nbsp;&nbsp;<\/p>\n\n\n\n<p><strong>Texto<\/strong>\u00a0&#8211;\u00a0Jony Clay Borges \/ Semsa<\/p>\n\n\n\n<p><strong>Fotos\u00a0<\/strong>&#8211;\u00a0Divulga\u00e7\u00e3o \/ Semsa<\/p>\n","protected":false},"excerpt":{"rendered":"","protected":false},"author":23,"featured_media":218611,"comment_status":"closed","ping_status":"closed","sticky":false,"template":"","format":"standard","meta":{"footnotes":""},"categories":[526],"tags":[1475,1393,1476,54,28],"acf":[],"yoast_head":"<!-- This site is optimized with the Yoast SEO plugin v23.0 - https:\/\/yoast.com\/wordpress\/plugins\/seo\/ -->\n<title>Equipes da prefeitura exp\u00f5em experi\u00eancias exitosas no tratamento de les\u00f5es diab\u00e9ticas em encontro<\/title>\n<meta name=\"description\" content=\"A Prefeitura de Manaus realiza, nesta sexta-feira, 22\/11, o 2\u00ba Encontro de Experi\u00eancias Exitosas no Cuidado da Les\u00e3o Diab\u00e9tica na Aten\u00e7\u00e3o Prim\u00e1ria \u00e0 Sa\u00fade (APS).\" \/>\n<meta name=\"robots\" content=\"index, follow, max-snippet:-1, max-image-preview:large, max-video-preview:-1\" \/>\n<link rel=\"canonical\" href=\"https:\/\/www.manaus.am.gov.br\/semsa\/prefeitura-semsa-lesoesdiabeticas\/\" \/>\n<meta property=\"og:locale\" content=\"pt_BR\" \/>\n<meta property=\"og:type\" content=\"article\" \/>\n<meta property=\"og:title\" content=\"Equipes da prefeitura exp\u00f5em experi\u00eancias exitosas no tratamento de les\u00f5es diab\u00e9ticas em encontro\" \/>\n<meta property=\"og:description\" content=\"A Prefeitura de Manaus realiza, nesta sexta-feira, 22\/11, o 2\u00ba Encontro de Experi\u00eancias Exitosas no Cuidado da Les\u00e3o Diab\u00e9tica na Aten\u00e7\u00e3o Prim\u00e1ria \u00e0 Sa\u00fade (APS).\" \/>\n<meta property=\"og:url\" content=\"https:\/\/www.manaus.am.gov.br\/semsa\/prefeitura-semsa-lesoesdiabeticas\/\" \/>\n<meta property=\"og:site_name\" content=\"SEMSA\" \/>\n<meta property=\"article:published_time\" content=\"2024-11-21T17:00:12+00:00\" \/>\n<meta property=\"article:modified_time\" content=\"2024-11-21T21:34:48+00:00\" \/>\n<meta property=\"og:image\" content=\"https:\/\/www.manaus.am.gov.br\/semsa\/wp-content\/uploads\/sites\/8\/2024\/11\/Novembro-21_Encontro-Experiencias-Exitosas-1.jpg\" \/>\n\t<meta property=\"og:image:width\" content=\"2049\" \/>\n\t<meta property=\"og:image:height\" content=\"1366\" \/>\n\t<meta property=\"og:image:type\" content=\"image\/jpeg\" \/>\n<meta name=\"author\" content=\"Adriana Costa\" \/>\n<meta name=\"twitter:card\" content=\"summary_large_image\" \/>\n<meta name=\"twitter:label1\" content=\"Written by\" \/>\n\t<meta name=\"twitter:data1\" content=\"Adriana Costa\" \/>\n\t<meta name=\"twitter:label2\" content=\"Est. reading time\" \/>\n\t<meta name=\"twitter:data2\" content=\"5 minutos\" \/>\n<script type=\"application\/ld+json\" class=\"yoast-schema-graph\">{\"@context\":\"https:\/\/schema.org\",\"@graph\":[{\"@type\":\"WebPage\",\"@id\":\"https:\/\/www.manaus.am.gov.br\/semsa\/prefeitura-semsa-lesoesdiabeticas\/\",\"url\":\"https:\/\/www.manaus.am.gov.br\/semsa\/prefeitura-semsa-lesoesdiabeticas\/\",\"name\":\"Equipes da prefeitura exp\u00f5em experi\u00eancias exitosas no tratamento de les\u00f5es diab\u00e9ticas em encontro\",\"isPartOf\":{\"@id\":\"https:\/\/www.manaus.am.gov.br\/semsa\/#website\"},\"primaryImageOfPage\":{\"@id\":\"https:\/\/www.manaus.am.gov.br\/semsa\/prefeitura-semsa-lesoesdiabeticas\/#primaryimage\"},\"image\":{\"@id\":\"https:\/\/www.manaus.am.gov.br\/semsa\/prefeitura-semsa-lesoesdiabeticas\/#primaryimage\"},\"thumbnailUrl\":\"https:\/\/www.manaus.am.gov.br\/semsa\/wp-content\/uploads\/sites\/8\/2024\/11\/Novembro-21_Encontro-Experiencias-Exitosas-1.jpg\",\"datePublished\":\"2024-11-21T17:00:12+00:00\",\"dateModified\":\"2024-11-21T21:34:48+00:00\",\"author\":{\"@id\":\"https:\/\/www.manaus.am.gov.br\/semsa\/#\/schema\/person\/4e49f4e267757a06ca072ec61b2b9968\"},\"description\":\"A Prefeitura de Manaus realiza, nesta sexta-feira, 22\/11, o 2\u00ba Encontro de Experi\u00eancias Exitosas no Cuidado da Les\u00e3o Diab\u00e9tica na Aten\u00e7\u00e3o Prim\u00e1ria \u00e0 Sa\u00fade (APS).\",\"inLanguage\":\"pt-BR\",\"potentialAction\":[{\"@type\":\"ReadAction\",\"target\":[\"https:\/\/www.manaus.am.gov.br\/semsa\/prefeitura-semsa-lesoesdiabeticas\/\"]}]},{\"@type\":\"ImageObject\",\"inLanguage\":\"pt-BR\",\"@id\":\"https:\/\/www.manaus.am.gov.br\/semsa\/prefeitura-semsa-lesoesdiabeticas\/#primaryimage\",\"url\":\"https:\/\/www.manaus.am.gov.br\/semsa\/wp-content\/uploads\/sites\/8\/2024\/11\/Novembro-21_Encontro-Experiencias-Exitosas-1.jpg\",\"contentUrl\":\"https:\/\/www.manaus.am.gov.br\/semsa\/wp-content\/uploads\/sites\/8\/2024\/11\/Novembro-21_Encontro-Experiencias-Exitosas-1.jpg\",\"width\":2049,\"height\":1366},{\"@type\":\"WebSite\",\"@id\":\"https:\/\/www.manaus.am.gov.br\/semsa\/#website\",\"url\":\"https:\/\/www.manaus.am.gov.br\/semsa\/\",\"name\":\"SEMSA\",\"description\":\"Secretaria Municipal de Sa\u00fade\",\"alternateName\":\"Secretaria Municipal de Sa\u00fade\",\"potentialAction\":[{\"@type\":\"SearchAction\",\"target\":{\"@type\":\"EntryPoint\",\"urlTemplate\":\"https:\/\/www.manaus.am.gov.br\/semsa\/?s={search_term_string}\"},\"query-input\":\"required name=search_term_string\"}],\"inLanguage\":\"pt-BR\"},{\"@type\":\"Person\",\"@id\":\"https:\/\/www.manaus.am.gov.br\/semsa\/#\/schema\/person\/4e49f4e267757a06ca072ec61b2b9968\",\"name\":\"Adriana Costa\",\"image\":{\"@type\":\"ImageObject\",\"inLanguage\":\"pt-BR\",\"@id\":\"https:\/\/www.manaus.am.gov.br\/semsa\/#\/schema\/person\/image\/\",\"url\":\"https:\/\/secure.gravatar.com\/avatar\/576258617ef7194f718179e766d57bd4?s=96&d=mm&r=g\",\"contentUrl\":\"https:\/\/secure.gravatar.com\/avatar\/576258617ef7194f718179e766d57bd4?s=96&d=mm&r=g\",\"caption\":\"Adriana Costa\"}}]}<\/script>\n<!-- \/ Yoast SEO plugin. -->","yoast_head_json":{"title":"Equipes da prefeitura exp\u00f5em experi\u00eancias exitosas no tratamento de les\u00f5es diab\u00e9ticas em encontro","description":"A Prefeitura de Manaus realiza, nesta sexta-feira, 22\/11, o 2\u00ba Encontro de Experi\u00eancias Exitosas no Cuidado da Les\u00e3o Diab\u00e9tica na Aten\u00e7\u00e3o Prim\u00e1ria \u00e0 Sa\u00fade (APS).","robots":{"index":"index","follow":"follow","max-snippet":"max-snippet:-1","max-image-preview":"max-image-preview:large","max-video-preview":"max-video-preview:-1"},"canonical":"https:\/\/www.manaus.am.gov.br\/semsa\/prefeitura-semsa-lesoesdiabeticas\/","og_locale":"pt_BR","og_type":"article","og_title":"Equipes da prefeitura exp\u00f5em experi\u00eancias exitosas no tratamento de les\u00f5es diab\u00e9ticas em encontro","og_description":"A Prefeitura de Manaus realiza, nesta sexta-feira, 22\/11, o 2\u00ba Encontro de Experi\u00eancias Exitosas no Cuidado da Les\u00e3o Diab\u00e9tica na Aten\u00e7\u00e3o Prim\u00e1ria \u00e0 Sa\u00fade (APS).","og_url":"https:\/\/www.manaus.am.gov.br\/semsa\/prefeitura-semsa-lesoesdiabeticas\/","og_site_name":"SEMSA","article_published_time":"2024-11-21T17:00:12+00:00","article_modified_time":"2024-11-21T21:34:48+00:00","og_image":[{"width":2049,"height":1366,"url":"https:\/\/www.manaus.am.gov.br\/semsa\/wp-content\/uploads\/sites\/8\/2024\/11\/Novembro-21_Encontro-Experiencias-Exitosas-1.jpg","type":"image\/jpeg"}],"author":"Adriana Costa","twitter_card":"summary_large_image","twitter_misc":{"Written by":"Adriana Costa","Est. reading time":"5 minutos"},"schema":{"@context":"https:\/\/schema.org","@graph":[{"@type":"WebPage","@id":"https:\/\/www.manaus.am.gov.br\/semsa\/prefeitura-semsa-lesoesdiabeticas\/","url":"https:\/\/www.manaus.am.gov.br\/semsa\/prefeitura-semsa-lesoesdiabeticas\/","name":"Equipes da prefeitura exp\u00f5em experi\u00eancias exitosas no tratamento de les\u00f5es diab\u00e9ticas em encontro","isPartOf":{"@id":"https:\/\/www.manaus.am.gov.br\/semsa\/#website"},"primaryImageOfPage":{"@id":"https:\/\/www.manaus.am.gov.br\/semsa\/prefeitura-semsa-lesoesdiabeticas\/#primaryimage"},"image":{"@id":"https:\/\/www.manaus.am.gov.br\/semsa\/prefeitura-semsa-lesoesdiabeticas\/#primaryimage"},"thumbnailUrl":"https:\/\/www.manaus.am.gov.br\/semsa\/wp-content\/uploads\/sites\/8\/2024\/11\/Novembro-21_Encontro-Experiencias-Exitosas-1.jpg","datePublished":"2024-11-21T17:00:12+00:00","dateModified":"2024-11-21T21:34:48+00:00","author":{"@id":"https:\/\/www.manaus.am.gov.br\/semsa\/#\/schema\/person\/4e49f4e267757a06ca072ec61b2b9968"},"description":"A Prefeitura de Manaus realiza, nesta sexta-feira, 22\/11, o 2\u00ba Encontro de Experi\u00eancias Exitosas no Cuidado da Les\u00e3o Diab\u00e9tica na Aten\u00e7\u00e3o Prim\u00e1ria \u00e0 Sa\u00fade (APS).","inLanguage":"pt-BR","potentialAction":[{"@type":"ReadAction","target":["https:\/\/www.manaus.am.gov.br\/semsa\/prefeitura-semsa-lesoesdiabeticas\/"]}]},{"@type":"ImageObject","inLanguage":"pt-BR","@id":"https:\/\/www.manaus.am.gov.br\/semsa\/prefeitura-semsa-lesoesdiabeticas\/#primaryimage","url":"https:\/\/www.manaus.am.gov.br\/semsa\/wp-content\/uploads\/sites\/8\/2024\/11\/Novembro-21_Encontro-Experiencias-Exitosas-1.jpg","contentUrl":"https:\/\/www.manaus.am.gov.br\/semsa\/wp-content\/uploads\/sites\/8\/2024\/11\/Novembro-21_Encontro-Experiencias-Exitosas-1.jpg","width":2049,"height":1366},{"@type":"WebSite","@id":"https:\/\/www.manaus.am.gov.br\/semsa\/#website","url":"https:\/\/www.manaus.am.gov.br\/semsa\/","name":"SEMSA","description":"Secretaria Municipal de Sa\u00fade","alternateName":"Secretaria Municipal de Sa\u00fade","potentialAction":[{"@type":"SearchAction","target":{"@type":"EntryPoint","urlTemplate":"https:\/\/www.manaus.am.gov.br\/semsa\/?s={search_term_string}"},"query-input":"required name=search_term_string"}],"inLanguage":"pt-BR"},{"@type":"Person","@id":"https:\/\/www.manaus.am.gov.br\/semsa\/#\/schema\/person\/4e49f4e267757a06ca072ec61b2b9968","name":"Adriana Costa","image":{"@type":"ImageObject","inLanguage":"pt-BR","@id":"https:\/\/www.manaus.am.gov.br\/semsa\/#\/schema\/person\/image\/","url":"https:\/\/secure.gravatar.com\/avatar\/576258617ef7194f718179e766d57bd4?s=96&d=mm&r=g","contentUrl":"https:\/\/secure.gravatar.com\/avatar\/576258617ef7194f718179e766d57bd4?s=96&d=mm&r=g","caption":"Adriana Costa"}}]}},"_links":{"self":[{"href":"https:\/\/www.manaus.am.gov.br\/semsa\/wp-json\/wp\/v2\/posts\/218610"}],"collection":[{"href":"https:\/\/www.manaus.am.gov.br\/semsa\/wp-json\/wp\/v2\/posts"}],"about":[{"href":"https:\/\/www.manaus.am.gov.br\/semsa\/wp-json\/wp\/v2\/types\/post"}],"author":[{"embeddable":true,"href":"https:\/\/www.manaus.am.gov.br\/semsa\/wp-json\/wp\/v2\/users\/23"}],"replies":[{"embeddable":true,"href":"https:\/\/www.manaus.am.gov.br\/semsa\/wp-json\/wp\/v2\/comments?post=218610"}],"version-history":[{"count":1,"href":"https:\/\/www.manaus.am.gov.br\/semsa\/wp-json\/wp\/v2\/posts\/218610\/revisions"}],"predecessor-version":[{"id":218625,"href":"https:\/\/www.manaus.am.gov.br\/semsa\/wp-json\/wp\/v2\/posts\/218610\/revisions\/218625"}],"wp:featuredmedia":[{"embeddable":true,"href":"https:\/\/www.manaus.am.gov.br\/semsa\/wp-json\/wp\/v2\/media\/218611"}],"wp:attachment":[{"href":"https:\/\/www.manaus.am.gov.br\/semsa\/wp-json\/wp\/v2\/media?parent=218610"}],"wp:term":[{"taxonomy":"category","embeddable":true,"href":"https:\/\/www.manaus.am.gov.br\/semsa\/wp-json\/wp\/v2\/categories?post=218610"},{"taxonomy":"post_tag","embeddable":true,"href":"https:\/\/www.manaus.am.gov.br\/semsa\/wp-json\/wp\/v2\/tags?post=218610"}],"curies":[{"name":"wp","href":"https:\/\/api.w.org\/{rel}","templated":true}]}}