{"id":218497,"date":"2024-11-12T12:33:18","date_gmt":"2024-11-12T16:33:18","guid":{"rendered":"https:\/\/www.manaus.am.gov.br\/semsa\/acao-dia-diabetes-semsa\/"},"modified":"2024-11-14T08:48:18","modified_gmt":"2024-11-14T12:48:18","slug":"acao-dia-diabetes-semsa","status":"publish","type":"post","link":"https:\/\/www.manaus.am.gov.br\/semsa\/acao-dia-diabetes-semsa\/","title":{"rendered":"Prefeitura de Manaus promove a\u00e7\u00f5es de sa\u00fade e mobiliza popula\u00e7\u00e3o para preven\u00e7\u00e3o no Dia Mundial do Diabetes"},"content":{"rendered":"\n<p>O dia 14 de novembro marca o Dia Mundial do Diabetes, trazendo um alerta para a doen\u00e7a que atinge mais de 16 milh\u00f5es de brasileiros, sendo o Brasil o quinto pa\u00eds em incid\u00eancia da condi\u00e7\u00e3o no mundo. Em aten\u00e7\u00e3o \u00e0 data, a Prefeitura de Manaus, por meio da Secretaria Municipal de Sa\u00fade (Semsa), vem intensificando, ao longo deste m\u00eas, a oferta de servi\u00e7os, exames e a\u00e7\u00f5es de educa\u00e7\u00e3o em sa\u00fade nas unidades da rede municipal, com foco na preven\u00e7\u00e3o e no cuidado com o diabetes.<\/p>\n\n\n\n<p>A chefe do N\u00facleo de Aten\u00e7\u00e3o \u00e0 Sa\u00fade das Pessoas com Doen\u00e7as Circulat\u00f3rias e Diabetes, Phamela Costa, explica que a mobiliza\u00e7\u00e3o abrange unidades dos cinco Distritos de Sa\u00fade (Disas) da Semsa, Norte, Leste, Oeste, Sul e rural, com o objetivo de informar o p\u00fablico em geral sobre o diabetes, seus riscos e formas de preven\u00e7\u00e3o, e orientar usu\u00e1rios com a doen\u00e7a sobre medidas importantes para evitar complica\u00e7\u00f5es de sa\u00fade.<\/p>\n\n\n\n<p>\u201cAs a\u00e7\u00f5es da Semsa, neste m\u00eas, enfocam o \u2018Bem-Estar F\u00edsico\u2019, tema nacional da data neste ano, refor\u00e7ando o cuidado integral de pessoas com diabetes e salientando a import\u00e2ncia de pr\u00e1ticas como exerc\u00edcios f\u00edsicos, medita\u00e7\u00e3o, sono adequado e alimenta\u00e7\u00e3o saud\u00e1vel\u201d, pontua.<\/p>\n\n\n\n<p>A agenda da Semsa inclui uma a\u00e7\u00e3o especial na quinta-feira, 14\/11, \u00e0s 9h, na Unidade de Sa\u00fade da Fam\u00edlia (USF) Prefeito Frank Abrahim Lima, na zona Norte. Os usu\u00e1rios da unidade poder\u00e3o participar de um curso de autocuidado, com palestras sobre temas relacionados ao diabetes em diferentes \u00e1reas, como nutri\u00e7\u00e3o, farm\u00e1cia e atividade f\u00edsica. As equipes da USF tamb\u00e9m ir\u00e3o ofertar consultas m\u00e9dicas e de enfermagem, ITB e avalia\u00e7\u00e3o neuromotora.<\/p>\n\n\n\n<p>A programa\u00e7\u00e3o inclui tamb\u00e9m a\u00e7\u00f5es de sa\u00fade, at\u00e9 o final do m\u00eas, em diversas unidades da rede b\u00e1sica, nas cinco zonas distritais de sa\u00fade, com refor\u00e7o da oferta de servi\u00e7os essenciais para o autocuidado e preven\u00e7\u00e3o de complica\u00e7\u00f5es, como o controle glic\u00eamico, o exame ITB e a avalia\u00e7\u00e3o neuromotora.<\/p>\n\n\n\n<p>As equipes de sa\u00fade ir\u00e3o conduzir ainda rodas de conversa, palestras e distribui\u00e7\u00e3o de&nbsp;<em>folders<\/em>&nbsp;para os usu\u00e1rios, com informa\u00e7\u00f5es sobre assuntos como estilo de vida e alimenta\u00e7\u00e3o saud\u00e1vel, cuidados com os p\u00e9s, manejo de les\u00f5es diab\u00e9ticas, entre outros.<\/p>\n\n\n\n<p>Autocuidado e Pics<\/p>\n\n\n\n<p>A agenda da Semsa prev\u00ea a oferta de atividades e cursos pr\u00e1ticos de autocuidado para os usu\u00e1rios diab\u00e9ticos, trazendo exerc\u00edcios para a preserva\u00e7\u00e3o da sa\u00fade dos membros inferiores e orienta\u00e7\u00f5es sobre higiene dos p\u00e9s, sinais de alerta e identifica\u00e7\u00e3o precoce de les\u00f5es.<\/p>\n\n\n\n<p>Uma das a\u00e7\u00f5es programadas \u00e9 o curso informal de autocuidado para usu\u00e1rios hipertensos e diab\u00e9ticos do Disa Oeste, a ser realizado no dia 29 deste m\u00eas, na USF Parque das Tribos, no bairro Tarum\u00e3-A\u00e7u. A atividade \u00e9 voltada a usu\u00e1rios ind\u00edgenas da comunidade, al\u00e9m do p\u00fablico em geral.<\/p>\n\n\n\n<p>\u201cFoi uma preocupa\u00e7\u00e3o nossa trazer tamb\u00e9m neste m\u00eas uma atividade voltada aos povos origin\u00e1rios n\u00e3o aldeados, com enfoque nas condi\u00e7\u00f5es cr\u00f4nicas\u201d, aponta Phamela.<\/p>\n\n\n\n<p>Tamb\u00e9m com foco nos usu\u00e1rios ind\u00edgenas, as equipes da USF Waldir Bugalho v\u00e3o promover uma a\u00e7\u00e3o de sa\u00fade na comunidade Nova Esperan\u00e7a Kokama, no bairro Puraquequara, na zona Leste, na quarta-feira, 14\/11. A atividade ter\u00e1 exames dos p\u00e9s, consultas m\u00e9dicas, auriculoterapia e palestras educativas sobre diabetes, entre outros servi\u00e7os.<\/p>\n\n\n\n<p>Na USF Nossa Senhora Auxiliadora, na zona rural do munic\u00edpio, a agenda inclui palestra sobre a import\u00e2ncia do autocuidado, com foco na realiza\u00e7\u00e3o do \u00cdndice Tornozelo-Braquial (ITB), e roda de conversa sobre sinais de alerta do diabetes, nos dias 21 e 25 deste m\u00eas.<\/p>\n\n\n\n<p>A gestora destaca ainda, dentro da programa\u00e7\u00e3o, a oferta de avalia\u00e7\u00e3o dos p\u00e9s com massagem relaxante e aromaterapia na USF Bianca Aguiar de Carvalho (S-08), na zona Sul, no dia 22.<\/p>\n\n\n\n<p>\u201cEssas e outras Pr\u00e1ticas Integrativas Complementares em Sa\u00fade, as Pics, contribuem para o bem-estar f\u00edsico, que \u00e9 exatamente o tema nacional da mobiliza\u00e7\u00e3o, por isso importa refor\u00e7ar essas abordagens terap\u00eauticas tamb\u00e9m na preven\u00e7\u00e3o e cuidado do diabetes\u201d.<\/p>\n\n\n\n<p>Les\u00e3o diab\u00e9tica<\/p>\n\n\n\n<p>A agenda da Semsa pelo Dia Mundial do Diabetes inclui, ainda, o \u201c2\u00ba Encontro de Experi\u00eancias Exitosas no Cuidado da Les\u00e3o Diab\u00e9tica\u201d, a ser realizado no dia 22, no audit\u00f3rio da faculdade Martha Falc\u00e3o \u2013 Wyden, na zona Sul.<\/p>\n\n\n\n<p>Conforme Phamela, a programa\u00e7\u00e3o ocorrer\u00e1 durante o dia todo, tendo como objetivo promover a qualifica\u00e7\u00e3o de equipes de sa\u00fade no tratamento de feridas.<\/p>\n\n\n\n<p>\u201cNo encontro, as equipes de enfermagem t\u00eam a oportunidade de participar de aulas ministradas por especialistas, al\u00e9m de trocar experi\u00eancias, compartilhando relatos de sucesso no cuidado de les\u00f5es em pessoas com diabetes\u201d.<\/p>\n\n\n\n<p>Preven\u00e7\u00e3o e cuidado<\/p>\n\n\n\n<p>Neste ano, de janeiro a setembro, a Semsa registrou 191.082 pessoas com diagn\u00f3stico de diabetes atendidas nas unidades da rede de Aten\u00e7\u00e3o Prim\u00e1ria \u00e0 Sa\u00fade (APS). O&nbsp;<em>diabetes mellitus<\/em>&nbsp;\u00e9 uma doen\u00e7a cr\u00f4nica caracterizada pelo aumento do a\u00e7\u00facar no sangue, em raz\u00e3o da falta ou da m\u00e1 absor\u00e7\u00e3o da insulina, horm\u00f4nio que atua no metabolismo da subst\u00e2ncia.<\/p>\n\n\n\n<p>Al\u00e9m do tipo 1, que costuma se manifestar na inf\u00e2ncia ou adolesc\u00eancia, o tipo 2 \u00e9 o mais comum, correspondendo a quase 90% das pessoas com a doen\u00e7a. \u201cEsse tipo est\u00e1 relacionado a fatores de risco como h\u00e1bitos alimentares inadequados, sobrepeso e sedentarismo. \u00c9 mais frequente em adultos, mas crian\u00e7as tamb\u00e9m podem apresentar a condi\u00e7\u00e3o\u201d, explica Phamela Costa.<\/p>\n\n\n\n<p>Ao longo do tempo, assinala a gestora, o excesso de a\u00e7\u00facar produz efeitos nocivos sobre o corpo, podendo levar a danos no sistema vascular, preju\u00edzo da fun\u00e7\u00e3o renal, problemas de vis\u00e3o e perda de fun\u00e7\u00e3o cognitiva, entre outras complica\u00e7\u00f5es.<\/p>\n\n\n\n<p>O usu\u00e1rio diab\u00e9tico, pontua Phamela, pode ter a condi\u00e7\u00e3o controlada por meio da pr\u00e1tica de atividades f\u00edsicas e de alimenta\u00e7\u00e3o equilibrada. Quando essas medidas s\u00e3o insuficientes, a pessoa deve fazer uso de medicamentos e at\u00e9 mesmo insulina para controle da glicose.<\/p>\n\n\n\n<p>\u201cEm qualquer caso, \u00e9 sempre importante que o usu\u00e1rio tenha um acompanhamento regular de sa\u00fade, a fim de manter a condi\u00e7\u00e3o sob vigil\u00e2ncia e assegurar sua qualidade de vida e bem-estar\u201d, conclui.<\/p>\n\n\n\n<p>&nbsp;&#8212; &#8212; &#8212;<\/p>\n\n\n\n<p><strong>Texto<\/strong> &#8211;\u00a0Jony Clay Borges \/ Semsa<\/p>\n\n\n\n<p><strong>Fotos <\/strong>&#8211;\u00a0Divulga\u00e7\u00e3o \/ Semsa<\/p>\n","protected":false},"excerpt":{"rendered":"","protected":false},"author":23,"featured_media":218498,"comment_status":"closed","ping_status":"closed","sticky":false,"template":"","format":"standard","meta":{"footnotes":""},"categories":[155],"tags":[521,2638,54,95,28],"acf":[],"yoast_head":"<!-- This site is optimized with the Yoast SEO plugin v23.0 - https:\/\/yoast.com\/wordpress\/plugins\/seo\/ -->\n<title>Prefeitura de Manaus promove a\u00e7\u00f5es de sa\u00fade e mobiliza popula\u00e7\u00e3o para preven\u00e7\u00e3o no Dia Mundial do Diabetes<\/title>\n<meta name=\"description\" content=\"O dia 14 de novembro marca o Dia Mundial do Diabetes, trazendo um alerta para a doen\u00e7a que atinge mais de 16 milh\u00f5es de brasileiros, sendo o Brasil o quinto pa\u00eds em incid\u00eancia da condi\u00e7\u00e3o no mundo. Em aten\u00e7\u00e3o \u00e0 data, a Prefeitura de Manaus, por meio da Secretaria Municipal de Sa\u00fade (Semsa), vem intensificando, ao longo deste m\u00eas, a oferta de servi\u00e7os, exames e a\u00e7\u00f5es de educa\u00e7\u00e3o em sa\u00fade nas unidades da rede municipal\" \/>\n<meta name=\"robots\" content=\"index, follow, max-snippet:-1, max-image-preview:large, max-video-preview:-1\" \/>\n<link rel=\"canonical\" href=\"https:\/\/www.manaus.am.gov.br\/semsa\/acao-dia-diabetes-semsa\/\" \/>\n<meta property=\"og:locale\" content=\"pt_BR\" \/>\n<meta property=\"og:type\" content=\"article\" \/>\n<meta property=\"og:title\" content=\"Prefeitura de Manaus promove a\u00e7\u00f5es de sa\u00fade e mobiliza popula\u00e7\u00e3o para preven\u00e7\u00e3o no Dia Mundial do Diabetes\" \/>\n<meta property=\"og:description\" content=\"O dia 14 de novembro marca o Dia Mundial do Diabetes, trazendo um alerta para a doen\u00e7a que atinge mais de 16 milh\u00f5es de brasileiros, sendo o Brasil o quinto pa\u00eds em incid\u00eancia da condi\u00e7\u00e3o no mundo. Em aten\u00e7\u00e3o \u00e0 data, a Prefeitura de Manaus, por meio da Secretaria Municipal de Sa\u00fade (Semsa), vem intensificando, ao longo deste m\u00eas, a oferta de servi\u00e7os, exames e a\u00e7\u00f5es de educa\u00e7\u00e3o em sa\u00fade nas unidades da rede municipal\" \/>\n<meta property=\"og:url\" content=\"https:\/\/www.manaus.am.gov.br\/semsa\/acao-dia-diabetes-semsa\/\" \/>\n<meta property=\"og:site_name\" content=\"SEMSA\" \/>\n<meta property=\"article:published_time\" content=\"2024-11-12T16:33:18+00:00\" \/>\n<meta property=\"article:modified_time\" content=\"2024-11-14T12:48:18+00:00\" \/>\n<meta property=\"og:image\" content=\"https:\/\/www.manaus.am.gov.br\/semsa\/wp-content\/uploads\/sites\/8\/2024\/11\/Novembro-12_Dia-Mundial-Diabetes-3.jpg\" \/>\n\t<meta property=\"og:image:width\" content=\"1890\" \/>\n\t<meta property=\"og:image:height\" content=\"1260\" \/>\n\t<meta property=\"og:image:type\" content=\"image\/jpeg\" \/>\n<meta name=\"author\" content=\"Adriana Costa\" \/>\n<meta name=\"twitter:card\" content=\"summary_large_image\" \/>\n<meta name=\"twitter:label1\" content=\"Written by\" \/>\n\t<meta name=\"twitter:data1\" content=\"Adriana Costa\" \/>\n\t<meta name=\"twitter:label2\" content=\"Est. reading time\" \/>\n\t<meta name=\"twitter:data2\" content=\"6 minutos\" \/>\n<script type=\"application\/ld+json\" class=\"yoast-schema-graph\">{\"@context\":\"https:\/\/schema.org\",\"@graph\":[{\"@type\":\"WebPage\",\"@id\":\"https:\/\/www.manaus.am.gov.br\/semsa\/acao-dia-diabetes-semsa\/\",\"url\":\"https:\/\/www.manaus.am.gov.br\/semsa\/acao-dia-diabetes-semsa\/\",\"name\":\"Prefeitura de Manaus promove a\u00e7\u00f5es de sa\u00fade e mobiliza popula\u00e7\u00e3o para preven\u00e7\u00e3o no Dia Mundial do Diabetes\",\"isPartOf\":{\"@id\":\"https:\/\/www.manaus.am.gov.br\/semsa\/#website\"},\"primaryImageOfPage\":{\"@id\":\"https:\/\/www.manaus.am.gov.br\/semsa\/acao-dia-diabetes-semsa\/#primaryimage\"},\"image\":{\"@id\":\"https:\/\/www.manaus.am.gov.br\/semsa\/acao-dia-diabetes-semsa\/#primaryimage\"},\"thumbnailUrl\":\"https:\/\/www.manaus.am.gov.br\/semsa\/wp-content\/uploads\/sites\/8\/2024\/11\/Novembro-12_Dia-Mundial-Diabetes-3.jpg\",\"datePublished\":\"2024-11-12T16:33:18+00:00\",\"dateModified\":\"2024-11-14T12:48:18+00:00\",\"author\":{\"@id\":\"https:\/\/www.manaus.am.gov.br\/semsa\/#\/schema\/person\/4e49f4e267757a06ca072ec61b2b9968\"},\"description\":\"O dia 14 de novembro marca o Dia Mundial do Diabetes, trazendo um alerta para a doen\u00e7a que atinge mais de 16 milh\u00f5es de brasileiros, sendo o Brasil o quinto pa\u00eds em incid\u00eancia da condi\u00e7\u00e3o no mundo. Em aten\u00e7\u00e3o \u00e0 data, a Prefeitura de Manaus, por meio da Secretaria Municipal de Sa\u00fade (Semsa), vem intensificando, ao longo deste m\u00eas, a oferta de servi\u00e7os, exames e a\u00e7\u00f5es de educa\u00e7\u00e3o em sa\u00fade nas unidades da rede municipal\",\"inLanguage\":\"pt-BR\",\"potentialAction\":[{\"@type\":\"ReadAction\",\"target\":[\"https:\/\/www.manaus.am.gov.br\/semsa\/acao-dia-diabetes-semsa\/\"]}]},{\"@type\":\"ImageObject\",\"inLanguage\":\"pt-BR\",\"@id\":\"https:\/\/www.manaus.am.gov.br\/semsa\/acao-dia-diabetes-semsa\/#primaryimage\",\"url\":\"https:\/\/www.manaus.am.gov.br\/semsa\/wp-content\/uploads\/sites\/8\/2024\/11\/Novembro-12_Dia-Mundial-Diabetes-3.jpg\",\"contentUrl\":\"https:\/\/www.manaus.am.gov.br\/semsa\/wp-content\/uploads\/sites\/8\/2024\/11\/Novembro-12_Dia-Mundial-Diabetes-3.jpg\",\"width\":1890,\"height\":1260},{\"@type\":\"WebSite\",\"@id\":\"https:\/\/www.manaus.am.gov.br\/semsa\/#website\",\"url\":\"https:\/\/www.manaus.am.gov.br\/semsa\/\",\"name\":\"SEMSA\",\"description\":\"Secretaria Municipal de Sa\u00fade\",\"alternateName\":\"Secretaria Municipal de Sa\u00fade\",\"potentialAction\":[{\"@type\":\"SearchAction\",\"target\":{\"@type\":\"EntryPoint\",\"urlTemplate\":\"https:\/\/www.manaus.am.gov.br\/semsa\/?s={search_term_string}\"},\"query-input\":\"required name=search_term_string\"}],\"inLanguage\":\"pt-BR\"},{\"@type\":\"Person\",\"@id\":\"https:\/\/www.manaus.am.gov.br\/semsa\/#\/schema\/person\/4e49f4e267757a06ca072ec61b2b9968\",\"name\":\"Adriana Costa\",\"image\":{\"@type\":\"ImageObject\",\"inLanguage\":\"pt-BR\",\"@id\":\"https:\/\/www.manaus.am.gov.br\/semsa\/#\/schema\/person\/image\/\",\"url\":\"https:\/\/secure.gravatar.com\/avatar\/576258617ef7194f718179e766d57bd4?s=96&d=mm&r=g\",\"contentUrl\":\"https:\/\/secure.gravatar.com\/avatar\/576258617ef7194f718179e766d57bd4?s=96&d=mm&r=g\",\"caption\":\"Adriana Costa\"}}]}<\/script>\n<!-- \/ Yoast SEO plugin. -->","yoast_head_json":{"title":"Prefeitura de Manaus promove a\u00e7\u00f5es de sa\u00fade e mobiliza popula\u00e7\u00e3o para preven\u00e7\u00e3o no Dia Mundial do Diabetes","description":"O dia 14 de novembro marca o Dia Mundial do Diabetes, trazendo um alerta para a doen\u00e7a que atinge mais de 16 milh\u00f5es de brasileiros, sendo o Brasil o quinto pa\u00eds em incid\u00eancia da condi\u00e7\u00e3o no mundo. Em aten\u00e7\u00e3o \u00e0 data, a Prefeitura de Manaus, por meio da Secretaria Municipal de Sa\u00fade (Semsa), vem intensificando, ao longo deste m\u00eas, a oferta de servi\u00e7os, exames e a\u00e7\u00f5es de educa\u00e7\u00e3o em sa\u00fade nas unidades da rede municipal","robots":{"index":"index","follow":"follow","max-snippet":"max-snippet:-1","max-image-preview":"max-image-preview:large","max-video-preview":"max-video-preview:-1"},"canonical":"https:\/\/www.manaus.am.gov.br\/semsa\/acao-dia-diabetes-semsa\/","og_locale":"pt_BR","og_type":"article","og_title":"Prefeitura de Manaus promove a\u00e7\u00f5es de sa\u00fade e mobiliza popula\u00e7\u00e3o para preven\u00e7\u00e3o no Dia Mundial do Diabetes","og_description":"O dia 14 de novembro marca o Dia Mundial do Diabetes, trazendo um alerta para a doen\u00e7a que atinge mais de 16 milh\u00f5es de brasileiros, sendo o Brasil o quinto pa\u00eds em incid\u00eancia da condi\u00e7\u00e3o no mundo. Em aten\u00e7\u00e3o \u00e0 data, a Prefeitura de Manaus, por meio da Secretaria Municipal de Sa\u00fade (Semsa), vem intensificando, ao longo deste m\u00eas, a oferta de servi\u00e7os, exames e a\u00e7\u00f5es de educa\u00e7\u00e3o em sa\u00fade nas unidades da rede municipal","og_url":"https:\/\/www.manaus.am.gov.br\/semsa\/acao-dia-diabetes-semsa\/","og_site_name":"SEMSA","article_published_time":"2024-11-12T16:33:18+00:00","article_modified_time":"2024-11-14T12:48:18+00:00","og_image":[{"width":1890,"height":1260,"url":"https:\/\/www.manaus.am.gov.br\/semsa\/wp-content\/uploads\/sites\/8\/2024\/11\/Novembro-12_Dia-Mundial-Diabetes-3.jpg","type":"image\/jpeg"}],"author":"Adriana Costa","twitter_card":"summary_large_image","twitter_misc":{"Written by":"Adriana Costa","Est. reading time":"6 minutos"},"schema":{"@context":"https:\/\/schema.org","@graph":[{"@type":"WebPage","@id":"https:\/\/www.manaus.am.gov.br\/semsa\/acao-dia-diabetes-semsa\/","url":"https:\/\/www.manaus.am.gov.br\/semsa\/acao-dia-diabetes-semsa\/","name":"Prefeitura de Manaus promove a\u00e7\u00f5es de sa\u00fade e mobiliza popula\u00e7\u00e3o para preven\u00e7\u00e3o no Dia Mundial do Diabetes","isPartOf":{"@id":"https:\/\/www.manaus.am.gov.br\/semsa\/#website"},"primaryImageOfPage":{"@id":"https:\/\/www.manaus.am.gov.br\/semsa\/acao-dia-diabetes-semsa\/#primaryimage"},"image":{"@id":"https:\/\/www.manaus.am.gov.br\/semsa\/acao-dia-diabetes-semsa\/#primaryimage"},"thumbnailUrl":"https:\/\/www.manaus.am.gov.br\/semsa\/wp-content\/uploads\/sites\/8\/2024\/11\/Novembro-12_Dia-Mundial-Diabetes-3.jpg","datePublished":"2024-11-12T16:33:18+00:00","dateModified":"2024-11-14T12:48:18+00:00","author":{"@id":"https:\/\/www.manaus.am.gov.br\/semsa\/#\/schema\/person\/4e49f4e267757a06ca072ec61b2b9968"},"description":"O dia 14 de novembro marca o Dia Mundial do Diabetes, trazendo um alerta para a doen\u00e7a que atinge mais de 16 milh\u00f5es de brasileiros, sendo o Brasil o quinto pa\u00eds em incid\u00eancia da condi\u00e7\u00e3o no mundo. Em aten\u00e7\u00e3o \u00e0 data, a Prefeitura de Manaus, por meio da Secretaria Municipal de Sa\u00fade (Semsa), vem intensificando, ao longo deste m\u00eas, a oferta de servi\u00e7os, exames e a\u00e7\u00f5es de educa\u00e7\u00e3o em sa\u00fade nas unidades da rede municipal","inLanguage":"pt-BR","potentialAction":[{"@type":"ReadAction","target":["https:\/\/www.manaus.am.gov.br\/semsa\/acao-dia-diabetes-semsa\/"]}]},{"@type":"ImageObject","inLanguage":"pt-BR","@id":"https:\/\/www.manaus.am.gov.br\/semsa\/acao-dia-diabetes-semsa\/#primaryimage","url":"https:\/\/www.manaus.am.gov.br\/semsa\/wp-content\/uploads\/sites\/8\/2024\/11\/Novembro-12_Dia-Mundial-Diabetes-3.jpg","contentUrl":"https:\/\/www.manaus.am.gov.br\/semsa\/wp-content\/uploads\/sites\/8\/2024\/11\/Novembro-12_Dia-Mundial-Diabetes-3.jpg","width":1890,"height":1260},{"@type":"WebSite","@id":"https:\/\/www.manaus.am.gov.br\/semsa\/#website","url":"https:\/\/www.manaus.am.gov.br\/semsa\/","name":"SEMSA","description":"Secretaria Municipal de Sa\u00fade","alternateName":"Secretaria Municipal de Sa\u00fade","potentialAction":[{"@type":"SearchAction","target":{"@type":"EntryPoint","urlTemplate":"https:\/\/www.manaus.am.gov.br\/semsa\/?s={search_term_string}"},"query-input":"required name=search_term_string"}],"inLanguage":"pt-BR"},{"@type":"Person","@id":"https:\/\/www.manaus.am.gov.br\/semsa\/#\/schema\/person\/4e49f4e267757a06ca072ec61b2b9968","name":"Adriana Costa","image":{"@type":"ImageObject","inLanguage":"pt-BR","@id":"https:\/\/www.manaus.am.gov.br\/semsa\/#\/schema\/person\/image\/","url":"https:\/\/secure.gravatar.com\/avatar\/576258617ef7194f718179e766d57bd4?s=96&d=mm&r=g","contentUrl":"https:\/\/secure.gravatar.com\/avatar\/576258617ef7194f718179e766d57bd4?s=96&d=mm&r=g","caption":"Adriana Costa"}}]}},"_links":{"self":[{"href":"https:\/\/www.manaus.am.gov.br\/semsa\/wp-json\/wp\/v2\/posts\/218497"}],"collection":[{"href":"https:\/\/www.manaus.am.gov.br\/semsa\/wp-json\/wp\/v2\/posts"}],"about":[{"href":"https:\/\/www.manaus.am.gov.br\/semsa\/wp-json\/wp\/v2\/types\/post"}],"author":[{"embeddable":true,"href":"https:\/\/www.manaus.am.gov.br\/semsa\/wp-json\/wp\/v2\/users\/23"}],"replies":[{"embeddable":true,"href":"https:\/\/www.manaus.am.gov.br\/semsa\/wp-json\/wp\/v2\/comments?post=218497"}],"version-history":[{"count":1,"href":"https:\/\/www.manaus.am.gov.br\/semsa\/wp-json\/wp\/v2\/posts\/218497\/revisions"}],"predecessor-version":[{"id":218545,"href":"https:\/\/www.manaus.am.gov.br\/semsa\/wp-json\/wp\/v2\/posts\/218497\/revisions\/218545"}],"wp:featuredmedia":[{"embeddable":true,"href":"https:\/\/www.manaus.am.gov.br\/semsa\/wp-json\/wp\/v2\/media\/218498"}],"wp:attachment":[{"href":"https:\/\/www.manaus.am.gov.br\/semsa\/wp-json\/wp\/v2\/media?parent=218497"}],"wp:term":[{"taxonomy":"category","embeddable":true,"href":"https:\/\/www.manaus.am.gov.br\/semsa\/wp-json\/wp\/v2\/categories?post=218497"},{"taxonomy":"post_tag","embeddable":true,"href":"https:\/\/www.manaus.am.gov.br\/semsa\/wp-json\/wp\/v2\/tags?post=218497"}],"curies":[{"name":"wp","href":"https:\/\/api.w.org\/{rel}","templated":true}]}}