{"id":218471,"date":"2024-11-11T16:03:13","date_gmt":"2024-11-11T20:03:13","guid":{"rendered":"https:\/\/www.manaus.am.gov.br\/semsa\/saude-operacao-visa\/"},"modified":"2024-11-14T08:47:23","modified_gmt":"2024-11-14T12:47:23","slug":"saude-operacao-visa","status":"publish","type":"post","link":"https:\/\/www.manaus.am.gov.br\/semsa\/saude-operacao-visa\/","title":{"rendered":"Visa Manaus fiscaliza venda de alimentos suspeitos de falsifica\u00e7\u00e3o em 25 supermercados da capital"},"content":{"rendered":"\n<p>Em dois dias de trabalho, a opera\u00e7\u00e3o \u201cVerdade no R\u00f3tulo\u201d, realizada pela Diretoria de Vigil\u00e2ncia Sanit\u00e1ria (Visa Manaus), da Secretaria Municipal de Sa\u00fade (Semsa), fiscalizou a venda de alimentos suspeitos de falsifica\u00e7\u00e3o ou sujeitos \u00e0 adultera\u00e7\u00e3o em 25 supermercados da capital amazonense.<\/p>\n\n\n\n<p>Tr\u00eas dos locais inspecionados registraram ocorr\u00eancias. Um supermercado do bairro Cidade de Deus, na zona Norte de Manaus, foi autuado por comercializar azeite extravirgem da marca Cordilheira, um dos produtos desclassificados pelo Minist\u00e9rio da Agricultura e Pecu\u00e1ria (Mapa).<\/p>\n\n\n\n<p>O azeite foi apreendido pelos fiscais, e os respons\u00e1veis pelo estabelecimento ir\u00e3o responder a Processo Administrativo Sanit\u00e1rio, que pode resultar em multa de 1 a 400 Unidades Fiscais do Munic\u00edpio (UFM), cujo valor unit\u00e1rio atual \u00e9 de R$ 139,82, sem preju\u00edzo de outras san\u00e7\u00f5es eventuais.<\/p>\n\n\n\n<p>J\u00e1 em outros dois supermercados na zona Leste da cidade, a equipe apreendeu latas de leite em p\u00f3 com suspeita de falsifica\u00e7\u00e3o. Elas foram encaminhadas para an\u00e1lise laboratorial, que vai revelar se os produtos realmente eram falsos. Caso as ocorr\u00eancias sejam confirmadas, os supermercados tamb\u00e9m estar\u00e3o sujeitos a Processo Administrativo Sanit\u00e1rio e \u00e0s puni\u00e7\u00f5es previstas em lei.<\/p>\n\n\n\n<p>\u201cA Visa Manaus atuou com celeridade para reagir a essas situa\u00e7\u00f5es de falsifica\u00e7\u00e3o, para que n\u00e3o haja risco de a popula\u00e7\u00e3o ser exposta a esses alimentos\u201d, afirmou o gerente de Vigil\u00e2ncia de Alimentos da Visa Manaus, Ricardo Celestino.<\/p>\n\n\n\n<p>Celestino destacou tamb\u00e9m, a import\u00e2ncia do esfor\u00e7o coletivo para fortalecer as medidas de controle. \u201cAs den\u00fancias dos cidad\u00e3os diante de produtos falsificados e o controle rigoroso das empresas sobre suas mercadorias s\u00f3 t\u00eam a contribuir para que a sa\u00fade de todos n\u00f3s fique protegida\u201d, acrescenta.<\/p>\n\n\n\n<p>A rela\u00e7\u00e3o das marcas de azeite de oliva consideradas impr\u00f3prias para o consumo humano e cujo recolhimento foi determinado, est\u00e1 dispon\u00edvel na p\u00e1gina do Mapa, no link <a href=\"https:\/\/www.gov.br\/agricultura\/pt-br\/assuntos\/inspecao\/produtos-vegetal\/alerta-de-risco-aos-consumidores-em-produtos-de-origem-vegetal-1\">https:\/\/www.gov.br\/agricultura\/pt-br\/assuntos\/inspecao\/produtos-vegetal\/alerta-de-risco-aos-consumidores-em-produtos-de-origem-vegetal-1<\/a>.&nbsp;<\/p>\n\n\n\n<p><strong>Opera\u00e7\u00e3o<\/strong><\/p>\n\n\n\n<p>A opera\u00e7\u00e3o \u201cVerdade no R\u00f3tulo\u201d focou em dois itens espec\u00edficos: lotes falsificados de leite em p\u00f3 &#8211; depois que 452 latas contendo o produto foram apreendidas em um estabelecimento na zona Norte -; e azeite de oliva, produto que teve 29 marcas suspensas pelo Mapa, ap\u00f3s testes revelarem que a sua composi\u00e7\u00e3o vinha sendo alterada pela adi\u00e7\u00e3o de \u00f3leos vegetais de origem desconhecida.<\/p>\n\n\n\n<p>A popula\u00e7\u00e3o pode denunciar irregularidades sanit\u00e1rias relacionadas a produtos e servi\u00e7os por meio da Ouvidoria da Visa Manaus, no n\u00famero (92) 98842-8481, ou pelo e-mail <a href=\"mailto:visamanaus.ouvidoria@gmail.com\">visamanaus.ouvidoria@gmail.com<\/a>.&nbsp;<\/p>\n\n\n\n<p>\u2014 \u2014 \u2014<br><strong>Texto &#8211; <\/strong>Renildo Rodrigues \/ Semsa<br><strong>Fotos &#8211; <\/strong>Divulga\u00e7\u00e3o\/Semsa<\/p>\n","protected":false},"excerpt":{"rendered":"","protected":false},"author":68,"featured_media":218474,"comment_status":"closed","ping_status":"closed","sticky":false,"template":"","format":"standard","meta":{"footnotes":""},"categories":[172],"tags":[1080,2636,54,28],"acf":[],"yoast_head":"<!-- This site is optimized with the Yoast SEO plugin v23.0 - https:\/\/yoast.com\/wordpress\/plugins\/seo\/ -->\n<title>Visa Manaus fiscaliza venda de alimentos suspeitos de falsifica\u00e7\u00e3o<\/title>\n<meta name=\"description\" content=\"Em dois dias de trabalho, a opera\u00e7\u00e3o \u201cVerdade no R\u00f3tulo\u201d, fiscalizou a venda de alimentos suspeitos de falsifica\u00e7\u00e3o ou sujeitos \u00e0 adultera\u00e7\u00e3o.\" \/>\n<meta name=\"robots\" content=\"index, follow, max-snippet:-1, max-image-preview:large, max-video-preview:-1\" \/>\n<link rel=\"canonical\" href=\"https:\/\/www.manaus.am.gov.br\/semsa\/saude-operacao-visa\/\" \/>\n<meta property=\"og:locale\" content=\"pt_BR\" \/>\n<meta property=\"og:type\" content=\"article\" \/>\n<meta property=\"og:title\" content=\"Visa Manaus fiscaliza venda de alimentos suspeitos de falsifica\u00e7\u00e3o\" \/>\n<meta property=\"og:description\" content=\"Em dois dias de trabalho, a opera\u00e7\u00e3o \u201cVerdade no R\u00f3tulo\u201d, fiscalizou a venda de alimentos suspeitos de falsifica\u00e7\u00e3o ou sujeitos \u00e0 adultera\u00e7\u00e3o.\" \/>\n<meta property=\"og:url\" content=\"https:\/\/www.manaus.am.gov.br\/semsa\/saude-operacao-visa\/\" \/>\n<meta property=\"og:site_name\" content=\"SEMSA\" \/>\n<meta property=\"article:published_time\" content=\"2024-11-11T20:03:13+00:00\" \/>\n<meta property=\"article:modified_time\" content=\"2024-11-14T12:47:23+00:00\" \/>\n<meta property=\"og:image\" content=\"https:\/\/www.manaus.am.gov.br\/semsa\/wp-content\/uploads\/sites\/8\/2024\/11\/Novembro-11_-Visa-Operacao-1-1.jpg\" \/>\n\t<meta property=\"og:image:width\" content=\"800\" \/>\n\t<meta property=\"og:image:height\" content=\"600\" \/>\n\t<meta property=\"og:image:type\" content=\"image\/jpeg\" \/>\n<meta name=\"author\" content=\"bvalente\" \/>\n<meta name=\"twitter:card\" content=\"summary_large_image\" \/>\n<meta name=\"twitter:label1\" content=\"Written by\" \/>\n\t<meta name=\"twitter:data1\" content=\"bvalente\" \/>\n\t<meta name=\"twitter:label2\" content=\"Est. reading time\" \/>\n\t<meta name=\"twitter:data2\" content=\"3 minutos\" \/>\n<script type=\"application\/ld+json\" class=\"yoast-schema-graph\">{\"@context\":\"https:\/\/schema.org\",\"@graph\":[{\"@type\":\"WebPage\",\"@id\":\"https:\/\/www.manaus.am.gov.br\/semsa\/saude-operacao-visa\/\",\"url\":\"https:\/\/www.manaus.am.gov.br\/semsa\/saude-operacao-visa\/\",\"name\":\"Visa Manaus fiscaliza venda de alimentos suspeitos de falsifica\u00e7\u00e3o\",\"isPartOf\":{\"@id\":\"https:\/\/www.manaus.am.gov.br\/semsa\/#website\"},\"primaryImageOfPage\":{\"@id\":\"https:\/\/www.manaus.am.gov.br\/semsa\/saude-operacao-visa\/#primaryimage\"},\"image\":{\"@id\":\"https:\/\/www.manaus.am.gov.br\/semsa\/saude-operacao-visa\/#primaryimage\"},\"thumbnailUrl\":\"https:\/\/www.manaus.am.gov.br\/semsa\/wp-content\/uploads\/sites\/8\/2024\/11\/Novembro-11_-Visa-Operacao-1-1.jpg\",\"datePublished\":\"2024-11-11T20:03:13+00:00\",\"dateModified\":\"2024-11-14T12:47:23+00:00\",\"author\":{\"@id\":\"https:\/\/www.manaus.am.gov.br\/semsa\/#\/schema\/person\/466a0e03ae4b6062809046bd560ac955\"},\"description\":\"Em dois dias de trabalho, a opera\u00e7\u00e3o \u201cVerdade no R\u00f3tulo\u201d, fiscalizou a venda de alimentos suspeitos de falsifica\u00e7\u00e3o ou sujeitos \u00e0 adultera\u00e7\u00e3o.\",\"inLanguage\":\"pt-BR\",\"potentialAction\":[{\"@type\":\"ReadAction\",\"target\":[\"https:\/\/www.manaus.am.gov.br\/semsa\/saude-operacao-visa\/\"]}]},{\"@type\":\"ImageObject\",\"inLanguage\":\"pt-BR\",\"@id\":\"https:\/\/www.manaus.am.gov.br\/semsa\/saude-operacao-visa\/#primaryimage\",\"url\":\"https:\/\/www.manaus.am.gov.br\/semsa\/wp-content\/uploads\/sites\/8\/2024\/11\/Novembro-11_-Visa-Operacao-1-1.jpg\",\"contentUrl\":\"https:\/\/www.manaus.am.gov.br\/semsa\/wp-content\/uploads\/sites\/8\/2024\/11\/Novembro-11_-Visa-Operacao-1-1.jpg\",\"width\":800,\"height\":600},{\"@type\":\"WebSite\",\"@id\":\"https:\/\/www.manaus.am.gov.br\/semsa\/#website\",\"url\":\"https:\/\/www.manaus.am.gov.br\/semsa\/\",\"name\":\"SEMSA\",\"description\":\"Secretaria Municipal de Sa\u00fade\",\"alternateName\":\"Secretaria Municipal de Sa\u00fade\",\"potentialAction\":[{\"@type\":\"SearchAction\",\"target\":{\"@type\":\"EntryPoint\",\"urlTemplate\":\"https:\/\/www.manaus.am.gov.br\/semsa\/?s={search_term_string}\"},\"query-input\":\"required name=search_term_string\"}],\"inLanguage\":\"pt-BR\"},{\"@type\":\"Person\",\"@id\":\"https:\/\/www.manaus.am.gov.br\/semsa\/#\/schema\/person\/466a0e03ae4b6062809046bd560ac955\",\"name\":\"bvalente\",\"image\":{\"@type\":\"ImageObject\",\"inLanguage\":\"pt-BR\",\"@id\":\"https:\/\/www.manaus.am.gov.br\/semsa\/#\/schema\/person\/image\/\",\"url\":\"https:\/\/secure.gravatar.com\/avatar\/3e69bc2b014bdad41adfec3a39de07d2?s=96&d=mm&r=g\",\"contentUrl\":\"https:\/\/secure.gravatar.com\/avatar\/3e69bc2b014bdad41adfec3a39de07d2?s=96&d=mm&r=g\",\"caption\":\"bvalente\"}}]}<\/script>\n<!-- \/ Yoast SEO plugin. -->","yoast_head_json":{"title":"Visa Manaus fiscaliza venda de alimentos suspeitos de falsifica\u00e7\u00e3o","description":"Em dois dias de trabalho, a opera\u00e7\u00e3o \u201cVerdade no R\u00f3tulo\u201d, fiscalizou a venda de alimentos suspeitos de falsifica\u00e7\u00e3o ou sujeitos \u00e0 adultera\u00e7\u00e3o.","robots":{"index":"index","follow":"follow","max-snippet":"max-snippet:-1","max-image-preview":"max-image-preview:large","max-video-preview":"max-video-preview:-1"},"canonical":"https:\/\/www.manaus.am.gov.br\/semsa\/saude-operacao-visa\/","og_locale":"pt_BR","og_type":"article","og_title":"Visa Manaus fiscaliza venda de alimentos suspeitos de falsifica\u00e7\u00e3o","og_description":"Em dois dias de trabalho, a opera\u00e7\u00e3o \u201cVerdade no R\u00f3tulo\u201d, fiscalizou a venda de alimentos suspeitos de falsifica\u00e7\u00e3o ou sujeitos \u00e0 adultera\u00e7\u00e3o.","og_url":"https:\/\/www.manaus.am.gov.br\/semsa\/saude-operacao-visa\/","og_site_name":"SEMSA","article_published_time":"2024-11-11T20:03:13+00:00","article_modified_time":"2024-11-14T12:47:23+00:00","og_image":[{"width":800,"height":600,"url":"https:\/\/www.manaus.am.gov.br\/semsa\/wp-content\/uploads\/sites\/8\/2024\/11\/Novembro-11_-Visa-Operacao-1-1.jpg","type":"image\/jpeg"}],"author":"bvalente","twitter_card":"summary_large_image","twitter_misc":{"Written by":"bvalente","Est. reading time":"3 minutos"},"schema":{"@context":"https:\/\/schema.org","@graph":[{"@type":"WebPage","@id":"https:\/\/www.manaus.am.gov.br\/semsa\/saude-operacao-visa\/","url":"https:\/\/www.manaus.am.gov.br\/semsa\/saude-operacao-visa\/","name":"Visa Manaus fiscaliza venda de alimentos suspeitos de falsifica\u00e7\u00e3o","isPartOf":{"@id":"https:\/\/www.manaus.am.gov.br\/semsa\/#website"},"primaryImageOfPage":{"@id":"https:\/\/www.manaus.am.gov.br\/semsa\/saude-operacao-visa\/#primaryimage"},"image":{"@id":"https:\/\/www.manaus.am.gov.br\/semsa\/saude-operacao-visa\/#primaryimage"},"thumbnailUrl":"https:\/\/www.manaus.am.gov.br\/semsa\/wp-content\/uploads\/sites\/8\/2024\/11\/Novembro-11_-Visa-Operacao-1-1.jpg","datePublished":"2024-11-11T20:03:13+00:00","dateModified":"2024-11-14T12:47:23+00:00","author":{"@id":"https:\/\/www.manaus.am.gov.br\/semsa\/#\/schema\/person\/466a0e03ae4b6062809046bd560ac955"},"description":"Em dois dias de trabalho, a opera\u00e7\u00e3o \u201cVerdade no R\u00f3tulo\u201d, fiscalizou a venda de alimentos suspeitos de falsifica\u00e7\u00e3o ou sujeitos \u00e0 adultera\u00e7\u00e3o.","inLanguage":"pt-BR","potentialAction":[{"@type":"ReadAction","target":["https:\/\/www.manaus.am.gov.br\/semsa\/saude-operacao-visa\/"]}]},{"@type":"ImageObject","inLanguage":"pt-BR","@id":"https:\/\/www.manaus.am.gov.br\/semsa\/saude-operacao-visa\/#primaryimage","url":"https:\/\/www.manaus.am.gov.br\/semsa\/wp-content\/uploads\/sites\/8\/2024\/11\/Novembro-11_-Visa-Operacao-1-1.jpg","contentUrl":"https:\/\/www.manaus.am.gov.br\/semsa\/wp-content\/uploads\/sites\/8\/2024\/11\/Novembro-11_-Visa-Operacao-1-1.jpg","width":800,"height":600},{"@type":"WebSite","@id":"https:\/\/www.manaus.am.gov.br\/semsa\/#website","url":"https:\/\/www.manaus.am.gov.br\/semsa\/","name":"SEMSA","description":"Secretaria Municipal de Sa\u00fade","alternateName":"Secretaria Municipal de Sa\u00fade","potentialAction":[{"@type":"SearchAction","target":{"@type":"EntryPoint","urlTemplate":"https:\/\/www.manaus.am.gov.br\/semsa\/?s={search_term_string}"},"query-input":"required name=search_term_string"}],"inLanguage":"pt-BR"},{"@type":"Person","@id":"https:\/\/www.manaus.am.gov.br\/semsa\/#\/schema\/person\/466a0e03ae4b6062809046bd560ac955","name":"bvalente","image":{"@type":"ImageObject","inLanguage":"pt-BR","@id":"https:\/\/www.manaus.am.gov.br\/semsa\/#\/schema\/person\/image\/","url":"https:\/\/secure.gravatar.com\/avatar\/3e69bc2b014bdad41adfec3a39de07d2?s=96&d=mm&r=g","contentUrl":"https:\/\/secure.gravatar.com\/avatar\/3e69bc2b014bdad41adfec3a39de07d2?s=96&d=mm&r=g","caption":"bvalente"}}]}},"_links":{"self":[{"href":"https:\/\/www.manaus.am.gov.br\/semsa\/wp-json\/wp\/v2\/posts\/218471"}],"collection":[{"href":"https:\/\/www.manaus.am.gov.br\/semsa\/wp-json\/wp\/v2\/posts"}],"about":[{"href":"https:\/\/www.manaus.am.gov.br\/semsa\/wp-json\/wp\/v2\/types\/post"}],"author":[{"embeddable":true,"href":"https:\/\/www.manaus.am.gov.br\/semsa\/wp-json\/wp\/v2\/users\/68"}],"replies":[{"embeddable":true,"href":"https:\/\/www.manaus.am.gov.br\/semsa\/wp-json\/wp\/v2\/comments?post=218471"}],"version-history":[{"count":1,"href":"https:\/\/www.manaus.am.gov.br\/semsa\/wp-json\/wp\/v2\/posts\/218471\/revisions"}],"predecessor-version":[{"id":218473,"href":"https:\/\/www.manaus.am.gov.br\/semsa\/wp-json\/wp\/v2\/posts\/218471\/revisions\/218473"}],"wp:featuredmedia":[{"embeddable":true,"href":"https:\/\/www.manaus.am.gov.br\/semsa\/wp-json\/wp\/v2\/media\/218474"}],"wp:attachment":[{"href":"https:\/\/www.manaus.am.gov.br\/semsa\/wp-json\/wp\/v2\/media?parent=218471"}],"wp:term":[{"taxonomy":"category","embeddable":true,"href":"https:\/\/www.manaus.am.gov.br\/semsa\/wp-json\/wp\/v2\/categories?post=218471"},{"taxonomy":"post_tag","embeddable":true,"href":"https:\/\/www.manaus.am.gov.br\/semsa\/wp-json\/wp\/v2\/tags?post=218471"}],"curies":[{"name":"wp","href":"https:\/\/api.w.org\/{rel}","templated":true}]}}