{"id":218241,"date":"2024-10-31T09:45:44","date_gmt":"2024-10-31T13:45:44","guid":{"rendered":"https:\/\/www.manaus.am.gov.br\/semsa\/semsa-formacao-profissionais\/"},"modified":"2024-10-31T09:45:46","modified_gmt":"2024-10-31T13:45:46","slug":"semsa-formacao-profissionais","status":"publish","type":"post","link":"https:\/\/www.manaus.am.gov.br\/semsa\/semsa-formacao-profissionais\/","title":{"rendered":"Profissionais da Semsa s\u00e3o capacitados para refor\u00e7o na preven\u00e7\u00e3o do c\u00e2ncer do colo do \u00fatero"},"content":{"rendered":"\n<p>Profissionais de sa\u00fade da Prefeitura de Manaus participam, a partir desta sexta-feira, 1\u00ba\/11, de um curso com foco na t\u00e9cnica da coleta do exame preventivo em meio l\u00edquido. A atividade, que segue ao longo do m\u00eas de novembro, integra uma s\u00e9rie de cursos promovida pela Secretaria Municipal de Sa\u00fade (Semsa), visando refor\u00e7ar a preven\u00e7\u00e3o e o rastreio do c\u00e2ncer do colo do \u00fatero, um dos tipos mais incidentes entre a popula\u00e7\u00e3o feminina na regi\u00e3o Norte.<\/p>\n\n\n\n<p>O curso \u00e9 voltado a m\u00e9dicos e enfermeiros da rede b\u00e1sica, e traz conte\u00fados te\u00f3ricos e pr\u00e1ticos, visando aprimorar o trabalho dos profissionais na coleta do preventivo em meio l\u00edquido. A nova etapa da forma\u00e7\u00e3o ter\u00e1 quatro turmas, cada qual com 30 participantes e atividades nas sextas-feiras, \u00e0 tarde, na Unidade de Desenvolvimento Docente e Apoio ao Ensino (Uddae), da Universidade do Estado do Amazonas (UEA), localizada no bairro Cachoeirinha, zona Sul.<\/p>\n\n\n\n<p>\u201cNosso objetivo \u00e9 subsidiar as equipes que atuam na linha de cuidado do c\u00e2ncer do colo uterino, para que possam realizar a coleta em meio l\u00edquido de forma segura e eficiente, a fim de fortalecer o rastreio e reduzir a mortalidade de mulheres por esse tipo de c\u00e2ncer\u201d, explica a t\u00e9cnica da Divis\u00e3o de Aten\u00e7\u00e3o \u00e0 Sa\u00fade da Mulher da Semsa e uma das coordenadoras da forma\u00e7\u00e3o, Vera Hoshiba.<\/p>\n\n\n\n<p>Conforme a servidora, al\u00e9m de orienta\u00e7\u00f5es sobre o panorama e a linha de cuidado do c\u00e2ncer do colo do \u00fatero, os participantes do curso recebem informa\u00e7\u00f5es sobre a import\u00e2ncia da qualidade da coleta do preventivo para a interpreta\u00e7\u00e3o do resultado. Os profissionais tamb\u00e9m participam de atividades pr\u00e1ticas, em simulador p\u00e9lvico, com foco na t\u00e9cnica de coleta do exame em meio l\u00edquido.<\/p>\n\n\n\n<p>De acordo com Vera, o exame preventivo, ou citopatol\u00f3gico, \u00e9 ofertado em todas as unidades municipais de sa\u00fade, 53 das quais realizam a coleta em meio l\u00edquido. A Semsa vem ampliando, gradativamente, a oferta desse tipo de t\u00e9cnica na rede b\u00e1sica de Manaus, que foi precursora entre as capitais em implementar o procedimento, no ano passado.<\/p>\n\n\n\n<p>\u201cO exame citopatol\u00f3gico visa detectar les\u00f5es precursoras do c\u00e2ncer uterino. A coleta de amostras em meio l\u00edquido tem vantagens em rela\u00e7\u00e3o \u00e0 t\u00e9cnica tradicional, entre elas uma maior sensibilidade na an\u00e1lise e um menor n\u00famero de casos de falsos negativos\u201d, aponta.<\/p>\n\n\n\n<p>A primeira turma do curso \u201cAprimoramento da Linha de Cuidado do C\u00e2ncer de Colo de \u00datero: enfoque para a t\u00e9cnica de coleta por meio l\u00edquido na APS Manaus\u201d, nesta sexta-feira, 1\u00ba\/11, ter\u00e1 profissionais do Distrito de Sa\u00fade (Disa) Norte. A agenda da nova etapa continua com a participa\u00e7\u00e3o de equipes do Disa Leste, no dia 8; do Disa Oeste, no dia 22; e do Disa Sul, no dia 29 deste m\u00eas.<\/p>\n\n\n\n<p>A primeira etapa da forma\u00e7\u00e3o ocorreu no m\u00eas de agosto e contou com aproximadamente 200 participantes, divididos em quatro turmas. A atividade \u00e9 conduzida pela Divis\u00e3o de Aten\u00e7\u00e3o \u00e0 Sa\u00fade da Mulher, em articula\u00e7\u00e3o com a Escola de Sa\u00fade P\u00fablica de Manaus (Esap), o Laborat\u00f3rio Municipal de Especialidades Prof. Sebasti\u00e3o Marinho e Distritos de Sa\u00fade da Semsa, com o apoio da UEA.<\/p>\n\n\n\n<p>Cursos e forma\u00e7\u00f5es<\/p>\n\n\n\n<p>O curso com foco na t\u00e9cnica de coleta do preventivo em meio l\u00edquido integra uma agenda de cursos de capacita\u00e7\u00e3o e atualiza\u00e7\u00e3o, oficinas, semin\u00e1rios e imers\u00f5es que a Semsa ir\u00e1 realizar ao longo deste m\u00eas de novembro. Ao todo, a programa\u00e7\u00e3o inclui 15 atividades de Educa\u00e7\u00e3o em Sa\u00fade, abrangendo temas diversos da Aten\u00e7\u00e3o Prim\u00e1ria \u00e0 Sa\u00fade (APS) e da Vigil\u00e2ncia em Sa\u00fade, como arboviroses, hansen\u00edase, e Pr\u00e1ticas Integrativas Complementares em Sa\u00fade (Pics).<\/p>\n\n\n\n<p>Um dos cursos previstos na agenda \u00e9 o de Capacita\u00e7\u00e3o em Arboviroses, que ocorrer\u00e1 em seis dias de novembro, iniciando na segunda-feira, 4\/11. Voltada a equipes que atuam na vigil\u00e2ncia epidemiol\u00f3gica nos Disas e profissionais das unidades de sa\u00fade e laborat\u00f3rios distritais, a atividade visa orientar os servidores sobre o manejo cl\u00ednico de dengue, zika, chikungunya, mayaro, oropouche e febre amarela, trazendo ainda no\u00e7\u00f5es sobre arbov\u00edrus e cen\u00e1rios epidemiol\u00f3gicos das arboviroses.<\/p>\n\n\n\n<p>Tamb\u00e9m neste m\u00eas acontece o \u201cCurso B\u00e1sico em Hansen\u00edase para APS\u201d, que ter\u00e1 duas turmas, sendo uma de 4 a 7\/11, no per\u00edodo matutino, e outra de 11 a 14\/11, no vespertino. A atividade \u00e9 voltada a m\u00e9dicos e enfermeiros e inclui no programa conceitos, diagn\u00f3stico e classifica\u00e7\u00e3o da doen\u00e7a, testes de sensibilidade e orienta\u00e7\u00e3o de autocuidados, entre outros t\u00f3picos.<\/p>\n\n\n\n<p>Nos dias 7 e 8, acontece o Semin\u00e1rio Municipal de Boas Pr\u00e1ticas para a Elimina\u00e7\u00e3o da Transmiss\u00e3o Vertical do HIV e S\u00edfilis, onde gestores e profissionais de sa\u00fade discutir\u00e3o estrat\u00e9gias e pr\u00e1ticas para preven\u00e7\u00e3o das doen\u00e7as, com foco nas gestantes e rec\u00e9m-nascidos.<\/p>\n\n\n\n<p>Dois cursos com enfoque nas Pics fazem ainda parte da programa\u00e7\u00e3o, voltados a especialistas em sa\u00fade de diversas \u00e1reas que atuam nas redes de aten\u00e7\u00e3o \u00e0 sa\u00fade do munic\u00edpio. O primeiro curso ocorre nos dias 6 e 13, qualificando os participantes para a pr\u00e1tica do reiki, n\u00edvel 1. J\u00e1 o curso de Medita\u00e7\u00e3o inicia neste m\u00eas, na modalidade Ensino a Dist\u00e2ncia (EaD), concluindo no in\u00edcio de dezembro.<\/p>\n\n\n\n<p>A 2\u00aa Oficina Municipal de Vigil\u00e2ncia do \u00d3bito Materno, Infantil, Fetal e de Mulher em Idade F\u00e9rtil (MIF) \u00e9 outro destaque na agenda de cursos da Semsa. Na atividade, marcada para o dia 12\/11, profissionais de sa\u00fade que atuam na vigil\u00e2ncia do \u00f3bito nos Disas v\u00e3o levantar temas como a vigil\u00e2ncia, an\u00e1lise e quantifica\u00e7\u00e3o do \u00f3bito, al\u00e9m de debater a\u00e7\u00f5es de enfrentamento e realizar estudos de casos.<\/p>\n\n\n\n<p>A abordagem a usu\u00e1rios com sobrepeso e obesidade na Aten\u00e7\u00e3o Prim\u00e1ria ser\u00e1 tema de um curso voltado a enfermeiros, nutricionistas, m\u00e9dicos, psic\u00f3logos e profissionais de Educa\u00e7\u00e3o F\u00edsica da rede b\u00e1sica. A forma\u00e7\u00e3o ser\u00e1 dividida em duas turmas, nos dias 12 e 19 deste m\u00eas.<\/p>\n\n\n\n<p>&#8212; &#8212; &#8212; &nbsp;<\/p>\n\n\n\n<p><strong>Texto<\/strong>\u00a0&#8211;\u00a0Jony Clay Borges \/ Semsa<\/p>\n\n\n\n<p><strong>Fotos<\/strong>\u00a0&#8211;\u00a0Divulga\u00e7\u00e3o \/ Semsa<\/p>\n","protected":false},"excerpt":{"rendered":"","protected":false},"author":23,"featured_media":218242,"comment_status":"closed","ping_status":"closed","sticky":false,"template":"","format":"standard","meta":{"footnotes":""},"categories":[155],"tags":[251,530,1017,54,28],"acf":[],"yoast_head":"<!-- This site is optimized with the Yoast SEO plugin v23.0 - https:\/\/yoast.com\/wordpress\/plugins\/seo\/ -->\n<title>Profissionais da Semsa s\u00e3o capacitados para refor\u00e7o na preven\u00e7\u00e3o do c\u00e2ncer do colo do \u00fatero<\/title>\n<meta name=\"description\" content=\"Profissionais de sa\u00fade da Prefeitura de Manaus participam, a partir desta sexta-feira, 1\u00ba\/11, de um curso com foco na t\u00e9cnica da coleta do exame preventivo em meio l\u00edquido.\" \/>\n<meta name=\"robots\" content=\"index, follow, max-snippet:-1, max-image-preview:large, max-video-preview:-1\" \/>\n<link rel=\"canonical\" href=\"https:\/\/www.manaus.am.gov.br\/semsa\/semsa-formacao-profissionais\/\" \/>\n<meta property=\"og:locale\" content=\"pt_BR\" \/>\n<meta property=\"og:type\" content=\"article\" \/>\n<meta property=\"og:title\" content=\"Profissionais da Semsa s\u00e3o capacitados para refor\u00e7o na preven\u00e7\u00e3o do c\u00e2ncer do colo do \u00fatero\" \/>\n<meta property=\"og:description\" content=\"Profissionais de sa\u00fade da Prefeitura de Manaus participam, a partir desta sexta-feira, 1\u00ba\/11, de um curso com foco na t\u00e9cnica da coleta do exame preventivo em meio l\u00edquido.\" \/>\n<meta property=\"og:url\" content=\"https:\/\/www.manaus.am.gov.br\/semsa\/semsa-formacao-profissionais\/\" \/>\n<meta property=\"og:site_name\" content=\"SEMSA\" \/>\n<meta property=\"article:published_time\" content=\"2024-10-31T13:45:44+00:00\" \/>\n<meta property=\"article:modified_time\" content=\"2024-10-31T13:45:46+00:00\" \/>\n<meta property=\"og:image\" content=\"https:\/\/www.manaus.am.gov.br\/semsa\/wp-content\/uploads\/sites\/8\/2024\/10\/Outubro-30_Cursos-Esap-Novembro-3.jpg\" \/>\n\t<meta property=\"og:image:width\" content=\"3000\" \/>\n\t<meta property=\"og:image:height\" content=\"1688\" \/>\n\t<meta property=\"og:image:type\" content=\"image\/jpeg\" \/>\n<meta name=\"author\" content=\"Adriana Costa\" \/>\n<meta name=\"twitter:card\" content=\"summary_large_image\" \/>\n<meta name=\"twitter:label1\" content=\"Written by\" \/>\n\t<meta name=\"twitter:data1\" content=\"Adriana Costa\" \/>\n\t<meta name=\"twitter:label2\" content=\"Est. reading time\" \/>\n\t<meta name=\"twitter:data2\" content=\"6 minutos\" \/>\n<script type=\"application\/ld+json\" class=\"yoast-schema-graph\">{\"@context\":\"https:\/\/schema.org\",\"@graph\":[{\"@type\":\"WebPage\",\"@id\":\"https:\/\/www.manaus.am.gov.br\/semsa\/semsa-formacao-profissionais\/\",\"url\":\"https:\/\/www.manaus.am.gov.br\/semsa\/semsa-formacao-profissionais\/\",\"name\":\"Profissionais da Semsa s\u00e3o capacitados para refor\u00e7o na preven\u00e7\u00e3o do c\u00e2ncer do colo do \u00fatero\",\"isPartOf\":{\"@id\":\"https:\/\/www.manaus.am.gov.br\/semsa\/#website\"},\"primaryImageOfPage\":{\"@id\":\"https:\/\/www.manaus.am.gov.br\/semsa\/semsa-formacao-profissionais\/#primaryimage\"},\"image\":{\"@id\":\"https:\/\/www.manaus.am.gov.br\/semsa\/semsa-formacao-profissionais\/#primaryimage\"},\"thumbnailUrl\":\"https:\/\/www.manaus.am.gov.br\/semsa\/wp-content\/uploads\/sites\/8\/2024\/10\/Outubro-30_Cursos-Esap-Novembro-3.jpg\",\"datePublished\":\"2024-10-31T13:45:44+00:00\",\"dateModified\":\"2024-10-31T13:45:46+00:00\",\"author\":{\"@id\":\"https:\/\/www.manaus.am.gov.br\/semsa\/#\/schema\/person\/4e49f4e267757a06ca072ec61b2b9968\"},\"description\":\"Profissionais de sa\u00fade da Prefeitura de Manaus participam, a partir desta sexta-feira, 1\u00ba\/11, de um curso com foco na t\u00e9cnica da coleta do exame preventivo em meio l\u00edquido.\",\"inLanguage\":\"pt-BR\",\"potentialAction\":[{\"@type\":\"ReadAction\",\"target\":[\"https:\/\/www.manaus.am.gov.br\/semsa\/semsa-formacao-profissionais\/\"]}]},{\"@type\":\"ImageObject\",\"inLanguage\":\"pt-BR\",\"@id\":\"https:\/\/www.manaus.am.gov.br\/semsa\/semsa-formacao-profissionais\/#primaryimage\",\"url\":\"https:\/\/www.manaus.am.gov.br\/semsa\/wp-content\/uploads\/sites\/8\/2024\/10\/Outubro-30_Cursos-Esap-Novembro-3.jpg\",\"contentUrl\":\"https:\/\/www.manaus.am.gov.br\/semsa\/wp-content\/uploads\/sites\/8\/2024\/10\/Outubro-30_Cursos-Esap-Novembro-3.jpg\",\"width\":3000,\"height\":1688},{\"@type\":\"WebSite\",\"@id\":\"https:\/\/www.manaus.am.gov.br\/semsa\/#website\",\"url\":\"https:\/\/www.manaus.am.gov.br\/semsa\/\",\"name\":\"SEMSA\",\"description\":\"Secretaria Municipal de Sa\u00fade\",\"alternateName\":\"Secretaria Municipal de Sa\u00fade\",\"potentialAction\":[{\"@type\":\"SearchAction\",\"target\":{\"@type\":\"EntryPoint\",\"urlTemplate\":\"https:\/\/www.manaus.am.gov.br\/semsa\/?s={search_term_string}\"},\"query-input\":\"required name=search_term_string\"}],\"inLanguage\":\"pt-BR\"},{\"@type\":\"Person\",\"@id\":\"https:\/\/www.manaus.am.gov.br\/semsa\/#\/schema\/person\/4e49f4e267757a06ca072ec61b2b9968\",\"name\":\"Adriana Costa\",\"image\":{\"@type\":\"ImageObject\",\"inLanguage\":\"pt-BR\",\"@id\":\"https:\/\/www.manaus.am.gov.br\/semsa\/#\/schema\/person\/image\/\",\"url\":\"https:\/\/secure.gravatar.com\/avatar\/576258617ef7194f718179e766d57bd4?s=96&d=mm&r=g\",\"contentUrl\":\"https:\/\/secure.gravatar.com\/avatar\/576258617ef7194f718179e766d57bd4?s=96&d=mm&r=g\",\"caption\":\"Adriana Costa\"}}]}<\/script>\n<!-- \/ Yoast SEO plugin. -->","yoast_head_json":{"title":"Profissionais da Semsa s\u00e3o capacitados para refor\u00e7o na preven\u00e7\u00e3o do c\u00e2ncer do colo do \u00fatero","description":"Profissionais de sa\u00fade da Prefeitura de Manaus participam, a partir desta sexta-feira, 1\u00ba\/11, de um curso com foco na t\u00e9cnica da coleta do exame preventivo em meio l\u00edquido.","robots":{"index":"index","follow":"follow","max-snippet":"max-snippet:-1","max-image-preview":"max-image-preview:large","max-video-preview":"max-video-preview:-1"},"canonical":"https:\/\/www.manaus.am.gov.br\/semsa\/semsa-formacao-profissionais\/","og_locale":"pt_BR","og_type":"article","og_title":"Profissionais da Semsa s\u00e3o capacitados para refor\u00e7o na preven\u00e7\u00e3o do c\u00e2ncer do colo do \u00fatero","og_description":"Profissionais de sa\u00fade da Prefeitura de Manaus participam, a partir desta sexta-feira, 1\u00ba\/11, de um curso com foco na t\u00e9cnica da coleta do exame preventivo em meio l\u00edquido.","og_url":"https:\/\/www.manaus.am.gov.br\/semsa\/semsa-formacao-profissionais\/","og_site_name":"SEMSA","article_published_time":"2024-10-31T13:45:44+00:00","article_modified_time":"2024-10-31T13:45:46+00:00","og_image":[{"width":3000,"height":1688,"url":"https:\/\/www.manaus.am.gov.br\/semsa\/wp-content\/uploads\/sites\/8\/2024\/10\/Outubro-30_Cursos-Esap-Novembro-3.jpg","type":"image\/jpeg"}],"author":"Adriana Costa","twitter_card":"summary_large_image","twitter_misc":{"Written by":"Adriana Costa","Est. reading time":"6 minutos"},"schema":{"@context":"https:\/\/schema.org","@graph":[{"@type":"WebPage","@id":"https:\/\/www.manaus.am.gov.br\/semsa\/semsa-formacao-profissionais\/","url":"https:\/\/www.manaus.am.gov.br\/semsa\/semsa-formacao-profissionais\/","name":"Profissionais da Semsa s\u00e3o capacitados para refor\u00e7o na preven\u00e7\u00e3o do c\u00e2ncer do colo do \u00fatero","isPartOf":{"@id":"https:\/\/www.manaus.am.gov.br\/semsa\/#website"},"primaryImageOfPage":{"@id":"https:\/\/www.manaus.am.gov.br\/semsa\/semsa-formacao-profissionais\/#primaryimage"},"image":{"@id":"https:\/\/www.manaus.am.gov.br\/semsa\/semsa-formacao-profissionais\/#primaryimage"},"thumbnailUrl":"https:\/\/www.manaus.am.gov.br\/semsa\/wp-content\/uploads\/sites\/8\/2024\/10\/Outubro-30_Cursos-Esap-Novembro-3.jpg","datePublished":"2024-10-31T13:45:44+00:00","dateModified":"2024-10-31T13:45:46+00:00","author":{"@id":"https:\/\/www.manaus.am.gov.br\/semsa\/#\/schema\/person\/4e49f4e267757a06ca072ec61b2b9968"},"description":"Profissionais de sa\u00fade da Prefeitura de Manaus participam, a partir desta sexta-feira, 1\u00ba\/11, de um curso com foco na t\u00e9cnica da coleta do exame preventivo em meio l\u00edquido.","inLanguage":"pt-BR","potentialAction":[{"@type":"ReadAction","target":["https:\/\/www.manaus.am.gov.br\/semsa\/semsa-formacao-profissionais\/"]}]},{"@type":"ImageObject","inLanguage":"pt-BR","@id":"https:\/\/www.manaus.am.gov.br\/semsa\/semsa-formacao-profissionais\/#primaryimage","url":"https:\/\/www.manaus.am.gov.br\/semsa\/wp-content\/uploads\/sites\/8\/2024\/10\/Outubro-30_Cursos-Esap-Novembro-3.jpg","contentUrl":"https:\/\/www.manaus.am.gov.br\/semsa\/wp-content\/uploads\/sites\/8\/2024\/10\/Outubro-30_Cursos-Esap-Novembro-3.jpg","width":3000,"height":1688},{"@type":"WebSite","@id":"https:\/\/www.manaus.am.gov.br\/semsa\/#website","url":"https:\/\/www.manaus.am.gov.br\/semsa\/","name":"SEMSA","description":"Secretaria Municipal de Sa\u00fade","alternateName":"Secretaria Municipal de Sa\u00fade","potentialAction":[{"@type":"SearchAction","target":{"@type":"EntryPoint","urlTemplate":"https:\/\/www.manaus.am.gov.br\/semsa\/?s={search_term_string}"},"query-input":"required name=search_term_string"}],"inLanguage":"pt-BR"},{"@type":"Person","@id":"https:\/\/www.manaus.am.gov.br\/semsa\/#\/schema\/person\/4e49f4e267757a06ca072ec61b2b9968","name":"Adriana Costa","image":{"@type":"ImageObject","inLanguage":"pt-BR","@id":"https:\/\/www.manaus.am.gov.br\/semsa\/#\/schema\/person\/image\/","url":"https:\/\/secure.gravatar.com\/avatar\/576258617ef7194f718179e766d57bd4?s=96&d=mm&r=g","contentUrl":"https:\/\/secure.gravatar.com\/avatar\/576258617ef7194f718179e766d57bd4?s=96&d=mm&r=g","caption":"Adriana Costa"}}]}},"_links":{"self":[{"href":"https:\/\/www.manaus.am.gov.br\/semsa\/wp-json\/wp\/v2\/posts\/218241"}],"collection":[{"href":"https:\/\/www.manaus.am.gov.br\/semsa\/wp-json\/wp\/v2\/posts"}],"about":[{"href":"https:\/\/www.manaus.am.gov.br\/semsa\/wp-json\/wp\/v2\/types\/post"}],"author":[{"embeddable":true,"href":"https:\/\/www.manaus.am.gov.br\/semsa\/wp-json\/wp\/v2\/users\/23"}],"replies":[{"embeddable":true,"href":"https:\/\/www.manaus.am.gov.br\/semsa\/wp-json\/wp\/v2\/comments?post=218241"}],"version-history":[{"count":0,"href":"https:\/\/www.manaus.am.gov.br\/semsa\/wp-json\/wp\/v2\/posts\/218241\/revisions"}],"wp:featuredmedia":[{"embeddable":true,"href":"https:\/\/www.manaus.am.gov.br\/semsa\/wp-json\/wp\/v2\/media\/218242"}],"wp:attachment":[{"href":"https:\/\/www.manaus.am.gov.br\/semsa\/wp-json\/wp\/v2\/media?parent=218241"}],"wp:term":[{"taxonomy":"category","embeddable":true,"href":"https:\/\/www.manaus.am.gov.br\/semsa\/wp-json\/wp\/v2\/categories?post=218241"},{"taxonomy":"post_tag","embeddable":true,"href":"https:\/\/www.manaus.am.gov.br\/semsa\/wp-json\/wp\/v2\/tags?post=218241"}],"curies":[{"name":"wp","href":"https:\/\/api.w.org\/{rel}","templated":true}]}}