{"id":217249,"date":"2024-07-04T17:04:23","date_gmt":"2024-07-04T21:04:23","guid":{"rendered":"https:\/\/www.manaus.am.gov.br\/semsa\/experiencia-registro\/"},"modified":"2024-07-04T17:04:24","modified_gmt":"2024-07-04T21:04:24","slug":"experiencia-registro","status":"publish","type":"post","link":"https:\/\/www.manaus.am.gov.br\/semsa\/experiencia-registro\/","title":{"rendered":"Prefeitura apresenta experi\u00eancia exitosa no registro de vacinas, em webin\u00e1rio do Minist\u00e9rio da Sa\u00fade"},"content":{"rendered":"\n<p>A experi\u00eancia da Prefeitura de Manaus no registro de vacinas pelo Prontu\u00e1rio Eletr\u00f4nico do Cidad\u00e3o (PEC), nas unidades da Secretaria Municipal de Sa\u00fade (Semsa), foi um dos destaques de encontro on-line realizado pelo Minist\u00e9rio da Sa\u00fade (MS), nesta quinta-feira, 4\/7. O 1\u00ba webin\u00e1rio \u201cAtualiza e-SUS APS\u201d reuniu mais de 1,7 mil participantes, entre coordenadores e gestores municipais e estaduais, refer\u00eancias t\u00e9cnicas em imuniza\u00e7\u00e3o e equipes da aten\u00e7\u00e3o b\u00e1sica de todo o pa\u00eds.<\/p>\n\n\n\n<p>A gerente de Imuniza\u00e7\u00e3o da Semsa, Isabel Hernandes, foi uma das participantes do encontro virtual, transmitido pelo canal do DataSUS no Youtube. Ela apresentou a experi\u00eancia bem-sucedida da pasta municipal no registro exclusivo de vacinas no PEC, relatando que a aplica\u00e7\u00e3o digital do e-SUS Aten\u00e7\u00e3o Prim\u00e1ria (e-SUS APS) \u00e9 empregada h\u00e1 cinco anos em 140 salas de vacinas da aten\u00e7\u00e3o b\u00e1sica da Semsa.<\/p>\n\n\n\n<p>\u201cA implementa\u00e7\u00e3o do PEC em Manaus iniciou em 2019 e foi um \u00eaxito, porque conseguimos implantar o sistema em 100% das unidades da rede b\u00e1sica em apenas 60 dias. J\u00e1 utilizamos inclusive nos registros de vacinas aplicadas em campanhas de imuniza\u00e7\u00e3o\u201d, relatou a gerente.<\/p>\n\n\n\n<p>Conforme Isabel, todas as vacinas aplicadas nas unidades da rede b\u00e1sica municipal hoje s\u00e3o inseridas no prontu\u00e1rio digital, facilitando o acesso de enfermeiros, m\u00e9dicos e outros profissionais da aten\u00e7\u00e3o prim\u00e1ria ao hist\u00f3rico vacinal dos usu\u00e1rios, e ainda municiando gestores da sa\u00fade com dados relevantes para o encaminhamento de estrat\u00e9gias e a\u00e7\u00f5es voltadas \u00e0 imuniza\u00e7\u00e3o.<\/p>\n\n\n\n<p>\u201cCom o prontu\u00e1rio eletr\u00f4nico, conseguimos monitorar em tempo real como est\u00e1 a cobertura vacinal e definir estrat\u00e9gias para alcan\u00e7ar uma maior cobertura e a\u00e7\u00f5es de busca ativa\u201d, apontou.<\/p>\n\n\n\n<p>O webin\u00e1rio teve a participa\u00e7\u00e3o do coordenador-geral de Inova\u00e7\u00e3o e Acelera\u00e7\u00e3o Digital da Aten\u00e7\u00e3o Prim\u00e1ria do MS, Rodrigo Gaete, que deu as boas-vindas aos participantes do encontro e destacou a import\u00e2ncia do registro de dados para o fortalecimento da aten\u00e7\u00e3o b\u00e1sica e para uma representa\u00e7\u00e3o mais fiel da sa\u00fade.<\/p>\n\n\n\n<p>\u201cA qualifica\u00e7\u00e3o das informa\u00e7\u00f5es da sa\u00fade, com um sistema institu\u00eddo e funcionando de forma adequada, vai potencializar resultados e mostrar de forma efetiva o trabalho que \u00e9 feito na aten\u00e7\u00e3o prim\u00e1ria\u201d, pontuou o coordenador-geral.<\/p>\n\n\n\n<p>Al\u00e9m de Isabel Hernandes, representando a Semsa Manaus, o encontro teve apresenta\u00e7\u00f5es de representantes das gest\u00f5es municipais de sa\u00fade de Quixer\u00e9 (CE) e \u00c1guas Vermelhas (MG). O t\u00e9cnico da Coordena\u00e7\u00e3o-Geral de Inova\u00e7\u00e3o e Acelera\u00e7\u00e3o Digital (CGIAD) do MS, Walter Augusto Vieira, discorreu sobre procedimentos para a retifica\u00e7\u00e3o nos sistemas eletr\u00f4nicos de registros de vacina\u00e7\u00e3o. A media\u00e7\u00e3o do webin\u00e1rio ficou a cargo do tamb\u00e9m t\u00e9cnico da CGIAD, Francy Webster Pereira.<\/p>\n\n\n\n<p><strong>Encontro<\/strong><\/p>\n\n\n\n<p>Em sua primeira edi\u00e7\u00e3o, o webin\u00e1rio \u201cAtualiza e-SUS APS\u201d tem como objetivo capacitar profissionais de sa\u00fade para melhorar a precis\u00e3o e a efici\u00eancia no registro de dados, com vistas a uma melhor gest\u00e3o e presta\u00e7\u00e3o de servi\u00e7os na aten\u00e7\u00e3o prim\u00e1ria.<\/p>\n\n\n\n<p>Al\u00e9m da apresenta\u00e7\u00e3o da Semsa Manaus e de outros relatos de experi\u00eancias municipais, o encontro promovido pelo Minist\u00e9rio da Sa\u00fade colocou em pauta o registro de vacina no PEC, incluindo apresenta\u00e7\u00e3o do sistema e orienta\u00e7\u00f5es para gestores e profissionais da aten\u00e7\u00e3o b\u00e1sica.<\/p>\n\n\n\n<p>O e-SUS Aten\u00e7\u00e3o Prim\u00e1ria (e-SUS APS) \u00e9 uma estrat\u00e9gia do MS para reestrutura\u00e7\u00e3o das informa\u00e7\u00f5es da Aten\u00e7\u00e3o Prim\u00e1ria em n\u00edvel nacional. O modelo integrado de registro de dados da aten\u00e7\u00e3o b\u00e1sica leva em conta a qualifica\u00e7\u00e3o da gest\u00e3o da informa\u00e7\u00e3o como fundamental para ampliar a qualidade no atendimento a todos os usu\u00e1rios do Sistema \u00danico de Sa\u00fade (SUS).<\/p>\n\n\n\n<p><strong>&#8212; &#8212; &#8212;&nbsp;<\/strong><\/p>\n\n\n\n<p><strong>Texto &#8211;&nbsp;<\/strong>Jony Clay Borges \/ Semsa<\/p>\n\n\n\n<p><strong>Fotos &#8211;<\/strong>&nbsp;Divulga\u00e7\u00e3o \/ Semsa<\/p>\n","protected":false},"excerpt":{"rendered":"","protected":false},"author":61,"featured_media":217250,"comment_status":"closed","ping_status":"closed","sticky":false,"template":"","format":"standard","meta":{"footnotes":""},"categories":[2],"tags":[2584,54,28,2585],"acf":[],"yoast_head":"<!-- This site is optimized with the Yoast SEO plugin v23.0 - https:\/\/yoast.com\/wordpress\/plugins\/seo\/ -->\n<title>Prefeitura apresenta experi\u00eancia exitosa no registro de vacinas<\/title>\n<meta name=\"description\" content=\"A experi\u00eancia da Prefeitura de Manaus no registro de vacinas pelo Prontu\u00e1rio Eletr\u00f4nico do Cidad\u00e3o (PEC), nas unidades da Semsa, foi um dos destaques de encontro on-line realizado pelo Minist\u00e9rio da Sa\u00fade (MS).\" \/>\n<meta name=\"robots\" content=\"index, follow, max-snippet:-1, max-image-preview:large, max-video-preview:-1\" \/>\n<link rel=\"canonical\" href=\"https:\/\/www.manaus.am.gov.br\/semsa\/experiencia-registro\/\" \/>\n<meta property=\"og:locale\" content=\"pt_BR\" \/>\n<meta property=\"og:type\" content=\"article\" \/>\n<meta property=\"og:title\" content=\"Prefeitura apresenta experi\u00eancia exitosa no registro de vacinas\" \/>\n<meta property=\"og:description\" content=\"A experi\u00eancia da Prefeitura de Manaus no registro de vacinas pelo Prontu\u00e1rio Eletr\u00f4nico do Cidad\u00e3o (PEC), nas unidades da Semsa, foi um dos destaques de encontro on-line realizado pelo Minist\u00e9rio da Sa\u00fade (MS).\" \/>\n<meta property=\"og:url\" content=\"https:\/\/www.manaus.am.gov.br\/semsa\/experiencia-registro\/\" \/>\n<meta property=\"og:site_name\" content=\"SEMSA\" \/>\n<meta property=\"article:published_time\" content=\"2024-07-04T21:04:23+00:00\" \/>\n<meta property=\"article:modified_time\" content=\"2024-07-04T21:04:24+00:00\" \/>\n<meta property=\"og:image\" content=\"https:\/\/www.manaus.am.gov.br\/semsa\/wp-content\/uploads\/sites\/8\/2024\/07\/Julho-04_Webinario-Atualiza-e-SUS-APS-7.jpg\" \/>\n\t<meta property=\"og:image:width\" content=\"912\" \/>\n\t<meta property=\"og:image:height\" content=\"607\" \/>\n\t<meta property=\"og:image:type\" content=\"image\/jpeg\" \/>\n<meta name=\"author\" content=\"smonteiro\" \/>\n<meta name=\"twitter:card\" content=\"summary_large_image\" \/>\n<meta name=\"twitter:label1\" content=\"Written by\" \/>\n\t<meta name=\"twitter:data1\" content=\"smonteiro\" \/>\n\t<meta name=\"twitter:label2\" content=\"Est. reading time\" \/>\n\t<meta name=\"twitter:data2\" content=\"4 minutos\" \/>\n<script type=\"application\/ld+json\" class=\"yoast-schema-graph\">{\"@context\":\"https:\/\/schema.org\",\"@graph\":[{\"@type\":\"WebPage\",\"@id\":\"https:\/\/www.manaus.am.gov.br\/semsa\/experiencia-registro\/\",\"url\":\"https:\/\/www.manaus.am.gov.br\/semsa\/experiencia-registro\/\",\"name\":\"Prefeitura apresenta experi\u00eancia exitosa no registro de vacinas\",\"isPartOf\":{\"@id\":\"https:\/\/www.manaus.am.gov.br\/semsa\/#website\"},\"primaryImageOfPage\":{\"@id\":\"https:\/\/www.manaus.am.gov.br\/semsa\/experiencia-registro\/#primaryimage\"},\"image\":{\"@id\":\"https:\/\/www.manaus.am.gov.br\/semsa\/experiencia-registro\/#primaryimage\"},\"thumbnailUrl\":\"https:\/\/www.manaus.am.gov.br\/semsa\/wp-content\/uploads\/sites\/8\/2024\/07\/Julho-04_Webinario-Atualiza-e-SUS-APS-7.jpg\",\"datePublished\":\"2024-07-04T21:04:23+00:00\",\"dateModified\":\"2024-07-04T21:04:24+00:00\",\"author\":{\"@id\":\"https:\/\/www.manaus.am.gov.br\/semsa\/#\/schema\/person\/ab4dcf766a54dff74e8d267f5c591961\"},\"description\":\"A experi\u00eancia da Prefeitura de Manaus no registro de vacinas pelo Prontu\u00e1rio Eletr\u00f4nico do Cidad\u00e3o (PEC), nas unidades da Semsa, foi um dos destaques de encontro on-line realizado pelo Minist\u00e9rio da Sa\u00fade (MS).\",\"inLanguage\":\"pt-BR\",\"potentialAction\":[{\"@type\":\"ReadAction\",\"target\":[\"https:\/\/www.manaus.am.gov.br\/semsa\/experiencia-registro\/\"]}]},{\"@type\":\"ImageObject\",\"inLanguage\":\"pt-BR\",\"@id\":\"https:\/\/www.manaus.am.gov.br\/semsa\/experiencia-registro\/#primaryimage\",\"url\":\"https:\/\/www.manaus.am.gov.br\/semsa\/wp-content\/uploads\/sites\/8\/2024\/07\/Julho-04_Webinario-Atualiza-e-SUS-APS-7.jpg\",\"contentUrl\":\"https:\/\/www.manaus.am.gov.br\/semsa\/wp-content\/uploads\/sites\/8\/2024\/07\/Julho-04_Webinario-Atualiza-e-SUS-APS-7.jpg\",\"width\":912,\"height\":607,\"caption\":\"#paratodosverem - vacina\u00e7\u00e3o em unidade de sa\u00fade da prefeitura\"},{\"@type\":\"WebSite\",\"@id\":\"https:\/\/www.manaus.am.gov.br\/semsa\/#website\",\"url\":\"https:\/\/www.manaus.am.gov.br\/semsa\/\",\"name\":\"SEMSA\",\"description\":\"Secretaria Municipal de Sa\u00fade\",\"alternateName\":\"Secretaria Municipal de Sa\u00fade\",\"potentialAction\":[{\"@type\":\"SearchAction\",\"target\":{\"@type\":\"EntryPoint\",\"urlTemplate\":\"https:\/\/www.manaus.am.gov.br\/semsa\/?s={search_term_string}\"},\"query-input\":\"required name=search_term_string\"}],\"inLanguage\":\"pt-BR\"},{\"@type\":\"Person\",\"@id\":\"https:\/\/www.manaus.am.gov.br\/semsa\/#\/schema\/person\/ab4dcf766a54dff74e8d267f5c591961\",\"name\":\"smonteiro\",\"image\":{\"@type\":\"ImageObject\",\"inLanguage\":\"pt-BR\",\"@id\":\"https:\/\/www.manaus.am.gov.br\/semsa\/#\/schema\/person\/image\/\",\"url\":\"https:\/\/secure.gravatar.com\/avatar\/21c8776ef61d9272c73322052e042d77?s=96&d=mm&r=g\",\"contentUrl\":\"https:\/\/secure.gravatar.com\/avatar\/21c8776ef61d9272c73322052e042d77?s=96&d=mm&r=g\",\"caption\":\"smonteiro\"}}]}<\/script>\n<!-- \/ Yoast SEO plugin. -->","yoast_head_json":{"title":"Prefeitura apresenta experi\u00eancia exitosa no registro de vacinas","description":"A experi\u00eancia da Prefeitura de Manaus no registro de vacinas pelo Prontu\u00e1rio Eletr\u00f4nico do Cidad\u00e3o (PEC), nas unidades da Semsa, foi um dos destaques de encontro on-line realizado pelo Minist\u00e9rio da Sa\u00fade (MS).","robots":{"index":"index","follow":"follow","max-snippet":"max-snippet:-1","max-image-preview":"max-image-preview:large","max-video-preview":"max-video-preview:-1"},"canonical":"https:\/\/www.manaus.am.gov.br\/semsa\/experiencia-registro\/","og_locale":"pt_BR","og_type":"article","og_title":"Prefeitura apresenta experi\u00eancia exitosa no registro de vacinas","og_description":"A experi\u00eancia da Prefeitura de Manaus no registro de vacinas pelo Prontu\u00e1rio Eletr\u00f4nico do Cidad\u00e3o (PEC), nas unidades da Semsa, foi um dos destaques de encontro on-line realizado pelo Minist\u00e9rio da Sa\u00fade (MS).","og_url":"https:\/\/www.manaus.am.gov.br\/semsa\/experiencia-registro\/","og_site_name":"SEMSA","article_published_time":"2024-07-04T21:04:23+00:00","article_modified_time":"2024-07-04T21:04:24+00:00","og_image":[{"width":912,"height":607,"url":"https:\/\/www.manaus.am.gov.br\/semsa\/wp-content\/uploads\/sites\/8\/2024\/07\/Julho-04_Webinario-Atualiza-e-SUS-APS-7.jpg","type":"image\/jpeg"}],"author":"smonteiro","twitter_card":"summary_large_image","twitter_misc":{"Written by":"smonteiro","Est. reading time":"4 minutos"},"schema":{"@context":"https:\/\/schema.org","@graph":[{"@type":"WebPage","@id":"https:\/\/www.manaus.am.gov.br\/semsa\/experiencia-registro\/","url":"https:\/\/www.manaus.am.gov.br\/semsa\/experiencia-registro\/","name":"Prefeitura apresenta experi\u00eancia exitosa no registro de vacinas","isPartOf":{"@id":"https:\/\/www.manaus.am.gov.br\/semsa\/#website"},"primaryImageOfPage":{"@id":"https:\/\/www.manaus.am.gov.br\/semsa\/experiencia-registro\/#primaryimage"},"image":{"@id":"https:\/\/www.manaus.am.gov.br\/semsa\/experiencia-registro\/#primaryimage"},"thumbnailUrl":"https:\/\/www.manaus.am.gov.br\/semsa\/wp-content\/uploads\/sites\/8\/2024\/07\/Julho-04_Webinario-Atualiza-e-SUS-APS-7.jpg","datePublished":"2024-07-04T21:04:23+00:00","dateModified":"2024-07-04T21:04:24+00:00","author":{"@id":"https:\/\/www.manaus.am.gov.br\/semsa\/#\/schema\/person\/ab4dcf766a54dff74e8d267f5c591961"},"description":"A experi\u00eancia da Prefeitura de Manaus no registro de vacinas pelo Prontu\u00e1rio Eletr\u00f4nico do Cidad\u00e3o (PEC), nas unidades da Semsa, foi um dos destaques de encontro on-line realizado pelo Minist\u00e9rio da Sa\u00fade (MS).","inLanguage":"pt-BR","potentialAction":[{"@type":"ReadAction","target":["https:\/\/www.manaus.am.gov.br\/semsa\/experiencia-registro\/"]}]},{"@type":"ImageObject","inLanguage":"pt-BR","@id":"https:\/\/www.manaus.am.gov.br\/semsa\/experiencia-registro\/#primaryimage","url":"https:\/\/www.manaus.am.gov.br\/semsa\/wp-content\/uploads\/sites\/8\/2024\/07\/Julho-04_Webinario-Atualiza-e-SUS-APS-7.jpg","contentUrl":"https:\/\/www.manaus.am.gov.br\/semsa\/wp-content\/uploads\/sites\/8\/2024\/07\/Julho-04_Webinario-Atualiza-e-SUS-APS-7.jpg","width":912,"height":607,"caption":"#paratodosverem - vacina\u00e7\u00e3o em unidade de sa\u00fade da prefeitura"},{"@type":"WebSite","@id":"https:\/\/www.manaus.am.gov.br\/semsa\/#website","url":"https:\/\/www.manaus.am.gov.br\/semsa\/","name":"SEMSA","description":"Secretaria Municipal de Sa\u00fade","alternateName":"Secretaria Municipal de Sa\u00fade","potentialAction":[{"@type":"SearchAction","target":{"@type":"EntryPoint","urlTemplate":"https:\/\/www.manaus.am.gov.br\/semsa\/?s={search_term_string}"},"query-input":"required name=search_term_string"}],"inLanguage":"pt-BR"},{"@type":"Person","@id":"https:\/\/www.manaus.am.gov.br\/semsa\/#\/schema\/person\/ab4dcf766a54dff74e8d267f5c591961","name":"smonteiro","image":{"@type":"ImageObject","inLanguage":"pt-BR","@id":"https:\/\/www.manaus.am.gov.br\/semsa\/#\/schema\/person\/image\/","url":"https:\/\/secure.gravatar.com\/avatar\/21c8776ef61d9272c73322052e042d77?s=96&d=mm&r=g","contentUrl":"https:\/\/secure.gravatar.com\/avatar\/21c8776ef61d9272c73322052e042d77?s=96&d=mm&r=g","caption":"smonteiro"}}]}},"_links":{"self":[{"href":"https:\/\/www.manaus.am.gov.br\/semsa\/wp-json\/wp\/v2\/posts\/217249"}],"collection":[{"href":"https:\/\/www.manaus.am.gov.br\/semsa\/wp-json\/wp\/v2\/posts"}],"about":[{"href":"https:\/\/www.manaus.am.gov.br\/semsa\/wp-json\/wp\/v2\/types\/post"}],"author":[{"embeddable":true,"href":"https:\/\/www.manaus.am.gov.br\/semsa\/wp-json\/wp\/v2\/users\/61"}],"replies":[{"embeddable":true,"href":"https:\/\/www.manaus.am.gov.br\/semsa\/wp-json\/wp\/v2\/comments?post=217249"}],"version-history":[{"count":0,"href":"https:\/\/www.manaus.am.gov.br\/semsa\/wp-json\/wp\/v2\/posts\/217249\/revisions"}],"wp:featuredmedia":[{"embeddable":true,"href":"https:\/\/www.manaus.am.gov.br\/semsa\/wp-json\/wp\/v2\/media\/217250"}],"wp:attachment":[{"href":"https:\/\/www.manaus.am.gov.br\/semsa\/wp-json\/wp\/v2\/media?parent=217249"}],"wp:term":[{"taxonomy":"category","embeddable":true,"href":"https:\/\/www.manaus.am.gov.br\/semsa\/wp-json\/wp\/v2\/categories?post=217249"},{"taxonomy":"post_tag","embeddable":true,"href":"https:\/\/www.manaus.am.gov.br\/semsa\/wp-json\/wp\/v2\/tags?post=217249"}],"curies":[{"name":"wp","href":"https:\/\/api.w.org\/{rel}","templated":true}]}}