{"id":216670,"date":"2024-06-14T16:13:10","date_gmt":"2024-06-14T20:13:10","guid":{"rendered":"https:\/\/www.manaus.am.gov.br\/semsa\/amplia-acesso-servicos\/"},"modified":"2024-06-14T16:13:11","modified_gmt":"2024-06-14T20:13:11","slug":"amplia-acesso-servicos","status":"publish","type":"post","link":"https:\/\/www.manaus.am.gov.br\/semsa\/amplia-acesso-servicos\/","title":{"rendered":"Prefeitura amplia acesso de servi\u00e7os de sa\u00fade b\u00e1sica com constru\u00e7\u00e3o de novas unidades nas zonas Leste e Oeste de Manaus"},"content":{"rendered":"\n<p>Buscando ampliar o acesso da popula\u00e7\u00e3o aos servi\u00e7os de aten\u00e7\u00e3o b\u00e1sica na capital amazonense, a Prefeitura de Manaus intensifica as obras de constru\u00e7\u00e3o de duas novas Unidades de Sa\u00fade da Fam\u00edlia (USFs) de grande porte. As estruturas integram a rede de Aten\u00e7\u00e3o Prim\u00e1ria da Secretaria Municipal de Sa\u00fade (Semsa).<\/p>\n\n\n\n<p>Em fase final de conclus\u00e3o, a USF Lindalva Damasceno, localizada no bairro Tarum\u00e3-A\u00e7u, zona Oeste, ter\u00e1 capacidade de realizar at\u00e9 1,2 mil atendimentos di\u00e1rios, com servi\u00e7os de aten\u00e7\u00e3o prim\u00e1ria \u00e0 sa\u00fade, incluindo consultas m\u00e9dicas, odontol\u00f3gicas e de enfermagem, visitas domiciliares, acompanhamento de programas sociais e a\u00e7\u00f5es de promo\u00e7\u00e3o e assist\u00eancia \u00e0 sa\u00fade materno-infantil, do adolescente, do adulto e do idoso<\/p>\n\n\n\n<p>Durante vistoria na unidade, nesta sexta-feira, 14\/6, o chefe do Executivo municipal, refor\u00e7ou que a unidade busca ampliar os servi\u00e7os em uma das \u00e1reas de maior vazio assistencial em Manaus.<\/p>\n\n\n\n<p>\u201cAqui n\u00f3s j\u00e1 estamos com 90% da obra j\u00e1 executada, a estimativa \u00e9 que a gente possa entregar mais uma USF Porte 4 j\u00e1 no in\u00edcio do m\u00eas de julho, e assim a gente cobre esse vazio assistencial que n\u00f3s t\u00ednhamos aqui na zona oeste da nossa cidade\u201d, afirmou o prefeito.<\/p>\n\n\n\n<p>Na zona leste da cidade, as obras da nova USF que est\u00e1 sendo constru\u00edda no conjunto Colina do Aleixo, situado no bairro S\u00e3o Jos\u00e9, seguem em ritmo acelerado. A unidade vai contar com mais de 50 ambientes, distribu\u00eddos em dois pisos, com salas de espera, consult\u00f3rios m\u00e9dicos, consult\u00f3rios odontol\u00f3gicos, consult\u00f3rio farmac\u00eautico, escov\u00f3dromo, farm\u00e1cia, posto de coleta de exames e salas de vacina, inala\u00e7\u00e3o, procedimentos, acolhimento, observa\u00e7\u00e3o, curativos, lavagem, esteriliza\u00e7\u00e3o, al\u00e9m de ambientes administrativos e multifuncionais.<\/p>\n\n\n\n<p>\u201cNo S\u00e3o Jos\u00e9, na Colina do Aleixo, estamos visitando mais uma unidade Porte 4, que at\u00e9 o m\u00eas de agosto n\u00f3s vamos estar entregando aqui para a popula\u00e7\u00e3o. S\u00e3o 1,2 mil metros de \u00e1rea constru\u00edda, 59 ambientes, para que a gente possa atender mais de mil pessoas diariamente, com isso a gente tamb\u00e9m cobre um vazio assistencial e melhora a aten\u00e7\u00e3o prim\u00e1ria dos moradores aqui da Zona Leste\u201d, completou Almeida.<\/p>\n\n\n\n<p>&#8212; &#8212; &#8212;<\/p>\n\n\n\n<p><strong>Texto<\/strong> &#8211; Beathriz Torres \/ Semcom e Divulga\u00e7\u00e3o\/ Semsa<\/p>\n\n\n\n<p><strong>Fotos<\/strong> \u2013 Dhyeizo Lemos \/ Semcom<\/p>\n","protected":false},"excerpt":{"rendered":"","protected":false},"author":61,"featured_media":216671,"comment_status":"closed","ping_status":"closed","sticky":false,"template":"","format":"standard","meta":{"footnotes":""},"categories":[155],"tags":[603,165,54,28,349],"acf":[],"yoast_head":"<!-- This site is optimized with the Yoast SEO plugin v23.0 - https:\/\/yoast.com\/wordpress\/plugins\/seo\/ -->\n<title>Prefeitura amplia acesso de servi\u00e7os de sa\u00fade b\u00e1sica<\/title>\n<meta name=\"description\" content=\"A Prefeitura de Manaus intensifica as obras de constru\u00e7\u00e3o de duas novas Unidades de Sa\u00fade da Fam\u00edlia (USFs) de grande porte.\" \/>\n<meta name=\"robots\" content=\"index, follow, max-snippet:-1, max-image-preview:large, max-video-preview:-1\" \/>\n<link rel=\"canonical\" href=\"https:\/\/www.manaus.am.gov.br\/semsa\/amplia-acesso-servicos\/\" \/>\n<meta property=\"og:locale\" content=\"pt_BR\" \/>\n<meta property=\"og:type\" content=\"article\" \/>\n<meta property=\"og:title\" content=\"Prefeitura amplia acesso de servi\u00e7os de sa\u00fade b\u00e1sica\" \/>\n<meta property=\"og:description\" content=\"A Prefeitura de Manaus intensifica as obras de constru\u00e7\u00e3o de duas novas Unidades de Sa\u00fade da Fam\u00edlia (USFs) de grande porte.\" \/>\n<meta property=\"og:url\" content=\"https:\/\/www.manaus.am.gov.br\/semsa\/amplia-acesso-servicos\/\" \/>\n<meta property=\"og:site_name\" content=\"SEMSA\" \/>\n<meta property=\"article:published_time\" content=\"2024-06-14T20:13:10+00:00\" \/>\n<meta property=\"article:modified_time\" content=\"2024-06-14T20:13:11+00:00\" \/>\n<meta property=\"og:image\" content=\"https:\/\/www.manaus.am.gov.br\/semsa\/wp-content\/uploads\/sites\/8\/2024\/06\/UBS-Sao-Jose-2.jpeg\" \/>\n\t<meta property=\"og:image:width\" content=\"4128\" \/>\n\t<meta property=\"og:image:height\" content=\"2752\" \/>\n\t<meta property=\"og:image:type\" content=\"image\/jpeg\" \/>\n<meta name=\"author\" content=\"smonteiro\" \/>\n<meta name=\"twitter:card\" content=\"summary_large_image\" \/>\n<meta name=\"twitter:label1\" content=\"Written by\" \/>\n\t<meta name=\"twitter:data1\" content=\"smonteiro\" \/>\n\t<meta name=\"twitter:label2\" content=\"Est. reading time\" \/>\n\t<meta name=\"twitter:data2\" content=\"3 minutos\" \/>\n<script type=\"application\/ld+json\" class=\"yoast-schema-graph\">{\"@context\":\"https:\/\/schema.org\",\"@graph\":[{\"@type\":\"WebPage\",\"@id\":\"https:\/\/www.manaus.am.gov.br\/semsa\/amplia-acesso-servicos\/\",\"url\":\"https:\/\/www.manaus.am.gov.br\/semsa\/amplia-acesso-servicos\/\",\"name\":\"Prefeitura amplia acesso de servi\u00e7os de sa\u00fade b\u00e1sica\",\"isPartOf\":{\"@id\":\"https:\/\/www.manaus.am.gov.br\/semsa\/#website\"},\"primaryImageOfPage\":{\"@id\":\"https:\/\/www.manaus.am.gov.br\/semsa\/amplia-acesso-servicos\/#primaryimage\"},\"image\":{\"@id\":\"https:\/\/www.manaus.am.gov.br\/semsa\/amplia-acesso-servicos\/#primaryimage\"},\"thumbnailUrl\":\"https:\/\/www.manaus.am.gov.br\/semsa\/wp-content\/uploads\/sites\/8\/2024\/06\/UBS-Sao-Jose-2.jpeg\",\"datePublished\":\"2024-06-14T20:13:10+00:00\",\"dateModified\":\"2024-06-14T20:13:11+00:00\",\"author\":{\"@id\":\"https:\/\/www.manaus.am.gov.br\/semsa\/#\/schema\/person\/ab4dcf766a54dff74e8d267f5c591961\"},\"description\":\"A Prefeitura de Manaus intensifica as obras de constru\u00e7\u00e3o de duas novas Unidades de Sa\u00fade da Fam\u00edlia (USFs) de grande porte.\",\"inLanguage\":\"pt-BR\",\"potentialAction\":[{\"@type\":\"ReadAction\",\"target\":[\"https:\/\/www.manaus.am.gov.br\/semsa\/amplia-acesso-servicos\/\"]}]},{\"@type\":\"ImageObject\",\"inLanguage\":\"pt-BR\",\"@id\":\"https:\/\/www.manaus.am.gov.br\/semsa\/amplia-acesso-servicos\/#primaryimage\",\"url\":\"https:\/\/www.manaus.am.gov.br\/semsa\/wp-content\/uploads\/sites\/8\/2024\/06\/UBS-Sao-Jose-2.jpeg\",\"contentUrl\":\"https:\/\/www.manaus.am.gov.br\/semsa\/wp-content\/uploads\/sites\/8\/2024\/06\/UBS-Sao-Jose-2.jpeg\",\"width\":4128,\"height\":2752,\"caption\":\"#paratodosverem - prefeito David Almeida visita obras de unidades de sa\u00fade\"},{\"@type\":\"WebSite\",\"@id\":\"https:\/\/www.manaus.am.gov.br\/semsa\/#website\",\"url\":\"https:\/\/www.manaus.am.gov.br\/semsa\/\",\"name\":\"SEMSA\",\"description\":\"Secretaria Municipal de Sa\u00fade\",\"alternateName\":\"Secretaria Municipal de Sa\u00fade\",\"potentialAction\":[{\"@type\":\"SearchAction\",\"target\":{\"@type\":\"EntryPoint\",\"urlTemplate\":\"https:\/\/www.manaus.am.gov.br\/semsa\/?s={search_term_string}\"},\"query-input\":\"required name=search_term_string\"}],\"inLanguage\":\"pt-BR\"},{\"@type\":\"Person\",\"@id\":\"https:\/\/www.manaus.am.gov.br\/semsa\/#\/schema\/person\/ab4dcf766a54dff74e8d267f5c591961\",\"name\":\"smonteiro\",\"image\":{\"@type\":\"ImageObject\",\"inLanguage\":\"pt-BR\",\"@id\":\"https:\/\/www.manaus.am.gov.br\/semsa\/#\/schema\/person\/image\/\",\"url\":\"https:\/\/secure.gravatar.com\/avatar\/21c8776ef61d9272c73322052e042d77?s=96&d=mm&r=g\",\"contentUrl\":\"https:\/\/secure.gravatar.com\/avatar\/21c8776ef61d9272c73322052e042d77?s=96&d=mm&r=g\",\"caption\":\"smonteiro\"}}]}<\/script>\n<!-- \/ Yoast SEO plugin. -->","yoast_head_json":{"title":"Prefeitura amplia acesso de servi\u00e7os de sa\u00fade b\u00e1sica","description":"A Prefeitura de Manaus intensifica as obras de constru\u00e7\u00e3o de duas novas Unidades de Sa\u00fade da Fam\u00edlia (USFs) de grande porte.","robots":{"index":"index","follow":"follow","max-snippet":"max-snippet:-1","max-image-preview":"max-image-preview:large","max-video-preview":"max-video-preview:-1"},"canonical":"https:\/\/www.manaus.am.gov.br\/semsa\/amplia-acesso-servicos\/","og_locale":"pt_BR","og_type":"article","og_title":"Prefeitura amplia acesso de servi\u00e7os de sa\u00fade b\u00e1sica","og_description":"A Prefeitura de Manaus intensifica as obras de constru\u00e7\u00e3o de duas novas Unidades de Sa\u00fade da Fam\u00edlia (USFs) de grande porte.","og_url":"https:\/\/www.manaus.am.gov.br\/semsa\/amplia-acesso-servicos\/","og_site_name":"SEMSA","article_published_time":"2024-06-14T20:13:10+00:00","article_modified_time":"2024-06-14T20:13:11+00:00","og_image":[{"width":4128,"height":2752,"url":"https:\/\/www.manaus.am.gov.br\/semsa\/wp-content\/uploads\/sites\/8\/2024\/06\/UBS-Sao-Jose-2.jpeg","type":"image\/jpeg"}],"author":"smonteiro","twitter_card":"summary_large_image","twitter_misc":{"Written by":"smonteiro","Est. reading time":"3 minutos"},"schema":{"@context":"https:\/\/schema.org","@graph":[{"@type":"WebPage","@id":"https:\/\/www.manaus.am.gov.br\/semsa\/amplia-acesso-servicos\/","url":"https:\/\/www.manaus.am.gov.br\/semsa\/amplia-acesso-servicos\/","name":"Prefeitura amplia acesso de servi\u00e7os de sa\u00fade b\u00e1sica","isPartOf":{"@id":"https:\/\/www.manaus.am.gov.br\/semsa\/#website"},"primaryImageOfPage":{"@id":"https:\/\/www.manaus.am.gov.br\/semsa\/amplia-acesso-servicos\/#primaryimage"},"image":{"@id":"https:\/\/www.manaus.am.gov.br\/semsa\/amplia-acesso-servicos\/#primaryimage"},"thumbnailUrl":"https:\/\/www.manaus.am.gov.br\/semsa\/wp-content\/uploads\/sites\/8\/2024\/06\/UBS-Sao-Jose-2.jpeg","datePublished":"2024-06-14T20:13:10+00:00","dateModified":"2024-06-14T20:13:11+00:00","author":{"@id":"https:\/\/www.manaus.am.gov.br\/semsa\/#\/schema\/person\/ab4dcf766a54dff74e8d267f5c591961"},"description":"A Prefeitura de Manaus intensifica as obras de constru\u00e7\u00e3o de duas novas Unidades de Sa\u00fade da Fam\u00edlia (USFs) de grande porte.","inLanguage":"pt-BR","potentialAction":[{"@type":"ReadAction","target":["https:\/\/www.manaus.am.gov.br\/semsa\/amplia-acesso-servicos\/"]}]},{"@type":"ImageObject","inLanguage":"pt-BR","@id":"https:\/\/www.manaus.am.gov.br\/semsa\/amplia-acesso-servicos\/#primaryimage","url":"https:\/\/www.manaus.am.gov.br\/semsa\/wp-content\/uploads\/sites\/8\/2024\/06\/UBS-Sao-Jose-2.jpeg","contentUrl":"https:\/\/www.manaus.am.gov.br\/semsa\/wp-content\/uploads\/sites\/8\/2024\/06\/UBS-Sao-Jose-2.jpeg","width":4128,"height":2752,"caption":"#paratodosverem - prefeito David Almeida visita obras de unidades de sa\u00fade"},{"@type":"WebSite","@id":"https:\/\/www.manaus.am.gov.br\/semsa\/#website","url":"https:\/\/www.manaus.am.gov.br\/semsa\/","name":"SEMSA","description":"Secretaria Municipal de Sa\u00fade","alternateName":"Secretaria Municipal de Sa\u00fade","potentialAction":[{"@type":"SearchAction","target":{"@type":"EntryPoint","urlTemplate":"https:\/\/www.manaus.am.gov.br\/semsa\/?s={search_term_string}"},"query-input":"required name=search_term_string"}],"inLanguage":"pt-BR"},{"@type":"Person","@id":"https:\/\/www.manaus.am.gov.br\/semsa\/#\/schema\/person\/ab4dcf766a54dff74e8d267f5c591961","name":"smonteiro","image":{"@type":"ImageObject","inLanguage":"pt-BR","@id":"https:\/\/www.manaus.am.gov.br\/semsa\/#\/schema\/person\/image\/","url":"https:\/\/secure.gravatar.com\/avatar\/21c8776ef61d9272c73322052e042d77?s=96&d=mm&r=g","contentUrl":"https:\/\/secure.gravatar.com\/avatar\/21c8776ef61d9272c73322052e042d77?s=96&d=mm&r=g","caption":"smonteiro"}}]}},"_links":{"self":[{"href":"https:\/\/www.manaus.am.gov.br\/semsa\/wp-json\/wp\/v2\/posts\/216670"}],"collection":[{"href":"https:\/\/www.manaus.am.gov.br\/semsa\/wp-json\/wp\/v2\/posts"}],"about":[{"href":"https:\/\/www.manaus.am.gov.br\/semsa\/wp-json\/wp\/v2\/types\/post"}],"author":[{"embeddable":true,"href":"https:\/\/www.manaus.am.gov.br\/semsa\/wp-json\/wp\/v2\/users\/61"}],"replies":[{"embeddable":true,"href":"https:\/\/www.manaus.am.gov.br\/semsa\/wp-json\/wp\/v2\/comments?post=216670"}],"version-history":[{"count":0,"href":"https:\/\/www.manaus.am.gov.br\/semsa\/wp-json\/wp\/v2\/posts\/216670\/revisions"}],"wp:featuredmedia":[{"embeddable":true,"href":"https:\/\/www.manaus.am.gov.br\/semsa\/wp-json\/wp\/v2\/media\/216671"}],"wp:attachment":[{"href":"https:\/\/www.manaus.am.gov.br\/semsa\/wp-json\/wp\/v2\/media?parent=216670"}],"wp:term":[{"taxonomy":"category","embeddable":true,"href":"https:\/\/www.manaus.am.gov.br\/semsa\/wp-json\/wp\/v2\/categories?post=216670"},{"taxonomy":"post_tag","embeddable":true,"href":"https:\/\/www.manaus.am.gov.br\/semsa\/wp-json\/wp\/v2\/tags?post=216670"}],"curies":[{"name":"wp","href":"https:\/\/api.w.org\/{rel}","templated":true}]}}