{"id":216656,"date":"2024-06-13T18:23:03","date_gmt":"2024-06-13T22:23:03","guid":{"rendered":"https:\/\/www.manaus.am.gov.br\/semsa\/frank-calderon\/"},"modified":"2024-06-13T18:23:04","modified_gmt":"2024-06-13T22:23:04","slug":"frank-calderon","status":"publish","type":"post","link":"https:\/\/www.manaus.am.gov.br\/semsa\/frank-calderon\/","title":{"rendered":"Prefeitura refor\u00e7a Aten\u00e7\u00e3o B\u00e1sica na zona Sul da capital com a reinaugura\u00e7\u00e3o da USF Frank Calderon"},"content":{"rendered":"\n<p>A Prefeitura de Manaus, por meio da Secretaria Municipal de Sa\u00fade (Semsa), entregou, nesta quinta-feira, 13\/6, a Unidade de Sa\u00fade da Fam\u00edlia (USF) Frank Calderon, localizada no Crespo, na zona Sul da capital. A unidade foi ampliada e totalmente reformada, sendo refer\u00eancia em aten\u00e7\u00e3o b\u00e1sica de sa\u00fade para 12 mil pessoas que residem nos bairros Crespo, Japiim, Raiz, Bet\u00e2nia, Morro da Liberdade e S\u00e3o L\u00e1zaro.<\/p>\n\n\n\n<p>De acordo com o prefeito de Manaus, David Almeida, a nova entrega vai facilitar o trabalho dos servidores da unidade e qualificar ainda mais os atendimentos realizados na USF.<\/p>\n\n\n\n<p>\u201c\u00c9 mais uma unidade de porte 3 que a gente entrega. No total, j\u00e1 reinauguramos 75 e temos mais 23 em constru\u00e7\u00e3o, amplia\u00e7\u00e3o, reforma e transforma\u00e7\u00e3o. Com isso, a gente cumpre com nossos compromissos de campanha, que era melhorar a aten\u00e7\u00e3o prim\u00e1ria da cidade de Manaus. N\u00f3s j\u00e1 temos os melhores servi\u00e7os do Brasil sendo prestados dentro dessas unidades e com a entrega como essa, voc\u00ea d\u00e1 dignidade para os servidores, um bom local de trabalho\u201d, afirmou David.<\/p>\n\n\n\n<p>Com capacidade para realizar at\u00e9 16 mil procedimentos por m\u00eas, a USF oferece consulta m\u00e9dica em cl\u00ednica geral e pediatria, consultas de enfermagem e odontologia e todos os servi\u00e7os da carteira b\u00e1sica, o que inclui pr\u00e9-natal, planejamento reprodutivo, controle e acompanhamento de hipertens\u00e3o e diabetes, vacina\u00e7\u00e3o, dispensa\u00e7\u00e3o de medicamentos, acompanhamento das condicionalidades de sa\u00fade dos programas sociais, al\u00e9m da realiza\u00e7\u00e3o de exames como preventivo do c\u00e2ncer do colo do \u00fatero, teste do pezinho, testes r\u00e1pidos para diagn\u00f3stico de s\u00edfilis, HIV e hepatites e teste de gravidez.<\/p>\n\n\n\n<p>Questionado sobre os avan\u00e7os na Aten\u00e7\u00e3o B\u00e1sica de Sa\u00fade do munic\u00edpio, o titular da Semsa, Djalma Coelho, destacou os investimentos realizados pela gest\u00e3o municipal nos \u00faltimos 3 anos e meio.<\/p>\n\n\n\n<p>\u201cManaus \u00e9 a melhor capital brasileira nos \u00faltimos sete quadrimestres, de acordo com o Minist\u00e9rio da Sa\u00fade. Mesmo assim, seguimos investindo na capacita\u00e7\u00e3o dos servidores e na melhora das unidades de atendimento. Essa \u00e9 a recomenda\u00e7\u00e3o do prefeito David Almeida para que possamos continuar entregando os melhores resultados para a nossa cidade e popula\u00e7\u00e3o\u201d, salientou Co\u00ealho.<\/p>\n\n\n\n<p>As obras realizadas na Frank Calderon permitiram a amplia\u00e7\u00e3o a \u00e1rea constru\u00edda para 675 metros quadrados, a cria\u00e7\u00e3o de quatro consult\u00f3rios, a amplia\u00e7\u00e3o do dep\u00f3sito de materiais e da \u00e1rea administrativa com constru\u00e7\u00e3o de banheiro para funcion\u00e1rios, a cria\u00e7\u00e3o de guich\u00ea para dispensa\u00e7\u00e3o de medicamentos, de sala de coleta de exames, al\u00e9m da reforma da sala das equipes da Estrat\u00e9gia Sa\u00fade da Fam\u00edlia, substitui\u00e7\u00e3o de portas, reforma da Esta\u00e7\u00e3o de Tratamento de Esgoto, pintura completa e revitaliza\u00e7\u00e3o da fachada. A obra foi executada em parceria com a Secretaria Municipal de Infraestrutura (Seminf).<\/p>\n\n\n\n<p>Para a dona de casa Maria Oliveira, 43 anos, a reforma da unidade era uma reivindica\u00e7\u00e3o antiga dos moradores do bairro, principalmente porque a USF estava h\u00e1 anos sem receber a aten\u00e7\u00e3o do poder p\u00fablico.<\/p>\n\n\n\n<p>\u201cVer a unidade desta forma \u00e9 um sonho. Fazia muitos anos que ela n\u00e3o era reformada e mesmo assim v\u00edamos o empenho dos servidores. Agora, tenho certeza de que vamos receber um atendimento ainda melhor\u201d, concluiu.<\/p>\n\n\n\n<p>&#8212; &#8212; &#8212;<\/p>\n\n\n\n<p><strong>Texto<\/strong> &#8211; Thiago Fernando \/ Semcom e Andr\u00e9a Arruda \/ Semsa<\/p>\n\n\n\n<p><strong>Fotos<\/strong> \u2013 Dhyeizo Lemos \/ Semcom<\/p>\n","protected":false},"excerpt":{"rendered":"","protected":false},"author":61,"featured_media":216657,"comment_status":"closed","ping_status":"closed","sticky":false,"template":"","format":"standard","meta":{"footnotes":""},"categories":[155],"tags":[603,54,63,28,1491],"acf":[],"yoast_head":"<!-- This site is optimized with the Yoast SEO plugin v23.0 - https:\/\/yoast.com\/wordpress\/plugins\/seo\/ -->\n<title>Prefeitura refor\u00e7a Aten\u00e7\u00e3o B\u00e1sica na zona Sul da capital com a reinaugura\u00e7\u00e3o da USF Frank Calderon<\/title>\n<meta name=\"description\" content=\"A Prefeitura de Manaus, por meio da Semsa, entregou, nesta quinta-feira, 13\/6, a USF Frank Calderon, no Crespo, zona Sul.\" \/>\n<meta name=\"robots\" content=\"index, follow, max-snippet:-1, max-image-preview:large, max-video-preview:-1\" \/>\n<link rel=\"canonical\" href=\"https:\/\/www.manaus.am.gov.br\/semsa\/frank-calderon\/\" \/>\n<meta property=\"og:locale\" content=\"pt_BR\" \/>\n<meta property=\"og:type\" content=\"article\" \/>\n<meta property=\"og:title\" content=\"Prefeitura refor\u00e7a Aten\u00e7\u00e3o B\u00e1sica na zona Sul da capital com a reinaugura\u00e7\u00e3o da USF Frank Calderon\" \/>\n<meta property=\"og:description\" content=\"A Prefeitura de Manaus, por meio da Semsa, entregou, nesta quinta-feira, 13\/6, a USF Frank Calderon, no Crespo, zona Sul.\" \/>\n<meta property=\"og:url\" content=\"https:\/\/www.manaus.am.gov.br\/semsa\/frank-calderon\/\" \/>\n<meta property=\"og:site_name\" content=\"SEMSA\" \/>\n<meta property=\"article:published_time\" content=\"2024-06-13T22:23:03+00:00\" \/>\n<meta property=\"article:modified_time\" content=\"2024-06-13T22:23:04+00:00\" \/>\n<meta property=\"og:image\" content=\"https:\/\/www.manaus.am.gov.br\/semsa\/wp-content\/uploads\/sites\/8\/2024\/06\/USF-Frank-Calderon-4.jpg\" \/>\n\t<meta property=\"og:image:width\" content=\"799\" \/>\n\t<meta property=\"og:image:height\" content=\"533\" \/>\n\t<meta property=\"og:image:type\" content=\"image\/jpeg\" \/>\n<meta name=\"author\" content=\"smonteiro\" \/>\n<meta name=\"twitter:card\" content=\"summary_large_image\" \/>\n<meta name=\"twitter:label1\" content=\"Written by\" \/>\n\t<meta name=\"twitter:data1\" content=\"smonteiro\" \/>\n\t<meta name=\"twitter:label2\" content=\"Est. reading time\" \/>\n\t<meta name=\"twitter:data2\" content=\"4 minutos\" \/>\n<script type=\"application\/ld+json\" class=\"yoast-schema-graph\">{\"@context\":\"https:\/\/schema.org\",\"@graph\":[{\"@type\":\"WebPage\",\"@id\":\"https:\/\/www.manaus.am.gov.br\/semsa\/frank-calderon\/\",\"url\":\"https:\/\/www.manaus.am.gov.br\/semsa\/frank-calderon\/\",\"name\":\"Prefeitura refor\u00e7a Aten\u00e7\u00e3o B\u00e1sica na zona Sul da capital com a reinaugura\u00e7\u00e3o da USF Frank Calderon\",\"isPartOf\":{\"@id\":\"https:\/\/www.manaus.am.gov.br\/semsa\/#website\"},\"primaryImageOfPage\":{\"@id\":\"https:\/\/www.manaus.am.gov.br\/semsa\/frank-calderon\/#primaryimage\"},\"image\":{\"@id\":\"https:\/\/www.manaus.am.gov.br\/semsa\/frank-calderon\/#primaryimage\"},\"thumbnailUrl\":\"https:\/\/www.manaus.am.gov.br\/semsa\/wp-content\/uploads\/sites\/8\/2024\/06\/USF-Frank-Calderon-4.jpg\",\"datePublished\":\"2024-06-13T22:23:03+00:00\",\"dateModified\":\"2024-06-13T22:23:04+00:00\",\"author\":{\"@id\":\"https:\/\/www.manaus.am.gov.br\/semsa\/#\/schema\/person\/ab4dcf766a54dff74e8d267f5c591961\"},\"description\":\"A Prefeitura de Manaus, por meio da Semsa, entregou, nesta quinta-feira, 13\/6, a USF Frank Calderon, no Crespo, zona Sul.\",\"inLanguage\":\"pt-BR\",\"potentialAction\":[{\"@type\":\"ReadAction\",\"target\":[\"https:\/\/www.manaus.am.gov.br\/semsa\/frank-calderon\/\"]}]},{\"@type\":\"ImageObject\",\"inLanguage\":\"pt-BR\",\"@id\":\"https:\/\/www.manaus.am.gov.br\/semsa\/frank-calderon\/#primaryimage\",\"url\":\"https:\/\/www.manaus.am.gov.br\/semsa\/wp-content\/uploads\/sites\/8\/2024\/06\/USF-Frank-Calderon-4.jpg\",\"contentUrl\":\"https:\/\/www.manaus.am.gov.br\/semsa\/wp-content\/uploads\/sites\/8\/2024\/06\/USF-Frank-Calderon-4.jpg\",\"width\":799,\"height\":533,\"caption\":\"#paratodosverem - prefeito e secret\u00e1rio de Sa\u00fade descerram a placa de inaugura\u00e7\u00e3o\"},{\"@type\":\"WebSite\",\"@id\":\"https:\/\/www.manaus.am.gov.br\/semsa\/#website\",\"url\":\"https:\/\/www.manaus.am.gov.br\/semsa\/\",\"name\":\"SEMSA\",\"description\":\"Secretaria Municipal de Sa\u00fade\",\"alternateName\":\"Secretaria Municipal de Sa\u00fade\",\"potentialAction\":[{\"@type\":\"SearchAction\",\"target\":{\"@type\":\"EntryPoint\",\"urlTemplate\":\"https:\/\/www.manaus.am.gov.br\/semsa\/?s={search_term_string}\"},\"query-input\":\"required name=search_term_string\"}],\"inLanguage\":\"pt-BR\"},{\"@type\":\"Person\",\"@id\":\"https:\/\/www.manaus.am.gov.br\/semsa\/#\/schema\/person\/ab4dcf766a54dff74e8d267f5c591961\",\"name\":\"smonteiro\",\"image\":{\"@type\":\"ImageObject\",\"inLanguage\":\"pt-BR\",\"@id\":\"https:\/\/www.manaus.am.gov.br\/semsa\/#\/schema\/person\/image\/\",\"url\":\"https:\/\/secure.gravatar.com\/avatar\/21c8776ef61d9272c73322052e042d77?s=96&d=mm&r=g\",\"contentUrl\":\"https:\/\/secure.gravatar.com\/avatar\/21c8776ef61d9272c73322052e042d77?s=96&d=mm&r=g\",\"caption\":\"smonteiro\"}}]}<\/script>\n<!-- \/ Yoast SEO plugin. -->","yoast_head_json":{"title":"Prefeitura refor\u00e7a Aten\u00e7\u00e3o B\u00e1sica na zona Sul da capital com a reinaugura\u00e7\u00e3o da USF Frank Calderon","description":"A Prefeitura de Manaus, por meio da Semsa, entregou, nesta quinta-feira, 13\/6, a USF Frank Calderon, no Crespo, zona Sul.","robots":{"index":"index","follow":"follow","max-snippet":"max-snippet:-1","max-image-preview":"max-image-preview:large","max-video-preview":"max-video-preview:-1"},"canonical":"https:\/\/www.manaus.am.gov.br\/semsa\/frank-calderon\/","og_locale":"pt_BR","og_type":"article","og_title":"Prefeitura refor\u00e7a Aten\u00e7\u00e3o B\u00e1sica na zona Sul da capital com a reinaugura\u00e7\u00e3o da USF Frank Calderon","og_description":"A Prefeitura de Manaus, por meio da Semsa, entregou, nesta quinta-feira, 13\/6, a USF Frank Calderon, no Crespo, zona Sul.","og_url":"https:\/\/www.manaus.am.gov.br\/semsa\/frank-calderon\/","og_site_name":"SEMSA","article_published_time":"2024-06-13T22:23:03+00:00","article_modified_time":"2024-06-13T22:23:04+00:00","og_image":[{"width":799,"height":533,"url":"https:\/\/www.manaus.am.gov.br\/semsa\/wp-content\/uploads\/sites\/8\/2024\/06\/USF-Frank-Calderon-4.jpg","type":"image\/jpeg"}],"author":"smonteiro","twitter_card":"summary_large_image","twitter_misc":{"Written by":"smonteiro","Est. reading time":"4 minutos"},"schema":{"@context":"https:\/\/schema.org","@graph":[{"@type":"WebPage","@id":"https:\/\/www.manaus.am.gov.br\/semsa\/frank-calderon\/","url":"https:\/\/www.manaus.am.gov.br\/semsa\/frank-calderon\/","name":"Prefeitura refor\u00e7a Aten\u00e7\u00e3o B\u00e1sica na zona Sul da capital com a reinaugura\u00e7\u00e3o da USF Frank Calderon","isPartOf":{"@id":"https:\/\/www.manaus.am.gov.br\/semsa\/#website"},"primaryImageOfPage":{"@id":"https:\/\/www.manaus.am.gov.br\/semsa\/frank-calderon\/#primaryimage"},"image":{"@id":"https:\/\/www.manaus.am.gov.br\/semsa\/frank-calderon\/#primaryimage"},"thumbnailUrl":"https:\/\/www.manaus.am.gov.br\/semsa\/wp-content\/uploads\/sites\/8\/2024\/06\/USF-Frank-Calderon-4.jpg","datePublished":"2024-06-13T22:23:03+00:00","dateModified":"2024-06-13T22:23:04+00:00","author":{"@id":"https:\/\/www.manaus.am.gov.br\/semsa\/#\/schema\/person\/ab4dcf766a54dff74e8d267f5c591961"},"description":"A Prefeitura de Manaus, por meio da Semsa, entregou, nesta quinta-feira, 13\/6, a USF Frank Calderon, no Crespo, zona Sul.","inLanguage":"pt-BR","potentialAction":[{"@type":"ReadAction","target":["https:\/\/www.manaus.am.gov.br\/semsa\/frank-calderon\/"]}]},{"@type":"ImageObject","inLanguage":"pt-BR","@id":"https:\/\/www.manaus.am.gov.br\/semsa\/frank-calderon\/#primaryimage","url":"https:\/\/www.manaus.am.gov.br\/semsa\/wp-content\/uploads\/sites\/8\/2024\/06\/USF-Frank-Calderon-4.jpg","contentUrl":"https:\/\/www.manaus.am.gov.br\/semsa\/wp-content\/uploads\/sites\/8\/2024\/06\/USF-Frank-Calderon-4.jpg","width":799,"height":533,"caption":"#paratodosverem - prefeito e secret\u00e1rio de Sa\u00fade descerram a placa de inaugura\u00e7\u00e3o"},{"@type":"WebSite","@id":"https:\/\/www.manaus.am.gov.br\/semsa\/#website","url":"https:\/\/www.manaus.am.gov.br\/semsa\/","name":"SEMSA","description":"Secretaria Municipal de Sa\u00fade","alternateName":"Secretaria Municipal de Sa\u00fade","potentialAction":[{"@type":"SearchAction","target":{"@type":"EntryPoint","urlTemplate":"https:\/\/www.manaus.am.gov.br\/semsa\/?s={search_term_string}"},"query-input":"required name=search_term_string"}],"inLanguage":"pt-BR"},{"@type":"Person","@id":"https:\/\/www.manaus.am.gov.br\/semsa\/#\/schema\/person\/ab4dcf766a54dff74e8d267f5c591961","name":"smonteiro","image":{"@type":"ImageObject","inLanguage":"pt-BR","@id":"https:\/\/www.manaus.am.gov.br\/semsa\/#\/schema\/person\/image\/","url":"https:\/\/secure.gravatar.com\/avatar\/21c8776ef61d9272c73322052e042d77?s=96&d=mm&r=g","contentUrl":"https:\/\/secure.gravatar.com\/avatar\/21c8776ef61d9272c73322052e042d77?s=96&d=mm&r=g","caption":"smonteiro"}}]}},"_links":{"self":[{"href":"https:\/\/www.manaus.am.gov.br\/semsa\/wp-json\/wp\/v2\/posts\/216656"}],"collection":[{"href":"https:\/\/www.manaus.am.gov.br\/semsa\/wp-json\/wp\/v2\/posts"}],"about":[{"href":"https:\/\/www.manaus.am.gov.br\/semsa\/wp-json\/wp\/v2\/types\/post"}],"author":[{"embeddable":true,"href":"https:\/\/www.manaus.am.gov.br\/semsa\/wp-json\/wp\/v2\/users\/61"}],"replies":[{"embeddable":true,"href":"https:\/\/www.manaus.am.gov.br\/semsa\/wp-json\/wp\/v2\/comments?post=216656"}],"version-history":[{"count":0,"href":"https:\/\/www.manaus.am.gov.br\/semsa\/wp-json\/wp\/v2\/posts\/216656\/revisions"}],"wp:featuredmedia":[{"embeddable":true,"href":"https:\/\/www.manaus.am.gov.br\/semsa\/wp-json\/wp\/v2\/media\/216657"}],"wp:attachment":[{"href":"https:\/\/www.manaus.am.gov.br\/semsa\/wp-json\/wp\/v2\/media?parent=216656"}],"wp:term":[{"taxonomy":"category","embeddable":true,"href":"https:\/\/www.manaus.am.gov.br\/semsa\/wp-json\/wp\/v2\/categories?post=216656"},{"taxonomy":"post_tag","embeddable":true,"href":"https:\/\/www.manaus.am.gov.br\/semsa\/wp-json\/wp\/v2\/tags?post=216656"}],"curies":[{"name":"wp","href":"https:\/\/api.w.org\/{rel}","templated":true}]}}