{"id":216574,"date":"2024-06-08T18:15:14","date_gmt":"2024-06-08T22:15:14","guid":{"rendered":"https:\/\/www.manaus.am.gov.br\/semsa\/mais-de-12-mil-criancas-vacinadas-contra-a-polio-dia-d\/"},"modified":"2024-06-09T12:49:47","modified_gmt":"2024-06-09T16:49:47","slug":"mais-de-12-mil-criancas-vacinadas-contra-a-polio-dia-d","status":"publish","type":"post","link":"https:\/\/www.manaus.am.gov.br\/semsa\/mais-de-12-mil-criancas-vacinadas-contra-a-polio-dia-d\/","title":{"rendered":"Mais de 12 mil crian\u00e7as foram vacinadas em Manaus no Dia D de vacina\u00e7\u00e3o contra a p\u00f3lio"},"content":{"rendered":"\n<p>O Dia D da Campanha Nacional de Vacina\u00e7\u00e3o contra a Poliomielite mobilizou crian\u00e7as, pais e tutores neste s\u00e1bado, 8\/6, das 8h \u00e0s 16h. Ao longo do dia, 12.442 crian\u00e7as de 1 a 4 anos receberam a dose adicional da vacina oral (VOP), tamb\u00e9m conhecida como gotinha. A mobiliza\u00e7\u00e3o foi realizada pela Secretaria Municipal de Sa\u00fade (Semsa), da Prefeitura de Manaus, que disponibilizou 367 postos de atendimento, entre unidades de sa\u00fade, escolas, igrejas, estabelecimentos comerciais e postos volantes em todas as zonas da cidade.<\/p>\n\n\n\n<p>Ao acompanhar a a\u00e7\u00e3o na Unidade de Sa\u00fade da Fam\u00edlia (USF) Frank Abrahim Lima, no bairro Novo Aleixo, na zona Norte da capital, o secret\u00e1rio municipal de Sa\u00fade, Djalma Coelho, ressaltou a import\u00e2ncia da ades\u00e3o da popula\u00e7\u00e3o em geral \u00e0 campanha de imuniza\u00e7\u00e3o, de modo a evitar o ressurgimento da doen\u00e7a, erradicada no Brasil nos anos 1990.<\/p>\n\n\n\n<p>\u201cUma comunidade com baixa cobertura vacinal est\u00e1 mais sujeita para que doen\u00e7as j\u00e1 erradicadas gra\u00e7as \u00e0s vacinas adentrem no territ\u00f3rio. Por isso, convocamos pais e tutores a levarem suas crian\u00e7as para vacinar. Quem ama cuida, e quem cuida vacina\u201d, declarou.<\/p>\n\n\n\n<p>Durante o Dia D, al\u00e9m das crian\u00e7as de 1 a 4 anos, os pais tiveram a oportunidade de vacinar os beb\u00eas de 2 a 11 meses em atraso com o esquema vacinal.<\/p>\n\n\n\n<p>Refor\u00e7ando o chamado da campanha, a gerente de Imuniza\u00e7\u00e3o da Semsa, Isabel Hernandes, alertou para os riscos da doen\u00e7a para a sa\u00fade da popula\u00e7\u00e3o. \u201cA poliomielite \u00e9 capaz de deixar sequelas para o resto da vida, da\u00ed porque os pais precisam entender a import\u00e2ncia e vacinar seus filhos. Temos muitas crian\u00e7as suscet\u00edveis, por conta das baixas coberturas vacinais, por isso \u00e9 importante que cada pai fa\u00e7a seu trabalho e traga sua crian\u00e7a para ser vacinada contra essa doen\u00e7a\u201d.<\/p>\n\n\n\n<p>Um dos pais que aderiram \u00e0 mobiliza\u00e7\u00e3o neste s\u00e1bado foi o empres\u00e1rio Ismael Menezes, que levou o filho para tomar a gotinha na USF Frank Abrahim Lima. \u201c\u00c9 uma campanha muito importante de combate \u00e0 paralisia infantil, ent\u00e3o a gente n\u00e3o pode ficar de fora, n\u00e9? A gente tem que aproveitar e fazer a nossa parte\u201d, disse.<\/p>\n\n\n\n<p>Al\u00e9m dos atendimentos nos postos fixos e volantes, a Semsa Manaus fez busca ativa de crian\u00e7as n\u00e3o vacinadas, por meio de visitas domiciliares, conduzidas pelos Agentes Comunit\u00e1rios de Sa\u00fade (ACS) em seus territ\u00f3rios de abrang\u00eancia, em especial nas \u00e1reas de dif\u00edcil acesso.<\/p>\n\n\n\n<figure class=\"wp-block-image size-large\"><img loading=\"lazy\" decoding=\"async\" width=\"1024\" height=\"684\" src=\"https:\/\/www.manaus.am.gov.br\/semsa\/wp-content\/uploads\/sites\/8\/2024\/06\/53777854663_a32cd0cbde_h-1-1024x684.jpg\" alt=\"\" class=\"wp-image-216576\" srcset=\"https:\/\/www.manaus.am.gov.br\/semsa\/wp-content\/uploads\/sites\/8\/2024\/06\/53777854663_a32cd0cbde_h-1-1024x684.jpg 1024w, https:\/\/www.manaus.am.gov.br\/semsa\/wp-content\/uploads\/sites\/8\/2024\/06\/53777854663_a32cd0cbde_h-1-300x200.jpg 300w, https:\/\/www.manaus.am.gov.br\/semsa\/wp-content\/uploads\/sites\/8\/2024\/06\/53777854663_a32cd0cbde_h-1-768x513.jpg 768w, https:\/\/www.manaus.am.gov.br\/semsa\/wp-content\/uploads\/sites\/8\/2024\/06\/53777854663_a32cd0cbde_h-1.jpg 1438w\" sizes=\"(max-width: 1024px) 100vw, 1024px\" \/><\/figure>\n\n\n\n<p><strong>Refor\u00e7o<\/strong><\/p>\n\n\n\n<p>A Campanha Nacional de Vacina\u00e7\u00e3o contra a Poliomielite, idealizada pelo Minist\u00e9rio da Sa\u00fade, come\u00e7ou no dia 27 de maio e encerrar\u00e1 na pr\u00f3xima quinta-feira, 14 de junho. O objetivo da a\u00e7\u00e3o \u00e9 aumentar a cobertura vacinal contra a poliomielite e evitar a reintrodu\u00e7\u00e3o do poliov\u00edrus no Brasil.<\/p>\n\n\n\n<p>Em Manaus, at\u00e9 o final da campanha, a meta \u00e9 vacinar 123,7 mil crian\u00e7as de 1 a 4 anos, o que corresponde a 95% da popula\u00e7\u00e3o total de 130.316 meninos e meninas nessa faixa et\u00e1ria, de acordo com o Censo 2022.&nbsp;<\/p>\n\n\n\n<p>Para Isabel Hernandes, apesar da mobiliza\u00e7\u00e3o deste s\u00e1bado, \u00e9 preciso aumentar muito a ades\u00e3o dos pais \u00e0 vacina. \u201cAinda n\u00e3o alcan\u00e7amos nem 30% do p\u00fablico-alvo\u201d, alertou.<\/p>\n\n\n\n<p>Desde o in\u00edcio da campanha, foram vacinadas 32.896 crian\u00e7as, ou seja 24,5% do total. Dessas 19.454 foram vacinadas no per\u00edodo de 27 de maio a 7 de junho e as outras 12.442 neste Dia D.&nbsp;<\/p>\n\n\n\n<p>A campanha segue ao longo da semana, quando a popula\u00e7\u00e3o pode procurar uma das mais de 150 salas de vacina da rede municipal. Os endere\u00e7os e hor\u00e1rios de funcionamento das unidades podem ser consultados no site da Semsa (<a href=\"http:\/\/manaus.am.gov.br\/semsa\" target=\"_blank\" rel=\"noreferrer noopener\">manaus.am.gov.br\/semsa<\/a>).&nbsp;<\/p>\n\n\n\n<p><strong>Livre<\/strong><\/p>\n\n\n\n<p>O pa\u00eds registrou o \u00faltimo caso de p\u00f3lio em 1989, sendo certificado como livre da doen\u00e7a em 1994. No entanto, desde o ano passado, est\u00e1 em alto risco para a reintrodu\u00e7\u00e3o do v\u00edrus, de acordo com a Comiss\u00e3o Regional para a Certifica\u00e7\u00e3o da Erradica\u00e7\u00e3o da Poliomielite na Regi\u00e3o das Am\u00e9ricas (RCC).<\/p>\n\n\n\n<p>A poliomielite, tamb\u00e9m conhecida como paralisia infantil, \u00e9 causada pelo poliov\u00edrus selvagem (PVS) dos tipos 1, 2 e 3, podendo infectar crian\u00e7as e adultos. A doen\u00e7a n\u00e3o tem cura e normalmente causa sequelas motoras, sendo que os principais efeitos s\u00e3o aus\u00eancia ou diminui\u00e7\u00e3o de for\u00e7a muscular no membro afetado e dores nas articula\u00e7\u00f5es, levando \u00e0 paralisia dos membros inferiores nos casos mais graves.<\/p>\n\n\n\n<p>&#8212; &#8212; &#8212;<\/p>\n\n\n\n<p><strong>Texto &#8211;<\/strong> Jony Clay Borges e Andr\u00e9a Arruda\/Semsa<\/p>\n\n\n\n<p><strong>Fotos &#8211;<\/strong> Artur Barbosa\/Semsa<\/p>\n\n\n\n<p><strong>Dispon\u00edveis em &#8211; <\/strong><a href=\"https:\/\/flic.kr\/s\/aHBqjBueCg\">https:\/\/flic.kr\/s\/aHBqjBueCg<\/a><\/p>\n","protected":false},"excerpt":{"rendered":"","protected":false},"author":39,"featured_media":216575,"comment_status":"closed","ping_status":"closed","sticky":false,"template":"","format":"standard","meta":{"footnotes":""},"categories":[5],"tags":[2514,2515,2516,49,54,28],"acf":[],"yoast_head":"<!-- This site is optimized with the Yoast SEO plugin v23.0 - https:\/\/yoast.com\/wordpress\/plugins\/seo\/ -->\n<title>Mais de 12 mil crian\u00e7as vacinadas contra a p\u00f3lio no Dia D<\/title>\n<meta name=\"description\" content=\"Mais de 12 mil crian\u00e7as foram vacinadas em Manaus no Dia D de vacina\u00e7\u00e3o contra a p\u00f3lio neste s\u00e1bado, 8 de junho.\" \/>\n<meta name=\"robots\" content=\"index, follow, max-snippet:-1, max-image-preview:large, max-video-preview:-1\" \/>\n<link rel=\"canonical\" href=\"https:\/\/www.manaus.am.gov.br\/semsa\/mais-de-12-mil-criancas-vacinadas-contra-a-polio-dia-d\/\" \/>\n<meta property=\"og:locale\" content=\"pt_BR\" \/>\n<meta property=\"og:type\" content=\"article\" \/>\n<meta property=\"og:title\" content=\"Mais de 12 mil crian\u00e7as vacinadas contra a p\u00f3lio no Dia D\" \/>\n<meta property=\"og:description\" content=\"Mais de 12 mil crian\u00e7as foram vacinadas em Manaus no Dia D de vacina\u00e7\u00e3o contra a p\u00f3lio neste s\u00e1bado, 8 de junho.\" \/>\n<meta property=\"og:url\" content=\"https:\/\/www.manaus.am.gov.br\/semsa\/mais-de-12-mil-criancas-vacinadas-contra-a-polio-dia-d\/\" \/>\n<meta property=\"og:site_name\" content=\"SEMSA\" \/>\n<meta property=\"article:published_time\" content=\"2024-06-08T22:15:14+00:00\" \/>\n<meta property=\"article:modified_time\" content=\"2024-06-09T16:49:47+00:00\" \/>\n<meta property=\"og:image\" content=\"https:\/\/www.manaus.am.gov.br\/semsa\/wp-content\/uploads\/sites\/8\/2024\/06\/53778066465_6163c2ce99_h.jpg\" \/>\n\t<meta property=\"og:image:width\" content=\"1600\" \/>\n\t<meta property=\"og:image:height\" content=\"1069\" \/>\n\t<meta property=\"og:image:type\" content=\"image\/jpeg\" \/>\n<meta name=\"author\" content=\"Bruna Greco\" \/>\n<meta name=\"twitter:card\" content=\"summary_large_image\" \/>\n<meta name=\"twitter:label1\" content=\"Written by\" \/>\n\t<meta name=\"twitter:data1\" content=\"Bruna Greco\" \/>\n\t<meta name=\"twitter:label2\" content=\"Est. reading time\" \/>\n\t<meta name=\"twitter:data2\" content=\"5 minutos\" \/>\n<script type=\"application\/ld+json\" class=\"yoast-schema-graph\">{\"@context\":\"https:\/\/schema.org\",\"@graph\":[{\"@type\":\"WebPage\",\"@id\":\"https:\/\/www.manaus.am.gov.br\/semsa\/mais-de-12-mil-criancas-vacinadas-contra-a-polio-dia-d\/\",\"url\":\"https:\/\/www.manaus.am.gov.br\/semsa\/mais-de-12-mil-criancas-vacinadas-contra-a-polio-dia-d\/\",\"name\":\"Mais de 12 mil crian\u00e7as vacinadas contra a p\u00f3lio no Dia D\",\"isPartOf\":{\"@id\":\"https:\/\/www.manaus.am.gov.br\/semsa\/#website\"},\"primaryImageOfPage\":{\"@id\":\"https:\/\/www.manaus.am.gov.br\/semsa\/mais-de-12-mil-criancas-vacinadas-contra-a-polio-dia-d\/#primaryimage\"},\"image\":{\"@id\":\"https:\/\/www.manaus.am.gov.br\/semsa\/mais-de-12-mil-criancas-vacinadas-contra-a-polio-dia-d\/#primaryimage\"},\"thumbnailUrl\":\"https:\/\/www.manaus.am.gov.br\/semsa\/wp-content\/uploads\/sites\/8\/2024\/06\/53778066465_6163c2ce99_h.jpg\",\"datePublished\":\"2024-06-08T22:15:14+00:00\",\"dateModified\":\"2024-06-09T16:49:47+00:00\",\"author\":{\"@id\":\"https:\/\/www.manaus.am.gov.br\/semsa\/#\/schema\/person\/05d223aea2bf115f9883a6ff3683d81b\"},\"description\":\"Mais de 12 mil crian\u00e7as foram vacinadas em Manaus no Dia D de vacina\u00e7\u00e3o contra a p\u00f3lio neste s\u00e1bado, 8 de junho.\",\"inLanguage\":\"pt-BR\",\"potentialAction\":[{\"@type\":\"ReadAction\",\"target\":[\"https:\/\/www.manaus.am.gov.br\/semsa\/mais-de-12-mil-criancas-vacinadas-contra-a-polio-dia-d\/\"]}]},{\"@type\":\"ImageObject\",\"inLanguage\":\"pt-BR\",\"@id\":\"https:\/\/www.manaus.am.gov.br\/semsa\/mais-de-12-mil-criancas-vacinadas-contra-a-polio-dia-d\/#primaryimage\",\"url\":\"https:\/\/www.manaus.am.gov.br\/semsa\/wp-content\/uploads\/sites\/8\/2024\/06\/53778066465_6163c2ce99_h.jpg\",\"contentUrl\":\"https:\/\/www.manaus.am.gov.br\/semsa\/wp-content\/uploads\/sites\/8\/2024\/06\/53778066465_6163c2ce99_h.jpg\",\"width\":1600,\"height\":1069,\"caption\":\"#paratodosverem - Servidor da Semsa imunizando crian\u00e7a com vacina oral contra p\u00f3lio acompanhado do Z\u00e9 Gotinha e personagem infantil\"},{\"@type\":\"WebSite\",\"@id\":\"https:\/\/www.manaus.am.gov.br\/semsa\/#website\",\"url\":\"https:\/\/www.manaus.am.gov.br\/semsa\/\",\"name\":\"SEMSA\",\"description\":\"Secretaria Municipal de Sa\u00fade\",\"alternateName\":\"Secretaria Municipal de Sa\u00fade\",\"potentialAction\":[{\"@type\":\"SearchAction\",\"target\":{\"@type\":\"EntryPoint\",\"urlTemplate\":\"https:\/\/www.manaus.am.gov.br\/semsa\/?s={search_term_string}\"},\"query-input\":\"required name=search_term_string\"}],\"inLanguage\":\"pt-BR\"},{\"@type\":\"Person\",\"@id\":\"https:\/\/www.manaus.am.gov.br\/semsa\/#\/schema\/person\/05d223aea2bf115f9883a6ff3683d81b\",\"name\":\"Bruna Greco\",\"image\":{\"@type\":\"ImageObject\",\"inLanguage\":\"pt-BR\",\"@id\":\"https:\/\/www.manaus.am.gov.br\/semsa\/#\/schema\/person\/image\/\",\"url\":\"https:\/\/secure.gravatar.com\/avatar\/9c877d1a6adc2a055330e5c09a8653ce?s=96&d=mm&r=g\",\"contentUrl\":\"https:\/\/secure.gravatar.com\/avatar\/9c877d1a6adc2a055330e5c09a8653ce?s=96&d=mm&r=g\",\"caption\":\"Bruna Greco\"}}]}<\/script>\n<!-- \/ Yoast SEO plugin. -->","yoast_head_json":{"title":"Mais de 12 mil crian\u00e7as vacinadas contra a p\u00f3lio no Dia D","description":"Mais de 12 mil crian\u00e7as foram vacinadas em Manaus no Dia D de vacina\u00e7\u00e3o contra a p\u00f3lio neste s\u00e1bado, 8 de junho.","robots":{"index":"index","follow":"follow","max-snippet":"max-snippet:-1","max-image-preview":"max-image-preview:large","max-video-preview":"max-video-preview:-1"},"canonical":"https:\/\/www.manaus.am.gov.br\/semsa\/mais-de-12-mil-criancas-vacinadas-contra-a-polio-dia-d\/","og_locale":"pt_BR","og_type":"article","og_title":"Mais de 12 mil crian\u00e7as vacinadas contra a p\u00f3lio no Dia D","og_description":"Mais de 12 mil crian\u00e7as foram vacinadas em Manaus no Dia D de vacina\u00e7\u00e3o contra a p\u00f3lio neste s\u00e1bado, 8 de junho.","og_url":"https:\/\/www.manaus.am.gov.br\/semsa\/mais-de-12-mil-criancas-vacinadas-contra-a-polio-dia-d\/","og_site_name":"SEMSA","article_published_time":"2024-06-08T22:15:14+00:00","article_modified_time":"2024-06-09T16:49:47+00:00","og_image":[{"width":1600,"height":1069,"url":"https:\/\/www.manaus.am.gov.br\/semsa\/wp-content\/uploads\/sites\/8\/2024\/06\/53778066465_6163c2ce99_h.jpg","type":"image\/jpeg"}],"author":"Bruna Greco","twitter_card":"summary_large_image","twitter_misc":{"Written by":"Bruna Greco","Est. reading time":"5 minutos"},"schema":{"@context":"https:\/\/schema.org","@graph":[{"@type":"WebPage","@id":"https:\/\/www.manaus.am.gov.br\/semsa\/mais-de-12-mil-criancas-vacinadas-contra-a-polio-dia-d\/","url":"https:\/\/www.manaus.am.gov.br\/semsa\/mais-de-12-mil-criancas-vacinadas-contra-a-polio-dia-d\/","name":"Mais de 12 mil crian\u00e7as vacinadas contra a p\u00f3lio no Dia D","isPartOf":{"@id":"https:\/\/www.manaus.am.gov.br\/semsa\/#website"},"primaryImageOfPage":{"@id":"https:\/\/www.manaus.am.gov.br\/semsa\/mais-de-12-mil-criancas-vacinadas-contra-a-polio-dia-d\/#primaryimage"},"image":{"@id":"https:\/\/www.manaus.am.gov.br\/semsa\/mais-de-12-mil-criancas-vacinadas-contra-a-polio-dia-d\/#primaryimage"},"thumbnailUrl":"https:\/\/www.manaus.am.gov.br\/semsa\/wp-content\/uploads\/sites\/8\/2024\/06\/53778066465_6163c2ce99_h.jpg","datePublished":"2024-06-08T22:15:14+00:00","dateModified":"2024-06-09T16:49:47+00:00","author":{"@id":"https:\/\/www.manaus.am.gov.br\/semsa\/#\/schema\/person\/05d223aea2bf115f9883a6ff3683d81b"},"description":"Mais de 12 mil crian\u00e7as foram vacinadas em Manaus no Dia D de vacina\u00e7\u00e3o contra a p\u00f3lio neste s\u00e1bado, 8 de junho.","inLanguage":"pt-BR","potentialAction":[{"@type":"ReadAction","target":["https:\/\/www.manaus.am.gov.br\/semsa\/mais-de-12-mil-criancas-vacinadas-contra-a-polio-dia-d\/"]}]},{"@type":"ImageObject","inLanguage":"pt-BR","@id":"https:\/\/www.manaus.am.gov.br\/semsa\/mais-de-12-mil-criancas-vacinadas-contra-a-polio-dia-d\/#primaryimage","url":"https:\/\/www.manaus.am.gov.br\/semsa\/wp-content\/uploads\/sites\/8\/2024\/06\/53778066465_6163c2ce99_h.jpg","contentUrl":"https:\/\/www.manaus.am.gov.br\/semsa\/wp-content\/uploads\/sites\/8\/2024\/06\/53778066465_6163c2ce99_h.jpg","width":1600,"height":1069,"caption":"#paratodosverem - Servidor da Semsa imunizando crian\u00e7a com vacina oral contra p\u00f3lio acompanhado do Z\u00e9 Gotinha e personagem infantil"},{"@type":"WebSite","@id":"https:\/\/www.manaus.am.gov.br\/semsa\/#website","url":"https:\/\/www.manaus.am.gov.br\/semsa\/","name":"SEMSA","description":"Secretaria Municipal de Sa\u00fade","alternateName":"Secretaria Municipal de Sa\u00fade","potentialAction":[{"@type":"SearchAction","target":{"@type":"EntryPoint","urlTemplate":"https:\/\/www.manaus.am.gov.br\/semsa\/?s={search_term_string}"},"query-input":"required name=search_term_string"}],"inLanguage":"pt-BR"},{"@type":"Person","@id":"https:\/\/www.manaus.am.gov.br\/semsa\/#\/schema\/person\/05d223aea2bf115f9883a6ff3683d81b","name":"Bruna Greco","image":{"@type":"ImageObject","inLanguage":"pt-BR","@id":"https:\/\/www.manaus.am.gov.br\/semsa\/#\/schema\/person\/image\/","url":"https:\/\/secure.gravatar.com\/avatar\/9c877d1a6adc2a055330e5c09a8653ce?s=96&d=mm&r=g","contentUrl":"https:\/\/secure.gravatar.com\/avatar\/9c877d1a6adc2a055330e5c09a8653ce?s=96&d=mm&r=g","caption":"Bruna Greco"}}]}},"_links":{"self":[{"href":"https:\/\/www.manaus.am.gov.br\/semsa\/wp-json\/wp\/v2\/posts\/216574"}],"collection":[{"href":"https:\/\/www.manaus.am.gov.br\/semsa\/wp-json\/wp\/v2\/posts"}],"about":[{"href":"https:\/\/www.manaus.am.gov.br\/semsa\/wp-json\/wp\/v2\/types\/post"}],"author":[{"embeddable":true,"href":"https:\/\/www.manaus.am.gov.br\/semsa\/wp-json\/wp\/v2\/users\/39"}],"replies":[{"embeddable":true,"href":"https:\/\/www.manaus.am.gov.br\/semsa\/wp-json\/wp\/v2\/comments?post=216574"}],"version-history":[{"count":5,"href":"https:\/\/www.manaus.am.gov.br\/semsa\/wp-json\/wp\/v2\/posts\/216574\/revisions"}],"predecessor-version":[{"id":216582,"href":"https:\/\/www.manaus.am.gov.br\/semsa\/wp-json\/wp\/v2\/posts\/216574\/revisions\/216582"}],"wp:featuredmedia":[{"embeddable":true,"href":"https:\/\/www.manaus.am.gov.br\/semsa\/wp-json\/wp\/v2\/media\/216575"}],"wp:attachment":[{"href":"https:\/\/www.manaus.am.gov.br\/semsa\/wp-json\/wp\/v2\/media?parent=216574"}],"wp:term":[{"taxonomy":"category","embeddable":true,"href":"https:\/\/www.manaus.am.gov.br\/semsa\/wp-json\/wp\/v2\/categories?post=216574"},{"taxonomy":"post_tag","embeddable":true,"href":"https:\/\/www.manaus.am.gov.br\/semsa\/wp-json\/wp\/v2\/tags?post=216574"}],"curies":[{"name":"wp","href":"https:\/\/api.w.org\/{rel}","templated":true}]}}