{"id":216234,"date":"2024-05-28T15:44:20","date_gmt":"2024-05-28T19:44:20","guid":{"rendered":"https:\/\/www.manaus.am.gov.br\/semsa\/reforco-dengue\/"},"modified":"2024-05-28T15:44:22","modified_gmt":"2024-05-28T19:44:22","slug":"reforco-dengue","status":"publish","type":"post","link":"https:\/\/www.manaus.am.gov.br\/semsa\/reforco-dengue\/","title":{"rendered":"Prefeitura convoca crian\u00e7as e adolescentes para receber dose de refor\u00e7o de vacina contra dengue"},"content":{"rendered":"\n<p>Dando continuidade \u00e0 imuniza\u00e7\u00e3o de crian\u00e7as e adolescentes de 10 a 14 anos contra a dengue no munic\u00edpio, a Prefeitura de Manaus convoca os jovens j\u00e1 vacinados com a primeira dose contra a doen\u00e7a para receber a dose de refor\u00e7o, ap\u00f3s o intervalo m\u00ednimo de tr\u00eas meses da primeira aplica\u00e7\u00e3o. A Secretaria Municipal de Sa\u00fade (Semsa), que coordena a estrat\u00e9gia de imuniza\u00e7\u00e3o, informa que a vacina est\u00e1 dispon\u00edvel em 55 unidades da rede b\u00e1sica, distribu\u00eddas por todas as zonas da capital, tanto para in\u00edcio do esquema vacinal como para refor\u00e7o.<\/p>\n\n\n\n<p>A secret\u00e1ria municipal de Sa\u00fade, Sh\u00e1dia Fraxe, reitera o papel de m\u00e3es e pais em levar seus filhos para receber o imunizante nas unidades b\u00e1sicas, destacando tamb\u00e9m a import\u00e2ncia da popula\u00e7\u00e3o manter as medidas de combate aos mosquitos vetores das arboviroses, como o Aedes aegypti, transmissor da dengue, zika e chikungunya.<\/p>\n\n\n\n<p>\u201cO p\u00fablico de 10 a 14 anos \u00e9 muito suscet\u00edvel, sendo o maior em total de hospitaliza\u00e7\u00f5es por dengue. Os pais podem garantir prote\u00e7\u00e3o para seus filhos com a vacina, al\u00e9m de seguir combatendo os criadouros do Aedes, eliminando os focos de \u00e1gua parada nas suas casas e quintais\u201d, enfatiza a titular da Semsa.<\/p>\n\n\n\n<p>Conforme Sh\u00e1dia, a lista de unidades de sa\u00fade que disp\u00f5em da vacina contra a dengue inclui estabelecimentos de hor\u00e1rio ampliado, que atendem das 8h \u00e0s 20h, e tamb\u00e9m aos s\u00e1bados pela manh\u00e3, como forma de facilitar o acesso de pais e m\u00e3es que trabalham ou estudam em per\u00edodo integral. Para consultar a lista completa, com endere\u00e7os e hor\u00e1rios de funcionamento, basta acessar bit.ly\/salasvacinaqdenga.<\/p>\n\n\n\n<p>\u201cA crian\u00e7a ou adolescente que est\u00e1 recebendo a primeira dose dever\u00e1 permanecer no posto de sa\u00fade de 15 a 30 minutos, para observa\u00e7\u00e3o. Para a dose de refor\u00e7o, n\u00e3o h\u00e1 essa necessidade\u201d, assinala a secret\u00e1ria. O imunizante, ela acrescenta, deve ser aplicado de forma isolada, com intervalo de pelo menos 30 dias das vacinas da Febre Amarela, Varicela e Tr\u00edplice Viral, e de 24 horas, para as demais do calend\u00e1rio b\u00e1sico.<\/p>\n\n\n\n<p>A vacina\u00e7\u00e3o contra a dengue iniciou em Manaus no dia 22 de fevereiro, sendo inicialmente dirigida a crian\u00e7as de 10 e 11 anos, e mais tarde ampliada para todo o p\u00fablico de 10 a 14 anos, faixa et\u00e1ria definida pelo Minist\u00e9rio da Sa\u00fade. A meta da Semsa \u00e9 imunizar mais de 146 mil crian\u00e7as e adolescentes, o correspondente a 90% da popula\u00e7\u00e3o-alvo da estrat\u00e9gia.&nbsp;<\/p>\n\n\n\n<p>&#8212; &#8212; &#8212;<\/p>\n\n\n\n<p><strong>Texto &#8211;&nbsp;<\/strong>Jony Clay Borges \/ Semsa<\/p>\n\n\n\n<p><strong>Fotos &#8211;<\/strong>&nbsp;Divulga\u00e7\u00e3o \/ Semsa<\/p>\n","protected":false},"excerpt":{"rendered":"","protected":false},"author":61,"featured_media":216235,"comment_status":"closed","ping_status":"closed","sticky":false,"template":"","format":"standard","meta":{"footnotes":""},"categories":[5],"tags":[2478,134,57,54,2332,28,516],"acf":[],"yoast_head":"<!-- This site is optimized with the Yoast SEO plugin v23.0 - https:\/\/yoast.com\/wordpress\/plugins\/seo\/ -->\n<title>Prefeitura convoca crian\u00e7as e adolescentes para receber dose de refor\u00e7o de vacina contra dengue<\/title>\n<meta name=\"description\" content=\"A Prefeitura de Manaus convoca os jovens j\u00e1 vacinados com a primeira dose contra a dengue para receber a dose de refor\u00e7o, ap\u00f3s o intervalo m\u00ednimo de tr\u00eas meses da primeira aplica\u00e7\u00e3o.\" \/>\n<meta name=\"robots\" content=\"index, follow, max-snippet:-1, max-image-preview:large, max-video-preview:-1\" \/>\n<link rel=\"canonical\" href=\"https:\/\/www.manaus.am.gov.br\/semsa\/reforco-dengue\/\" \/>\n<meta property=\"og:locale\" content=\"pt_BR\" \/>\n<meta property=\"og:type\" content=\"article\" \/>\n<meta property=\"og:title\" content=\"Prefeitura convoca crian\u00e7as e adolescentes para receber dose de refor\u00e7o de vacina contra dengue\" \/>\n<meta property=\"og:description\" content=\"A Prefeitura de Manaus convoca os jovens j\u00e1 vacinados com a primeira dose contra a dengue para receber a dose de refor\u00e7o, ap\u00f3s o intervalo m\u00ednimo de tr\u00eas meses da primeira aplica\u00e7\u00e3o.\" \/>\n<meta property=\"og:url\" content=\"https:\/\/www.manaus.am.gov.br\/semsa\/reforco-dengue\/\" \/>\n<meta property=\"og:site_name\" content=\"SEMSA\" \/>\n<meta property=\"article:published_time\" content=\"2024-05-28T19:44:20+00:00\" \/>\n<meta property=\"article:modified_time\" content=\"2024-05-28T19:44:22+00:00\" \/>\n<meta property=\"og:image\" content=\"https:\/\/www.manaus.am.gov.br\/semsa\/wp-content\/uploads\/sites\/8\/2024\/05\/Maio-29_Reforco-Vacina-Dengue-2.jpg\" \/>\n\t<meta property=\"og:image:width\" content=\"3000\" \/>\n\t<meta property=\"og:image:height\" content=\"2000\" \/>\n\t<meta property=\"og:image:type\" content=\"image\/jpeg\" \/>\n<meta name=\"author\" content=\"smonteiro\" \/>\n<meta name=\"twitter:card\" content=\"summary_large_image\" \/>\n<meta name=\"twitter:label1\" content=\"Written by\" \/>\n\t<meta name=\"twitter:data1\" content=\"smonteiro\" \/>\n\t<meta name=\"twitter:label2\" content=\"Est. reading time\" \/>\n\t<meta name=\"twitter:data2\" content=\"3 minutos\" \/>\n<script type=\"application\/ld+json\" class=\"yoast-schema-graph\">{\"@context\":\"https:\/\/schema.org\",\"@graph\":[{\"@type\":\"WebPage\",\"@id\":\"https:\/\/www.manaus.am.gov.br\/semsa\/reforco-dengue\/\",\"url\":\"https:\/\/www.manaus.am.gov.br\/semsa\/reforco-dengue\/\",\"name\":\"Prefeitura convoca crian\u00e7as e adolescentes para receber dose de refor\u00e7o de vacina contra dengue\",\"isPartOf\":{\"@id\":\"https:\/\/www.manaus.am.gov.br\/semsa\/#website\"},\"primaryImageOfPage\":{\"@id\":\"https:\/\/www.manaus.am.gov.br\/semsa\/reforco-dengue\/#primaryimage\"},\"image\":{\"@id\":\"https:\/\/www.manaus.am.gov.br\/semsa\/reforco-dengue\/#primaryimage\"},\"thumbnailUrl\":\"https:\/\/www.manaus.am.gov.br\/semsa\/wp-content\/uploads\/sites\/8\/2024\/05\/Maio-29_Reforco-Vacina-Dengue-2.jpg\",\"datePublished\":\"2024-05-28T19:44:20+00:00\",\"dateModified\":\"2024-05-28T19:44:22+00:00\",\"author\":{\"@id\":\"https:\/\/www.manaus.am.gov.br\/semsa\/#\/schema\/person\/ab4dcf766a54dff74e8d267f5c591961\"},\"description\":\"A Prefeitura de Manaus convoca os jovens j\u00e1 vacinados com a primeira dose contra a dengue para receber a dose de refor\u00e7o, ap\u00f3s o intervalo m\u00ednimo de tr\u00eas meses da primeira aplica\u00e7\u00e3o.\",\"inLanguage\":\"pt-BR\",\"potentialAction\":[{\"@type\":\"ReadAction\",\"target\":[\"https:\/\/www.manaus.am.gov.br\/semsa\/reforco-dengue\/\"]}]},{\"@type\":\"ImageObject\",\"inLanguage\":\"pt-BR\",\"@id\":\"https:\/\/www.manaus.am.gov.br\/semsa\/reforco-dengue\/#primaryimage\",\"url\":\"https:\/\/www.manaus.am.gov.br\/semsa\/wp-content\/uploads\/sites\/8\/2024\/05\/Maio-29_Reforco-Vacina-Dengue-2.jpg\",\"contentUrl\":\"https:\/\/www.manaus.am.gov.br\/semsa\/wp-content\/uploads\/sites\/8\/2024\/05\/Maio-29_Reforco-Vacina-Dengue-2.jpg\",\"width\":3000,\"height\":2000,\"caption\":\"#paratodosverem - menina segura frasco da vacina contra a dengue\"},{\"@type\":\"WebSite\",\"@id\":\"https:\/\/www.manaus.am.gov.br\/semsa\/#website\",\"url\":\"https:\/\/www.manaus.am.gov.br\/semsa\/\",\"name\":\"SEMSA\",\"description\":\"Secretaria Municipal de Sa\u00fade\",\"alternateName\":\"Secretaria Municipal de Sa\u00fade\",\"potentialAction\":[{\"@type\":\"SearchAction\",\"target\":{\"@type\":\"EntryPoint\",\"urlTemplate\":\"https:\/\/www.manaus.am.gov.br\/semsa\/?s={search_term_string}\"},\"query-input\":\"required name=search_term_string\"}],\"inLanguage\":\"pt-BR\"},{\"@type\":\"Person\",\"@id\":\"https:\/\/www.manaus.am.gov.br\/semsa\/#\/schema\/person\/ab4dcf766a54dff74e8d267f5c591961\",\"name\":\"smonteiro\",\"image\":{\"@type\":\"ImageObject\",\"inLanguage\":\"pt-BR\",\"@id\":\"https:\/\/www.manaus.am.gov.br\/semsa\/#\/schema\/person\/image\/\",\"url\":\"https:\/\/secure.gravatar.com\/avatar\/21c8776ef61d9272c73322052e042d77?s=96&d=mm&r=g\",\"contentUrl\":\"https:\/\/secure.gravatar.com\/avatar\/21c8776ef61d9272c73322052e042d77?s=96&d=mm&r=g\",\"caption\":\"smonteiro\"}}]}<\/script>\n<!-- \/ Yoast SEO plugin. -->","yoast_head_json":{"title":"Prefeitura convoca crian\u00e7as e adolescentes para receber dose de refor\u00e7o de vacina contra dengue","description":"A Prefeitura de Manaus convoca os jovens j\u00e1 vacinados com a primeira dose contra a dengue para receber a dose de refor\u00e7o, ap\u00f3s o intervalo m\u00ednimo de tr\u00eas meses da primeira aplica\u00e7\u00e3o.","robots":{"index":"index","follow":"follow","max-snippet":"max-snippet:-1","max-image-preview":"max-image-preview:large","max-video-preview":"max-video-preview:-1"},"canonical":"https:\/\/www.manaus.am.gov.br\/semsa\/reforco-dengue\/","og_locale":"pt_BR","og_type":"article","og_title":"Prefeitura convoca crian\u00e7as e adolescentes para receber dose de refor\u00e7o de vacina contra dengue","og_description":"A Prefeitura de Manaus convoca os jovens j\u00e1 vacinados com a primeira dose contra a dengue para receber a dose de refor\u00e7o, ap\u00f3s o intervalo m\u00ednimo de tr\u00eas meses da primeira aplica\u00e7\u00e3o.","og_url":"https:\/\/www.manaus.am.gov.br\/semsa\/reforco-dengue\/","og_site_name":"SEMSA","article_published_time":"2024-05-28T19:44:20+00:00","article_modified_time":"2024-05-28T19:44:22+00:00","og_image":[{"width":3000,"height":2000,"url":"https:\/\/www.manaus.am.gov.br\/semsa\/wp-content\/uploads\/sites\/8\/2024\/05\/Maio-29_Reforco-Vacina-Dengue-2.jpg","type":"image\/jpeg"}],"author":"smonteiro","twitter_card":"summary_large_image","twitter_misc":{"Written by":"smonteiro","Est. reading time":"3 minutos"},"schema":{"@context":"https:\/\/schema.org","@graph":[{"@type":"WebPage","@id":"https:\/\/www.manaus.am.gov.br\/semsa\/reforco-dengue\/","url":"https:\/\/www.manaus.am.gov.br\/semsa\/reforco-dengue\/","name":"Prefeitura convoca crian\u00e7as e adolescentes para receber dose de refor\u00e7o de vacina contra dengue","isPartOf":{"@id":"https:\/\/www.manaus.am.gov.br\/semsa\/#website"},"primaryImageOfPage":{"@id":"https:\/\/www.manaus.am.gov.br\/semsa\/reforco-dengue\/#primaryimage"},"image":{"@id":"https:\/\/www.manaus.am.gov.br\/semsa\/reforco-dengue\/#primaryimage"},"thumbnailUrl":"https:\/\/www.manaus.am.gov.br\/semsa\/wp-content\/uploads\/sites\/8\/2024\/05\/Maio-29_Reforco-Vacina-Dengue-2.jpg","datePublished":"2024-05-28T19:44:20+00:00","dateModified":"2024-05-28T19:44:22+00:00","author":{"@id":"https:\/\/www.manaus.am.gov.br\/semsa\/#\/schema\/person\/ab4dcf766a54dff74e8d267f5c591961"},"description":"A Prefeitura de Manaus convoca os jovens j\u00e1 vacinados com a primeira dose contra a dengue para receber a dose de refor\u00e7o, ap\u00f3s o intervalo m\u00ednimo de tr\u00eas meses da primeira aplica\u00e7\u00e3o.","inLanguage":"pt-BR","potentialAction":[{"@type":"ReadAction","target":["https:\/\/www.manaus.am.gov.br\/semsa\/reforco-dengue\/"]}]},{"@type":"ImageObject","inLanguage":"pt-BR","@id":"https:\/\/www.manaus.am.gov.br\/semsa\/reforco-dengue\/#primaryimage","url":"https:\/\/www.manaus.am.gov.br\/semsa\/wp-content\/uploads\/sites\/8\/2024\/05\/Maio-29_Reforco-Vacina-Dengue-2.jpg","contentUrl":"https:\/\/www.manaus.am.gov.br\/semsa\/wp-content\/uploads\/sites\/8\/2024\/05\/Maio-29_Reforco-Vacina-Dengue-2.jpg","width":3000,"height":2000,"caption":"#paratodosverem - menina segura frasco da vacina contra a dengue"},{"@type":"WebSite","@id":"https:\/\/www.manaus.am.gov.br\/semsa\/#website","url":"https:\/\/www.manaus.am.gov.br\/semsa\/","name":"SEMSA","description":"Secretaria Municipal de Sa\u00fade","alternateName":"Secretaria Municipal de Sa\u00fade","potentialAction":[{"@type":"SearchAction","target":{"@type":"EntryPoint","urlTemplate":"https:\/\/www.manaus.am.gov.br\/semsa\/?s={search_term_string}"},"query-input":"required name=search_term_string"}],"inLanguage":"pt-BR"},{"@type":"Person","@id":"https:\/\/www.manaus.am.gov.br\/semsa\/#\/schema\/person\/ab4dcf766a54dff74e8d267f5c591961","name":"smonteiro","image":{"@type":"ImageObject","inLanguage":"pt-BR","@id":"https:\/\/www.manaus.am.gov.br\/semsa\/#\/schema\/person\/image\/","url":"https:\/\/secure.gravatar.com\/avatar\/21c8776ef61d9272c73322052e042d77?s=96&d=mm&r=g","contentUrl":"https:\/\/secure.gravatar.com\/avatar\/21c8776ef61d9272c73322052e042d77?s=96&d=mm&r=g","caption":"smonteiro"}}]}},"_links":{"self":[{"href":"https:\/\/www.manaus.am.gov.br\/semsa\/wp-json\/wp\/v2\/posts\/216234"}],"collection":[{"href":"https:\/\/www.manaus.am.gov.br\/semsa\/wp-json\/wp\/v2\/posts"}],"about":[{"href":"https:\/\/www.manaus.am.gov.br\/semsa\/wp-json\/wp\/v2\/types\/post"}],"author":[{"embeddable":true,"href":"https:\/\/www.manaus.am.gov.br\/semsa\/wp-json\/wp\/v2\/users\/61"}],"replies":[{"embeddable":true,"href":"https:\/\/www.manaus.am.gov.br\/semsa\/wp-json\/wp\/v2\/comments?post=216234"}],"version-history":[{"count":0,"href":"https:\/\/www.manaus.am.gov.br\/semsa\/wp-json\/wp\/v2\/posts\/216234\/revisions"}],"wp:featuredmedia":[{"embeddable":true,"href":"https:\/\/www.manaus.am.gov.br\/semsa\/wp-json\/wp\/v2\/media\/216235"}],"wp:attachment":[{"href":"https:\/\/www.manaus.am.gov.br\/semsa\/wp-json\/wp\/v2\/media?parent=216234"}],"wp:term":[{"taxonomy":"category","embeddable":true,"href":"https:\/\/www.manaus.am.gov.br\/semsa\/wp-json\/wp\/v2\/categories?post=216234"},{"taxonomy":"post_tag","embeddable":true,"href":"https:\/\/www.manaus.am.gov.br\/semsa\/wp-json\/wp\/v2\/tags?post=216234"}],"curies":[{"name":"wp","href":"https:\/\/api.w.org\/{rel}","templated":true}]}}