{"id":215953,"date":"2024-05-21T15:31:04","date_gmt":"2024-05-21T19:31:04","guid":{"rendered":"https:\/\/www.manaus.am.gov.br\/semsa\/prefeitura-reforca-exames-prevencao-incapacidade-fisica-diabeticos-hipertensos\/"},"modified":"2024-05-21T15:31:04","modified_gmt":"2024-05-21T19:31:04","slug":"prefeitura-reforca-exames-prevencao-incapacidade-fisica-diabeticos-hipertensos","status":"publish","type":"post","link":"https:\/\/www.manaus.am.gov.br\/semsa\/prefeitura-reforca-exames-prevencao-incapacidade-fisica-diabeticos-hipertensos\/","title":{"rendered":"Prefeitura refor\u00e7a papel de exames para preven\u00e7\u00e3o de incapacidade f\u00edsica entre diab\u00e9ticos e hipertensos"},"content":{"rendered":"\n<p>Pessoas que vivem com hipertens\u00e3o arterial e diabetes est\u00e3o sujeitas a v\u00e1rias complica\u00e7\u00f5es de sa\u00fade, incluindo a incapacidade f\u00edsica, em raz\u00e3o de doen\u00e7as capazes de comprometer os membros inferiores. A Prefeitura de Manaus refor\u00e7a a import\u00e2ncia do acompanhamento de usu\u00e1rios hipertensos e diab\u00e9ticos nas unidades da Secretaria Municipal de Sa\u00fade (Semsa), com especial aten\u00e7\u00e3o para os exames de avalia\u00e7\u00e3o neuromotora e o \u00cdndice Tornozelo-Bra\u00e7o (ITB), a fim de evitar agravos s\u00e9rios, como \u00falceras e amputa\u00e7\u00f5es.<\/p>\n\n\n\n<p>Conforme a respons\u00e1vel t\u00e9cnica do N\u00facleo de Aten\u00e7\u00e3o \u00e0 Sa\u00fade das Pessoas com Doen\u00e7a Circulat\u00f3rias e Diabetes da Semsa, N\u00e1dia Brito, a avalia\u00e7\u00e3o neuromotora e o ITB possibilitam detectar condi\u00e7\u00f5es como perda de sensibilidade nos p\u00e9s e doen\u00e7a arterial obstrutiva perif\u00e9rica, ligadas ao risco de incapacidade f\u00edsica.<\/p>\n\n\n\n<p>\u201cS\u00e3o exames importantes para o usu\u00e1rio com condi\u00e7\u00f5es cr\u00f4nicas, n\u00e3o s\u00f3 por ajudar a prevenir agravos dr\u00e1sticos, como a amputa\u00e7\u00e3o, mas tamb\u00e9m para assegurar que ele inicie desde logo o tratamento, mantenha sua mobilidade no dia a dia e tenha mais qualidade de vida\u201d, relata a t\u00e9cnica, destacando que os procedimentos, ofertados na rede b\u00e1sica, s\u00e3o r\u00e1pidos, seguros e n\u00e3o invasivos.<\/p>\n\n\n\n<p>Segundo N\u00e1dia, tanto a avalia\u00e7\u00e3o neuromotora como o ITB devem ser feitos pelo menos uma vez ao ano por hipertensos e diab\u00e9ticos. \u201cEssa frequ\u00eancia pode ser reduzida segundo o risco do usu\u00e1rio, por isso \u00e9 essencial que ele mantenha o acompanhamento de sa\u00fade em dia nas unidades da rede b\u00e1sica\u201d, enfatiza.<\/p>\n\n\n\n<p>A t\u00e9cnica da Semsa assinala ainda o atendimento aos usu\u00e1rios com condi\u00e7\u00f5es cr\u00f4nicas no programa HiperDia, da rede de aten\u00e7\u00e3o prim\u00e1ria. A iniciativa, ela explica, oferece a\u00e7\u00f5es e servi\u00e7os de promo\u00e7\u00e3o e educa\u00e7\u00e3o em sa\u00fade, preven\u00e7\u00e3o, diagn\u00f3stico precoce, tratamento oportuno, monitoramento e rastreamento de complica\u00e7\u00f5es e comorbidades. \u201c\u00c9 uma estrat\u00e9gia completa para tratamento da hipertens\u00e3o arterial e diabetes mellitus\u201d, afirma.<\/p>\n\n\n\n<figure class=\"wp-block-image size-large\"><img loading=\"lazy\" decoding=\"async\" width=\"1024\" height=\"683\" src=\"https:\/\/www.manaus.am.gov.br\/semsa\/wp-content\/uploads\/sites\/8\/2024\/05\/Maio-21_Avaliacao-Neuromotora-e-iTB-2-1-1024x683.jpg\" alt=\"\" class=\"wp-image-215955\" srcset=\"https:\/\/www.manaus.am.gov.br\/semsa\/wp-content\/uploads\/sites\/8\/2024\/05\/Maio-21_Avaliacao-Neuromotora-e-iTB-2-1-1024x683.jpg 1024w, https:\/\/www.manaus.am.gov.br\/semsa\/wp-content\/uploads\/sites\/8\/2024\/05\/Maio-21_Avaliacao-Neuromotora-e-iTB-2-1-300x200.jpg 300w, https:\/\/www.manaus.am.gov.br\/semsa\/wp-content\/uploads\/sites\/8\/2024\/05\/Maio-21_Avaliacao-Neuromotora-e-iTB-2-1-768x512.jpg 768w, https:\/\/www.manaus.am.gov.br\/semsa\/wp-content\/uploads\/sites\/8\/2024\/05\/Maio-21_Avaliacao-Neuromotora-e-iTB-2-1-1536x1024.jpg 1536w, https:\/\/www.manaus.am.gov.br\/semsa\/wp-content\/uploads\/sites\/8\/2024\/05\/Maio-21_Avaliacao-Neuromotora-e-iTB-2-1-2048x1365.jpg 2048w\" sizes=\"(max-width: 1024px) 100vw, 1024px\" \/><\/figure>\n\n\n\n<p><strong>Procedimentos<\/strong><\/p>\n\n\n\n<p>Na avalia\u00e7\u00e3o neuromotora, o profissional de sa\u00fade inicia pelo exame f\u00edsico dos p\u00e9s com a palpa\u00e7\u00e3o dos pulsos pediosos e tibiais posteriores, e avalia\u00e7\u00e3o da pele e unhas. \u00c9 verificada ainda a sensibilidade dos p\u00e9s, por meio de monofilamento de 10g, associado a outros testes, o diapas\u00e3o 128Hz, para sensibilidade vibrat\u00f3ria, e o martelo, para reflexo aquileu. O exame, salienta N\u00e1dia, permite aferir eventuais perdas sens\u00f3rio-motoras, fatores de risco para ulcera\u00e7\u00e3o e amputa\u00e7\u00e3o.<\/p>\n\n\n\n<p>J\u00e1 o ITB, segundo a t\u00e9cnica, possibilita o diagn\u00f3stico da doen\u00e7a arterial obstrutiva perif\u00e9rica, a partir da medi\u00e7\u00e3o da press\u00e3o arterial m\u00e1xima nos bra\u00e7os e tornozelos. No exame, um aparelho port\u00e1til de ultrassom \u00e9 utilizado para detectar o fluxo do sangue nas art\u00e9rias dos tornozelos, num procedimento de baixo custo e alta confiabilidade.<\/p>\n\n\n\n<p>\u201cA obstru\u00e7\u00e3o arterial perif\u00e9rica \u00e9 uma condi\u00e7\u00e3o potencialmente grave, associada n\u00e3o s\u00f3 ao alto risco de incapacidade f\u00edsica, como de morbimortalidade cardiovascular\u201d, alerta N\u00e1dia. Os sintomas da doen\u00e7a, ela pontua, incluem c\u00e2imbras e fisgadas intensas nas pernas ao caminhar ou fazer atividade f\u00edsica, al\u00e9m de dorm\u00eancia e fraqueza, e dificuldade de cicatriza\u00e7\u00e3o em feridas nas pernas, dedos ou p\u00e9s.<\/p>\n\n\n\n<p>N\u00e1dia reitera que a hipertens\u00e3o e o diabetes est\u00e3o entre os principais fatores de risco \u00e0 sa\u00fade da popula\u00e7\u00e3o, e orienta os usu\u00e1rios a buscar as unidades b\u00e1sicas para avalia\u00e7\u00e3o regular dos indicadores de sa\u00fade. O acompanhamento e o controle das condi\u00e7\u00f5es cr\u00f4nicas, enfatiza ela, permitem evitar complica\u00e7\u00f5es graves, como a incapacidade f\u00edsica, e garantir o bem-estar dos usu\u00e1rios.<\/p>\n\n\n\n<p>\u201cPara pacientes com doen\u00e7a obstrutiva, por exemplo, o tratamento traz a melhora cl\u00ednica de sinais e sintomas, com redu\u00e7\u00e3o da dor e retorno das atividades laborais e cotidianas. Reduz ainda outras complica\u00e7\u00f5es e evita interna\u00e7\u00f5es, melhorando at\u00e9 a expectativa de vida\u201d, conclui.<\/p>\n\n\n\n<p>&#8212; &#8212; &#8212;<\/p>\n\n\n\n<p><strong>Texto &#8211;&nbsp;<\/strong>Jony Clay Borges\/Semsa<\/p>\n\n\n\n<p><strong>Fotos &#8211;<\/strong>&nbsp;Divulga\u00e7\u00e3o\/Semsa<\/p>\n","protected":false},"excerpt":{"rendered":"","protected":false},"author":39,"featured_media":215954,"comment_status":"closed","ping_status":"closed","sticky":false,"template":"","format":"standard","meta":{"footnotes":""},"categories":[2467],"tags":[2468,2469,54,2470,28],"acf":[],"yoast_head":"<!-- This site is optimized with the Yoast SEO plugin v23.0 - https:\/\/yoast.com\/wordpress\/plugins\/seo\/ -->\n<title>Exames preventivos entre diab\u00e9ticos e hipertensos<\/title>\n<meta name=\"description\" content=\"Prefeitura de Manaus refor\u00e7a papel de exames para preven\u00e7\u00e3o de incapacidade f\u00edsica entre diab\u00e9ticos e hipertensos.\" \/>\n<meta name=\"robots\" content=\"index, follow, max-snippet:-1, max-image-preview:large, max-video-preview:-1\" \/>\n<link rel=\"canonical\" href=\"https:\/\/www.manaus.am.gov.br\/semsa\/prefeitura-reforca-exames-prevencao-incapacidade-fisica-diabeticos-hipertensos\/\" \/>\n<meta property=\"og:locale\" content=\"pt_BR\" \/>\n<meta property=\"og:type\" content=\"article\" \/>\n<meta property=\"og:title\" content=\"Exames preventivos entre diab\u00e9ticos e hipertensos\" \/>\n<meta property=\"og:description\" content=\"Prefeitura de Manaus refor\u00e7a papel de exames para preven\u00e7\u00e3o de incapacidade f\u00edsica entre diab\u00e9ticos e hipertensos.\" \/>\n<meta property=\"og:url\" content=\"https:\/\/www.manaus.am.gov.br\/semsa\/prefeitura-reforca-exames-prevencao-incapacidade-fisica-diabeticos-hipertensos\/\" \/>\n<meta property=\"og:site_name\" content=\"SEMSA\" \/>\n<meta property=\"article:published_time\" content=\"2024-05-21T19:31:04+00:00\" \/>\n<meta property=\"og:image\" content=\"https:\/\/www.manaus.am.gov.br\/semsa\/wp-content\/uploads\/sites\/8\/2024\/05\/Maio-21_Avaliacao-Neuromotora-e-iTB-1-1.jpg\" \/>\n\t<meta property=\"og:image:width\" content=\"2305\" \/>\n\t<meta property=\"og:image:height\" content=\"1537\" \/>\n\t<meta property=\"og:image:type\" content=\"image\/jpeg\" \/>\n<meta name=\"author\" content=\"Bruna Greco\" \/>\n<meta name=\"twitter:card\" content=\"summary_large_image\" \/>\n<meta name=\"twitter:label1\" content=\"Written by\" \/>\n\t<meta name=\"twitter:data1\" content=\"Bruna Greco\" \/>\n\t<meta name=\"twitter:label2\" content=\"Est. reading time\" \/>\n\t<meta name=\"twitter:data2\" content=\"4 minutos\" \/>\n<script type=\"application\/ld+json\" class=\"yoast-schema-graph\">{\"@context\":\"https:\/\/schema.org\",\"@graph\":[{\"@type\":\"WebPage\",\"@id\":\"https:\/\/www.manaus.am.gov.br\/semsa\/prefeitura-reforca-exames-prevencao-incapacidade-fisica-diabeticos-hipertensos\/\",\"url\":\"https:\/\/www.manaus.am.gov.br\/semsa\/prefeitura-reforca-exames-prevencao-incapacidade-fisica-diabeticos-hipertensos\/\",\"name\":\"Exames preventivos entre diab\u00e9ticos e hipertensos\",\"isPartOf\":{\"@id\":\"https:\/\/www.manaus.am.gov.br\/semsa\/#website\"},\"primaryImageOfPage\":{\"@id\":\"https:\/\/www.manaus.am.gov.br\/semsa\/prefeitura-reforca-exames-prevencao-incapacidade-fisica-diabeticos-hipertensos\/#primaryimage\"},\"image\":{\"@id\":\"https:\/\/www.manaus.am.gov.br\/semsa\/prefeitura-reforca-exames-prevencao-incapacidade-fisica-diabeticos-hipertensos\/#primaryimage\"},\"thumbnailUrl\":\"https:\/\/www.manaus.am.gov.br\/semsa\/wp-content\/uploads\/sites\/8\/2024\/05\/Maio-21_Avaliacao-Neuromotora-e-iTB-1-1.jpg\",\"datePublished\":\"2024-05-21T19:31:04+00:00\",\"dateModified\":\"2024-05-21T19:31:04+00:00\",\"author\":{\"@id\":\"https:\/\/www.manaus.am.gov.br\/semsa\/#\/schema\/person\/05d223aea2bf115f9883a6ff3683d81b\"},\"description\":\"Prefeitura de Manaus refor\u00e7a papel de exames para preven\u00e7\u00e3o de incapacidade f\u00edsica entre diab\u00e9ticos e hipertensos.\",\"inLanguage\":\"pt-BR\",\"potentialAction\":[{\"@type\":\"ReadAction\",\"target\":[\"https:\/\/www.manaus.am.gov.br\/semsa\/prefeitura-reforca-exames-prevencao-incapacidade-fisica-diabeticos-hipertensos\/\"]}]},{\"@type\":\"ImageObject\",\"inLanguage\":\"pt-BR\",\"@id\":\"https:\/\/www.manaus.am.gov.br\/semsa\/prefeitura-reforca-exames-prevencao-incapacidade-fisica-diabeticos-hipertensos\/#primaryimage\",\"url\":\"https:\/\/www.manaus.am.gov.br\/semsa\/wp-content\/uploads\/sites\/8\/2024\/05\/Maio-21_Avaliacao-Neuromotora-e-iTB-1-1.jpg\",\"contentUrl\":\"https:\/\/www.manaus.am.gov.br\/semsa\/wp-content\/uploads\/sites\/8\/2024\/05\/Maio-21_Avaliacao-Neuromotora-e-iTB-1-1.jpg\",\"width\":2305,\"height\":1537,\"caption\":\"#paratodosverem - Servidoras da Semsa realizando avalia\u00e7\u00e3o neuromotora e o ITB no p\u00e9 de usu\u00e1rio de unidade de sa\u00fade\"},{\"@type\":\"WebSite\",\"@id\":\"https:\/\/www.manaus.am.gov.br\/semsa\/#website\",\"url\":\"https:\/\/www.manaus.am.gov.br\/semsa\/\",\"name\":\"SEMSA\",\"description\":\"Secretaria Municipal de Sa\u00fade\",\"alternateName\":\"Secretaria Municipal de Sa\u00fade\",\"potentialAction\":[{\"@type\":\"SearchAction\",\"target\":{\"@type\":\"EntryPoint\",\"urlTemplate\":\"https:\/\/www.manaus.am.gov.br\/semsa\/?s={search_term_string}\"},\"query-input\":\"required name=search_term_string\"}],\"inLanguage\":\"pt-BR\"},{\"@type\":\"Person\",\"@id\":\"https:\/\/www.manaus.am.gov.br\/semsa\/#\/schema\/person\/05d223aea2bf115f9883a6ff3683d81b\",\"name\":\"Bruna Greco\",\"image\":{\"@type\":\"ImageObject\",\"inLanguage\":\"pt-BR\",\"@id\":\"https:\/\/www.manaus.am.gov.br\/semsa\/#\/schema\/person\/image\/\",\"url\":\"https:\/\/secure.gravatar.com\/avatar\/9c877d1a6adc2a055330e5c09a8653ce?s=96&d=mm&r=g\",\"contentUrl\":\"https:\/\/secure.gravatar.com\/avatar\/9c877d1a6adc2a055330e5c09a8653ce?s=96&d=mm&r=g\",\"caption\":\"Bruna Greco\"}}]}<\/script>\n<!-- \/ Yoast SEO plugin. -->","yoast_head_json":{"title":"Exames preventivos entre diab\u00e9ticos e hipertensos","description":"Prefeitura de Manaus refor\u00e7a papel de exames para preven\u00e7\u00e3o de incapacidade f\u00edsica entre diab\u00e9ticos e hipertensos.","robots":{"index":"index","follow":"follow","max-snippet":"max-snippet:-1","max-image-preview":"max-image-preview:large","max-video-preview":"max-video-preview:-1"},"canonical":"https:\/\/www.manaus.am.gov.br\/semsa\/prefeitura-reforca-exames-prevencao-incapacidade-fisica-diabeticos-hipertensos\/","og_locale":"pt_BR","og_type":"article","og_title":"Exames preventivos entre diab\u00e9ticos e hipertensos","og_description":"Prefeitura de Manaus refor\u00e7a papel de exames para preven\u00e7\u00e3o de incapacidade f\u00edsica entre diab\u00e9ticos e hipertensos.","og_url":"https:\/\/www.manaus.am.gov.br\/semsa\/prefeitura-reforca-exames-prevencao-incapacidade-fisica-diabeticos-hipertensos\/","og_site_name":"SEMSA","article_published_time":"2024-05-21T19:31:04+00:00","og_image":[{"width":2305,"height":1537,"url":"https:\/\/www.manaus.am.gov.br\/semsa\/wp-content\/uploads\/sites\/8\/2024\/05\/Maio-21_Avaliacao-Neuromotora-e-iTB-1-1.jpg","type":"image\/jpeg"}],"author":"Bruna Greco","twitter_card":"summary_large_image","twitter_misc":{"Written by":"Bruna Greco","Est. reading time":"4 minutos"},"schema":{"@context":"https:\/\/schema.org","@graph":[{"@type":"WebPage","@id":"https:\/\/www.manaus.am.gov.br\/semsa\/prefeitura-reforca-exames-prevencao-incapacidade-fisica-diabeticos-hipertensos\/","url":"https:\/\/www.manaus.am.gov.br\/semsa\/prefeitura-reforca-exames-prevencao-incapacidade-fisica-diabeticos-hipertensos\/","name":"Exames preventivos entre diab\u00e9ticos e hipertensos","isPartOf":{"@id":"https:\/\/www.manaus.am.gov.br\/semsa\/#website"},"primaryImageOfPage":{"@id":"https:\/\/www.manaus.am.gov.br\/semsa\/prefeitura-reforca-exames-prevencao-incapacidade-fisica-diabeticos-hipertensos\/#primaryimage"},"image":{"@id":"https:\/\/www.manaus.am.gov.br\/semsa\/prefeitura-reforca-exames-prevencao-incapacidade-fisica-diabeticos-hipertensos\/#primaryimage"},"thumbnailUrl":"https:\/\/www.manaus.am.gov.br\/semsa\/wp-content\/uploads\/sites\/8\/2024\/05\/Maio-21_Avaliacao-Neuromotora-e-iTB-1-1.jpg","datePublished":"2024-05-21T19:31:04+00:00","dateModified":"2024-05-21T19:31:04+00:00","author":{"@id":"https:\/\/www.manaus.am.gov.br\/semsa\/#\/schema\/person\/05d223aea2bf115f9883a6ff3683d81b"},"description":"Prefeitura de Manaus refor\u00e7a papel de exames para preven\u00e7\u00e3o de incapacidade f\u00edsica entre diab\u00e9ticos e hipertensos.","inLanguage":"pt-BR","potentialAction":[{"@type":"ReadAction","target":["https:\/\/www.manaus.am.gov.br\/semsa\/prefeitura-reforca-exames-prevencao-incapacidade-fisica-diabeticos-hipertensos\/"]}]},{"@type":"ImageObject","inLanguage":"pt-BR","@id":"https:\/\/www.manaus.am.gov.br\/semsa\/prefeitura-reforca-exames-prevencao-incapacidade-fisica-diabeticos-hipertensos\/#primaryimage","url":"https:\/\/www.manaus.am.gov.br\/semsa\/wp-content\/uploads\/sites\/8\/2024\/05\/Maio-21_Avaliacao-Neuromotora-e-iTB-1-1.jpg","contentUrl":"https:\/\/www.manaus.am.gov.br\/semsa\/wp-content\/uploads\/sites\/8\/2024\/05\/Maio-21_Avaliacao-Neuromotora-e-iTB-1-1.jpg","width":2305,"height":1537,"caption":"#paratodosverem - Servidoras da Semsa realizando avalia\u00e7\u00e3o neuromotora e o ITB no p\u00e9 de usu\u00e1rio de unidade de sa\u00fade"},{"@type":"WebSite","@id":"https:\/\/www.manaus.am.gov.br\/semsa\/#website","url":"https:\/\/www.manaus.am.gov.br\/semsa\/","name":"SEMSA","description":"Secretaria Municipal de Sa\u00fade","alternateName":"Secretaria Municipal de Sa\u00fade","potentialAction":[{"@type":"SearchAction","target":{"@type":"EntryPoint","urlTemplate":"https:\/\/www.manaus.am.gov.br\/semsa\/?s={search_term_string}"},"query-input":"required name=search_term_string"}],"inLanguage":"pt-BR"},{"@type":"Person","@id":"https:\/\/www.manaus.am.gov.br\/semsa\/#\/schema\/person\/05d223aea2bf115f9883a6ff3683d81b","name":"Bruna Greco","image":{"@type":"ImageObject","inLanguage":"pt-BR","@id":"https:\/\/www.manaus.am.gov.br\/semsa\/#\/schema\/person\/image\/","url":"https:\/\/secure.gravatar.com\/avatar\/9c877d1a6adc2a055330e5c09a8653ce?s=96&d=mm&r=g","contentUrl":"https:\/\/secure.gravatar.com\/avatar\/9c877d1a6adc2a055330e5c09a8653ce?s=96&d=mm&r=g","caption":"Bruna Greco"}}]}},"_links":{"self":[{"href":"https:\/\/www.manaus.am.gov.br\/semsa\/wp-json\/wp\/v2\/posts\/215953"}],"collection":[{"href":"https:\/\/www.manaus.am.gov.br\/semsa\/wp-json\/wp\/v2\/posts"}],"about":[{"href":"https:\/\/www.manaus.am.gov.br\/semsa\/wp-json\/wp\/v2\/types\/post"}],"author":[{"embeddable":true,"href":"https:\/\/www.manaus.am.gov.br\/semsa\/wp-json\/wp\/v2\/users\/39"}],"replies":[{"embeddable":true,"href":"https:\/\/www.manaus.am.gov.br\/semsa\/wp-json\/wp\/v2\/comments?post=215953"}],"version-history":[{"count":1,"href":"https:\/\/www.manaus.am.gov.br\/semsa\/wp-json\/wp\/v2\/posts\/215953\/revisions"}],"predecessor-version":[{"id":215956,"href":"https:\/\/www.manaus.am.gov.br\/semsa\/wp-json\/wp\/v2\/posts\/215953\/revisions\/215956"}],"wp:featuredmedia":[{"embeddable":true,"href":"https:\/\/www.manaus.am.gov.br\/semsa\/wp-json\/wp\/v2\/media\/215954"}],"wp:attachment":[{"href":"https:\/\/www.manaus.am.gov.br\/semsa\/wp-json\/wp\/v2\/media?parent=215953"}],"wp:term":[{"taxonomy":"category","embeddable":true,"href":"https:\/\/www.manaus.am.gov.br\/semsa\/wp-json\/wp\/v2\/categories?post=215953"},{"taxonomy":"post_tag","embeddable":true,"href":"https:\/\/www.manaus.am.gov.br\/semsa\/wp-json\/wp\/v2\/tags?post=215953"}],"curies":[{"name":"wp","href":"https:\/\/api.w.org\/{rel}","templated":true}]}}