{"id":215588,"date":"2024-05-14T12:23:14","date_gmt":"2024-05-14T16:23:14","guid":{"rendered":"https:\/\/www.manaus.am.gov.br\/semsa\/prefeitura-amplia-atendimento-lancamento-base-fluvial-endemias\/"},"modified":"2024-05-14T12:23:14","modified_gmt":"2024-05-14T16:23:14","slug":"prefeitura-amplia-atendimento-lancamento-base-fluvial-endemias","status":"publish","type":"post","link":"https:\/\/www.manaus.am.gov.br\/semsa\/prefeitura-amplia-atendimento-lancamento-base-fluvial-endemias\/","title":{"rendered":"Prefeitura amplia atendimento e melhora condi\u00e7\u00f5es de trabalho para os servidores da Sa\u00fade com lan\u00e7amento da nova base fluvial de endemias"},"content":{"rendered":"\n<p>Um dos principais pilares da atual gest\u00e3o da Prefeitura de Manaus, a Secretaria Municipal de Sa\u00fade (Semsa) receber\u00e1 mais um forte aliado visando \u00e0 amplia\u00e7\u00e3o e melhoria dos atendimentos de Aten\u00e7\u00e3o B\u00e1sica realizados em comunidades ribeirinhas da capital amazonense. Nesta ter\u00e7a-feira, 14\/5, o prefeito David Almeida vistoriou a base fluvial de endemias Enfermeiro Adenilson dos Santos Torres, localizada na&nbsp;marina do Davi, zona Oeste.<\/p>\n\n\n\n<p>A base fluvial de endemias ser\u00e1 inaugurada nesta semana e atender\u00e1 uma antiga solicita\u00e7\u00e3o dos servidores de sa\u00fade, que h\u00e1 30 anos trabalhavam em um espa\u00e7o insalubre. David Almeida explicou que o espa\u00e7o resgata a dignidade dos trabalhadores da sa\u00fade, que realizam atendimento ao longo dos rios Negro e Amazonas.<\/p>\n\n\n\n<p>\u201cEra uma reivindica\u00e7\u00e3o, um pedido de mais de 30 anos dos servidores que trabalhavam em uma condi\u00e7\u00e3o in\u00f3spita, chegava at\u00e9 ser insalubre. Estamos entregando essa nova unidade, uma base moderna, uma base humanizada, uma base que d\u00e1 dignidade para os nossos servidores e tamb\u00e9m para os nossos ribeirinhos. Essa \u00e9 uma base que recebe e distribui os nossos agentes de endemias, a nossa turma que faz a sa\u00fade b\u00e1sica rural, e isso vem melhorar as condi\u00e7\u00f5es que temos para a Aten\u00e7\u00e3o Prim\u00e1ria na zona rural da cidade de Manaus, na \u00e1rea ribeirinha, bem como o controle da mal\u00e1ria\u201d, afirmou o prefeito.<\/p>\n\n\n\n<p>A base de endemia \u00e9 uma sede administrativa para as a\u00e7\u00f5es de controle da mal\u00e1ria fluvial cobrindo as comunidades de F\u00e1tima, Livramento, do entorno de Manaus at\u00e9 o Apua\u00fa, a \u00faltima comunidade de Manaus que fica a 170 quil\u00f4metros a margem esquerda do rio Negro. J\u00e1 na\u00a0Calha do Rio Amazonas, a unidade atende as comunidades at\u00e9 o Paran\u00e1 da Eva.<\/p>\n\n\n\n<figure class=\"wp-block-image size-large\"><img loading=\"lazy\" decoding=\"async\" width=\"1024\" height=\"683\" src=\"https:\/\/www.manaus.am.gov.br\/semsa\/wp-content\/uploads\/sites\/8\/2024\/05\/53720117357_8eb809645c_k-1024x683.jpg\" alt=\"\" class=\"wp-image-215589\" srcset=\"https:\/\/www.manaus.am.gov.br\/semsa\/wp-content\/uploads\/sites\/8\/2024\/05\/53720117357_8eb809645c_k-1024x683.jpg 1024w, https:\/\/www.manaus.am.gov.br\/semsa\/wp-content\/uploads\/sites\/8\/2024\/05\/53720117357_8eb809645c_k-300x200.jpg 300w, https:\/\/www.manaus.am.gov.br\/semsa\/wp-content\/uploads\/sites\/8\/2024\/05\/53720117357_8eb809645c_k-768x512.jpg 768w, https:\/\/www.manaus.am.gov.br\/semsa\/wp-content\/uploads\/sites\/8\/2024\/05\/53720117357_8eb809645c_k-1536x1024.jpg 1536w, https:\/\/www.manaus.am.gov.br\/semsa\/wp-content\/uploads\/sites\/8\/2024\/05\/53720117357_8eb809645c_k.jpg 2047w\" sizes=\"(max-width: 1024px) 100vw, 1024px\" \/><\/figure>\n\n\n\n<p>Para o diretor do Distrito de Sa\u00fade Rural, Rubens Souza, a nova unidade ser\u00e1 um marco para todos os agentes de endemias, principalmente por garantir uma melhor estrutura para os profissionais.<\/p>\n\n\n\n<p>\u201cEssa base de apoio de endemia vem dar luz para um momento de trevas que eram as condi\u00e7\u00f5es de trabalho dos agentes de endemias, que s\u00e3o os agentes principais no controle da mal\u00e1ria nas comunidades do entorno de Manaus. Sa\u00edmos de dentro de um flutuante que estava se degradando, com mais de 30 anos, e agora est\u00e1 muito melhor de trabalhar. Hoje temos um ambiente humano, que melhora as condi\u00e7\u00f5es dos agentes de endemias da Semsa\u201d, destacou o diretor.<\/p>\n\n\n\n<p>J\u00e1 o chefe de setor do Distrito Rural, Maur\u00edcio Ferreira, disse que a nova estrutura ser\u00e1 muito bem-vinda, uma vez que antes os profissionais n\u00e3o tinham conforto e agora ser\u00e3o valorizados pela gest\u00e3o municipal.<\/p>\n\n\n\n<p>\u201cA realidade hoje \u00e9 um sonho. A gente n\u00e3o esperava que ficasse assim, mas com essa administra\u00e7\u00e3o municipal tudo mudou. Antes, a gente trabalhava em um setor que era sub-humano. Vai ser uma melhoria muito grande. \u00c9 um luxo isso aqui para gente. \u00c9 a sa\u00fade de Manaus melhorando para todo o munic\u00edpio\u201d, finalizou.<\/p>\n\n\n\n<p>&#8212; &#8212; &#8212;<\/p>\n\n\n\n<p><strong>Texto \u2013<\/strong>&nbsp;Thiago Fernando\/Semcom<\/p>\n\n\n\n<p><strong>Fotos \u2013 <\/strong>Dhyeizo Lemos e Raulyson Assun\u00e7\u00e3o\/Semcom<\/p>\n\n\n\n<p><strong>Dispon\u00edveis em &#8211; <\/strong><a href=\"https:\/\/flic.kr\/s\/aHBqjBqfNB\">https:\/\/flic.kr\/s\/aHBqjBqfNB<\/a><\/p>\n","protected":false},"excerpt":{"rendered":"","protected":false},"author":39,"featured_media":215590,"comment_status":"closed","ping_status":"closed","sticky":false,"template":"","format":"standard","meta":{"footnotes":""},"categories":[155],"tags":[2433,2434,165,2435,54,28,1485],"acf":[],"yoast_head":"<!-- This site is optimized with the Yoast SEO plugin v23.0 - https:\/\/yoast.com\/wordpress\/plugins\/seo\/ -->\n<title>Atendimento com lan\u00e7amento da nova base fluvial de endemias<\/title>\n<meta name=\"description\" content=\"Prefeitura amplia atendimento e melhora condi\u00e7\u00f5es de trabalho para os servidores da Sa\u00fade com lan\u00e7amento da nova base fluvial de endemias.\" \/>\n<meta name=\"robots\" content=\"index, follow, max-snippet:-1, max-image-preview:large, max-video-preview:-1\" \/>\n<link rel=\"canonical\" href=\"https:\/\/www.manaus.am.gov.br\/semsa\/prefeitura-amplia-atendimento-lancamento-base-fluvial-endemias\/\" \/>\n<meta property=\"og:locale\" content=\"pt_BR\" \/>\n<meta property=\"og:type\" content=\"article\" \/>\n<meta property=\"og:title\" content=\"Atendimento com lan\u00e7amento da nova base fluvial de endemias\" \/>\n<meta property=\"og:description\" content=\"Prefeitura amplia atendimento e melhora condi\u00e7\u00f5es de trabalho para os servidores da Sa\u00fade com lan\u00e7amento da nova base fluvial de endemias.\" \/>\n<meta property=\"og:url\" content=\"https:\/\/www.manaus.am.gov.br\/semsa\/prefeitura-amplia-atendimento-lancamento-base-fluvial-endemias\/\" \/>\n<meta property=\"og:site_name\" content=\"SEMSA\" \/>\n<meta property=\"article:published_time\" content=\"2024-05-14T16:23:14+00:00\" \/>\n<meta property=\"og:image\" content=\"https:\/\/www.manaus.am.gov.br\/semsa\/wp-content\/uploads\/sites\/8\/2024\/05\/53721233548_b76e492265_k.jpg\" \/>\n\t<meta property=\"og:image:width\" content=\"2048\" \/>\n\t<meta property=\"og:image:height\" content=\"1536\" \/>\n\t<meta property=\"og:image:type\" content=\"image\/jpeg\" \/>\n<meta name=\"author\" content=\"Bruna Greco\" \/>\n<meta name=\"twitter:card\" content=\"summary_large_image\" \/>\n<meta name=\"twitter:label1\" content=\"Written by\" \/>\n\t<meta name=\"twitter:data1\" content=\"Bruna Greco\" \/>\n\t<meta name=\"twitter:label2\" content=\"Est. reading time\" \/>\n\t<meta name=\"twitter:data2\" content=\"4 minutos\" \/>\n<script type=\"application\/ld+json\" class=\"yoast-schema-graph\">{\"@context\":\"https:\/\/schema.org\",\"@graph\":[{\"@type\":\"WebPage\",\"@id\":\"https:\/\/www.manaus.am.gov.br\/semsa\/prefeitura-amplia-atendimento-lancamento-base-fluvial-endemias\/\",\"url\":\"https:\/\/www.manaus.am.gov.br\/semsa\/prefeitura-amplia-atendimento-lancamento-base-fluvial-endemias\/\",\"name\":\"Atendimento com lan\u00e7amento da nova base fluvial de endemias\",\"isPartOf\":{\"@id\":\"https:\/\/www.manaus.am.gov.br\/semsa\/#website\"},\"primaryImageOfPage\":{\"@id\":\"https:\/\/www.manaus.am.gov.br\/semsa\/prefeitura-amplia-atendimento-lancamento-base-fluvial-endemias\/#primaryimage\"},\"image\":{\"@id\":\"https:\/\/www.manaus.am.gov.br\/semsa\/prefeitura-amplia-atendimento-lancamento-base-fluvial-endemias\/#primaryimage\"},\"thumbnailUrl\":\"https:\/\/www.manaus.am.gov.br\/semsa\/wp-content\/uploads\/sites\/8\/2024\/05\/53721233548_b76e492265_k.jpg\",\"datePublished\":\"2024-05-14T16:23:14+00:00\",\"dateModified\":\"2024-05-14T16:23:14+00:00\",\"author\":{\"@id\":\"https:\/\/www.manaus.am.gov.br\/semsa\/#\/schema\/person\/05d223aea2bf115f9883a6ff3683d81b\"},\"description\":\"Prefeitura amplia atendimento e melhora condi\u00e7\u00f5es de trabalho para os servidores da Sa\u00fade com lan\u00e7amento da nova base fluvial de endemias.\",\"inLanguage\":\"pt-BR\",\"potentialAction\":[{\"@type\":\"ReadAction\",\"target\":[\"https:\/\/www.manaus.am.gov.br\/semsa\/prefeitura-amplia-atendimento-lancamento-base-fluvial-endemias\/\"]}]},{\"@type\":\"ImageObject\",\"inLanguage\":\"pt-BR\",\"@id\":\"https:\/\/www.manaus.am.gov.br\/semsa\/prefeitura-amplia-atendimento-lancamento-base-fluvial-endemias\/#primaryimage\",\"url\":\"https:\/\/www.manaus.am.gov.br\/semsa\/wp-content\/uploads\/sites\/8\/2024\/05\/53721233548_b76e492265_k.jpg\",\"contentUrl\":\"https:\/\/www.manaus.am.gov.br\/semsa\/wp-content\/uploads\/sites\/8\/2024\/05\/53721233548_b76e492265_k.jpg\",\"width\":2048,\"height\":1536,\"caption\":\"#paratodosverem - Prefeito de Manaus, David Almeida, vistoriado a nova base fluvial de endemias Enfermeiro Adenilson dos Santos Torres.\"},{\"@type\":\"WebSite\",\"@id\":\"https:\/\/www.manaus.am.gov.br\/semsa\/#website\",\"url\":\"https:\/\/www.manaus.am.gov.br\/semsa\/\",\"name\":\"SEMSA\",\"description\":\"Secretaria Municipal de Sa\u00fade\",\"alternateName\":\"Secretaria Municipal de Sa\u00fade\",\"potentialAction\":[{\"@type\":\"SearchAction\",\"target\":{\"@type\":\"EntryPoint\",\"urlTemplate\":\"https:\/\/www.manaus.am.gov.br\/semsa\/?s={search_term_string}\"},\"query-input\":\"required name=search_term_string\"}],\"inLanguage\":\"pt-BR\"},{\"@type\":\"Person\",\"@id\":\"https:\/\/www.manaus.am.gov.br\/semsa\/#\/schema\/person\/05d223aea2bf115f9883a6ff3683d81b\",\"name\":\"Bruna Greco\",\"image\":{\"@type\":\"ImageObject\",\"inLanguage\":\"pt-BR\",\"@id\":\"https:\/\/www.manaus.am.gov.br\/semsa\/#\/schema\/person\/image\/\",\"url\":\"https:\/\/secure.gravatar.com\/avatar\/9c877d1a6adc2a055330e5c09a8653ce?s=96&d=mm&r=g\",\"contentUrl\":\"https:\/\/secure.gravatar.com\/avatar\/9c877d1a6adc2a055330e5c09a8653ce?s=96&d=mm&r=g\",\"caption\":\"Bruna Greco\"}}]}<\/script>\n<!-- \/ Yoast SEO plugin. -->","yoast_head_json":{"title":"Atendimento com lan\u00e7amento da nova base fluvial de endemias","description":"Prefeitura amplia atendimento e melhora condi\u00e7\u00f5es de trabalho para os servidores da Sa\u00fade com lan\u00e7amento da nova base fluvial de endemias.","robots":{"index":"index","follow":"follow","max-snippet":"max-snippet:-1","max-image-preview":"max-image-preview:large","max-video-preview":"max-video-preview:-1"},"canonical":"https:\/\/www.manaus.am.gov.br\/semsa\/prefeitura-amplia-atendimento-lancamento-base-fluvial-endemias\/","og_locale":"pt_BR","og_type":"article","og_title":"Atendimento com lan\u00e7amento da nova base fluvial de endemias","og_description":"Prefeitura amplia atendimento e melhora condi\u00e7\u00f5es de trabalho para os servidores da Sa\u00fade com lan\u00e7amento da nova base fluvial de endemias.","og_url":"https:\/\/www.manaus.am.gov.br\/semsa\/prefeitura-amplia-atendimento-lancamento-base-fluvial-endemias\/","og_site_name":"SEMSA","article_published_time":"2024-05-14T16:23:14+00:00","og_image":[{"width":2048,"height":1536,"url":"https:\/\/www.manaus.am.gov.br\/semsa\/wp-content\/uploads\/sites\/8\/2024\/05\/53721233548_b76e492265_k.jpg","type":"image\/jpeg"}],"author":"Bruna Greco","twitter_card":"summary_large_image","twitter_misc":{"Written by":"Bruna Greco","Est. reading time":"4 minutos"},"schema":{"@context":"https:\/\/schema.org","@graph":[{"@type":"WebPage","@id":"https:\/\/www.manaus.am.gov.br\/semsa\/prefeitura-amplia-atendimento-lancamento-base-fluvial-endemias\/","url":"https:\/\/www.manaus.am.gov.br\/semsa\/prefeitura-amplia-atendimento-lancamento-base-fluvial-endemias\/","name":"Atendimento com lan\u00e7amento da nova base fluvial de endemias","isPartOf":{"@id":"https:\/\/www.manaus.am.gov.br\/semsa\/#website"},"primaryImageOfPage":{"@id":"https:\/\/www.manaus.am.gov.br\/semsa\/prefeitura-amplia-atendimento-lancamento-base-fluvial-endemias\/#primaryimage"},"image":{"@id":"https:\/\/www.manaus.am.gov.br\/semsa\/prefeitura-amplia-atendimento-lancamento-base-fluvial-endemias\/#primaryimage"},"thumbnailUrl":"https:\/\/www.manaus.am.gov.br\/semsa\/wp-content\/uploads\/sites\/8\/2024\/05\/53721233548_b76e492265_k.jpg","datePublished":"2024-05-14T16:23:14+00:00","dateModified":"2024-05-14T16:23:14+00:00","author":{"@id":"https:\/\/www.manaus.am.gov.br\/semsa\/#\/schema\/person\/05d223aea2bf115f9883a6ff3683d81b"},"description":"Prefeitura amplia atendimento e melhora condi\u00e7\u00f5es de trabalho para os servidores da Sa\u00fade com lan\u00e7amento da nova base fluvial de endemias.","inLanguage":"pt-BR","potentialAction":[{"@type":"ReadAction","target":["https:\/\/www.manaus.am.gov.br\/semsa\/prefeitura-amplia-atendimento-lancamento-base-fluvial-endemias\/"]}]},{"@type":"ImageObject","inLanguage":"pt-BR","@id":"https:\/\/www.manaus.am.gov.br\/semsa\/prefeitura-amplia-atendimento-lancamento-base-fluvial-endemias\/#primaryimage","url":"https:\/\/www.manaus.am.gov.br\/semsa\/wp-content\/uploads\/sites\/8\/2024\/05\/53721233548_b76e492265_k.jpg","contentUrl":"https:\/\/www.manaus.am.gov.br\/semsa\/wp-content\/uploads\/sites\/8\/2024\/05\/53721233548_b76e492265_k.jpg","width":2048,"height":1536,"caption":"#paratodosverem - Prefeito de Manaus, David Almeida, vistoriado a nova base fluvial de endemias Enfermeiro Adenilson dos Santos Torres."},{"@type":"WebSite","@id":"https:\/\/www.manaus.am.gov.br\/semsa\/#website","url":"https:\/\/www.manaus.am.gov.br\/semsa\/","name":"SEMSA","description":"Secretaria Municipal de Sa\u00fade","alternateName":"Secretaria Municipal de Sa\u00fade","potentialAction":[{"@type":"SearchAction","target":{"@type":"EntryPoint","urlTemplate":"https:\/\/www.manaus.am.gov.br\/semsa\/?s={search_term_string}"},"query-input":"required name=search_term_string"}],"inLanguage":"pt-BR"},{"@type":"Person","@id":"https:\/\/www.manaus.am.gov.br\/semsa\/#\/schema\/person\/05d223aea2bf115f9883a6ff3683d81b","name":"Bruna Greco","image":{"@type":"ImageObject","inLanguage":"pt-BR","@id":"https:\/\/www.manaus.am.gov.br\/semsa\/#\/schema\/person\/image\/","url":"https:\/\/secure.gravatar.com\/avatar\/9c877d1a6adc2a055330e5c09a8653ce?s=96&d=mm&r=g","contentUrl":"https:\/\/secure.gravatar.com\/avatar\/9c877d1a6adc2a055330e5c09a8653ce?s=96&d=mm&r=g","caption":"Bruna Greco"}}]}},"_links":{"self":[{"href":"https:\/\/www.manaus.am.gov.br\/semsa\/wp-json\/wp\/v2\/posts\/215588"}],"collection":[{"href":"https:\/\/www.manaus.am.gov.br\/semsa\/wp-json\/wp\/v2\/posts"}],"about":[{"href":"https:\/\/www.manaus.am.gov.br\/semsa\/wp-json\/wp\/v2\/types\/post"}],"author":[{"embeddable":true,"href":"https:\/\/www.manaus.am.gov.br\/semsa\/wp-json\/wp\/v2\/users\/39"}],"replies":[{"embeddable":true,"href":"https:\/\/www.manaus.am.gov.br\/semsa\/wp-json\/wp\/v2\/comments?post=215588"}],"version-history":[{"count":1,"href":"https:\/\/www.manaus.am.gov.br\/semsa\/wp-json\/wp\/v2\/posts\/215588\/revisions"}],"predecessor-version":[{"id":215591,"href":"https:\/\/www.manaus.am.gov.br\/semsa\/wp-json\/wp\/v2\/posts\/215588\/revisions\/215591"}],"wp:featuredmedia":[{"embeddable":true,"href":"https:\/\/www.manaus.am.gov.br\/semsa\/wp-json\/wp\/v2\/media\/215590"}],"wp:attachment":[{"href":"https:\/\/www.manaus.am.gov.br\/semsa\/wp-json\/wp\/v2\/media?parent=215588"}],"wp:term":[{"taxonomy":"category","embeddable":true,"href":"https:\/\/www.manaus.am.gov.br\/semsa\/wp-json\/wp\/v2\/categories?post=215588"},{"taxonomy":"post_tag","embeddable":true,"href":"https:\/\/www.manaus.am.gov.br\/semsa\/wp-json\/wp\/v2\/tags?post=215588"}],"curies":[{"name":"wp","href":"https:\/\/api.w.org\/{rel}","templated":true}]}}