{"id":215528,"date":"2024-05-13T19:11:04","date_gmt":"2024-05-13T23:11:04","guid":{"rendered":"https:\/\/www.manaus.am.gov.br\/semsa\/entrega-nova-usf\/"},"modified":"2024-05-14T08:46:01","modified_gmt":"2024-05-14T12:46:01","slug":"entrega-nova-usf","status":"publish","type":"post","link":"https:\/\/www.manaus.am.gov.br\/semsa\/entrega-nova-usf\/","title":{"rendered":"Prefeito amplia rede de sa\u00fade com entrega da  USF Frank Abrahim Lima"},"content":{"rendered":"\n<p>O prefeito de Manaus, David Almeida, entregou,\u00a0 nesta segunda-feira, 13\/5, mais uma unidade de sa\u00fade de grande porte, ampliando para cinco o n\u00famero total de unidades de 1,2 mil metros quadrados de \u00e1rea constru\u00edda e capacidade para 15 mil procedimentos por m\u00eas que integram, at\u00e9 o momento, a rede de assist\u00eancia da Secretaria Municipal de Sa\u00fade (Semsa).<\/p>\n\n\n\n<p>A nova Unidade de Sa\u00fade da Fam\u00edlia (USF), que leva o nome do Prefeito Frank Abrahim Lima, est\u00e1 localizada no conjunto \u00c1guas Claras, bairro Novo Aleixo, zona Norte da capital, e vai oferecer servi\u00e7os de Aten\u00e7\u00e3o Prim\u00e1ria \u00e0 Sa\u00fade, como exames e consultas m\u00e9dicas, de enfermagem e odontol\u00f3gicas, dispensa\u00e7\u00e3o de medicamentos, e acompanhamento da sa\u00fade em todos os ciclos de vida.<\/p>\n\n\n\n<p>Para construir e equipar a nova unidade, que conta com mais de 50 ambientes distribu\u00eddos em dois pisos, foram investidos R$ 6,1 milh\u00f5es no modelo Parceria P\u00fablico-Privada (PPP).<\/p>\n\n\n<div class=\"wp-block-image\">\n<figure class=\"aligncenter size-full is-resized\"><img loading=\"lazy\" decoding=\"async\" width=\"799\" height=\"533\" src=\"https:\/\/www.manaus.am.gov.br\/semsa\/wp-content\/uploads\/sites\/8\/2024\/05\/Inaugura-USF-Frank-Abrahim-Lima-2.jpg\" alt=\"\" class=\"wp-image-215532\" style=\"width:577px;height:auto\" srcset=\"https:\/\/www.manaus.am.gov.br\/semsa\/wp-content\/uploads\/sites\/8\/2024\/05\/Inaugura-USF-Frank-Abrahim-Lima-2.jpg 799w, https:\/\/www.manaus.am.gov.br\/semsa\/wp-content\/uploads\/sites\/8\/2024\/05\/Inaugura-USF-Frank-Abrahim-Lima-2-300x200.jpg 300w, https:\/\/www.manaus.am.gov.br\/semsa\/wp-content\/uploads\/sites\/8\/2024\/05\/Inaugura-USF-Frank-Abrahim-Lima-2-768x512.jpg 768w\" sizes=\"(max-width: 799px) 100vw, 799px\" \/><\/figure><\/div>\n\n\n<p>O prefeito destacou o trabalho realizado pela sua gest\u00e3o, que est\u00e1 mudando a realidade da Aten\u00e7\u00e3o Prim\u00e1ria na capital amazonense.<\/p>\n\n\n\n<p>\u201cN\u00f3s estamos ampliando os nossos servi\u00e7os de Aten\u00e7\u00e3o Prim\u00e1ria. Estamos saindo daquele modelo de casinhas da fam\u00edlia, de 32 metros quadrados, para unidades como essa de 1.200 metros quadrados, com capacidade de atendimento de 15 a 20 mil procedimentos por m\u00eas. Isso muda a realidade da aten\u00e7\u00e3o primeira na cidade de Manaus, garantindo comodidade, conforto e o melhor servi\u00e7o para a popula\u00e7\u00e3o\u201d, enfatizou o prefeito.<\/p>\n\n\n\n<p>Segundo o chefe do Executivo municipal, a meta \u00e9 alcan\u00e7ar a marca de at\u00e9 90% da cobertura de aten\u00e7\u00e3o prim\u00e1ria em Manaus. A atual gest\u00e3o assumiu com a cidade tendo uma cobertura de apenas 47% e j\u00e1 est\u00e1 com 82%. Novas unidades de grande porte ser\u00e3o inauguradas para alcan\u00e7ar esse objetivo.<\/p>\n\n\n\n<p>A secret\u00e1ria Sh\u00e1dia Fraxe, titular da Semsa, afirmou que a nova USF vai atender mais de 100 mil moradores do bairro Novo Aleixo e regi\u00e3o.<\/p>\n\n\n\n<p>\u201cEssa \u00e9 a quinta unidade porte 4 que o prefeito David Almeida entrega para a popula\u00e7\u00e3o de Manaus, e dessa vez \u00e9 aqui no bairro Novo Aleixo, onde tem uma popula\u00e7\u00e3o estimada de mais de 100 mil habitantes, que v\u00e3o poder usufruir dos servi\u00e7os todos da Aten\u00e7\u00e3o B\u00e1sica nessa unidade. Aqui, n\u00f3s temos 59 ambientes diferentes, entre consult\u00f3rios cl\u00ednicos, odontol\u00f3gicos, salas de vacina, e todos os servi\u00e7os da Carteira da Aten\u00e7\u00e3o B\u00e1sica\u201d, explicou a secret\u00e1ria.<\/p>\n\n\n<div class=\"wp-block-image\">\n<figure class=\"aligncenter size-full is-resized\"><img loading=\"lazy\" decoding=\"async\" width=\"799\" height=\"533\" src=\"https:\/\/www.manaus.am.gov.br\/semsa\/wp-content\/uploads\/sites\/8\/2024\/05\/Inaugura-USF-Frank-Abrahim-Lima-1.jpg\" alt=\"\" class=\"wp-image-215533\" style=\"width:587px;height:auto\" srcset=\"https:\/\/www.manaus.am.gov.br\/semsa\/wp-content\/uploads\/sites\/8\/2024\/05\/Inaugura-USF-Frank-Abrahim-Lima-1.jpg 799w, https:\/\/www.manaus.am.gov.br\/semsa\/wp-content\/uploads\/sites\/8\/2024\/05\/Inaugura-USF-Frank-Abrahim-Lima-1-300x200.jpg 300w, https:\/\/www.manaus.am.gov.br\/semsa\/wp-content\/uploads\/sites\/8\/2024\/05\/Inaugura-USF-Frank-Abrahim-Lima-1-768x512.jpg 768w\" sizes=\"(max-width: 799px) 100vw, 799px\" \/><\/figure><\/div>\n\n\n<p>Morador do bairro Novo Aleixo h\u00e1 quase 40 anos, Rubem Souza agradeceu a prefeitura pela entrega da USF, pois antes tinha de se deslocar para outro bairro buscar atendimento de sa\u00fade.<\/p>\n\n\n\n<p>\u201cA gente, \u00e0s vezes, se desloca para um lugar t\u00e3o longe atr\u00e1s de um atendimento de sa\u00fade, muito longe do bairro. Isso aqui foi uma coisa muito boa que o prefeito fez aqui. Todo mundo aqui agradece\u201d, afirmou Rubem Souza.<\/p>\n\n\n\n<p>A corretora de im\u00f3veis Valcirlene Rodrigues, acredita que a nova unidade de sa\u00fade valoriza o bairro. \u201cEu moro bem aqui, perto da pra\u00e7a, e isso aqui \u00e9 muito importante. O bairro vai ficar mais valorizado. Eu j\u00e1 moro aqui h\u00e1 15 anos. Eu fico muito feliz com essa mudan\u00e7a que est\u00e1 tendo aqui no bairro, est\u00e1 crescendo cada dia mais. Eu fico muito feliz\u201d.<\/p>\n\n\n\n<p><strong>Atendimento<\/strong><\/p>\n\n\n\n<p>Os atendimentos \u00e0 popula\u00e7\u00e3o da regi\u00e3o ser\u00e3o coordenados por quatro Equipes de Sa\u00fade da Fam\u00edlia (e-SF) e quatro de Equipes de Sa\u00fade Bucal (e-SB), formadas por m\u00e9dicos, enfermeiros, cirurgi\u00f5es-dentistas, t\u00e9cnicos de enfermagem, t\u00e9cnicos em sa\u00fade bucal e agentes comunit\u00e1rios de sa\u00fade e profissionais da \u00e1rea administrativa.<\/p>\n\n\n<div class=\"wp-block-image\">\n<figure class=\"aligncenter size-full is-resized\"><img loading=\"lazy\" decoding=\"async\" width=\"799\" height=\"533\" src=\"https:\/\/www.manaus.am.gov.br\/semsa\/wp-content\/uploads\/sites\/8\/2024\/05\/Inaugura-USF-Frank-Abrahim-Lima-3.jpg\" alt=\"\" class=\"wp-image-215531\" style=\"width:611px;height:auto\" srcset=\"https:\/\/www.manaus.am.gov.br\/semsa\/wp-content\/uploads\/sites\/8\/2024\/05\/Inaugura-USF-Frank-Abrahim-Lima-3.jpg 799w, https:\/\/www.manaus.am.gov.br\/semsa\/wp-content\/uploads\/sites\/8\/2024\/05\/Inaugura-USF-Frank-Abrahim-Lima-3-300x200.jpg 300w, https:\/\/www.manaus.am.gov.br\/semsa\/wp-content\/uploads\/sites\/8\/2024\/05\/Inaugura-USF-Frank-Abrahim-Lima-3-768x512.jpg 768w\" sizes=\"(max-width: 799px) 100vw, 799px\" \/><\/figure><\/div>\n\n\n<p>A unidade funcionar\u00e1 de segunda a sexta-feira, das 7h \u00e0s 17h, com servi\u00e7os ofertados mediante agendamento realizado de forma presencial pelos usu\u00e1rios.<\/p>\n\n\n\n<p><strong>Pacote de Obras<\/strong><\/p>\n\n\n\n<p>A mais nova unidade de porte 4 integra um pacote de obras que abrange 13 unidades de grande porte planejadas pela gest\u00e3o municipal, que j\u00e1 entregou a USF Prefeito Amazonino Mendes, no bairro Lago Azul, zona Norte; a USF Parque das Tribos, no bairro Tarum\u00e3-A\u00e7u, zona Oeste; e a USF Benedito Batista de Almeida, no bairro S\u00e3o Francisco, na zona Sul da capital. Al\u00e9m dessas, a atual gest\u00e3o concluiu e entregou a USF Desembargador F\u00e1bio do Couto Vale, na avenida Hil\u00e1rio Gurj\u00e3o, no bairro Jorge Teixeira, zona Leste.<\/p>\n\n\n\n<p>&#8212; &#8212; &#8212;<\/p>\n\n\n\n<p><strong>Texto<\/strong> &#8211; Geraldo Farias \/ Semcom e Divulga\u00e7\u00e3o \/ Semsa<\/p>\n\n\n\n<p><strong>Fotos<\/strong> \u2013 Cl\u00f3vis Miranda \/ Semcom<\/p>\n","protected":false},"excerpt":{"rendered":"","protected":false},"author":61,"featured_media":215529,"comment_status":"closed","ping_status":"closed","sticky":false,"template":"","format":"standard","meta":{"footnotes":""},"categories":[155],"tags":[165,54,28,2431,2411],"acf":[],"yoast_head":"<!-- This site is optimized with the Yoast SEO plugin v23.0 - https:\/\/yoast.com\/wordpress\/plugins\/seo\/ -->\n<title>Prefeito amplia rede de sa\u00fade com entrega de nova USF<\/title>\n<meta name=\"description\" content=\"O prefeito de Manaus, David Almeida, entregou,\u00a0 nesta segunda-feira, 13\/5, mais uma unidade de sa\u00fade de grande porte.\" \/>\n<meta name=\"robots\" content=\"index, follow, max-snippet:-1, max-image-preview:large, max-video-preview:-1\" \/>\n<link rel=\"canonical\" href=\"https:\/\/www.manaus.am.gov.br\/semsa\/entrega-nova-usf\/\" \/>\n<meta property=\"og:locale\" content=\"pt_BR\" \/>\n<meta property=\"og:type\" content=\"article\" \/>\n<meta property=\"og:title\" content=\"Prefeito amplia rede de sa\u00fade com entrega de nova USF\" \/>\n<meta property=\"og:description\" content=\"O prefeito de Manaus, David Almeida, entregou,\u00a0 nesta segunda-feira, 13\/5, mais uma unidade de sa\u00fade de grande porte.\" \/>\n<meta property=\"og:url\" content=\"https:\/\/www.manaus.am.gov.br\/semsa\/entrega-nova-usf\/\" \/>\n<meta property=\"og:site_name\" content=\"SEMSA\" \/>\n<meta property=\"article:published_time\" content=\"2024-05-13T23:11:04+00:00\" \/>\n<meta property=\"article:modified_time\" content=\"2024-05-14T12:46:01+00:00\" \/>\n<meta property=\"og:image\" content=\"https:\/\/www.manaus.am.gov.br\/semsa\/wp-content\/uploads\/sites\/8\/2024\/05\/Inaugura-USF-Frank-Abrahim-Lima-5.jpg\" \/>\n\t<meta property=\"og:image:width\" content=\"799\" \/>\n\t<meta property=\"og:image:height\" content=\"533\" \/>\n\t<meta property=\"og:image:type\" content=\"image\/jpeg\" \/>\n<meta name=\"author\" content=\"smonteiro\" \/>\n<meta name=\"twitter:card\" content=\"summary_large_image\" \/>\n<meta name=\"twitter:label1\" content=\"Written by\" \/>\n\t<meta name=\"twitter:data1\" content=\"smonteiro\" \/>\n\t<meta name=\"twitter:label2\" content=\"Est. reading time\" \/>\n\t<meta name=\"twitter:data2\" content=\"5 minutos\" \/>\n<script type=\"application\/ld+json\" class=\"yoast-schema-graph\">{\"@context\":\"https:\/\/schema.org\",\"@graph\":[{\"@type\":\"WebPage\",\"@id\":\"https:\/\/www.manaus.am.gov.br\/semsa\/entrega-nova-usf\/\",\"url\":\"https:\/\/www.manaus.am.gov.br\/semsa\/entrega-nova-usf\/\",\"name\":\"Prefeito amplia rede de sa\u00fade com entrega de nova USF\",\"isPartOf\":{\"@id\":\"https:\/\/www.manaus.am.gov.br\/semsa\/#website\"},\"primaryImageOfPage\":{\"@id\":\"https:\/\/www.manaus.am.gov.br\/semsa\/entrega-nova-usf\/#primaryimage\"},\"image\":{\"@id\":\"https:\/\/www.manaus.am.gov.br\/semsa\/entrega-nova-usf\/#primaryimage\"},\"thumbnailUrl\":\"https:\/\/www.manaus.am.gov.br\/semsa\/wp-content\/uploads\/sites\/8\/2024\/05\/Inaugura-USF-Frank-Abrahim-Lima-5.jpg\",\"datePublished\":\"2024-05-13T23:11:04+00:00\",\"dateModified\":\"2024-05-14T12:46:01+00:00\",\"author\":{\"@id\":\"https:\/\/www.manaus.am.gov.br\/semsa\/#\/schema\/person\/ab4dcf766a54dff74e8d267f5c591961\"},\"description\":\"O prefeito de Manaus, David Almeida, entregou,\u00a0 nesta segunda-feira, 13\/5, mais uma unidade de sa\u00fade de grande porte.\",\"inLanguage\":\"pt-BR\",\"potentialAction\":[{\"@type\":\"ReadAction\",\"target\":[\"https:\/\/www.manaus.am.gov.br\/semsa\/entrega-nova-usf\/\"]}]},{\"@type\":\"ImageObject\",\"inLanguage\":\"pt-BR\",\"@id\":\"https:\/\/www.manaus.am.gov.br\/semsa\/entrega-nova-usf\/#primaryimage\",\"url\":\"https:\/\/www.manaus.am.gov.br\/semsa\/wp-content\/uploads\/sites\/8\/2024\/05\/Inaugura-USF-Frank-Abrahim-Lima-5.jpg\",\"contentUrl\":\"https:\/\/www.manaus.am.gov.br\/semsa\/wp-content\/uploads\/sites\/8\/2024\/05\/Inaugura-USF-Frank-Abrahim-Lima-5.jpg\",\"width\":799,\"height\":533,\"caption\":\"#paratodos verem - prefeito David Almeida e a Secret\u00e1ria Sh\u00e1dia Fraxe mostram a placa de inaugura\u00e7\u00e3o da USF\"},{\"@type\":\"WebSite\",\"@id\":\"https:\/\/www.manaus.am.gov.br\/semsa\/#website\",\"url\":\"https:\/\/www.manaus.am.gov.br\/semsa\/\",\"name\":\"SEMSA\",\"description\":\"Secretaria Municipal de Sa\u00fade\",\"alternateName\":\"Secretaria Municipal de Sa\u00fade\",\"potentialAction\":[{\"@type\":\"SearchAction\",\"target\":{\"@type\":\"EntryPoint\",\"urlTemplate\":\"https:\/\/www.manaus.am.gov.br\/semsa\/?s={search_term_string}\"},\"query-input\":\"required name=search_term_string\"}],\"inLanguage\":\"pt-BR\"},{\"@type\":\"Person\",\"@id\":\"https:\/\/www.manaus.am.gov.br\/semsa\/#\/schema\/person\/ab4dcf766a54dff74e8d267f5c591961\",\"name\":\"smonteiro\",\"image\":{\"@type\":\"ImageObject\",\"inLanguage\":\"pt-BR\",\"@id\":\"https:\/\/www.manaus.am.gov.br\/semsa\/#\/schema\/person\/image\/\",\"url\":\"https:\/\/secure.gravatar.com\/avatar\/21c8776ef61d9272c73322052e042d77?s=96&d=mm&r=g\",\"contentUrl\":\"https:\/\/secure.gravatar.com\/avatar\/21c8776ef61d9272c73322052e042d77?s=96&d=mm&r=g\",\"caption\":\"smonteiro\"}}]}<\/script>\n<!-- \/ Yoast SEO plugin. -->","yoast_head_json":{"title":"Prefeito amplia rede de sa\u00fade com entrega de nova USF","description":"O prefeito de Manaus, David Almeida, entregou,\u00a0 nesta segunda-feira, 13\/5, mais uma unidade de sa\u00fade de grande porte.","robots":{"index":"index","follow":"follow","max-snippet":"max-snippet:-1","max-image-preview":"max-image-preview:large","max-video-preview":"max-video-preview:-1"},"canonical":"https:\/\/www.manaus.am.gov.br\/semsa\/entrega-nova-usf\/","og_locale":"pt_BR","og_type":"article","og_title":"Prefeito amplia rede de sa\u00fade com entrega de nova USF","og_description":"O prefeito de Manaus, David Almeida, entregou,\u00a0 nesta segunda-feira, 13\/5, mais uma unidade de sa\u00fade de grande porte.","og_url":"https:\/\/www.manaus.am.gov.br\/semsa\/entrega-nova-usf\/","og_site_name":"SEMSA","article_published_time":"2024-05-13T23:11:04+00:00","article_modified_time":"2024-05-14T12:46:01+00:00","og_image":[{"width":799,"height":533,"url":"https:\/\/www.manaus.am.gov.br\/semsa\/wp-content\/uploads\/sites\/8\/2024\/05\/Inaugura-USF-Frank-Abrahim-Lima-5.jpg","type":"image\/jpeg"}],"author":"smonteiro","twitter_card":"summary_large_image","twitter_misc":{"Written by":"smonteiro","Est. reading time":"5 minutos"},"schema":{"@context":"https:\/\/schema.org","@graph":[{"@type":"WebPage","@id":"https:\/\/www.manaus.am.gov.br\/semsa\/entrega-nova-usf\/","url":"https:\/\/www.manaus.am.gov.br\/semsa\/entrega-nova-usf\/","name":"Prefeito amplia rede de sa\u00fade com entrega de nova USF","isPartOf":{"@id":"https:\/\/www.manaus.am.gov.br\/semsa\/#website"},"primaryImageOfPage":{"@id":"https:\/\/www.manaus.am.gov.br\/semsa\/entrega-nova-usf\/#primaryimage"},"image":{"@id":"https:\/\/www.manaus.am.gov.br\/semsa\/entrega-nova-usf\/#primaryimage"},"thumbnailUrl":"https:\/\/www.manaus.am.gov.br\/semsa\/wp-content\/uploads\/sites\/8\/2024\/05\/Inaugura-USF-Frank-Abrahim-Lima-5.jpg","datePublished":"2024-05-13T23:11:04+00:00","dateModified":"2024-05-14T12:46:01+00:00","author":{"@id":"https:\/\/www.manaus.am.gov.br\/semsa\/#\/schema\/person\/ab4dcf766a54dff74e8d267f5c591961"},"description":"O prefeito de Manaus, David Almeida, entregou,\u00a0 nesta segunda-feira, 13\/5, mais uma unidade de sa\u00fade de grande porte.","inLanguage":"pt-BR","potentialAction":[{"@type":"ReadAction","target":["https:\/\/www.manaus.am.gov.br\/semsa\/entrega-nova-usf\/"]}]},{"@type":"ImageObject","inLanguage":"pt-BR","@id":"https:\/\/www.manaus.am.gov.br\/semsa\/entrega-nova-usf\/#primaryimage","url":"https:\/\/www.manaus.am.gov.br\/semsa\/wp-content\/uploads\/sites\/8\/2024\/05\/Inaugura-USF-Frank-Abrahim-Lima-5.jpg","contentUrl":"https:\/\/www.manaus.am.gov.br\/semsa\/wp-content\/uploads\/sites\/8\/2024\/05\/Inaugura-USF-Frank-Abrahim-Lima-5.jpg","width":799,"height":533,"caption":"#paratodos verem - prefeito David Almeida e a Secret\u00e1ria Sh\u00e1dia Fraxe mostram a placa de inaugura\u00e7\u00e3o da USF"},{"@type":"WebSite","@id":"https:\/\/www.manaus.am.gov.br\/semsa\/#website","url":"https:\/\/www.manaus.am.gov.br\/semsa\/","name":"SEMSA","description":"Secretaria Municipal de Sa\u00fade","alternateName":"Secretaria Municipal de Sa\u00fade","potentialAction":[{"@type":"SearchAction","target":{"@type":"EntryPoint","urlTemplate":"https:\/\/www.manaus.am.gov.br\/semsa\/?s={search_term_string}"},"query-input":"required name=search_term_string"}],"inLanguage":"pt-BR"},{"@type":"Person","@id":"https:\/\/www.manaus.am.gov.br\/semsa\/#\/schema\/person\/ab4dcf766a54dff74e8d267f5c591961","name":"smonteiro","image":{"@type":"ImageObject","inLanguage":"pt-BR","@id":"https:\/\/www.manaus.am.gov.br\/semsa\/#\/schema\/person\/image\/","url":"https:\/\/secure.gravatar.com\/avatar\/21c8776ef61d9272c73322052e042d77?s=96&d=mm&r=g","contentUrl":"https:\/\/secure.gravatar.com\/avatar\/21c8776ef61d9272c73322052e042d77?s=96&d=mm&r=g","caption":"smonteiro"}}]}},"_links":{"self":[{"href":"https:\/\/www.manaus.am.gov.br\/semsa\/wp-json\/wp\/v2\/posts\/215528"}],"collection":[{"href":"https:\/\/www.manaus.am.gov.br\/semsa\/wp-json\/wp\/v2\/posts"}],"about":[{"href":"https:\/\/www.manaus.am.gov.br\/semsa\/wp-json\/wp\/v2\/types\/post"}],"author":[{"embeddable":true,"href":"https:\/\/www.manaus.am.gov.br\/semsa\/wp-json\/wp\/v2\/users\/61"}],"replies":[{"embeddable":true,"href":"https:\/\/www.manaus.am.gov.br\/semsa\/wp-json\/wp\/v2\/comments?post=215528"}],"version-history":[{"count":2,"href":"https:\/\/www.manaus.am.gov.br\/semsa\/wp-json\/wp\/v2\/posts\/215528\/revisions"}],"predecessor-version":[{"id":215537,"href":"https:\/\/www.manaus.am.gov.br\/semsa\/wp-json\/wp\/v2\/posts\/215528\/revisions\/215537"}],"wp:featuredmedia":[{"embeddable":true,"href":"https:\/\/www.manaus.am.gov.br\/semsa\/wp-json\/wp\/v2\/media\/215529"}],"wp:attachment":[{"href":"https:\/\/www.manaus.am.gov.br\/semsa\/wp-json\/wp\/v2\/media?parent=215528"}],"wp:term":[{"taxonomy":"category","embeddable":true,"href":"https:\/\/www.manaus.am.gov.br\/semsa\/wp-json\/wp\/v2\/categories?post=215528"},{"taxonomy":"post_tag","embeddable":true,"href":"https:\/\/www.manaus.am.gov.br\/semsa\/wp-json\/wp\/v2\/tags?post=215528"}],"curies":[{"name":"wp","href":"https:\/\/api.w.org\/{rel}","templated":true}]}}